{"id":1266,"date":"2014-07-09T09:39:27","date_gmt":"2014-07-09T07:39:27","guid":{"rendered":"https:\/\/www.ildammuso.com\/?p=1266"},"modified":"2022-09-08T12:51:53","modified_gmt":"2022-09-08T10:51:53","slug":"pantelleria-figlia-ventoma-quannu-mai","status":"publish","type":"post","link":"https:\/\/www.ildammuso.com\/it\/pantelleria-figlia-ventoma-quannu-mai\/","title":{"rendered":"Pantelleria figlia del vento\u2026 ma quannu mai!"},"content":{"rendered":"<p>Che a Pantelleria ci sia vento per parecchi giorni all&#8217;anno \u00e8 un dato di fatto, basta guardare le statistiche nei vari siti specializzati come <a title=\"Previsione meteo Pantelleria\" href=\"https:\/\/www.windfinder.com\/forecast\/pantelleria\" target=\"_blank\" rel=\"noopener\">windfinder<\/a>. Che vi sia una forte influenza araba nei vari nomi a testimonianza della <a title=\"Arabi a Pantelleria\" href=\"https:\/\/it.wikipedia.org\/wiki\/Pantelleria#Et.C3.A0_antica\" target=\"_blank\" rel=\"noopener\">lunga presenza degli arabi nell&#8217;isola<\/a>&nbsp;\u00e8 un&#8217;altra verit\u00e0 storica. Ma si sa, a volte le licenze poetiche o le pi\u00f9 &#8220;semplici&#8221; esigenze di marketing, stravolgono fatti e storie e inventano una realt\u00e0 parallela che resiste nel tempo: mi capita quindi di ascoltare molti che parlano di Pantelleria come &#8220;la figlia del vento&#8221; dal sedicente nome arabo &#8220;Bent el rion&#8221; o &#8220;Ben rye&#8221; e tutte le sue declinazioni pi\u00f9 o meno esatte. Suggestivo certo, ma ahim\u00e8 falso: non esistono prove o testimonianze scritte che gli arabi utilizzassero questo nome per identificare l&#8217;isoletta, <a title=\"diciamolo!\" href=\"https:\/\/www.youtube.com\/watch?v=W3rSnRZGnWM&amp;feature=youtu.be&amp;t=24s\" target=\"_blank\" rel=\"noopener\"><em>diciamolo!<\/em><\/a> Il nome arabo dell&#8217;isola \u00e8 <strong>&#8220;Qawsarah&#8221;<\/strong> probabilmente dal nome latino di &#8220;Cossura&#8221; la piccola&#8230;&nbsp;Nessuna figlia, figliastra, nipote o altro, solo un nome difficile da pronunciare e un pizzico di giustizia alla storia dell&#8217;isola, siete d&#8217;accordo?<\/p>\n","protected":false},"excerpt":{"rendered":"<p>Che a Pantelleria ci sia vento per parecchi giorni all&#8217;anno [&hellip;]<\/p>\n","protected":false},"author":1,"featured_media":11935,"comment_status":"open","ping_status":"open","sticky":false,"template":"","format":"standard","meta":{"_acf_changed":false,"footnotes":""},"categories":[1],"tags":[62,63,64,65],"class_list":["post-1266","post","type-post","status-publish","format-standard","has-post-thumbnail","hentry","category-ildammuso-com","tag-ben-rye","tag-bent-el-rion","tag-figlia-del-vento","tag-qawsarah"],"acf":[],"yoast_head":"<!-- This site is optimized with the Yoast SEO plugin v27.3 - https:\/\/yoast.com\/product\/yoast-seo-wordpress\/ -->\n<title>Pantelleria figlia del vento\u2026 ma quannu mai! | Il Dammuso<\/title>\n<meta name=\"description\" content=\"Che a Pantelleria ci sia vento per parecchi giorni all&#039;anno \u00e8 un dato di fatto, basta guardare le statistiche nei vari siti specializzati come windfinder\" \/>\n<meta name=\"robots\" content=\"index, follow, max-snippet:-1, max-image-preview:large, max-video-preview:-1\" \/>\n<link rel=\"canonical\" href=\"https:\/\/www.ildammuso.com\/it\/pantelleria-figlia-ventoma-quannu-mai\/\" \/>\n<meta property=\"og:locale\" content=\"it_IT\" \/>\n<meta property=\"og:type\" content=\"article\" \/>\n<meta property=\"og:title\" content=\"Pantelleria figlia del vento\u2026 ma quannu mai! | Il Dammuso\" \/>\n<meta property=\"og:description\" content=\"Che a Pantelleria ci sia vento per parecchi giorni all&#039;anno \u00e8 un dato di fatto, basta guardare le statistiche nei vari siti specializzati come windfinder\" \/>\n<meta property=\"og:url\" content=\"https:\/\/www.ildammuso.com\/it\/pantelleria-figlia-ventoma-quannu-mai\/\" \/>\n<meta property=\"og:site_name\" content=\"Il Dammuso\" \/>\n<meta property=\"article:publisher\" content=\"https:\/\/www.facebook.com\/ildammusodipantelleria\/\" \/>\n<meta property=\"article:published_time\" content=\"2014-07-09T07:39:27+00:00\" \/>\n<meta property=\"article:modified_time\" content=\"2022-09-08T10:51:53+00:00\" \/>\n<meta property=\"og:image\" content=\"https:\/\/storage1254.cdn-immedia.net\/wp-content\/uploads\/2014\/07\/ventodipantelleria.jpeg\" \/>\n\t<meta property=\"og:image:width\" content=\"1728\" \/>\n\t<meta property=\"og:image:height\" content=\"1152\" \/>\n\t<meta property=\"og:image:type\" content=\"image\/jpeg\" \/>\n<meta name=\"author\" content=\"ildammuso-com\" \/>\n<meta name=\"twitter:card\" content=\"summary_large_image\" \/>\n<meta name=\"twitter:label1\" content=\"Scritto da\" \/>\n\t<meta name=\"twitter:data1\" content=\"ildammuso-com\" \/>\n\t<meta name=\"twitter:label2\" content=\"Tempo di lettura stimato\" \/>\n\t<meta name=\"twitter:data2\" content=\"1 minuto\" \/>\n<script type=\"application\/ld+json\" class=\"yoast-schema-graph\">{\"@context\":\"https:\\\/\\\/schema.org\",\"@graph\":[{\"@type\":\"Article\",\"@id\":\"https:\\\/\\\/www.ildammuso.com\\\/it\\\/pantelleria-figlia-ventoma-quannu-mai\\\/#article\",\"isPartOf\":{\"@id\":\"https:\\\/\\\/www.ildammuso.com\\\/it\\\/pantelleria-figlia-ventoma-quannu-mai\\\/\"},\"author\":{\"name\":\"ildammuso-com\",\"@id\":\"https:\\\/\\\/www.ildammuso.com\\\/it\\\/#\\\/schema\\\/person\\\/d0a909ca6406e22888ca8d8dfcd59d1f\"},\"headline\":\"Pantelleria figlia del vento\u2026 ma quannu mai!\",\"datePublished\":\"2014-07-09T07:39:27+00:00\",\"dateModified\":\"2022-09-08T10:51:53+00:00\",\"mainEntityOfPage\":{\"@id\":\"https:\\\/\\\/www.ildammuso.com\\\/it\\\/pantelleria-figlia-ventoma-quannu-mai\\\/\"},\"wordCount\":179,\"commentCount\":0,\"publisher\":{\"@id\":\"https:\\\/\\\/www.ildammuso.com\\\/it\\\/#organization\"},\"image\":{\"@id\":\"https:\\\/\\\/www.ildammuso.com\\\/it\\\/pantelleria-figlia-ventoma-quannu-mai\\\/#primaryimage\"},\"thumbnailUrl\":\"https:\\\/\\\/www.ildammuso.com\\\/wp-content\\\/uploads\\\/2014\\\/07\\\/ventodipantelleria.jpeg\",\"keywords\":[\"ben rye\",\"bent el rion\",\"figlia del vento\",\"qawsarah\"],\"articleSection\":[\"ildammuso.com\"],\"inLanguage\":\"it-IT\",\"potentialAction\":[{\"@type\":\"CommentAction\",\"name\":\"Comment\",\"target\":[\"https:\\\/\\\/www.ildammuso.com\\\/it\\\/pantelleria-figlia-ventoma-quannu-mai\\\/#respond\"]}]},{\"@type\":\"WebPage\",\"@id\":\"https:\\\/\\\/www.ildammuso.com\\\/it\\\/pantelleria-figlia-ventoma-quannu-mai\\\/\",\"url\":\"https:\\\/\\\/www.ildammuso.com\\\/it\\\/pantelleria-figlia-ventoma-quannu-mai\\\/\",\"name\":\"Pantelleria figlia del vento\u2026 ma quannu mai! | Il Dammuso\",\"isPartOf\":{\"@id\":\"https:\\\/\\\/www.ildammuso.com\\\/it\\\/#website\"},\"primaryImageOfPage\":{\"@id\":\"https:\\\/\\\/www.ildammuso.com\\\/it\\\/pantelleria-figlia-ventoma-quannu-mai\\\/#primaryimage\"},\"image\":{\"@id\":\"https:\\\/\\\/www.ildammuso.com\\\/it\\\/pantelleria-figlia-ventoma-quannu-mai\\\/#primaryimage\"},\"thumbnailUrl\":\"https:\\\/\\\/www.ildammuso.com\\\/wp-content\\\/uploads\\\/2014\\\/07\\\/ventodipantelleria.jpeg\",\"datePublished\":\"2014-07-09T07:39:27+00:00\",\"dateModified\":\"2022-09-08T10:51:53+00:00\",\"description\":\"Che a Pantelleria ci sia vento per parecchi giorni all'anno \u00e8 un dato di fatto, basta guardare le statistiche nei vari siti specializzati come windfinder\",\"breadcrumb\":{\"@id\":\"https:\\\/\\\/www.ildammuso.com\\\/it\\\/pantelleria-figlia-ventoma-quannu-mai\\\/#breadcrumb\"},\"inLanguage\":\"it-IT\",\"potentialAction\":[{\"@type\":\"ReadAction\",\"target\":[\"https:\\\/\\\/www.ildammuso.com\\\/it\\\/pantelleria-figlia-ventoma-quannu-mai\\\/\"]}]},{\"@type\":\"ImageObject\",\"inLanguage\":\"it-IT\",\"@id\":\"https:\\\/\\\/www.ildammuso.com\\\/it\\\/pantelleria-figlia-ventoma-quannu-mai\\\/#primaryimage\",\"url\":\"https:\\\/\\\/www.ildammuso.com\\\/wp-content\\\/uploads\\\/2014\\\/07\\\/ventodipantelleria.jpeg\",\"contentUrl\":\"https:\\\/\\\/www.ildammuso.com\\\/wp-content\\\/uploads\\\/2014\\\/07\\\/ventodipantelleria.jpeg\",\"width\":1728,\"height\":1152,\"caption\":\"Vento di Pantelleria\"},{\"@type\":\"BreadcrumbList\",\"@id\":\"https:\\\/\\\/www.ildammuso.com\\\/it\\\/pantelleria-figlia-ventoma-quannu-mai\\\/#breadcrumb\",\"itemListElement\":[{\"@type\":\"ListItem\",\"position\":1,\"name\":\"Home\",\"item\":\"https:\\\/\\\/www.ildammuso.com\\\/it\\\/\"},{\"@type\":\"ListItem\",\"position\":2,\"name\":\"&nbsp;\"}]},{\"@type\":\"WebSite\",\"@id\":\"https:\\\/\\\/www.ildammuso.com\\\/it\\\/#website\",\"url\":\"https:\\\/\\\/www.ildammuso.com\\\/it\\\/\",\"name\":\"Il Dammuso\",\"description\":\"Il tuo Dammuso a Pantelleria\",\"publisher\":{\"@id\":\"https:\\\/\\\/www.ildammuso.com\\\/it\\\/#organization\"},\"potentialAction\":[{\"@type\":\"SearchAction\",\"target\":{\"@type\":\"EntryPoint\",\"urlTemplate\":\"https:\\\/\\\/www.ildammuso.com\\\/it\\\/?s={search_term_string}\"},\"query-input\":{\"@type\":\"PropertyValueSpecification\",\"valueRequired\":true,\"valueName\":\"search_term_string\"}}],\"inLanguage\":\"it-IT\"},{\"@type\":\"Organization\",\"@id\":\"https:\\\/\\\/www.ildammuso.com\\\/it\\\/#organization\",\"name\":\"Il Dammuso\",\"url\":\"https:\\\/\\\/www.ildammuso.com\\\/it\\\/\",\"logo\":{\"@type\":\"ImageObject\",\"inLanguage\":\"it-IT\",\"@id\":\"https:\\\/\\\/www.ildammuso.com\\\/it\\\/#\\\/schema\\\/logo\\\/image\\\/\",\"url\":\"https:\\\/\\\/www.ildammuso.com\\\/wp-content\\\/uploads\\\/2022\\\/06\\\/logo-ildammuso.jpg\",\"contentUrl\":\"https:\\\/\\\/www.ildammuso.com\\\/wp-content\\\/uploads\\\/2022\\\/06\\\/logo-ildammuso.jpg\",\"width\":426,\"height\":395,\"caption\":\"Il Dammuso\"},\"image\":{\"@id\":\"https:\\\/\\\/www.ildammuso.com\\\/it\\\/#\\\/schema\\\/logo\\\/image\\\/\"},\"sameAs\":[\"https:\\\/\\\/www.facebook.com\\\/ildammusodipantelleria\\\/\",\"https:\\\/\\\/www.instagram.com\\\/ildammusogram\\\/\"]},{\"@type\":\"Person\",\"@id\":\"https:\\\/\\\/www.ildammuso.com\\\/it\\\/#\\\/schema\\\/person\\\/d0a909ca6406e22888ca8d8dfcd59d1f\",\"name\":\"ildammuso-com\",\"image\":{\"@type\":\"ImageObject\",\"inLanguage\":\"it-IT\",\"@id\":\"https:\\\/\\\/secure.gravatar.com\\\/avatar\\\/98cbd846e82532f860b5a0cfe7f6120b4319f5a17ecbd5bb0b839b62429b0fc2?s=96&d=mm&r=g\",\"url\":\"https:\\\/\\\/secure.gravatar.com\\\/avatar\\\/98cbd846e82532f860b5a0cfe7f6120b4319f5a17ecbd5bb0b839b62429b0fc2?s=96&d=mm&r=g\",\"contentUrl\":\"https:\\\/\\\/secure.gravatar.com\\\/avatar\\\/98cbd846e82532f860b5a0cfe7f6120b4319f5a17ecbd5bb0b839b62429b0fc2?s=96&d=mm&r=g\",\"caption\":\"ildammuso-com\"},\"sameAs\":[\"https:\\\/\\\/www.ildammuso.com\"]}]}<\/script>\n<!-- \/ Yoast SEO plugin. -->","yoast_head_json":{"title":"Pantelleria figlia del vento\u2026 ma quannu mai! | Il Dammuso","description":"Che a Pantelleria ci sia vento per parecchi giorni all'anno \u00e8 un dato di fatto, basta guardare le statistiche nei vari siti specializzati come windfinder","robots":{"index":"index","follow":"follow","max-snippet":"max-snippet:-1","max-image-preview":"max-image-preview:large","max-video-preview":"max-video-preview:-1"},"canonical":"https:\/\/www.ildammuso.com\/it\/pantelleria-figlia-ventoma-quannu-mai\/","og_locale":"it_IT","og_type":"article","og_title":"Pantelleria figlia del vento\u2026 ma quannu mai! | Il Dammuso","og_description":"Che a Pantelleria ci sia vento per parecchi giorni all'anno \u00e8 un dato di fatto, basta guardare le statistiche nei vari siti specializzati come windfinder","og_url":"https:\/\/www.ildammuso.com\/it\/pantelleria-figlia-ventoma-quannu-mai\/","og_site_name":"Il Dammuso","article_publisher":"https:\/\/www.facebook.com\/ildammusodipantelleria\/","article_published_time":"2014-07-09T07:39:27+00:00","article_modified_time":"2022-09-08T10:51:53+00:00","og_image":[{"width":1728,"height":1152,"url":"https:\/\/storage1254.cdn-immedia.net\/wp-content\/uploads\/2014\/07\/ventodipantelleria.jpeg","type":"image\/jpeg"}],"author":"ildammuso-com","twitter_card":"summary_large_image","twitter_misc":{"Scritto da":"ildammuso-com","Tempo di lettura stimato":"1 minuto"},"schema":{"@context":"https:\/\/schema.org","@graph":[{"@type":"Article","@id":"https:\/\/www.ildammuso.com\/it\/pantelleria-figlia-ventoma-quannu-mai\/#article","isPartOf":{"@id":"https:\/\/www.ildammuso.com\/it\/pantelleria-figlia-ventoma-quannu-mai\/"},"author":{"name":"ildammuso-com","@id":"https:\/\/www.ildammuso.com\/it\/#\/schema\/person\/d0a909ca6406e22888ca8d8dfcd59d1f"},"headline":"Pantelleria figlia del vento\u2026 ma quannu mai!","datePublished":"2014-07-09T07:39:27+00:00","dateModified":"2022-09-08T10:51:53+00:00","mainEntityOfPage":{"@id":"https:\/\/www.ildammuso.com\/it\/pantelleria-figlia-ventoma-quannu-mai\/"},"wordCount":179,"commentCount":0,"publisher":{"@id":"https:\/\/www.ildammuso.com\/it\/#organization"},"image":{"@id":"https:\/\/www.ildammuso.com\/it\/pantelleria-figlia-ventoma-quannu-mai\/#primaryimage"},"thumbnailUrl":"https:\/\/storage1254.cdn-immedia.net\/wp-content\/uploads\/2014\/07\/ventodipantelleria.jpeg","keywords":["ben rye","bent el rion","figlia del vento","qawsarah"],"articleSection":["ildammuso.com"],"inLanguage":"it-IT","potentialAction":[{"@type":"CommentAction","name":"Comment","target":["https:\/\/www.ildammuso.com\/it\/pantelleria-figlia-ventoma-quannu-mai\/#respond"]}]},{"@type":"WebPage","@id":"https:\/\/www.ildammuso.com\/it\/pantelleria-figlia-ventoma-quannu-mai\/","url":"https:\/\/www.ildammuso.com\/it\/pantelleria-figlia-ventoma-quannu-mai\/","name":"Pantelleria figlia del vento\u2026 ma quannu mai! | Il Dammuso","isPartOf":{"@id":"https:\/\/www.ildammuso.com\/it\/#website"},"primaryImageOfPage":{"@id":"https:\/\/www.ildammuso.com\/it\/pantelleria-figlia-ventoma-quannu-mai\/#primaryimage"},"image":{"@id":"https:\/\/www.ildammuso.com\/it\/pantelleria-figlia-ventoma-quannu-mai\/#primaryimage"},"thumbnailUrl":"https:\/\/storage1254.cdn-immedia.net\/wp-content\/uploads\/2014\/07\/ventodipantelleria.jpeg","datePublished":"2014-07-09T07:39:27+00:00","dateModified":"2022-09-08T10:51:53+00:00","description":"Che a Pantelleria ci sia vento per parecchi giorni all'anno \u00e8 un dato di fatto, basta guardare le statistiche nei vari siti specializzati come windfinder","breadcrumb":{"@id":"https:\/\/www.ildammuso.com\/it\/pantelleria-figlia-ventoma-quannu-mai\/#breadcrumb"},"inLanguage":"it-IT","potentialAction":[{"@type":"ReadAction","target":["https:\/\/www.ildammuso.com\/it\/pantelleria-figlia-ventoma-quannu-mai\/"]}]},{"@type":"ImageObject","inLanguage":"it-IT","@id":"https:\/\/www.ildammuso.com\/it\/pantelleria-figlia-ventoma-quannu-mai\/#primaryimage","url":"https:\/\/storage1254.cdn-immedia.net\/wp-content\/uploads\/2014\/07\/ventodipantelleria.jpeg","contentUrl":"https:\/\/storage1254.cdn-immedia.net\/wp-content\/uploads\/2014\/07\/ventodipantelleria.jpeg","width":1728,"height":1152,"caption":"Vento di Pantelleria"},{"@type":"BreadcrumbList","@id":"https:\/\/www.ildammuso.com\/it\/pantelleria-figlia-ventoma-quannu-mai\/#breadcrumb","itemListElement":[{"@type":"ListItem","position":1,"name":"Home","item":"https:\/\/www.ildammuso.com\/it\/"},{"@type":"ListItem","position":2,"name":"&nbsp;"}]},{"@type":"WebSite","@id":"https:\/\/www.ildammuso.com\/it\/#website","url":"https:\/\/www.ildammuso.com\/it\/","name":"Il Dammuso","description":"Il tuo Dammuso a Pantelleria","publisher":{"@id":"https:\/\/www.ildammuso.com\/it\/#organization"},"potentialAction":[{"@type":"SearchAction","target":{"@type":"EntryPoint","urlTemplate":"https:\/\/www.ildammuso.com\/it\/?s={search_term_string}"},"query-input":{"@type":"PropertyValueSpecification","valueRequired":true,"valueName":"search_term_string"}}],"inLanguage":"it-IT"},{"@type":"Organization","@id":"https:\/\/www.ildammuso.com\/it\/#organization","name":"Il Dammuso","url":"https:\/\/www.ildammuso.com\/it\/","logo":{"@type":"ImageObject","inLanguage":"it-IT","@id":"https:\/\/www.ildammuso.com\/it\/#\/schema\/logo\/image\/","url":"https:\/\/storage1254.cdn-immedia.net\/wp-content\/uploads\/2022\/06\/logo-ildammuso.jpg","contentUrl":"https:\/\/storage1254.cdn-immedia.net\/wp-content\/uploads\/2022\/06\/logo-ildammuso.jpg","width":426,"height":395,"caption":"Il Dammuso"},"image":{"@id":"https:\/\/www.ildammuso.com\/it\/#\/schema\/logo\/image\/"},"sameAs":["https:\/\/www.facebook.com\/ildammusodipantelleria\/","https:\/\/www.instagram.com\/ildammusogram\/"]},{"@type":"Person","@id":"https:\/\/www.ildammuso.com\/it\/#\/schema\/person\/d0a909ca6406e22888ca8d8dfcd59d1f","name":"ildammuso-com","image":{"@type":"ImageObject","inLanguage":"it-IT","@id":"https:\/\/secure.gravatar.com\/avatar\/98cbd846e82532f860b5a0cfe7f6120b4319f5a17ecbd5bb0b839b62429b0fc2?s=96&d=mm&r=g","url":"https:\/\/secure.gravatar.com\/avatar\/98cbd846e82532f860b5a0cfe7f6120b4319f5a17ecbd5bb0b839b62429b0fc2?s=96&d=mm&r=g","contentUrl":"https:\/\/secure.gravatar.com\/avatar\/98cbd846e82532f860b5a0cfe7f6120b4319f5a17ecbd5bb0b839b62429b0fc2?s=96&d=mm&r=g","caption":"ildammuso-com"},"sameAs":["https:\/\/www.ildammuso.com"]}]}},"_links":{"self":[{"href":"https:\/\/www.ildammuso.com\/it\/wp-json\/wp\/v2\/posts\/1266","targetHints":{"allow":["GET"]}}],"collection":[{"href":"https:\/\/www.ildammuso.com\/it\/wp-json\/wp\/v2\/posts"}],"about":[{"href":"https:\/\/www.ildammuso.com\/it\/wp-json\/wp\/v2\/types\/post"}],"author":[{"embeddable":true,"href":"https:\/\/www.ildammuso.com\/it\/wp-json\/wp\/v2\/users\/1"}],"replies":[{"embeddable":true,"href":"https:\/\/www.ildammuso.com\/it\/wp-json\/wp\/v2\/comments?post=1266"}],"version-history":[{"count":1,"href":"https:\/\/www.ildammuso.com\/it\/wp-json\/wp\/v2\/posts\/1266\/revisions"}],"predecessor-version":[{"id":11937,"href":"https:\/\/www.ildammuso.com\/it\/wp-json\/wp\/v2\/posts\/1266\/revisions\/11937"}],"wp:featuredmedia":[{"embeddable":true,"href":"https:\/\/www.ildammuso.com\/it\/wp-json\/wp\/v2\/media\/11935"}],"wp:attachment":[{"href":"https:\/\/www.ildammuso.com\/it\/wp-json\/wp\/v2\/media?parent=1266"}],"wp:term":[{"taxonomy":"category","embeddable":true,"href":"https:\/\/www.ildammuso.com\/it\/wp-json\/wp\/v2\/categories?post=1266"},{"taxonomy":"post_tag","embeddable":true,"href":"https:\/\/www.ildammuso.com\/it\/wp-json\/wp\/v2\/tags?post=1266"}],"curies":[{"name":"wp","href":"https:\/\/api.w.org\/{rel}","templated":true}]}}