{"id":15169,"date":"2022-05-12T09:29:46","date_gmt":"2022-05-12T07:29:46","guid":{"rendered":"https:\/\/ildammuso.com\/it\/?p=10171"},"modified":"2022-09-22T13:39:48","modified_gmt":"2022-09-22T11:39:48","slug":"leggi-il-quotidiano-a-mare-su","status":"publish","type":"post","link":"https:\/\/www.ildammuso.com\/it\/leggi-il-quotidiano-a-mare-su\/","title":{"rendered":"La lettura del quotidiano a mare"},"content":{"rendered":"<div class=\"kvgmc6g5 cxmmr5t8 oygrvhab hcukyx3x c1et5uql ii04i59q\">\n<div dir=\"auto\">Ho un\u2019ammirazione che talvolta sfocia in una insana invidia (gli psicologi parlano di \u201cammirazione infelice\u201d) per tutti quelli che decidono di leggere il quotidiano cartaceo a mare.<\/div>\n<div dir=\"auto\">Costoro, uomini e donne, sono dotati di una forza morale e di abilit\u00e0 manuali che io non possiedo.<\/div>\n<\/div>\n<div class=\"cxmmr5t8 oygrvhab hcukyx3x c1et5uql o9v6fnle ii04i59q\">\n<div dir=\"auto\"><\/div>\n<div dir=\"auto\">Premessa vuole, intanto, che costoro siano andati a Scauri o a Pantelleria a comprare i giornali e questo gi\u00e0, per quanto mi riguarda, fa di loro degli esemplari degni di stima.<\/div>\n<div dir=\"auto\">Poi balzellon balzelloni li vedo arrivare e sistemarsi in punta di scoglio, quando con calma tirano fuori dalla sacca il giornale perfettamente piegato e lo dispiegano davanti a loro con eleganza, tenendo larghe le braccia con i gomiti possibilmente puntati sulle ginocchia.<\/div>\n<div dir=\"auto\">Tutto questo accade mentre gli arrivano addosso schizzi d\u2019acqua, il maestrale infuria, il moscerino gli ha appena pizzicato la caviglia, un bambino si \u00e8 appena tuffato nei pressi del lettore bagnandolo per tre quarti (giornale compreso), tutti schiamazzano e il sole batte a chiodo sulla sua testa.<\/div>\n<div dir=\"auto\">Ma il VERO lettore del quotidiano a MARE dinnanzi a tutto questo non demorde, anzi, non fa una \u201cpiega\u201d, egli resta imperturbabile e completa la lettura fino all\u2019ultima pagina.<\/div>\n<div dir=\"auto\">E quando avr\u00e0 terminato lo ripiegher\u00e0 perfettamente, tale da apparire agli occhi altrui fresco di stampa.<\/div>\n<\/div>\n<div class=\"cxmmr5t8 oygrvhab hcukyx3x c1et5uql o9v6fnle ii04i59q\">\n<div dir=\"auto\"><\/div>\n<div dir=\"auto\">Ora vi racconto la mia.<\/div>\n<div dir=\"auto\">Intanto perch\u00e9 io riesca a leggere un giornale necessito di condizioni ottimali:<\/div>\n<div dir=\"auto\">superficie piatta, senza alcun oggetto nei dintorni o davanti a me; il tavolo deve essere lustrato e asciutto con una lieve capacit\u00e0 di attrito cosicch\u00e9 il giornale non scivoli, porte e finestre chiuse perch\u00e9 non spiri alito di vento.<\/div>\n<\/div>\n<div class=\"cxmmr5t8 oygrvhab hcukyx3x c1et5uql o9v6fnle ii04i59q\">\n<div dir=\"auto\"><\/div>\n<div dir=\"auto\">Cosa accade, invece, se sono al mare?<\/div>\n<div dir=\"auto\">Arrivata, gattonando, al mio scoglio anche io tiro fuori il mio quotidiano che, per\u00f2, nel frattempo si \u00e8 trasformato in un originalissimo origami di forma impressionista (perch\u00e9 impressiona) o espressionista o decidete voi, perch\u00e9 nella sacca dove lo avevo riposto c\u2019erano: numero 2 maschere, numero 2 boccagli, un telo umido, un pacco di sigarette, numero 27 accendini, tre penne, un quaderno, due pacchi di crackers sbriciolati e una bustina di Riopan.<\/div>\n<div dir=\"auto\">Pertanto, tirato fuori quel che resta del giornale, per prima cosa assumo il Riopan che gi\u00e0 ho le budella contorte.<\/div>\n<div dir=\"auto\">Dopodich\u00e9 cerco di dare una sistemata a quei fogli perch\u00e9 possa cominciare a leggerli in sequenza ma, nel frattempo, due pagine sono gi\u00e0 volate in acqua e mi vengono gentilmente restituite da un bambino prodigio mentre io cerco di fermare i vari lembi di quello che resta con le due mani, con la punta dell&#8217;alluce destro e con l&#8217;ausilio di qualche pietra, sicche\u2019 il giornale fa da vela e mi sbatte in faccia. Soprattutto se sono controvento.<\/div>\n<div dir=\"auto\">Allora cambio posizione e nel farlo sfila via la pagina 24 che comincia a veleggiare tra gli scogli in direzione NE finch\u00e9 qualcuno non la aggancia e me la mostra da lontano con l\u2019intenzione di dirmi:<\/div>\n<div dir=\"auto\">\u201cE\u2019 sua? Gliela riporto?\u201d.<\/div>\n<div dir=\"auto\">Mentre io affannatissima faccio cenno che no, non c\u2019\u00e8 bisogno, pu\u00f2 pure tenerla (sono anche generosa, peccato che la perdita del foglio \u201cseghi\u201d l\u2019articolo per cui avevo comprato il giornale) sono gi\u00e0 a favore di vento ed \u00e8 qui che si compie la tragedia TUTTA perch\u00e9 cambiare pagina a favore di vento e un&#8217;operazione che richiede sforzo, concentrazione, velocit\u00e0 e coordinazione.<\/div>\n<div dir=\"auto\">E io non possiedo nessuna di queste caratteristiche.<\/div>\n<div dir=\"auto\">Pertanto chiudo il quotidiano, faccio finta di piegarlo (e il risultato \u00e8 al di sopra di ogni immaginazione) e lo ripongo nello zaino.<\/div>\n<div dir=\"auto\">Per tutto il tempo della mia permanenza a mare far\u00f2 di tutto per dimenticarmene, pur di sottrarmi alla frustrazione e all\u2019umiliazione contemporaneamente subite.<\/div>\n<\/div>\n<div class=\"cxmmr5t8 oygrvhab hcukyx3x c1et5uql o9v6fnle ii04i59q\">\n<div dir=\"auto\"><\/div>\n<div dir=\"auto\">Foto di Giovanni Matta<\/div>\n<\/div>\n","protected":false},"excerpt":{"rendered":"<p>Ho un\u2019ammirazione che talvolta sfocia in una insana invidia (gli [&hellip;]<\/p>\n","protected":false},"author":3,"featured_media":15657,"comment_status":"open","ping_status":"open","sticky":false,"template":"","format":"standard","meta":{"_acf_changed":false,"footnotes":""},"categories":[441],"tags":[619],"class_list":["post-15169","post","type-post","status-publish","format-standard","has-post-thumbnail","hentry","category-pippe","tag-pantelleria-ildammuso-balatadeiturchi-quotidiano"],"acf":[],"yoast_head":"<!-- This site is optimized with the Yoast SEO plugin v27.3 - https:\/\/yoast.com\/product\/yoast-seo-wordpress\/ -->\n<title>La lettura del quotidiano a mare | Il Dammuso<\/title>\n<meta name=\"description\" content=\"La lettura del quotidiano a mare non e&#039; cosa da tutti, soprattutto se con il vento contro e se seduti su scogli aguzzi\" \/>\n<meta name=\"robots\" content=\"index, follow, max-snippet:-1, max-image-preview:large, max-video-preview:-1\" \/>\n<link rel=\"canonical\" href=\"https:\/\/www.ildammuso.com\/it\/leggi-il-quotidiano-a-mare-su\/\" \/>\n<meta property=\"og:locale\" content=\"it_IT\" \/>\n<meta property=\"og:type\" content=\"article\" \/>\n<meta property=\"og:title\" content=\"La lettura del quotidiano a mare | Il Dammuso\" \/>\n<meta property=\"og:description\" content=\"La lettura del quotidiano a mare non e&#039; cosa da tutti, soprattutto se con il vento contro e se seduti su scogli aguzzi\" \/>\n<meta property=\"og:url\" content=\"https:\/\/www.ildammuso.com\/it\/leggi-il-quotidiano-a-mare-su\/\" \/>\n<meta property=\"og:site_name\" content=\"Il Dammuso\" \/>\n<meta property=\"article:publisher\" content=\"https:\/\/www.facebook.com\/ildammusodipantelleria\/\" \/>\n<meta property=\"article:published_time\" content=\"2022-05-12T07:29:46+00:00\" \/>\n<meta property=\"article:modified_time\" content=\"2022-09-22T11:39:48+00:00\" \/>\n<meta property=\"og:image\" content=\"https:\/\/storage1254.cdn-immedia.net\/wp-content\/uploads\/2022\/05\/Pantelleria-e-il-mare.jpeg\" \/>\n\t<meta property=\"og:image:width\" content=\"1280\" \/>\n\t<meta property=\"og:image:height\" content=\"960\" \/>\n\t<meta property=\"og:image:type\" content=\"image\/jpeg\" \/>\n<meta name=\"author\" content=\"claudia\" \/>\n<meta name=\"twitter:card\" content=\"summary_large_image\" \/>\n<meta name=\"twitter:label1\" content=\"Scritto da\" \/>\n\t<meta name=\"twitter:data1\" content=\"claudia\" \/>\n\t<meta name=\"twitter:label2\" content=\"Tempo di lettura stimato\" \/>\n\t<meta name=\"twitter:data2\" content=\"4 minuti\" \/>\n<script type=\"application\/ld+json\" class=\"yoast-schema-graph\">{\"@context\":\"https:\\\/\\\/schema.org\",\"@graph\":[{\"@type\":\"Article\",\"@id\":\"https:\\\/\\\/www.ildammuso.com\\\/it\\\/leggi-il-quotidiano-a-mare-su\\\/#article\",\"isPartOf\":{\"@id\":\"https:\\\/\\\/www.ildammuso.com\\\/it\\\/leggi-il-quotidiano-a-mare-su\\\/\"},\"author\":{\"name\":\"claudia\",\"@id\":\"https:\\\/\\\/www.ildammuso.com\\\/it\\\/#\\\/schema\\\/person\\\/a97bc2634c1ae772b6efbb07fef2b3a8\"},\"headline\":\"La lettura del quotidiano a mare\",\"datePublished\":\"2022-05-12T07:29:46+00:00\",\"dateModified\":\"2022-09-22T11:39:48+00:00\",\"mainEntityOfPage\":{\"@id\":\"https:\\\/\\\/www.ildammuso.com\\\/it\\\/leggi-il-quotidiano-a-mare-su\\\/\"},\"wordCount\":608,\"commentCount\":0,\"publisher\":{\"@id\":\"https:\\\/\\\/www.ildammuso.com\\\/it\\\/#organization\"},\"image\":{\"@id\":\"https:\\\/\\\/www.ildammuso.com\\\/it\\\/leggi-il-quotidiano-a-mare-su\\\/#primaryimage\"},\"thumbnailUrl\":\"https:\\\/\\\/www.ildammuso.com\\\/wp-content\\\/uploads\\\/2022\\\/05\\\/Pantelleria-e-il-mare.jpeg\",\"keywords\":[\"#pantelleria #ildammuso #balatadeiturchi #quotidiano\"],\"articleSection\":[\"Pippe d'altura\"],\"inLanguage\":\"it-IT\",\"potentialAction\":[{\"@type\":\"CommentAction\",\"name\":\"Comment\",\"target\":[\"https:\\\/\\\/www.ildammuso.com\\\/it\\\/leggi-il-quotidiano-a-mare-su\\\/#respond\"]}]},{\"@type\":\"WebPage\",\"@id\":\"https:\\\/\\\/www.ildammuso.com\\\/it\\\/leggi-il-quotidiano-a-mare-su\\\/\",\"url\":\"https:\\\/\\\/www.ildammuso.com\\\/it\\\/leggi-il-quotidiano-a-mare-su\\\/\",\"name\":\"La lettura del quotidiano a mare | Il Dammuso\",\"isPartOf\":{\"@id\":\"https:\\\/\\\/www.ildammuso.com\\\/it\\\/#website\"},\"primaryImageOfPage\":{\"@id\":\"https:\\\/\\\/www.ildammuso.com\\\/it\\\/leggi-il-quotidiano-a-mare-su\\\/#primaryimage\"},\"image\":{\"@id\":\"https:\\\/\\\/www.ildammuso.com\\\/it\\\/leggi-il-quotidiano-a-mare-su\\\/#primaryimage\"},\"thumbnailUrl\":\"https:\\\/\\\/www.ildammuso.com\\\/wp-content\\\/uploads\\\/2022\\\/05\\\/Pantelleria-e-il-mare.jpeg\",\"datePublished\":\"2022-05-12T07:29:46+00:00\",\"dateModified\":\"2022-09-22T11:39:48+00:00\",\"description\":\"La lettura del quotidiano a mare non e' cosa da tutti, soprattutto se con il vento contro e se seduti su scogli aguzzi\",\"breadcrumb\":{\"@id\":\"https:\\\/\\\/www.ildammuso.com\\\/it\\\/leggi-il-quotidiano-a-mare-su\\\/#breadcrumb\"},\"inLanguage\":\"it-IT\",\"potentialAction\":[{\"@type\":\"ReadAction\",\"target\":[\"https:\\\/\\\/www.ildammuso.com\\\/it\\\/leggi-il-quotidiano-a-mare-su\\\/\"]}]},{\"@type\":\"ImageObject\",\"inLanguage\":\"it-IT\",\"@id\":\"https:\\\/\\\/www.ildammuso.com\\\/it\\\/leggi-il-quotidiano-a-mare-su\\\/#primaryimage\",\"url\":\"https:\\\/\\\/www.ildammuso.com\\\/wp-content\\\/uploads\\\/2022\\\/05\\\/Pantelleria-e-il-mare.jpeg\",\"contentUrl\":\"https:\\\/\\\/www.ildammuso.com\\\/wp-content\\\/uploads\\\/2022\\\/05\\\/Pantelleria-e-il-mare.jpeg\",\"width\":1280,\"height\":960,\"caption\":\"dammusi pantelleria\"},{\"@type\":\"BreadcrumbList\",\"@id\":\"https:\\\/\\\/www.ildammuso.com\\\/it\\\/leggi-il-quotidiano-a-mare-su\\\/#breadcrumb\",\"itemListElement\":[{\"@type\":\"ListItem\",\"position\":1,\"name\":\"Home\",\"item\":\"https:\\\/\\\/www.ildammuso.com\\\/it\\\/\"},{\"@type\":\"ListItem\",\"position\":2,\"name\":\"&nbsp;\"}]},{\"@type\":\"WebSite\",\"@id\":\"https:\\\/\\\/www.ildammuso.com\\\/it\\\/#website\",\"url\":\"https:\\\/\\\/www.ildammuso.com\\\/it\\\/\",\"name\":\"Il Dammuso\",\"description\":\"Il tuo Dammuso a Pantelleria\",\"publisher\":{\"@id\":\"https:\\\/\\\/www.ildammuso.com\\\/it\\\/#organization\"},\"potentialAction\":[{\"@type\":\"SearchAction\",\"target\":{\"@type\":\"EntryPoint\",\"urlTemplate\":\"https:\\\/\\\/www.ildammuso.com\\\/it\\\/?s={search_term_string}\"},\"query-input\":{\"@type\":\"PropertyValueSpecification\",\"valueRequired\":true,\"valueName\":\"search_term_string\"}}],\"inLanguage\":\"it-IT\"},{\"@type\":\"Organization\",\"@id\":\"https:\\\/\\\/www.ildammuso.com\\\/it\\\/#organization\",\"name\":\"Il Dammuso\",\"url\":\"https:\\\/\\\/www.ildammuso.com\\\/it\\\/\",\"logo\":{\"@type\":\"ImageObject\",\"inLanguage\":\"it-IT\",\"@id\":\"https:\\\/\\\/www.ildammuso.com\\\/it\\\/#\\\/schema\\\/logo\\\/image\\\/\",\"url\":\"https:\\\/\\\/www.ildammuso.com\\\/wp-content\\\/uploads\\\/2022\\\/06\\\/logo-ildammuso.jpg\",\"contentUrl\":\"https:\\\/\\\/www.ildammuso.com\\\/wp-content\\\/uploads\\\/2022\\\/06\\\/logo-ildammuso.jpg\",\"width\":426,\"height\":395,\"caption\":\"Il Dammuso\"},\"image\":{\"@id\":\"https:\\\/\\\/www.ildammuso.com\\\/it\\\/#\\\/schema\\\/logo\\\/image\\\/\"},\"sameAs\":[\"https:\\\/\\\/www.facebook.com\\\/ildammusodipantelleria\\\/\",\"https:\\\/\\\/www.instagram.com\\\/ildammusogram\\\/\"]},{\"@type\":\"Person\",\"@id\":\"https:\\\/\\\/www.ildammuso.com\\\/it\\\/#\\\/schema\\\/person\\\/a97bc2634c1ae772b6efbb07fef2b3a8\",\"name\":\"claudia\",\"image\":{\"@type\":\"ImageObject\",\"inLanguage\":\"it-IT\",\"@id\":\"https:\\\/\\\/secure.gravatar.com\\\/avatar\\\/bfa9e85032faeaffeaaafd48c7c09ad8da852ff133d8361db8721aff28093ebe?s=96&d=mm&r=g\",\"url\":\"https:\\\/\\\/secure.gravatar.com\\\/avatar\\\/bfa9e85032faeaffeaaafd48c7c09ad8da852ff133d8361db8721aff28093ebe?s=96&d=mm&r=g\",\"contentUrl\":\"https:\\\/\\\/secure.gravatar.com\\\/avatar\\\/bfa9e85032faeaffeaaafd48c7c09ad8da852ff133d8361db8721aff28093ebe?s=96&d=mm&r=g\",\"caption\":\"claudia\"}}]}<\/script>\n<!-- \/ Yoast SEO plugin. -->","yoast_head_json":{"title":"La lettura del quotidiano a mare | Il Dammuso","description":"La lettura del quotidiano a mare non e' cosa da tutti, soprattutto se con il vento contro e se seduti su scogli aguzzi","robots":{"index":"index","follow":"follow","max-snippet":"max-snippet:-1","max-image-preview":"max-image-preview:large","max-video-preview":"max-video-preview:-1"},"canonical":"https:\/\/www.ildammuso.com\/it\/leggi-il-quotidiano-a-mare-su\/","og_locale":"it_IT","og_type":"article","og_title":"La lettura del quotidiano a mare | Il Dammuso","og_description":"La lettura del quotidiano a mare non e' cosa da tutti, soprattutto se con il vento contro e se seduti su scogli aguzzi","og_url":"https:\/\/www.ildammuso.com\/it\/leggi-il-quotidiano-a-mare-su\/","og_site_name":"Il Dammuso","article_publisher":"https:\/\/www.facebook.com\/ildammusodipantelleria\/","article_published_time":"2022-05-12T07:29:46+00:00","article_modified_time":"2022-09-22T11:39:48+00:00","og_image":[{"width":1280,"height":960,"url":"https:\/\/storage1254.cdn-immedia.net\/wp-content\/uploads\/2022\/05\/Pantelleria-e-il-mare.jpeg","type":"image\/jpeg"}],"author":"claudia","twitter_card":"summary_large_image","twitter_misc":{"Scritto da":"claudia","Tempo di lettura stimato":"4 minuti"},"schema":{"@context":"https:\/\/schema.org","@graph":[{"@type":"Article","@id":"https:\/\/www.ildammuso.com\/it\/leggi-il-quotidiano-a-mare-su\/#article","isPartOf":{"@id":"https:\/\/www.ildammuso.com\/it\/leggi-il-quotidiano-a-mare-su\/"},"author":{"name":"claudia","@id":"https:\/\/www.ildammuso.com\/it\/#\/schema\/person\/a97bc2634c1ae772b6efbb07fef2b3a8"},"headline":"La lettura del quotidiano a mare","datePublished":"2022-05-12T07:29:46+00:00","dateModified":"2022-09-22T11:39:48+00:00","mainEntityOfPage":{"@id":"https:\/\/www.ildammuso.com\/it\/leggi-il-quotidiano-a-mare-su\/"},"wordCount":608,"commentCount":0,"publisher":{"@id":"https:\/\/www.ildammuso.com\/it\/#organization"},"image":{"@id":"https:\/\/www.ildammuso.com\/it\/leggi-il-quotidiano-a-mare-su\/#primaryimage"},"thumbnailUrl":"https:\/\/storage1254.cdn-immedia.net\/wp-content\/uploads\/2022\/05\/Pantelleria-e-il-mare.jpeg","keywords":["#pantelleria #ildammuso #balatadeiturchi #quotidiano"],"articleSection":["Pippe d'altura"],"inLanguage":"it-IT","potentialAction":[{"@type":"CommentAction","name":"Comment","target":["https:\/\/www.ildammuso.com\/it\/leggi-il-quotidiano-a-mare-su\/#respond"]}]},{"@type":"WebPage","@id":"https:\/\/www.ildammuso.com\/it\/leggi-il-quotidiano-a-mare-su\/","url":"https:\/\/www.ildammuso.com\/it\/leggi-il-quotidiano-a-mare-su\/","name":"La lettura del quotidiano a mare | Il Dammuso","isPartOf":{"@id":"https:\/\/www.ildammuso.com\/it\/#website"},"primaryImageOfPage":{"@id":"https:\/\/www.ildammuso.com\/it\/leggi-il-quotidiano-a-mare-su\/#primaryimage"},"image":{"@id":"https:\/\/www.ildammuso.com\/it\/leggi-il-quotidiano-a-mare-su\/#primaryimage"},"thumbnailUrl":"https:\/\/storage1254.cdn-immedia.net\/wp-content\/uploads\/2022\/05\/Pantelleria-e-il-mare.jpeg","datePublished":"2022-05-12T07:29:46+00:00","dateModified":"2022-09-22T11:39:48+00:00","description":"La lettura del quotidiano a mare non e' cosa da tutti, soprattutto se con il vento contro e se seduti su scogli aguzzi","breadcrumb":{"@id":"https:\/\/www.ildammuso.com\/it\/leggi-il-quotidiano-a-mare-su\/#breadcrumb"},"inLanguage":"it-IT","potentialAction":[{"@type":"ReadAction","target":["https:\/\/www.ildammuso.com\/it\/leggi-il-quotidiano-a-mare-su\/"]}]},{"@type":"ImageObject","inLanguage":"it-IT","@id":"https:\/\/www.ildammuso.com\/it\/leggi-il-quotidiano-a-mare-su\/#primaryimage","url":"https:\/\/storage1254.cdn-immedia.net\/wp-content\/uploads\/2022\/05\/Pantelleria-e-il-mare.jpeg","contentUrl":"https:\/\/storage1254.cdn-immedia.net\/wp-content\/uploads\/2022\/05\/Pantelleria-e-il-mare.jpeg","width":1280,"height":960,"caption":"dammusi pantelleria"},{"@type":"BreadcrumbList","@id":"https:\/\/www.ildammuso.com\/it\/leggi-il-quotidiano-a-mare-su\/#breadcrumb","itemListElement":[{"@type":"ListItem","position":1,"name":"Home","item":"https:\/\/www.ildammuso.com\/it\/"},{"@type":"ListItem","position":2,"name":"&nbsp;"}]},{"@type":"WebSite","@id":"https:\/\/www.ildammuso.com\/it\/#website","url":"https:\/\/www.ildammuso.com\/it\/","name":"Il Dammuso","description":"Il tuo Dammuso a Pantelleria","publisher":{"@id":"https:\/\/www.ildammuso.com\/it\/#organization"},"potentialAction":[{"@type":"SearchAction","target":{"@type":"EntryPoint","urlTemplate":"https:\/\/www.ildammuso.com\/it\/?s={search_term_string}"},"query-input":{"@type":"PropertyValueSpecification","valueRequired":true,"valueName":"search_term_string"}}],"inLanguage":"it-IT"},{"@type":"Organization","@id":"https:\/\/www.ildammuso.com\/it\/#organization","name":"Il Dammuso","url":"https:\/\/www.ildammuso.com\/it\/","logo":{"@type":"ImageObject","inLanguage":"it-IT","@id":"https:\/\/www.ildammuso.com\/it\/#\/schema\/logo\/image\/","url":"https:\/\/storage1254.cdn-immedia.net\/wp-content\/uploads\/2022\/06\/logo-ildammuso.jpg","contentUrl":"https:\/\/storage1254.cdn-immedia.net\/wp-content\/uploads\/2022\/06\/logo-ildammuso.jpg","width":426,"height":395,"caption":"Il Dammuso"},"image":{"@id":"https:\/\/www.ildammuso.com\/it\/#\/schema\/logo\/image\/"},"sameAs":["https:\/\/www.facebook.com\/ildammusodipantelleria\/","https:\/\/www.instagram.com\/ildammusogram\/"]},{"@type":"Person","@id":"https:\/\/www.ildammuso.com\/it\/#\/schema\/person\/a97bc2634c1ae772b6efbb07fef2b3a8","name":"claudia","image":{"@type":"ImageObject","inLanguage":"it-IT","@id":"https:\/\/secure.gravatar.com\/avatar\/bfa9e85032faeaffeaaafd48c7c09ad8da852ff133d8361db8721aff28093ebe?s=96&d=mm&r=g","url":"https:\/\/secure.gravatar.com\/avatar\/bfa9e85032faeaffeaaafd48c7c09ad8da852ff133d8361db8721aff28093ebe?s=96&d=mm&r=g","contentUrl":"https:\/\/secure.gravatar.com\/avatar\/bfa9e85032faeaffeaaafd48c7c09ad8da852ff133d8361db8721aff28093ebe?s=96&d=mm&r=g","caption":"claudia"}}]}},"_links":{"self":[{"href":"https:\/\/www.ildammuso.com\/it\/wp-json\/wp\/v2\/posts\/15169","targetHints":{"allow":["GET"]}}],"collection":[{"href":"https:\/\/www.ildammuso.com\/it\/wp-json\/wp\/v2\/posts"}],"about":[{"href":"https:\/\/www.ildammuso.com\/it\/wp-json\/wp\/v2\/types\/post"}],"author":[{"embeddable":true,"href":"https:\/\/www.ildammuso.com\/it\/wp-json\/wp\/v2\/users\/3"}],"replies":[{"embeddable":true,"href":"https:\/\/www.ildammuso.com\/it\/wp-json\/wp\/v2\/comments?post=15169"}],"version-history":[{"count":1,"href":"https:\/\/www.ildammuso.com\/it\/wp-json\/wp\/v2\/posts\/15169\/revisions"}],"predecessor-version":[{"id":15659,"href":"https:\/\/www.ildammuso.com\/it\/wp-json\/wp\/v2\/posts\/15169\/revisions\/15659"}],"wp:featuredmedia":[{"embeddable":true,"href":"https:\/\/www.ildammuso.com\/it\/wp-json\/wp\/v2\/media\/15657"}],"wp:attachment":[{"href":"https:\/\/www.ildammuso.com\/it\/wp-json\/wp\/v2\/media?parent=15169"}],"wp:term":[{"taxonomy":"category","embeddable":true,"href":"https:\/\/www.ildammuso.com\/it\/wp-json\/wp\/v2\/categories?post=15169"},{"taxonomy":"post_tag","embeddable":true,"href":"https:\/\/www.ildammuso.com\/it\/wp-json\/wp\/v2\/tags?post=15169"}],"curies":[{"name":"wp","href":"https:\/\/api.w.org\/{rel}","templated":true}]}}