{"id":15183,"date":"2022-06-18T16:31:00","date_gmt":"2022-06-18T14:31:00","guid":{"rendered":"https:\/\/ildammuso.com\/it\/?p=14987"},"modified":"2022-09-22T14:30:29","modified_gmt":"2022-09-22T12:30:29","slug":"una-cuoca-angelica-a-pantelleria","status":"publish","type":"post","link":"https:\/\/www.ildammuso.com\/it\/una-cuoca-angelica-a-pantelleria\/","title":{"rendered":"Una cuoca Angelica a Pantelleria"},"content":{"rendered":"<div class=\"l7ghb35v kjdc1dyq kmwttqpk gh25dzvf jikcssrz n3t5jt4f\">\n<div dir=\"auto\">Pantelleria, la terra, il vento, il vino ed il cibo sono entit\u00e0 inscindibili. L&#8217;isola \u00e8 molto concentrata sul suo essere campo terrazzato e terra fertile, molto pi\u00f9 che sul mare che, ovviamente, la circonda.<\/div>\n<div dir=\"auto\">Questo ha fatto s\u00ec che l&#8217;agricoltura nel tempo sia stata intensamente praticata e per<\/div>\n<div dir=\"auto\">fortuna, ancora oggi, con metodi per lo pi\u00f9 tradizionali.<\/div>\n<div dir=\"auto\">Ci sono legami tra territorio e cibo che nascono dalla carenza d&#8217;acqua, dal forte vento, dal caldo africano. Legami che si concretizzano in giardini panteschi di pietra che proteggono solennemente un agrume dal vento e gli forniscono una casa che produce, attraverso l&#8217;escursione termica e la condensazione dell&#8217;umidit\u00e0 atmosferica, quella minima quantit\u00e0 d&#8217;acqua necessaria a superare l&#8217;estate. Ed ancora negli ulivi striscianti, cos\u00ec come nelle radici profondissime dei capperi. Questa lotta tra<\/div>\n<div dir=\"auto\">agenti atmosferici, agricoltura e uomo che produce alcuni gioielli gastronomici dal sapore intenso che creano un legame con l&#8217;isola molto profondo.<\/div>\n<div dir=\"auto\">Le mie permanenze a Pantelleria sono scandite sempre da ci\u00f2 che produce l&#8217;isola in quel periodo.<\/div>\n<div dir=\"auto\">C&#8217;\u00e8 stata una fase della nostra vita in cui andavamo a Pantelleria due volte all&#8217;anno, a<\/div>\n<div dir=\"auto\">giugno e a settembre, rispettivamente i periodi di raccolta dei capperi e dello zibibbo.<\/div>\n<div dir=\"auto\">A quel tempo ero prevalentemente un educatore ambientale e oltre che raccogliere i prodotti, facevo molte escursioni, visto che l&#8217;isola offre tantissimo in questo senso.<\/div>\n<div dir=\"auto\">Erano esplorazioni di sentieri costieri o ascese alla Montagna Grande, immersioni nella vegetazione del Gibele e contemplazioni degli incontri fra sole e luna sul cerchio magico della Kuddia di Mida.<\/div>\n<div dir=\"auto\">Poi sono diventata cuoca.<\/div>\n<div dir=\"auto\">Di solito in vacanza amo molto andare a trovare colleghi in altri ristoranti, mi piace vedere come si evolve la cucina, sebbene io tenga a restare abbastanza ancorata al passato, mi piace confrontarmi, mi piace vedere quanta passione ci sia in alcune realt\u00e0 della ristorazione siciliana (e non solo) e celebrarle.<\/div>\n<div dir=\"auto\">Ma a Pantelleria \u00e8 diverso.<\/div>\n<div dir=\"auto\">Se non per una pizza, per me irrinunciabile appena arrivati sull&#8217;isola da consumare<\/div>\n<div dir=\"auto\">rigorosamente alla Risacca, e alcune interessanti esperienze tra cui un home restaurant egregiamente gestito da Alessandro Bonomo, io a Pantelleria cucino tantissimo.<\/div>\n<div dir=\"auto\">Appena approdata comincio subito a procacciarmi i miei ingredienti preferiti: zucchine tonde, porri selvatici, capperi, pesce, mandorle, miele, pesche, gelsi.<\/div>\n<div dir=\"auto\">I gelsi, questi frutti la cui intensit\u00e0 di sapore \u00e8 direttamente proporzionale alla bravura che mostrerai nel rubarli all&#8217;albero del vicino imbrattandoti come una serial killer, ma con indicibile soddisfazione.<\/div>\n<div dir=\"auto\">La scorsa estate l&#8217;albero mirato era quello di Giovanni. Un esproprio autorizzato,<\/div>\n<div dir=\"auto\">a seguito del quale ho trasformato i frutti in granita. Granita che \u00e8 stata protagonista dell&#8217;ultimo pranzo sull&#8217;isola con i piedi immersi in una pozza d&#8217;acqua che guardava all&#8217;Africa.<\/div>\n<div dir=\"auto\">Perch\u00e9 alla fine si pu\u00f2 anche portare la granita al mare senza farla sciogliere, ma questi sono segreti del mestiere!<\/div>\n<div dir=\"auto\">Quando vado a Pantelleria mi porto dietro il mio kit professionale cos\u00ec che anche nella casa pi\u00f9 spartana posso contare su alcuni strumenti essenziali.<\/div>\n<div dir=\"auto\">La scorsa estate poi, la cucina del dammuso che Claudia e Giovanni ci avevano dato era una deliziosa propaggine di un giardino pantesco con al centro l&#8217;agrume e una finestra proprio sopra al banco di lavoro che guardava al mare. Ho passato dei momenti cos\u00ec belli in quella cucina, che li porter\u00f2 nel cuore per sempre.<\/div>\n<div dir=\"auto\">C&#8217;era davanti alla casa un giardino di aromatiche e un campo di capperi dove siamo stati autorizzati a raccoglierne un po&#8217;.<\/div>\n<div dir=\"auto\">Qualche giorno dopo essere arrivati sull&#8217;isola, considerando che la raccolta dei capperi comincia nello stesso istante in cui abbiamo abbandonato i bagagli in casa, dal dammuso comincia a sprigionarsi quel vago odore di tabacco che \u00e8 inconfondibile indizio dei capperi che cominciano a trasformarsi nella loro salamoia.<\/div>\n<div dir=\"auto\">Ogni mattina durante la colazione &#8220;arrisacchiamo&#8221; (agitiamo) il contenitore con capperi e sale per distribuire la salamoia e inaliamo un pezzo di anima dell&#8217;isola.<\/div>\n<div dir=\"auto\">Non \u00e8 certo l&#8217;odore che inondava casa di Francesco in paese nel periodo di raccolta, quando la moglie li metteva in salamoia nelle vasche da bagno dismesse e linde per lavorarli in quantit\u00e0 consone a quelle di una famiglia pantesca. Dopo la visita nella stanza della salamoia c&#8217;erano puntualissimi la discesa in cantina ad assaggiare il vino (anche alle nove di mattina) e poi il passito in casa con i pasticciotti che la moglie, ubbidendo ad un rito tenerissimo e misterioso, conservava in camera da letto.<\/div>\n<\/div>\n<div class=\"l7ghb35v kjdc1dyq kmwttqpk gh25dzvf jikcssrz n3t5jt4f\">\n<div dir=\"auto\"><\/div>\n<div dir=\"auto\">Io mi sento molto fortunata perch\u00e9 nel tempo ho sviluppato una relazione molto profonda con l&#8217;isola e con alcuni panteschi generosi. Ad ottobre scorso una donna pantesca mi ha ospitata a casa sua per qualche giorno per uno scambio di saperi gastronomici.<\/div>\n<div dir=\"auto\">Indubbiamente quello che da lei ho ricevuto \u00e8 stato un dono enorme e la mia recente capacit\u00e0 di intagliare mustaccioli \u00e8 proprio venuta fuori da quei giorni felici di sole e chiacchiere con le donne delle contrade.<\/div>\n<div dir=\"auto\">Chi dice che Pantelleria \u00e8 ostile va compreso, \u00e8 un&#8217;isola che richiede tempo, sforzo ed energia per chi accetta di cimentarsi con le sue innumerevoli risorse. Per tutti gli altri esistono tanti posti belli e meno impegnativi.<\/div>\n<div dir=\"auto\">Per me la fatica di Pantelleria non \u00e8 fatica, \u00e8 energia contenuta nel suo cibo, nel suo lago, nei suoi caldi effluvi, nella sua pietra, nel sole.<\/div>\n<div dir=\"auto\">Energia che mi tiene viva per mesi.<\/div>\n<div dir=\"auto\">Quando l&#8217;energia si esaurisce, vuol dire che \u00e8 tempo di tornare.<\/div>\n<\/div>\n<div class=\"l7ghb35v kjdc1dyq kmwttqpk gh25dzvf jikcssrz n3t5jt4f\">\n<div dir=\"auto\"><\/div>\n<div dir=\"auto\">Scritto da Veronica Schiera, chef de <a class=\"qi72231t nu7423ey n3hqoq4p r86q59rh b3qcqh3k fq87ekyn bdao358l fsf7x5fv rse6dlih s5oniofx m8h3af8h l7ghb35v kjdc1dyq kmwttqpk srn514ro oxkhqvkx rl78xhln nch0832m cr00lzj9 rn8ck1ys s3jn8y49 icdlwmnq cxfqmxzd d1w2l3lo tes86rjd\" tabindex=\"0\" role=\"link\" href=\"https:\/\/www.facebook.com\/leangeliche?__cft__[0]=AZWVzfU-zKLKW0fayWbWynIXDH73MFHqBfecuTG7AJ5oB7ABhn_UpfxhZ3ivQB25wvnU8vwBXm941MiNWRfp_FhchZEwm0FSmzw1paxDsPeowqhDGdN_4C4HzBHP8lwthrE9pO62VdHPBvwZmCXmPaentamKoD0HQ7hOIzJryCSo_SUP41kCRPncPRPnGikdoSFIimUrAZfDVHjUAqplZSHA&amp;__tn__=-]K-R\"><span class=\"rse6dlih\">Le Angeliche<\/span><\/a> Bistrot di Palermo<\/div>\n<\/div>\n<div class=\"l7ghb35v kjdc1dyq kmwttqpk gh25dzvf jikcssrz n3t5jt4f\">\n<div dir=\"auto\">Anche la foto \u00e8 stata scattata da Veronica la scorsa estate a Pantelleria.<\/div>\n<\/div>\n","protected":false},"excerpt":{"rendered":"<p>Pantelleria, la terra, il vento, il vino ed il cibo [&hellip;]<\/p>\n","protected":false},"author":1,"featured_media":15606,"comment_status":"open","ping_status":"open","sticky":false,"template":"","format":"standard","meta":{"_acf_changed":false,"footnotes":""},"categories":[444],"tags":[638],"class_list":["post-15183","post","type-post","status-publish","format-standard","has-post-thumbnail","hentry","category-ospiti-del-blog","tag-pantelleria-ildammuso-leangeliche-cuoca-learning-cooking-cuoca-chef"],"acf":[],"yoast_head":"<!-- This site is optimized with the Yoast SEO plugin v27.5 - https:\/\/yoast.com\/product\/yoast-seo-wordpress\/ -->\n<title>Una cuoca Angelica a Pantelleria | Il Dammuso<\/title>\n<meta name=\"description\" content=\"Il racconto di una cuoca de Le Angeliche in trasferta a Pantelleria. La sua passione per la cucina, per il buon cibo e per Pantelleria\" \/>\n<meta name=\"robots\" content=\"index, follow, max-snippet:-1, max-image-preview:large, max-video-preview:-1\" \/>\n<link rel=\"canonical\" href=\"https:\/\/www.ildammuso.com\/it\/una-cuoca-angelica-a-pantelleria\/\" \/>\n<meta property=\"og:locale\" content=\"it_IT\" \/>\n<meta property=\"og:type\" content=\"article\" \/>\n<meta property=\"og:title\" content=\"Una cuoca Angelica a Pantelleria | Il Dammuso\" \/>\n<meta property=\"og:description\" content=\"Il racconto di una cuoca de Le Angeliche in trasferta a Pantelleria. La sua passione per la cucina, per il buon cibo e per Pantelleria\" \/>\n<meta property=\"og:url\" content=\"https:\/\/www.ildammuso.com\/it\/una-cuoca-angelica-a-pantelleria\/\" \/>\n<meta property=\"og:site_name\" content=\"Il Dammuso\" \/>\n<meta property=\"article:publisher\" content=\"https:\/\/www.facebook.com\/ildammusodipantelleria\/\" \/>\n<meta property=\"article:published_time\" content=\"2022-06-18T14:31:00+00:00\" \/>\n<meta property=\"article:modified_time\" content=\"2022-09-22T12:30:29+00:00\" \/>\n<meta property=\"og:image\" content=\"https:\/\/storage1254.cdn-immedia.net\/wp-content\/uploads\/2022\/08\/brioches-al-mare-di-Pantelleria.jpeg\" \/>\n\t<meta property=\"og:image:width\" content=\"1196\" \/>\n\t<meta property=\"og:image:height\" content=\"1600\" \/>\n\t<meta property=\"og:image:type\" content=\"image\/jpeg\" \/>\n<meta name=\"author\" content=\"ildammuso-com\" \/>\n<meta name=\"twitter:card\" content=\"summary_large_image\" \/>\n<meta name=\"twitter:label1\" content=\"Scritto da\" \/>\n\t<meta name=\"twitter:data1\" content=\"ildammuso-com\" \/>\n\t<meta name=\"twitter:label2\" content=\"Tempo di lettura stimato\" \/>\n\t<meta name=\"twitter:data2\" content=\"5 minuti\" \/>\n<script type=\"application\/ld+json\" class=\"yoast-schema-graph\">{\"@context\":\"https:\\\/\\\/schema.org\",\"@graph\":[{\"@type\":\"Article\",\"@id\":\"https:\\\/\\\/www.ildammuso.com\\\/it\\\/una-cuoca-angelica-a-pantelleria\\\/#article\",\"isPartOf\":{\"@id\":\"https:\\\/\\\/www.ildammuso.com\\\/it\\\/una-cuoca-angelica-a-pantelleria\\\/\"},\"author\":{\"name\":\"ildammuso-com\",\"@id\":\"https:\\\/\\\/www.ildammuso.com\\\/it\\\/#\\\/schema\\\/person\\\/d0a909ca6406e22888ca8d8dfcd59d1f\"},\"headline\":\"Una cuoca Angelica a Pantelleria\",\"datePublished\":\"2022-06-18T14:31:00+00:00\",\"dateModified\":\"2022-09-22T12:30:29+00:00\",\"mainEntityOfPage\":{\"@id\":\"https:\\\/\\\/www.ildammuso.com\\\/it\\\/una-cuoca-angelica-a-pantelleria\\\/\"},\"wordCount\":918,\"commentCount\":0,\"publisher\":{\"@id\":\"https:\\\/\\\/www.ildammuso.com\\\/it\\\/#organization\"},\"image\":{\"@id\":\"https:\\\/\\\/www.ildammuso.com\\\/it\\\/una-cuoca-angelica-a-pantelleria\\\/#primaryimage\"},\"thumbnailUrl\":\"https:\\\/\\\/www.ildammuso.com\\\/wp-content\\\/uploads\\\/2022\\\/08\\\/brioches-al-mare-di-Pantelleria.jpeg\",\"keywords\":[\"#pantelleria #ildammuso #leangeliche #cuoca #learning #cooking #cuoca #chef\"],\"articleSection\":[\"Ospiti del blog\"],\"inLanguage\":\"it-IT\",\"potentialAction\":[{\"@type\":\"CommentAction\",\"name\":\"Comment\",\"target\":[\"https:\\\/\\\/www.ildammuso.com\\\/it\\\/una-cuoca-angelica-a-pantelleria\\\/#respond\"]}]},{\"@type\":\"WebPage\",\"@id\":\"https:\\\/\\\/www.ildammuso.com\\\/it\\\/una-cuoca-angelica-a-pantelleria\\\/\",\"url\":\"https:\\\/\\\/www.ildammuso.com\\\/it\\\/una-cuoca-angelica-a-pantelleria\\\/\",\"name\":\"Una cuoca Angelica a Pantelleria | Il Dammuso\",\"isPartOf\":{\"@id\":\"https:\\\/\\\/www.ildammuso.com\\\/it\\\/#website\"},\"primaryImageOfPage\":{\"@id\":\"https:\\\/\\\/www.ildammuso.com\\\/it\\\/una-cuoca-angelica-a-pantelleria\\\/#primaryimage\"},\"image\":{\"@id\":\"https:\\\/\\\/www.ildammuso.com\\\/it\\\/una-cuoca-angelica-a-pantelleria\\\/#primaryimage\"},\"thumbnailUrl\":\"https:\\\/\\\/www.ildammuso.com\\\/wp-content\\\/uploads\\\/2022\\\/08\\\/brioches-al-mare-di-Pantelleria.jpeg\",\"datePublished\":\"2022-06-18T14:31:00+00:00\",\"dateModified\":\"2022-09-22T12:30:29+00:00\",\"description\":\"Il racconto di una cuoca de Le Angeliche in trasferta a Pantelleria. La sua passione per la cucina, per il buon cibo e per Pantelleria\",\"breadcrumb\":{\"@id\":\"https:\\\/\\\/www.ildammuso.com\\\/it\\\/una-cuoca-angelica-a-pantelleria\\\/#breadcrumb\"},\"inLanguage\":\"it-IT\",\"potentialAction\":[{\"@type\":\"ReadAction\",\"target\":[\"https:\\\/\\\/www.ildammuso.com\\\/it\\\/una-cuoca-angelica-a-pantelleria\\\/\"]}]},{\"@type\":\"ImageObject\",\"inLanguage\":\"it-IT\",\"@id\":\"https:\\\/\\\/www.ildammuso.com\\\/it\\\/una-cuoca-angelica-a-pantelleria\\\/#primaryimage\",\"url\":\"https:\\\/\\\/www.ildammuso.com\\\/wp-content\\\/uploads\\\/2022\\\/08\\\/brioches-al-mare-di-Pantelleria.jpeg\",\"contentUrl\":\"https:\\\/\\\/www.ildammuso.com\\\/wp-content\\\/uploads\\\/2022\\\/08\\\/brioches-al-mare-di-Pantelleria.jpeg\",\"width\":1196,\"height\":1600,\"caption\":\"Brioches al mare di Pantelleria\"},{\"@type\":\"BreadcrumbList\",\"@id\":\"https:\\\/\\\/www.ildammuso.com\\\/it\\\/una-cuoca-angelica-a-pantelleria\\\/#breadcrumb\",\"itemListElement\":[{\"@type\":\"ListItem\",\"position\":1,\"name\":\"Home\",\"item\":\"https:\\\/\\\/www.ildammuso.com\\\/it\\\/\"},{\"@type\":\"ListItem\",\"position\":2,\"name\":\"&nbsp;\"}]},{\"@type\":\"WebSite\",\"@id\":\"https:\\\/\\\/www.ildammuso.com\\\/it\\\/#website\",\"url\":\"https:\\\/\\\/www.ildammuso.com\\\/it\\\/\",\"name\":\"Il Dammuso\",\"description\":\"Il tuo Dammuso a Pantelleria\",\"publisher\":{\"@id\":\"https:\\\/\\\/www.ildammuso.com\\\/it\\\/#organization\"},\"potentialAction\":[{\"@type\":\"SearchAction\",\"target\":{\"@type\":\"EntryPoint\",\"urlTemplate\":\"https:\\\/\\\/www.ildammuso.com\\\/it\\\/?s={search_term_string}\"},\"query-input\":{\"@type\":\"PropertyValueSpecification\",\"valueRequired\":true,\"valueName\":\"search_term_string\"}}],\"inLanguage\":\"it-IT\"},{\"@type\":\"Organization\",\"@id\":\"https:\\\/\\\/www.ildammuso.com\\\/it\\\/#organization\",\"name\":\"Il Dammuso\",\"url\":\"https:\\\/\\\/www.ildammuso.com\\\/it\\\/\",\"logo\":{\"@type\":\"ImageObject\",\"inLanguage\":\"it-IT\",\"@id\":\"https:\\\/\\\/www.ildammuso.com\\\/it\\\/#\\\/schema\\\/logo\\\/image\\\/\",\"url\":\"https:\\\/\\\/www.ildammuso.com\\\/wp-content\\\/uploads\\\/2022\\\/06\\\/logo-ildammuso.jpg\",\"contentUrl\":\"https:\\\/\\\/www.ildammuso.com\\\/wp-content\\\/uploads\\\/2022\\\/06\\\/logo-ildammuso.jpg\",\"width\":426,\"height\":395,\"caption\":\"Il Dammuso\"},\"image\":{\"@id\":\"https:\\\/\\\/www.ildammuso.com\\\/it\\\/#\\\/schema\\\/logo\\\/image\\\/\"},\"sameAs\":[\"https:\\\/\\\/www.facebook.com\\\/ildammusodipantelleria\\\/\",\"https:\\\/\\\/www.instagram.com\\\/ildammusogram\\\/\"]},{\"@type\":\"Person\",\"@id\":\"https:\\\/\\\/www.ildammuso.com\\\/it\\\/#\\\/schema\\\/person\\\/d0a909ca6406e22888ca8d8dfcd59d1f\",\"name\":\"ildammuso-com\",\"image\":{\"@type\":\"ImageObject\",\"inLanguage\":\"it-IT\",\"@id\":\"https:\\\/\\\/secure.gravatar.com\\\/avatar\\\/98cbd846e82532f860b5a0cfe7f6120b4319f5a17ecbd5bb0b839b62429b0fc2?s=96&d=mm&r=g\",\"url\":\"https:\\\/\\\/secure.gravatar.com\\\/avatar\\\/98cbd846e82532f860b5a0cfe7f6120b4319f5a17ecbd5bb0b839b62429b0fc2?s=96&d=mm&r=g\",\"contentUrl\":\"https:\\\/\\\/secure.gravatar.com\\\/avatar\\\/98cbd846e82532f860b5a0cfe7f6120b4319f5a17ecbd5bb0b839b62429b0fc2?s=96&d=mm&r=g\",\"caption\":\"ildammuso-com\"},\"sameAs\":[\"https:\\\/\\\/www.ildammuso.com\"]}]}<\/script>\n<!-- \/ Yoast SEO plugin. -->","yoast_head_json":{"title":"Una cuoca Angelica a Pantelleria | Il Dammuso","description":"Il racconto di una cuoca de Le Angeliche in trasferta a Pantelleria. La sua passione per la cucina, per il buon cibo e per Pantelleria","robots":{"index":"index","follow":"follow","max-snippet":"max-snippet:-1","max-image-preview":"max-image-preview:large","max-video-preview":"max-video-preview:-1"},"canonical":"https:\/\/www.ildammuso.com\/it\/una-cuoca-angelica-a-pantelleria\/","og_locale":"it_IT","og_type":"article","og_title":"Una cuoca Angelica a Pantelleria | Il Dammuso","og_description":"Il racconto di una cuoca de Le Angeliche in trasferta a Pantelleria. La sua passione per la cucina, per il buon cibo e per Pantelleria","og_url":"https:\/\/www.ildammuso.com\/it\/una-cuoca-angelica-a-pantelleria\/","og_site_name":"Il Dammuso","article_publisher":"https:\/\/www.facebook.com\/ildammusodipantelleria\/","article_published_time":"2022-06-18T14:31:00+00:00","article_modified_time":"2022-09-22T12:30:29+00:00","og_image":[{"width":1196,"height":1600,"url":"https:\/\/storage1254.cdn-immedia.net\/wp-content\/uploads\/2022\/08\/brioches-al-mare-di-Pantelleria.jpeg","type":"image\/jpeg"}],"author":"ildammuso-com","twitter_card":"summary_large_image","twitter_misc":{"Scritto da":"ildammuso-com","Tempo di lettura stimato":"5 minuti"},"schema":{"@context":"https:\/\/schema.org","@graph":[{"@type":"Article","@id":"https:\/\/www.ildammuso.com\/it\/una-cuoca-angelica-a-pantelleria\/#article","isPartOf":{"@id":"https:\/\/www.ildammuso.com\/it\/una-cuoca-angelica-a-pantelleria\/"},"author":{"name":"ildammuso-com","@id":"https:\/\/www.ildammuso.com\/it\/#\/schema\/person\/d0a909ca6406e22888ca8d8dfcd59d1f"},"headline":"Una cuoca Angelica a Pantelleria","datePublished":"2022-06-18T14:31:00+00:00","dateModified":"2022-09-22T12:30:29+00:00","mainEntityOfPage":{"@id":"https:\/\/www.ildammuso.com\/it\/una-cuoca-angelica-a-pantelleria\/"},"wordCount":918,"commentCount":0,"publisher":{"@id":"https:\/\/www.ildammuso.com\/it\/#organization"},"image":{"@id":"https:\/\/www.ildammuso.com\/it\/una-cuoca-angelica-a-pantelleria\/#primaryimage"},"thumbnailUrl":"https:\/\/storage1254.cdn-immedia.net\/wp-content\/uploads\/2022\/08\/brioches-al-mare-di-Pantelleria.jpeg","keywords":["#pantelleria #ildammuso #leangeliche #cuoca #learning #cooking #cuoca #chef"],"articleSection":["Ospiti del blog"],"inLanguage":"it-IT","potentialAction":[{"@type":"CommentAction","name":"Comment","target":["https:\/\/www.ildammuso.com\/it\/una-cuoca-angelica-a-pantelleria\/#respond"]}]},{"@type":"WebPage","@id":"https:\/\/www.ildammuso.com\/it\/una-cuoca-angelica-a-pantelleria\/","url":"https:\/\/www.ildammuso.com\/it\/una-cuoca-angelica-a-pantelleria\/","name":"Una cuoca Angelica a Pantelleria | Il Dammuso","isPartOf":{"@id":"https:\/\/www.ildammuso.com\/it\/#website"},"primaryImageOfPage":{"@id":"https:\/\/www.ildammuso.com\/it\/una-cuoca-angelica-a-pantelleria\/#primaryimage"},"image":{"@id":"https:\/\/www.ildammuso.com\/it\/una-cuoca-angelica-a-pantelleria\/#primaryimage"},"thumbnailUrl":"https:\/\/storage1254.cdn-immedia.net\/wp-content\/uploads\/2022\/08\/brioches-al-mare-di-Pantelleria.jpeg","datePublished":"2022-06-18T14:31:00+00:00","dateModified":"2022-09-22T12:30:29+00:00","description":"Il racconto di una cuoca de Le Angeliche in trasferta a Pantelleria. La sua passione per la cucina, per il buon cibo e per Pantelleria","breadcrumb":{"@id":"https:\/\/www.ildammuso.com\/it\/una-cuoca-angelica-a-pantelleria\/#breadcrumb"},"inLanguage":"it-IT","potentialAction":[{"@type":"ReadAction","target":["https:\/\/www.ildammuso.com\/it\/una-cuoca-angelica-a-pantelleria\/"]}]},{"@type":"ImageObject","inLanguage":"it-IT","@id":"https:\/\/www.ildammuso.com\/it\/una-cuoca-angelica-a-pantelleria\/#primaryimage","url":"https:\/\/storage1254.cdn-immedia.net\/wp-content\/uploads\/2022\/08\/brioches-al-mare-di-Pantelleria.jpeg","contentUrl":"https:\/\/storage1254.cdn-immedia.net\/wp-content\/uploads\/2022\/08\/brioches-al-mare-di-Pantelleria.jpeg","width":1196,"height":1600,"caption":"Brioches al mare di Pantelleria"},{"@type":"BreadcrumbList","@id":"https:\/\/www.ildammuso.com\/it\/una-cuoca-angelica-a-pantelleria\/#breadcrumb","itemListElement":[{"@type":"ListItem","position":1,"name":"Home","item":"https:\/\/www.ildammuso.com\/it\/"},{"@type":"ListItem","position":2,"name":"&nbsp;"}]},{"@type":"WebSite","@id":"https:\/\/www.ildammuso.com\/it\/#website","url":"https:\/\/www.ildammuso.com\/it\/","name":"Il Dammuso","description":"Il tuo Dammuso a Pantelleria","publisher":{"@id":"https:\/\/www.ildammuso.com\/it\/#organization"},"potentialAction":[{"@type":"SearchAction","target":{"@type":"EntryPoint","urlTemplate":"https:\/\/www.ildammuso.com\/it\/?s={search_term_string}"},"query-input":{"@type":"PropertyValueSpecification","valueRequired":true,"valueName":"search_term_string"}}],"inLanguage":"it-IT"},{"@type":"Organization","@id":"https:\/\/www.ildammuso.com\/it\/#organization","name":"Il Dammuso","url":"https:\/\/www.ildammuso.com\/it\/","logo":{"@type":"ImageObject","inLanguage":"it-IT","@id":"https:\/\/www.ildammuso.com\/it\/#\/schema\/logo\/image\/","url":"https:\/\/storage1254.cdn-immedia.net\/wp-content\/uploads\/2022\/06\/logo-ildammuso.jpg","contentUrl":"https:\/\/storage1254.cdn-immedia.net\/wp-content\/uploads\/2022\/06\/logo-ildammuso.jpg","width":426,"height":395,"caption":"Il Dammuso"},"image":{"@id":"https:\/\/www.ildammuso.com\/it\/#\/schema\/logo\/image\/"},"sameAs":["https:\/\/www.facebook.com\/ildammusodipantelleria\/","https:\/\/www.instagram.com\/ildammusogram\/"]},{"@type":"Person","@id":"https:\/\/www.ildammuso.com\/it\/#\/schema\/person\/d0a909ca6406e22888ca8d8dfcd59d1f","name":"ildammuso-com","image":{"@type":"ImageObject","inLanguage":"it-IT","@id":"https:\/\/secure.gravatar.com\/avatar\/98cbd846e82532f860b5a0cfe7f6120b4319f5a17ecbd5bb0b839b62429b0fc2?s=96&d=mm&r=g","url":"https:\/\/secure.gravatar.com\/avatar\/98cbd846e82532f860b5a0cfe7f6120b4319f5a17ecbd5bb0b839b62429b0fc2?s=96&d=mm&r=g","contentUrl":"https:\/\/secure.gravatar.com\/avatar\/98cbd846e82532f860b5a0cfe7f6120b4319f5a17ecbd5bb0b839b62429b0fc2?s=96&d=mm&r=g","caption":"ildammuso-com"},"sameAs":["https:\/\/www.ildammuso.com"]}]}},"_links":{"self":[{"href":"https:\/\/www.ildammuso.com\/it\/wp-json\/wp\/v2\/posts\/15183","targetHints":{"allow":["GET"]}}],"collection":[{"href":"https:\/\/www.ildammuso.com\/it\/wp-json\/wp\/v2\/posts"}],"about":[{"href":"https:\/\/www.ildammuso.com\/it\/wp-json\/wp\/v2\/types\/post"}],"author":[{"embeddable":true,"href":"https:\/\/www.ildammuso.com\/it\/wp-json\/wp\/v2\/users\/1"}],"replies":[{"embeddable":true,"href":"https:\/\/www.ildammuso.com\/it\/wp-json\/wp\/v2\/comments?post=15183"}],"version-history":[{"count":1,"href":"https:\/\/www.ildammuso.com\/it\/wp-json\/wp\/v2\/posts\/15183\/revisions"}],"predecessor-version":[{"id":15608,"href":"https:\/\/www.ildammuso.com\/it\/wp-json\/wp\/v2\/posts\/15183\/revisions\/15608"}],"wp:featuredmedia":[{"embeddable":true,"href":"https:\/\/www.ildammuso.com\/it\/wp-json\/wp\/v2\/media\/15606"}],"wp:attachment":[{"href":"https:\/\/www.ildammuso.com\/it\/wp-json\/wp\/v2\/media?parent=15183"}],"wp:term":[{"taxonomy":"category","embeddable":true,"href":"https:\/\/www.ildammuso.com\/it\/wp-json\/wp\/v2\/categories?post=15183"},{"taxonomy":"post_tag","embeddable":true,"href":"https:\/\/www.ildammuso.com\/it\/wp-json\/wp\/v2\/tags?post=15183"}],"curies":[{"name":"wp","href":"https:\/\/api.w.org\/{rel}","templated":true}]}}