{"id":15194,"date":"2022-07-17T18:11:00","date_gmt":"2022-07-17T16:11:00","guid":{"rendered":"https:\/\/ildammuso.com\/it\/?p=15021"},"modified":"2022-09-27T15:49:15","modified_gmt":"2022-09-27T13:49:15","slug":"colazione-a-u-trattu","status":"publish","type":"post","link":"https:\/\/www.ildammuso.com\/it\/colazione-a-u-trattu\/","title":{"rendered":"Colazione a &#8220;U Trattu&#8221;"},"content":{"rendered":"\n<p>Anche ieri sera, al momento di salutarci, l\u2019appuntamento \u00e8 stato quello di ogni giorno.<br>\u201cAlle otto tutti sul muretto davanti a U TRATTU, a Scauri\u201d.<br>\u00c9 cos\u00ec che comincia la nostra giornata a Pantelleria: tutti appena svegli e qualcuno (vestito o svestito) esattamente per come si \u00e8 alzato da letto e i bambini, naturalmente, in pigiama.<br>Tutti che cinquant\u2019anni li abbiamo fatti da un pezzo, ma vuoi mettere il piacere della prima colazione insieme.<br>Arriviamo tutti da contrade diverse ma alle otto siamo l\u00ec presenti, occhi appiccicosi, sbadigli a ritmo alterno, sguardo assonnato, qualcuno ragionevolmente muto, ancora rinchiuso nel suo torpore mattutino.<br>Bisognerebbe chiedersi cosa ci insegue, il perch\u00e9 di questo appuntamento nella prima mattinata.<br>Ma ancora di pi\u00f9, la domanda quella vera e perch\u00e9 al muretto davanti al bar e non comodamente seduti ai tavolini?<\/p>\n\n\n\n<p>Rigurgiti di giovanilismo?<br>Mmmmh, non credo, siamo tutti abbastanza consapevoli della nostra et\u00e0 e quando lo dimentichiamo la nostra schiena o le articolazioni ce lo ricordano.<br>Perch\u00e9 sul muretto?<br>Credo che corrisponda al bisogno di vedere tutti insieme la vallata che si stende davanti a noi, immagino che s\u00ec, magari, trasudi anche un po &#8216;di nostalgia \u201cda muretti\u201d del passato sui quali abbiamo lasciato impronte di natiche e pomiciate.<br>Ma pi\u00f9 di tutto credo che sia la voglia del saluto al mattino, una voglia \u201cbreve\u201d, che poi siamo grandi e dobbiamo organizzare una giornata che si accompagni ai desideri nostri, a quelli della nostra et\u00e0 e alle necessit\u00e0 dei figli.<br>Poi certa spensieratezza mattutina te la regalano solo le vacanze a Pantelleria.<\/p>\n\n\n\n<p>Foto di Giovanni Matta<\/p>\n","protected":false},"excerpt":{"rendered":"<p>Anche ieri sera, al momento di salutarci, l\u2019appuntamento \u00e8 stato [&hellip;]<\/p>\n","protected":false},"author":3,"featured_media":15567,"comment_status":"open","ping_status":"open","sticky":false,"template":"","format":"standard","meta":{"_acf_changed":false,"footnotes":""},"categories":[446],"tags":[657,658,659],"class_list":["post-15194","post","type-post","status-publish","format-standard","has-post-thumbnail","hentry","category-pantelleria-lisola","tag-colazione-amici","tag-muretto","tag-pantelleria-ildammuso-utrattu"],"acf":[],"yoast_head":"<!-- This site is optimized with the Yoast SEO plugin v27.5 - https:\/\/yoast.com\/product\/yoast-seo-wordpress\/ -->\n<title>Colazione a &quot;U Trattu&quot; | Il Dammuso<\/title>\n<meta name=\"description\" content=\"Un rito, la colazione a &quot;U Trattu&quot; di Rekhale. Tutti insieme nelle prime ore del mattino per decidere insieme del resto della giornata\" \/>\n<meta name=\"robots\" content=\"index, follow, max-snippet:-1, max-image-preview:large, max-video-preview:-1\" \/>\n<link rel=\"canonical\" href=\"https:\/\/www.ildammuso.com\/it\/colazione-a-u-trattu\/\" \/>\n<meta property=\"og:locale\" content=\"it_IT\" \/>\n<meta property=\"og:type\" content=\"article\" \/>\n<meta property=\"og:title\" content=\"Colazione a &quot;U Trattu&quot; | Il Dammuso\" \/>\n<meta property=\"og:description\" content=\"Un rito, la colazione a &quot;U Trattu&quot; di Rekhale. Tutti insieme nelle prime ore del mattino per decidere insieme del resto della giornata\" \/>\n<meta property=\"og:url\" content=\"https:\/\/www.ildammuso.com\/it\/colazione-a-u-trattu\/\" \/>\n<meta property=\"og:site_name\" content=\"Il Dammuso\" \/>\n<meta property=\"article:publisher\" content=\"https:\/\/www.facebook.com\/ildammusodipantelleria\/\" \/>\n<meta property=\"article:published_time\" content=\"2022-07-17T16:11:00+00:00\" \/>\n<meta property=\"article:modified_time\" content=\"2022-09-27T13:49:15+00:00\" \/>\n<meta property=\"og:image\" content=\"https:\/\/storage1254.cdn-immedia.net\/wp-content\/uploads\/2022\/08\/muretto-strada-Pantelleria.jpeg\" \/>\n\t<meta property=\"og:image:width\" content=\"1600\" \/>\n\t<meta property=\"og:image:height\" content=\"1201\" \/>\n\t<meta property=\"og:image:type\" content=\"image\/jpeg\" \/>\n<meta name=\"author\" content=\"claudia\" \/>\n<meta name=\"twitter:card\" content=\"summary_large_image\" \/>\n<meta name=\"twitter:label1\" content=\"Scritto da\" \/>\n\t<meta name=\"twitter:data1\" content=\"claudia\" \/>\n\t<meta name=\"twitter:label2\" content=\"Tempo di lettura stimato\" \/>\n\t<meta name=\"twitter:data2\" content=\"2 minuti\" \/>\n<script type=\"application\/ld+json\" class=\"yoast-schema-graph\">{\"@context\":\"https:\\\/\\\/schema.org\",\"@graph\":[{\"@type\":\"Article\",\"@id\":\"https:\\\/\\\/www.ildammuso.com\\\/it\\\/colazione-a-u-trattu\\\/#article\",\"isPartOf\":{\"@id\":\"https:\\\/\\\/www.ildammuso.com\\\/it\\\/colazione-a-u-trattu\\\/\"},\"author\":{\"name\":\"claudia\",\"@id\":\"https:\\\/\\\/www.ildammuso.com\\\/it\\\/#\\\/schema\\\/person\\\/a97bc2634c1ae772b6efbb07fef2b3a8\"},\"headline\":\"Colazione a &#8220;U Trattu&#8221;\",\"datePublished\":\"2022-07-17T16:11:00+00:00\",\"dateModified\":\"2022-09-27T13:49:15+00:00\",\"mainEntityOfPage\":{\"@id\":\"https:\\\/\\\/www.ildammuso.com\\\/it\\\/colazione-a-u-trattu\\\/\"},\"wordCount\":265,\"commentCount\":0,\"publisher\":{\"@id\":\"https:\\\/\\\/www.ildammuso.com\\\/it\\\/#organization\"},\"image\":{\"@id\":\"https:\\\/\\\/www.ildammuso.com\\\/it\\\/colazione-a-u-trattu\\\/#primaryimage\"},\"thumbnailUrl\":\"https:\\\/\\\/www.ildammuso.com\\\/wp-content\\\/uploads\\\/2022\\\/08\\\/muretto-strada-Pantelleria.jpeg\",\"keywords\":[\"#colazione #amici\",\"#muretto\",\"#pantelleria #ildammuso #utrattu\"],\"articleSection\":[\"Pantelleria, l'isola\"],\"inLanguage\":\"it-IT\",\"potentialAction\":[{\"@type\":\"CommentAction\",\"name\":\"Comment\",\"target\":[\"https:\\\/\\\/www.ildammuso.com\\\/it\\\/colazione-a-u-trattu\\\/#respond\"]}]},{\"@type\":\"WebPage\",\"@id\":\"https:\\\/\\\/www.ildammuso.com\\\/it\\\/colazione-a-u-trattu\\\/\",\"url\":\"https:\\\/\\\/www.ildammuso.com\\\/it\\\/colazione-a-u-trattu\\\/\",\"name\":\"Colazione a \\\"U Trattu\\\" | Il Dammuso\",\"isPartOf\":{\"@id\":\"https:\\\/\\\/www.ildammuso.com\\\/it\\\/#website\"},\"primaryImageOfPage\":{\"@id\":\"https:\\\/\\\/www.ildammuso.com\\\/it\\\/colazione-a-u-trattu\\\/#primaryimage\"},\"image\":{\"@id\":\"https:\\\/\\\/www.ildammuso.com\\\/it\\\/colazione-a-u-trattu\\\/#primaryimage\"},\"thumbnailUrl\":\"https:\\\/\\\/www.ildammuso.com\\\/wp-content\\\/uploads\\\/2022\\\/08\\\/muretto-strada-Pantelleria.jpeg\",\"datePublished\":\"2022-07-17T16:11:00+00:00\",\"dateModified\":\"2022-09-27T13:49:15+00:00\",\"description\":\"Un rito, la colazione a \\\"U Trattu\\\" di Rekhale. Tutti insieme nelle prime ore del mattino per decidere insieme del resto della giornata\",\"breadcrumb\":{\"@id\":\"https:\\\/\\\/www.ildammuso.com\\\/it\\\/colazione-a-u-trattu\\\/#breadcrumb\"},\"inLanguage\":\"it-IT\",\"potentialAction\":[{\"@type\":\"ReadAction\",\"target\":[\"https:\\\/\\\/www.ildammuso.com\\\/it\\\/colazione-a-u-trattu\\\/\"]}]},{\"@type\":\"ImageObject\",\"inLanguage\":\"it-IT\",\"@id\":\"https:\\\/\\\/www.ildammuso.com\\\/it\\\/colazione-a-u-trattu\\\/#primaryimage\",\"url\":\"https:\\\/\\\/www.ildammuso.com\\\/wp-content\\\/uploads\\\/2022\\\/08\\\/muretto-strada-Pantelleria.jpeg\",\"contentUrl\":\"https:\\\/\\\/www.ildammuso.com\\\/wp-content\\\/uploads\\\/2022\\\/08\\\/muretto-strada-Pantelleria.jpeg\",\"width\":1600,\"height\":1201,\"caption\":\"Muretto a Pantelleria\"},{\"@type\":\"BreadcrumbList\",\"@id\":\"https:\\\/\\\/www.ildammuso.com\\\/it\\\/colazione-a-u-trattu\\\/#breadcrumb\",\"itemListElement\":[{\"@type\":\"ListItem\",\"position\":1,\"name\":\"Home\",\"item\":\"https:\\\/\\\/www.ildammuso.com\\\/it\\\/\"},{\"@type\":\"ListItem\",\"position\":2,\"name\":\"&nbsp;\"}]},{\"@type\":\"WebSite\",\"@id\":\"https:\\\/\\\/www.ildammuso.com\\\/it\\\/#website\",\"url\":\"https:\\\/\\\/www.ildammuso.com\\\/it\\\/\",\"name\":\"Il Dammuso\",\"description\":\"Il tuo Dammuso a Pantelleria\",\"publisher\":{\"@id\":\"https:\\\/\\\/www.ildammuso.com\\\/it\\\/#organization\"},\"potentialAction\":[{\"@type\":\"SearchAction\",\"target\":{\"@type\":\"EntryPoint\",\"urlTemplate\":\"https:\\\/\\\/www.ildammuso.com\\\/it\\\/?s={search_term_string}\"},\"query-input\":{\"@type\":\"PropertyValueSpecification\",\"valueRequired\":true,\"valueName\":\"search_term_string\"}}],\"inLanguage\":\"it-IT\"},{\"@type\":\"Organization\",\"@id\":\"https:\\\/\\\/www.ildammuso.com\\\/it\\\/#organization\",\"name\":\"Il Dammuso\",\"url\":\"https:\\\/\\\/www.ildammuso.com\\\/it\\\/\",\"logo\":{\"@type\":\"ImageObject\",\"inLanguage\":\"it-IT\",\"@id\":\"https:\\\/\\\/www.ildammuso.com\\\/it\\\/#\\\/schema\\\/logo\\\/image\\\/\",\"url\":\"https:\\\/\\\/www.ildammuso.com\\\/wp-content\\\/uploads\\\/2022\\\/06\\\/logo-ildammuso.jpg\",\"contentUrl\":\"https:\\\/\\\/www.ildammuso.com\\\/wp-content\\\/uploads\\\/2022\\\/06\\\/logo-ildammuso.jpg\",\"width\":426,\"height\":395,\"caption\":\"Il Dammuso\"},\"image\":{\"@id\":\"https:\\\/\\\/www.ildammuso.com\\\/it\\\/#\\\/schema\\\/logo\\\/image\\\/\"},\"sameAs\":[\"https:\\\/\\\/www.facebook.com\\\/ildammusodipantelleria\\\/\",\"https:\\\/\\\/www.instagram.com\\\/ildammusogram\\\/\"]},{\"@type\":\"Person\",\"@id\":\"https:\\\/\\\/www.ildammuso.com\\\/it\\\/#\\\/schema\\\/person\\\/a97bc2634c1ae772b6efbb07fef2b3a8\",\"name\":\"claudia\",\"image\":{\"@type\":\"ImageObject\",\"inLanguage\":\"it-IT\",\"@id\":\"https:\\\/\\\/secure.gravatar.com\\\/avatar\\\/bfa9e85032faeaffeaaafd48c7c09ad8da852ff133d8361db8721aff28093ebe?s=96&d=mm&r=g\",\"url\":\"https:\\\/\\\/secure.gravatar.com\\\/avatar\\\/bfa9e85032faeaffeaaafd48c7c09ad8da852ff133d8361db8721aff28093ebe?s=96&d=mm&r=g\",\"contentUrl\":\"https:\\\/\\\/secure.gravatar.com\\\/avatar\\\/bfa9e85032faeaffeaaafd48c7c09ad8da852ff133d8361db8721aff28093ebe?s=96&d=mm&r=g\",\"caption\":\"claudia\"}}]}<\/script>\n<!-- \/ Yoast SEO plugin. -->","yoast_head_json":{"title":"Colazione a \"U Trattu\" | Il Dammuso","description":"Un rito, la colazione a \"U Trattu\" di Rekhale. Tutti insieme nelle prime ore del mattino per decidere insieme del resto della giornata","robots":{"index":"index","follow":"follow","max-snippet":"max-snippet:-1","max-image-preview":"max-image-preview:large","max-video-preview":"max-video-preview:-1"},"canonical":"https:\/\/www.ildammuso.com\/it\/colazione-a-u-trattu\/","og_locale":"it_IT","og_type":"article","og_title":"Colazione a \"U Trattu\" | Il Dammuso","og_description":"Un rito, la colazione a \"U Trattu\" di Rekhale. Tutti insieme nelle prime ore del mattino per decidere insieme del resto della giornata","og_url":"https:\/\/www.ildammuso.com\/it\/colazione-a-u-trattu\/","og_site_name":"Il Dammuso","article_publisher":"https:\/\/www.facebook.com\/ildammusodipantelleria\/","article_published_time":"2022-07-17T16:11:00+00:00","article_modified_time":"2022-09-27T13:49:15+00:00","og_image":[{"width":1600,"height":1201,"url":"https:\/\/storage1254.cdn-immedia.net\/wp-content\/uploads\/2022\/08\/muretto-strada-Pantelleria.jpeg","type":"image\/jpeg"}],"author":"claudia","twitter_card":"summary_large_image","twitter_misc":{"Scritto da":"claudia","Tempo di lettura stimato":"2 minuti"},"schema":{"@context":"https:\/\/schema.org","@graph":[{"@type":"Article","@id":"https:\/\/www.ildammuso.com\/it\/colazione-a-u-trattu\/#article","isPartOf":{"@id":"https:\/\/www.ildammuso.com\/it\/colazione-a-u-trattu\/"},"author":{"name":"claudia","@id":"https:\/\/www.ildammuso.com\/it\/#\/schema\/person\/a97bc2634c1ae772b6efbb07fef2b3a8"},"headline":"Colazione a &#8220;U Trattu&#8221;","datePublished":"2022-07-17T16:11:00+00:00","dateModified":"2022-09-27T13:49:15+00:00","mainEntityOfPage":{"@id":"https:\/\/www.ildammuso.com\/it\/colazione-a-u-trattu\/"},"wordCount":265,"commentCount":0,"publisher":{"@id":"https:\/\/www.ildammuso.com\/it\/#organization"},"image":{"@id":"https:\/\/www.ildammuso.com\/it\/colazione-a-u-trattu\/#primaryimage"},"thumbnailUrl":"https:\/\/storage1254.cdn-immedia.net\/wp-content\/uploads\/2022\/08\/muretto-strada-Pantelleria.jpeg","keywords":["#colazione #amici","#muretto","#pantelleria #ildammuso #utrattu"],"articleSection":["Pantelleria, l'isola"],"inLanguage":"it-IT","potentialAction":[{"@type":"CommentAction","name":"Comment","target":["https:\/\/www.ildammuso.com\/it\/colazione-a-u-trattu\/#respond"]}]},{"@type":"WebPage","@id":"https:\/\/www.ildammuso.com\/it\/colazione-a-u-trattu\/","url":"https:\/\/www.ildammuso.com\/it\/colazione-a-u-trattu\/","name":"Colazione a \"U Trattu\" | Il Dammuso","isPartOf":{"@id":"https:\/\/www.ildammuso.com\/it\/#website"},"primaryImageOfPage":{"@id":"https:\/\/www.ildammuso.com\/it\/colazione-a-u-trattu\/#primaryimage"},"image":{"@id":"https:\/\/www.ildammuso.com\/it\/colazione-a-u-trattu\/#primaryimage"},"thumbnailUrl":"https:\/\/storage1254.cdn-immedia.net\/wp-content\/uploads\/2022\/08\/muretto-strada-Pantelleria.jpeg","datePublished":"2022-07-17T16:11:00+00:00","dateModified":"2022-09-27T13:49:15+00:00","description":"Un rito, la colazione a \"U Trattu\" di Rekhale. Tutti insieme nelle prime ore del mattino per decidere insieme del resto della giornata","breadcrumb":{"@id":"https:\/\/www.ildammuso.com\/it\/colazione-a-u-trattu\/#breadcrumb"},"inLanguage":"it-IT","potentialAction":[{"@type":"ReadAction","target":["https:\/\/www.ildammuso.com\/it\/colazione-a-u-trattu\/"]}]},{"@type":"ImageObject","inLanguage":"it-IT","@id":"https:\/\/www.ildammuso.com\/it\/colazione-a-u-trattu\/#primaryimage","url":"https:\/\/storage1254.cdn-immedia.net\/wp-content\/uploads\/2022\/08\/muretto-strada-Pantelleria.jpeg","contentUrl":"https:\/\/storage1254.cdn-immedia.net\/wp-content\/uploads\/2022\/08\/muretto-strada-Pantelleria.jpeg","width":1600,"height":1201,"caption":"Muretto a Pantelleria"},{"@type":"BreadcrumbList","@id":"https:\/\/www.ildammuso.com\/it\/colazione-a-u-trattu\/#breadcrumb","itemListElement":[{"@type":"ListItem","position":1,"name":"Home","item":"https:\/\/www.ildammuso.com\/it\/"},{"@type":"ListItem","position":2,"name":"&nbsp;"}]},{"@type":"WebSite","@id":"https:\/\/www.ildammuso.com\/it\/#website","url":"https:\/\/www.ildammuso.com\/it\/","name":"Il Dammuso","description":"Il tuo Dammuso a Pantelleria","publisher":{"@id":"https:\/\/www.ildammuso.com\/it\/#organization"},"potentialAction":[{"@type":"SearchAction","target":{"@type":"EntryPoint","urlTemplate":"https:\/\/www.ildammuso.com\/it\/?s={search_term_string}"},"query-input":{"@type":"PropertyValueSpecification","valueRequired":true,"valueName":"search_term_string"}}],"inLanguage":"it-IT"},{"@type":"Organization","@id":"https:\/\/www.ildammuso.com\/it\/#organization","name":"Il Dammuso","url":"https:\/\/www.ildammuso.com\/it\/","logo":{"@type":"ImageObject","inLanguage":"it-IT","@id":"https:\/\/www.ildammuso.com\/it\/#\/schema\/logo\/image\/","url":"https:\/\/storage1254.cdn-immedia.net\/wp-content\/uploads\/2022\/06\/logo-ildammuso.jpg","contentUrl":"https:\/\/storage1254.cdn-immedia.net\/wp-content\/uploads\/2022\/06\/logo-ildammuso.jpg","width":426,"height":395,"caption":"Il Dammuso"},"image":{"@id":"https:\/\/www.ildammuso.com\/it\/#\/schema\/logo\/image\/"},"sameAs":["https:\/\/www.facebook.com\/ildammusodipantelleria\/","https:\/\/www.instagram.com\/ildammusogram\/"]},{"@type":"Person","@id":"https:\/\/www.ildammuso.com\/it\/#\/schema\/person\/a97bc2634c1ae772b6efbb07fef2b3a8","name":"claudia","image":{"@type":"ImageObject","inLanguage":"it-IT","@id":"https:\/\/secure.gravatar.com\/avatar\/bfa9e85032faeaffeaaafd48c7c09ad8da852ff133d8361db8721aff28093ebe?s=96&d=mm&r=g","url":"https:\/\/secure.gravatar.com\/avatar\/bfa9e85032faeaffeaaafd48c7c09ad8da852ff133d8361db8721aff28093ebe?s=96&d=mm&r=g","contentUrl":"https:\/\/secure.gravatar.com\/avatar\/bfa9e85032faeaffeaaafd48c7c09ad8da852ff133d8361db8721aff28093ebe?s=96&d=mm&r=g","caption":"claudia"}}]}},"_links":{"self":[{"href":"https:\/\/www.ildammuso.com\/it\/wp-json\/wp\/v2\/posts\/15194","targetHints":{"allow":["GET"]}}],"collection":[{"href":"https:\/\/www.ildammuso.com\/it\/wp-json\/wp\/v2\/posts"}],"about":[{"href":"https:\/\/www.ildammuso.com\/it\/wp-json\/wp\/v2\/types\/post"}],"author":[{"embeddable":true,"href":"https:\/\/www.ildammuso.com\/it\/wp-json\/wp\/v2\/users\/3"}],"replies":[{"embeddable":true,"href":"https:\/\/www.ildammuso.com\/it\/wp-json\/wp\/v2\/comments?post=15194"}],"version-history":[{"count":2,"href":"https:\/\/www.ildammuso.com\/it\/wp-json\/wp\/v2\/posts\/15194\/revisions"}],"predecessor-version":[{"id":16246,"href":"https:\/\/www.ildammuso.com\/it\/wp-json\/wp\/v2\/posts\/15194\/revisions\/16246"}],"wp:featuredmedia":[{"embeddable":true,"href":"https:\/\/www.ildammuso.com\/it\/wp-json\/wp\/v2\/media\/15567"}],"wp:attachment":[{"href":"https:\/\/www.ildammuso.com\/it\/wp-json\/wp\/v2\/media?parent=15194"}],"wp:term":[{"taxonomy":"category","embeddable":true,"href":"https:\/\/www.ildammuso.com\/it\/wp-json\/wp\/v2\/categories?post=15194"},{"taxonomy":"post_tag","embeddable":true,"href":"https:\/\/www.ildammuso.com\/it\/wp-json\/wp\/v2\/tags?post=15194"}],"curies":[{"name":"wp","href":"https:\/\/api.w.org\/{rel}","templated":true}]}}