{"id":15209,"date":"2022-08-26T19:29:00","date_gmt":"2022-08-26T17:29:00","guid":{"rendered":"https:\/\/ildammuso.com\/it\/?p=15068"},"modified":"2022-09-27T15:51:37","modified_gmt":"2022-09-27T13:51:37","slug":"teo-il-felino-bielica","status":"publish","type":"post","link":"https:\/\/www.ildammuso.com\/it\/teo-il-felino-bielica\/","title":{"rendered":"Teo, il felino &#8220;bielica&#8221;"},"content":{"rendered":"\n<p>L\u2019aeroporto di Pantelleria \u00e8 veramente piccolo e delizioso.<br>Pulito, ben tenuto, e al suo interno ha anche una rivisitazione in chiave moderna del \u201cGiardino pantesco\u201d.<br>Insomma, per me che provengo da una citt\u00e0 (Palermo) il cui aeroporto \u00e8 una specie di cantiere in divenire \u201cin saecula saeculorum\u201d, dove gi\u00e0 all\u2019ingresso cogli quel senso di precariet\u00e0, abbandono e decadenza tipica della Sicilia, questo mini aeroporto mi consola rispetto a ci\u00f2 che \u00e8 stato, ma soprattutto rispetto a quello che questa terra potrebbe essere.<\/p>\n\n\n\n<p>Ancora una volta ho fatto il giro largo.<br>Ma, d\u2019altronde se le vicende non vengono contestualizzate in maniera adeguata, si potrebbe perdere anche il senso del racconto (credo).<br>L\u2019aeroporto in questione, non \u00e8 un HUB internazionale.<br>Gestisce un traffico davvero modesto, pur non di meno ha ampi spazi.<\/p>\n\n\n\n<p>L\u2019altro giorno ero in attesa di un amico in arrivo.<br>Fuori faceva \u201cil caldo dei caldi\u201d per cui ho deciso di entrare dentro dove, almeno, sarei stata al fresco dell\u2019aria condizionata.<br>Agli arrivi vi \u00e8 una zona dedicata alle agenzie di autonoleggio, tre per l\u2019esattezza.<br>E io mi aggiravo con fare annoiato dentro questa specie di saletta vuota, eccetto il personale in servizio, quando ho notato gironzolare tra i banchi di prenotazione un gatto bianco e miele che saliva e scendeva da stampanti, aggrappandosi agli schermi, sfilando tra i cavi e planando su fogli impilati come se fosse \u201cil padrone dei padroni\u201d della stazione aeroportuale.<br>Ho notato il collarino e mi sono avvicinata.<br>L\u2019isola \u00e8 piena di gatti, ma generalmente non indossano un collare e, soprattutto, non amano essere avvicinati.<br>Costui, invece, al mio primo richiamo \u00e8 accorso strusciandosi e facendo le fusa (prima espressione di stupore sul mio viso).<br>Quando all\u2019improvviso un innocuo barboncino, in attesa di qualche padrone in arrivo, ha cominciato ad abbaiare e il gatto FIFONE si \u00e8 subito andato a rintanare tra una stampante e l\u2019impiegata di un autonoleggio.<br>Siccome \u201cCHE\u201d io sono curiosa (ma non sono semplicemente curiosa, sono CURIOSA carattere \u201ccalibri corpo 88 in bold\u201d) ho immediatamente domandato alla signora se il gatto le appartenesse e la signora con un fare assolutamente naturale, che trasudava l\u2019evidente fastidio che si prova innanzi ad una domanda ovvia, mi ha risposto: \u201cNo. Lui si chiama Teo ed \u00e8 il gatto dell\u2019aeroporto\u201d.<\/p>\n\n\n\n<p>Ecco, ovvio, come non averlo compreso prima, di fatto quasi tutti gli aeroporti hanno un gatto.<\/p>\n\n\n\n<p>Ci mancherebbe!<\/p>\n\n\n\n<p>Il gatto ritratto nella foto \u00e8 Teo, il felino \u201cbielica\u201d.<\/p>\n\n\n\n<p>Foto di Claudia Picciotto<\/p>\n","protected":false},"excerpt":{"rendered":"<p>L\u2019aeroporto di Pantelleria \u00e8 veramente piccolo e delizioso.Pulito, ben tenuto, [&hellip;]<\/p>\n","protected":false},"author":3,"featured_media":15277,"comment_status":"open","ping_status":"open","sticky":false,"template":"","format":"standard","meta":{"_acf_changed":false,"footnotes":""},"categories":[442,1],"tags":[701,702,703,704,705,228,91],"class_list":["post-15209","post","type-post","status-publish","format-standard","has-post-thumbnail","hentry","category-animali-e-piante","category-ildammuso-com","tag-aeroporto","tag-bielica","tag-cat","tag-felino","tag-gatto","tag-ildammuso","tag-pantelleria"],"acf":[],"yoast_head":"<!-- This site is optimized with the Yoast SEO plugin v27.4 - https:\/\/yoast.com\/product\/yoast-seo-wordpress\/ -->\n<title>Teo, il felino &quot;bielica&quot; | Il Dammuso<\/title>\n<meta name=\"description\" content=\"All&#039;aeroporto di Pantelleria oltre ad esserci i passeggeri in transito c&#039;\u00e8&#039; anche un gatto adottato dal personale aeroportuale\" \/>\n<meta name=\"robots\" content=\"index, follow, max-snippet:-1, max-image-preview:large, max-video-preview:-1\" \/>\n<link rel=\"canonical\" href=\"https:\/\/www.ildammuso.com\/it\/teo-il-felino-bielica\/\" \/>\n<meta property=\"og:locale\" content=\"it_IT\" \/>\n<meta property=\"og:type\" content=\"article\" \/>\n<meta property=\"og:title\" content=\"Teo, il felino &quot;bielica&quot; | Il Dammuso\" \/>\n<meta property=\"og:description\" content=\"All&#039;aeroporto di Pantelleria oltre ad esserci i passeggeri in transito c&#039;\u00e8&#039; anche un gatto adottato dal personale aeroportuale\" \/>\n<meta property=\"og:url\" content=\"https:\/\/www.ildammuso.com\/it\/teo-il-felino-bielica\/\" \/>\n<meta property=\"og:site_name\" content=\"Il Dammuso\" \/>\n<meta property=\"article:publisher\" content=\"https:\/\/www.facebook.com\/ildammusodipantelleria\/\" \/>\n<meta property=\"article:published_time\" content=\"2022-08-26T17:29:00+00:00\" \/>\n<meta property=\"article:modified_time\" content=\"2022-09-27T13:51:37+00:00\" \/>\n<meta property=\"og:image\" content=\"https:\/\/storage1254.cdn-immedia.net\/wp-content\/uploads\/2022\/08\/teo_felino_bielica-scaled.jpeg\" \/>\n\t<meta property=\"og:image:width\" content=\"2069\" \/>\n\t<meta property=\"og:image:height\" content=\"2560\" \/>\n\t<meta property=\"og:image:type\" content=\"image\/jpeg\" \/>\n<meta name=\"author\" content=\"claudia\" \/>\n<meta name=\"twitter:card\" content=\"summary_large_image\" \/>\n<meta name=\"twitter:label1\" content=\"Scritto da\" \/>\n\t<meta name=\"twitter:data1\" content=\"claudia\" \/>\n<script type=\"application\/ld+json\" class=\"yoast-schema-graph\">{\"@context\":\"https:\\\/\\\/schema.org\",\"@graph\":[{\"@type\":\"Article\",\"@id\":\"https:\\\/\\\/www.ildammuso.com\\\/it\\\/teo-il-felino-bielica\\\/#article\",\"isPartOf\":{\"@id\":\"https:\\\/\\\/www.ildammuso.com\\\/it\\\/teo-il-felino-bielica\\\/\"},\"author\":{\"name\":\"claudia\",\"@id\":\"https:\\\/\\\/www.ildammuso.com\\\/it\\\/#\\\/schema\\\/person\\\/a97bc2634c1ae772b6efbb07fef2b3a8\"},\"headline\":\"Teo, il felino &#8220;bielica&#8221;\",\"datePublished\":\"2022-08-26T17:29:00+00:00\",\"dateModified\":\"2022-09-27T13:51:37+00:00\",\"mainEntityOfPage\":{\"@id\":\"https:\\\/\\\/www.ildammuso.com\\\/it\\\/teo-il-felino-bielica\\\/\"},\"wordCount\":412,\"commentCount\":0,\"publisher\":{\"@id\":\"https:\\\/\\\/www.ildammuso.com\\\/it\\\/#organization\"},\"image\":{\"@id\":\"https:\\\/\\\/www.ildammuso.com\\\/it\\\/teo-il-felino-bielica\\\/#primaryimage\"},\"thumbnailUrl\":\"https:\\\/\\\/www.ildammuso.com\\\/wp-content\\\/uploads\\\/2022\\\/08\\\/teo_felino_bielica-scaled.jpeg\",\"keywords\":[\"#aeroporto\",\"#bielica\",\"#cat\",\"#felino\",\"#gatto\",\"ildammuso\",\"pantelleria\"],\"articleSection\":[\"Animali e piante\",\"ildammuso.com\"],\"inLanguage\":\"it-IT\",\"potentialAction\":[{\"@type\":\"CommentAction\",\"name\":\"Comment\",\"target\":[\"https:\\\/\\\/www.ildammuso.com\\\/it\\\/teo-il-felino-bielica\\\/#respond\"]}]},{\"@type\":\"WebPage\",\"@id\":\"https:\\\/\\\/www.ildammuso.com\\\/it\\\/teo-il-felino-bielica\\\/\",\"url\":\"https:\\\/\\\/www.ildammuso.com\\\/it\\\/teo-il-felino-bielica\\\/\",\"name\":\"Teo, il felino \\\"bielica\\\" | Il Dammuso\",\"isPartOf\":{\"@id\":\"https:\\\/\\\/www.ildammuso.com\\\/it\\\/#website\"},\"primaryImageOfPage\":{\"@id\":\"https:\\\/\\\/www.ildammuso.com\\\/it\\\/teo-il-felino-bielica\\\/#primaryimage\"},\"image\":{\"@id\":\"https:\\\/\\\/www.ildammuso.com\\\/it\\\/teo-il-felino-bielica\\\/#primaryimage\"},\"thumbnailUrl\":\"https:\\\/\\\/www.ildammuso.com\\\/wp-content\\\/uploads\\\/2022\\\/08\\\/teo_felino_bielica-scaled.jpeg\",\"datePublished\":\"2022-08-26T17:29:00+00:00\",\"dateModified\":\"2022-09-27T13:51:37+00:00\",\"description\":\"All'aeroporto di Pantelleria oltre ad esserci i passeggeri in transito c'\u00e8' anche un gatto adottato dal personale aeroportuale\",\"breadcrumb\":{\"@id\":\"https:\\\/\\\/www.ildammuso.com\\\/it\\\/teo-il-felino-bielica\\\/#breadcrumb\"},\"inLanguage\":\"it-IT\",\"potentialAction\":[{\"@type\":\"ReadAction\",\"target\":[\"https:\\\/\\\/www.ildammuso.com\\\/it\\\/teo-il-felino-bielica\\\/\"]}]},{\"@type\":\"ImageObject\",\"inLanguage\":\"it-IT\",\"@id\":\"https:\\\/\\\/www.ildammuso.com\\\/it\\\/teo-il-felino-bielica\\\/#primaryimage\",\"url\":\"https:\\\/\\\/www.ildammuso.com\\\/wp-content\\\/uploads\\\/2022\\\/08\\\/teo_felino_bielica-scaled.jpeg\",\"contentUrl\":\"https:\\\/\\\/www.ildammuso.com\\\/wp-content\\\/uploads\\\/2022\\\/08\\\/teo_felino_bielica-scaled.jpeg\",\"width\":2069,\"height\":2560,\"caption\":\"Gatto Teo\"},{\"@type\":\"BreadcrumbList\",\"@id\":\"https:\\\/\\\/www.ildammuso.com\\\/it\\\/teo-il-felino-bielica\\\/#breadcrumb\",\"itemListElement\":[{\"@type\":\"ListItem\",\"position\":1,\"name\":\"Home\",\"item\":\"https:\\\/\\\/www.ildammuso.com\\\/it\\\/\"},{\"@type\":\"ListItem\",\"position\":2,\"name\":\"&nbsp;\"}]},{\"@type\":\"WebSite\",\"@id\":\"https:\\\/\\\/www.ildammuso.com\\\/it\\\/#website\",\"url\":\"https:\\\/\\\/www.ildammuso.com\\\/it\\\/\",\"name\":\"Il Dammuso\",\"description\":\"Il tuo Dammuso a Pantelleria\",\"publisher\":{\"@id\":\"https:\\\/\\\/www.ildammuso.com\\\/it\\\/#organization\"},\"potentialAction\":[{\"@type\":\"SearchAction\",\"target\":{\"@type\":\"EntryPoint\",\"urlTemplate\":\"https:\\\/\\\/www.ildammuso.com\\\/it\\\/?s={search_term_string}\"},\"query-input\":{\"@type\":\"PropertyValueSpecification\",\"valueRequired\":true,\"valueName\":\"search_term_string\"}}],\"inLanguage\":\"it-IT\"},{\"@type\":\"Organization\",\"@id\":\"https:\\\/\\\/www.ildammuso.com\\\/it\\\/#organization\",\"name\":\"Il Dammuso\",\"url\":\"https:\\\/\\\/www.ildammuso.com\\\/it\\\/\",\"logo\":{\"@type\":\"ImageObject\",\"inLanguage\":\"it-IT\",\"@id\":\"https:\\\/\\\/www.ildammuso.com\\\/it\\\/#\\\/schema\\\/logo\\\/image\\\/\",\"url\":\"https:\\\/\\\/www.ildammuso.com\\\/wp-content\\\/uploads\\\/2022\\\/06\\\/logo-ildammuso.jpg\",\"contentUrl\":\"https:\\\/\\\/www.ildammuso.com\\\/wp-content\\\/uploads\\\/2022\\\/06\\\/logo-ildammuso.jpg\",\"width\":426,\"height\":395,\"caption\":\"Il Dammuso\"},\"image\":{\"@id\":\"https:\\\/\\\/www.ildammuso.com\\\/it\\\/#\\\/schema\\\/logo\\\/image\\\/\"},\"sameAs\":[\"https:\\\/\\\/www.facebook.com\\\/ildammusodipantelleria\\\/\",\"https:\\\/\\\/www.instagram.com\\\/ildammusogram\\\/\"]},{\"@type\":\"Person\",\"@id\":\"https:\\\/\\\/www.ildammuso.com\\\/it\\\/#\\\/schema\\\/person\\\/a97bc2634c1ae772b6efbb07fef2b3a8\",\"name\":\"claudia\",\"image\":{\"@type\":\"ImageObject\",\"inLanguage\":\"it-IT\",\"@id\":\"https:\\\/\\\/secure.gravatar.com\\\/avatar\\\/bfa9e85032faeaffeaaafd48c7c09ad8da852ff133d8361db8721aff28093ebe?s=96&d=mm&r=g\",\"url\":\"https:\\\/\\\/secure.gravatar.com\\\/avatar\\\/bfa9e85032faeaffeaaafd48c7c09ad8da852ff133d8361db8721aff28093ebe?s=96&d=mm&r=g\",\"contentUrl\":\"https:\\\/\\\/secure.gravatar.com\\\/avatar\\\/bfa9e85032faeaffeaaafd48c7c09ad8da852ff133d8361db8721aff28093ebe?s=96&d=mm&r=g\",\"caption\":\"claudia\"}}]}<\/script>\n<!-- \/ Yoast SEO plugin. -->","yoast_head_json":{"title":"Teo, il felino \"bielica\" | Il Dammuso","description":"All'aeroporto di Pantelleria oltre ad esserci i passeggeri in transito c'\u00e8' anche un gatto adottato dal personale aeroportuale","robots":{"index":"index","follow":"follow","max-snippet":"max-snippet:-1","max-image-preview":"max-image-preview:large","max-video-preview":"max-video-preview:-1"},"canonical":"https:\/\/www.ildammuso.com\/it\/teo-il-felino-bielica\/","og_locale":"it_IT","og_type":"article","og_title":"Teo, il felino \"bielica\" | Il Dammuso","og_description":"All'aeroporto di Pantelleria oltre ad esserci i passeggeri in transito c'\u00e8' anche un gatto adottato dal personale aeroportuale","og_url":"https:\/\/www.ildammuso.com\/it\/teo-il-felino-bielica\/","og_site_name":"Il Dammuso","article_publisher":"https:\/\/www.facebook.com\/ildammusodipantelleria\/","article_published_time":"2022-08-26T17:29:00+00:00","article_modified_time":"2022-09-27T13:51:37+00:00","og_image":[{"width":2069,"height":2560,"url":"https:\/\/storage1254.cdn-immedia.net\/wp-content\/uploads\/2022\/08\/teo_felino_bielica-scaled.jpeg","type":"image\/jpeg"}],"author":"claudia","twitter_card":"summary_large_image","twitter_misc":{"Scritto da":"claudia"},"schema":{"@context":"https:\/\/schema.org","@graph":[{"@type":"Article","@id":"https:\/\/www.ildammuso.com\/it\/teo-il-felino-bielica\/#article","isPartOf":{"@id":"https:\/\/www.ildammuso.com\/it\/teo-il-felino-bielica\/"},"author":{"name":"claudia","@id":"https:\/\/www.ildammuso.com\/it\/#\/schema\/person\/a97bc2634c1ae772b6efbb07fef2b3a8"},"headline":"Teo, il felino &#8220;bielica&#8221;","datePublished":"2022-08-26T17:29:00+00:00","dateModified":"2022-09-27T13:51:37+00:00","mainEntityOfPage":{"@id":"https:\/\/www.ildammuso.com\/it\/teo-il-felino-bielica\/"},"wordCount":412,"commentCount":0,"publisher":{"@id":"https:\/\/www.ildammuso.com\/it\/#organization"},"image":{"@id":"https:\/\/www.ildammuso.com\/it\/teo-il-felino-bielica\/#primaryimage"},"thumbnailUrl":"https:\/\/storage1254.cdn-immedia.net\/wp-content\/uploads\/2022\/08\/teo_felino_bielica-scaled.jpeg","keywords":["#aeroporto","#bielica","#cat","#felino","#gatto","ildammuso","pantelleria"],"articleSection":["Animali e piante","ildammuso.com"],"inLanguage":"it-IT","potentialAction":[{"@type":"CommentAction","name":"Comment","target":["https:\/\/www.ildammuso.com\/it\/teo-il-felino-bielica\/#respond"]}]},{"@type":"WebPage","@id":"https:\/\/www.ildammuso.com\/it\/teo-il-felino-bielica\/","url":"https:\/\/www.ildammuso.com\/it\/teo-il-felino-bielica\/","name":"Teo, il felino \"bielica\" | Il Dammuso","isPartOf":{"@id":"https:\/\/www.ildammuso.com\/it\/#website"},"primaryImageOfPage":{"@id":"https:\/\/www.ildammuso.com\/it\/teo-il-felino-bielica\/#primaryimage"},"image":{"@id":"https:\/\/www.ildammuso.com\/it\/teo-il-felino-bielica\/#primaryimage"},"thumbnailUrl":"https:\/\/storage1254.cdn-immedia.net\/wp-content\/uploads\/2022\/08\/teo_felino_bielica-scaled.jpeg","datePublished":"2022-08-26T17:29:00+00:00","dateModified":"2022-09-27T13:51:37+00:00","description":"All'aeroporto di Pantelleria oltre ad esserci i passeggeri in transito c'\u00e8' anche un gatto adottato dal personale aeroportuale","breadcrumb":{"@id":"https:\/\/www.ildammuso.com\/it\/teo-il-felino-bielica\/#breadcrumb"},"inLanguage":"it-IT","potentialAction":[{"@type":"ReadAction","target":["https:\/\/www.ildammuso.com\/it\/teo-il-felino-bielica\/"]}]},{"@type":"ImageObject","inLanguage":"it-IT","@id":"https:\/\/www.ildammuso.com\/it\/teo-il-felino-bielica\/#primaryimage","url":"https:\/\/storage1254.cdn-immedia.net\/wp-content\/uploads\/2022\/08\/teo_felino_bielica-scaled.jpeg","contentUrl":"https:\/\/storage1254.cdn-immedia.net\/wp-content\/uploads\/2022\/08\/teo_felino_bielica-scaled.jpeg","width":2069,"height":2560,"caption":"Gatto Teo"},{"@type":"BreadcrumbList","@id":"https:\/\/www.ildammuso.com\/it\/teo-il-felino-bielica\/#breadcrumb","itemListElement":[{"@type":"ListItem","position":1,"name":"Home","item":"https:\/\/www.ildammuso.com\/it\/"},{"@type":"ListItem","position":2,"name":"&nbsp;"}]},{"@type":"WebSite","@id":"https:\/\/www.ildammuso.com\/it\/#website","url":"https:\/\/www.ildammuso.com\/it\/","name":"Il Dammuso","description":"Il tuo Dammuso a Pantelleria","publisher":{"@id":"https:\/\/www.ildammuso.com\/it\/#organization"},"potentialAction":[{"@type":"SearchAction","target":{"@type":"EntryPoint","urlTemplate":"https:\/\/www.ildammuso.com\/it\/?s={search_term_string}"},"query-input":{"@type":"PropertyValueSpecification","valueRequired":true,"valueName":"search_term_string"}}],"inLanguage":"it-IT"},{"@type":"Organization","@id":"https:\/\/www.ildammuso.com\/it\/#organization","name":"Il Dammuso","url":"https:\/\/www.ildammuso.com\/it\/","logo":{"@type":"ImageObject","inLanguage":"it-IT","@id":"https:\/\/www.ildammuso.com\/it\/#\/schema\/logo\/image\/","url":"https:\/\/storage1254.cdn-immedia.net\/wp-content\/uploads\/2022\/06\/logo-ildammuso.jpg","contentUrl":"https:\/\/storage1254.cdn-immedia.net\/wp-content\/uploads\/2022\/06\/logo-ildammuso.jpg","width":426,"height":395,"caption":"Il Dammuso"},"image":{"@id":"https:\/\/www.ildammuso.com\/it\/#\/schema\/logo\/image\/"},"sameAs":["https:\/\/www.facebook.com\/ildammusodipantelleria\/","https:\/\/www.instagram.com\/ildammusogram\/"]},{"@type":"Person","@id":"https:\/\/www.ildammuso.com\/it\/#\/schema\/person\/a97bc2634c1ae772b6efbb07fef2b3a8","name":"claudia","image":{"@type":"ImageObject","inLanguage":"it-IT","@id":"https:\/\/secure.gravatar.com\/avatar\/bfa9e85032faeaffeaaafd48c7c09ad8da852ff133d8361db8721aff28093ebe?s=96&d=mm&r=g","url":"https:\/\/secure.gravatar.com\/avatar\/bfa9e85032faeaffeaaafd48c7c09ad8da852ff133d8361db8721aff28093ebe?s=96&d=mm&r=g","contentUrl":"https:\/\/secure.gravatar.com\/avatar\/bfa9e85032faeaffeaaafd48c7c09ad8da852ff133d8361db8721aff28093ebe?s=96&d=mm&r=g","caption":"claudia"}}]}},"_links":{"self":[{"href":"https:\/\/www.ildammuso.com\/it\/wp-json\/wp\/v2\/posts\/15209","targetHints":{"allow":["GET"]}}],"collection":[{"href":"https:\/\/www.ildammuso.com\/it\/wp-json\/wp\/v2\/posts"}],"about":[{"href":"https:\/\/www.ildammuso.com\/it\/wp-json\/wp\/v2\/types\/post"}],"author":[{"embeddable":true,"href":"https:\/\/www.ildammuso.com\/it\/wp-json\/wp\/v2\/users\/3"}],"replies":[{"embeddable":true,"href":"https:\/\/www.ildammuso.com\/it\/wp-json\/wp\/v2\/comments?post=15209"}],"version-history":[{"count":2,"href":"https:\/\/www.ildammuso.com\/it\/wp-json\/wp\/v2\/posts\/15209\/revisions"}],"predecessor-version":[{"id":16248,"href":"https:\/\/www.ildammuso.com\/it\/wp-json\/wp\/v2\/posts\/15209\/revisions\/16248"}],"wp:featuredmedia":[{"embeddable":true,"href":"https:\/\/www.ildammuso.com\/it\/wp-json\/wp\/v2\/media\/15277"}],"wp:attachment":[{"href":"https:\/\/www.ildammuso.com\/it\/wp-json\/wp\/v2\/media?parent=15209"}],"wp:term":[{"taxonomy":"category","embeddable":true,"href":"https:\/\/www.ildammuso.com\/it\/wp-json\/wp\/v2\/categories?post=15209"},{"taxonomy":"post_tag","embeddable":true,"href":"https:\/\/www.ildammuso.com\/it\/wp-json\/wp\/v2\/tags?post=15209"}],"curies":[{"name":"wp","href":"https:\/\/api.w.org\/{rel}","templated":true}]}}