{"id":15979,"date":"2021-09-21T15:11:00","date_gmt":"2021-09-21T13:11:00","guid":{"rendered":"https:\/\/www.ildammuso.com\/?p=15979"},"modified":"2022-09-20T15:26:19","modified_gmt":"2022-09-20T13:26:19","slug":"concetto-astruso-quello-dell-alta-stagione","status":"publish","type":"post","link":"https:\/\/www.ildammuso.com\/it\/concetto-astruso-quello-dell-alta-stagione\/","title":{"rendered":"Concetto astruso quello dell'&#8221;alta stagione&#8221;"},"content":{"rendered":"\n<p>Certe rivoluzioni dovrebbero essere piccole e apparentemente folli. Ed io sto lavorando alla mia.<\/p>\n\n\n\n<p>Chi ha deciso cosa e quando \u00e8 l\u2019ALTA STAGIONE?<\/p>\n\n\n\n<p>Lo ha stabilito il lavoratore o il mercato?<\/p>\n\n\n\n<p>E di quale mercato esattamente stiamo parlando?<\/p>\n\n\n\n<p>Chi <a><\/a>sospende l\u2019attivit\u00e0 di una azienda per un mese o chi ne attiva fortemente le potenzialit\u00e0 di un\u2019 altra per lo stesso periodo?<\/p>\n\n\n\n<p>E quando mai \u00e8 stata data a qualcuno la possibilit\u00e0 di scegliere la stagione \u201cpi\u00f9 alta\u201d per se?<\/p>\n\n\n\n<p>Questa \u00e8 la mia rivoluzione<\/p>\n\n\n\n<p>Rivendico la mia ALTA STAGIONE e DECRETO che SETTEMBRE \u00e8 il mese elettivo per fare le vacanze.<\/p>\n\n\n\n<p>A Pantelleria, soprattutto, o in qualsiasi luogo ciascuno di noi abbia voglia di andare.<\/p>\n\n\n\n<p>Perch\u00e9 settembre, diciamolo, \u00e8 un mese speciale.<\/p>\n\n\n\n<p>Intanto profuma di inizio e anche di libert\u00e0 di non iniziare per nulla, ti induce a fare promesse che potrai disattendere; ti fa planare, pi\u00f9 o meno dolcemente, dentro una realt\u00e0 dalla quale puoi decidere di scappare; \u00e8 il riverbero di tutto il tralasciato di agosto che, con meno fatica e meno sudore, puoi finalmente mettere in atto; ed in ultimo, in barba a maggio che ti impone diete dimagranti di varia natura per apparire snelli in mezzo ad una folla informe di distratti bagnanti, a settembre, invece, puoi stare pure in carne in mezzo a pochi altri \u201crotondi\u201d come te.<\/p>\n\n\n\n<p>Vari ed ovvi motivi impongono la vacanza settembrina: intanto questa rappresenta il vero lusso di chi pu\u00f2 decidere di rimandare il domani al dopodomani e posticipare un rientro in un termine che non attenga all\u2019obbligo ma alla pulsione.<\/p>\n\n\n\n<p>Dopodich\u00e9 la terra si sta allontanando dal sole e, finalmente, potrai usare i tuoi venticinque pullover di cotone mai utilizzati nella tua vita, lo spolverino dimenticato nell\u2019armadio, lo smanicato che conservi da quando avevi quindici anni, i calzini corti che in inverno deprechi, la polo di cotone che in estate ti fa sudare come se avessi un koala addosso o la meravigliosa e accartocciata camicia di lino con la manica rigorosamente svoltata al gomito.<\/p>\n\n\n\n<p>Fosse solo anche per questo, ossia dare peso e dignit\u00e0 a tutti gli abiti rimasti inutilmente appesi nel nostro guardaroba acquistati in un raptus di MEZZASTAGIONISMO.<\/p>\n\n\n\n<p>Ecco, fosse anche solo per questi deboli e irragionevoli motivi, io ho prescelto la mia ALTA STAGIONE e dato avvio ad una rivoluzione pacifica.<\/p>\n\n\n\n<p>La mia vacanza sar\u00e0 il tiepido settembre, terra di promesse disattese e di palestre abbandonate.<\/p>\n\n\n\n<p>E adesso si proceda pure per alzata di mano.<\/p>\n\n\n\n<p>Foto di Giovanni Matta<\/p>\n","protected":false},"excerpt":{"rendered":"<p>L&#8217;alta stagione, una convenzione dalla quale mi dissocio.<br \/>\nPantelleria a settembre e&#8217; magia.<\/p>\n","protected":false},"author":3,"featured_media":15980,"comment_status":"open","ping_status":"open","sticky":false,"template":"","format":"standard","meta":{"_acf_changed":false,"footnotes":""},"categories":[441],"tags":[],"class_list":["post-15979","post","type-post","status-publish","format-standard","has-post-thumbnail","hentry","category-pippe"],"acf":[],"yoast_head":"<!-- This site is optimized with the Yoast SEO plugin v27.5 - https:\/\/yoast.com\/product\/yoast-seo-wordpress\/ -->\n<title>Concetto astruso quello dell&#039;&quot;alta stagione&quot; | Il Dammuso<\/title>\n<meta name=\"description\" content=\"A settembre Pantelleria comincia la sua trasformazione, cambiano i suoni ma soprattutto i colori. Resta estiva ma con un piede in autunno\" \/>\n<meta name=\"robots\" content=\"index, follow, max-snippet:-1, max-image-preview:large, max-video-preview:-1\" \/>\n<link rel=\"canonical\" href=\"https:\/\/www.ildammuso.com\/it\/concetto-astruso-quello-dell-alta-stagione\/\" \/>\n<meta property=\"og:locale\" content=\"it_IT\" \/>\n<meta property=\"og:type\" content=\"article\" \/>\n<meta property=\"og:title\" content=\"Concetto astruso quello dell&#039;&quot;alta stagione&quot; | Il Dammuso\" \/>\n<meta property=\"og:description\" content=\"A settembre Pantelleria comincia la sua trasformazione, cambiano i suoni ma soprattutto i colori. Resta estiva ma con un piede in autunno\" \/>\n<meta property=\"og:url\" content=\"https:\/\/www.ildammuso.com\/it\/concetto-astruso-quello-dell-alta-stagione\/\" \/>\n<meta property=\"og:site_name\" content=\"Il Dammuso\" \/>\n<meta property=\"article:publisher\" content=\"https:\/\/www.facebook.com\/ildammusodipantelleria\/\" \/>\n<meta property=\"article:published_time\" content=\"2021-09-21T13:11:00+00:00\" \/>\n<meta property=\"article:modified_time\" content=\"2022-09-20T13:26:19+00:00\" \/>\n<meta property=\"og:image\" content=\"https:\/\/storage1254.cdn-immedia.net\/wp-content\/uploads\/2022\/09\/alta_stagione1.jpg\" \/>\n\t<meta property=\"og:image:width\" content=\"2048\" \/>\n\t<meta property=\"og:image:height\" content=\"1536\" \/>\n\t<meta property=\"og:image:type\" content=\"image\/jpeg\" \/>\n<meta name=\"author\" content=\"claudia\" \/>\n<meta name=\"twitter:card\" content=\"summary_large_image\" \/>\n<meta name=\"twitter:label1\" content=\"Scritto da\" \/>\n\t<meta name=\"twitter:data1\" content=\"claudia\" \/>\n\t<meta name=\"twitter:label2\" content=\"Tempo di lettura stimato\" \/>\n\t<meta name=\"twitter:data2\" content=\"3 minuti\" \/>\n<script type=\"application\/ld+json\" class=\"yoast-schema-graph\">{\"@context\":\"https:\\\/\\\/schema.org\",\"@graph\":[{\"@type\":\"Article\",\"@id\":\"https:\\\/\\\/www.ildammuso.com\\\/it\\\/concetto-astruso-quello-dell-alta-stagione\\\/#article\",\"isPartOf\":{\"@id\":\"https:\\\/\\\/www.ildammuso.com\\\/it\\\/concetto-astruso-quello-dell-alta-stagione\\\/\"},\"author\":{\"name\":\"claudia\",\"@id\":\"https:\\\/\\\/www.ildammuso.com\\\/it\\\/#\\\/schema\\\/person\\\/a97bc2634c1ae772b6efbb07fef2b3a8\"},\"headline\":\"Concetto astruso quello dell'&#8221;alta stagione&#8221;\",\"datePublished\":\"2021-09-21T13:11:00+00:00\",\"dateModified\":\"2022-09-20T13:26:19+00:00\",\"mainEntityOfPage\":{\"@id\":\"https:\\\/\\\/www.ildammuso.com\\\/it\\\/concetto-astruso-quello-dell-alta-stagione\\\/\"},\"wordCount\":417,\"commentCount\":0,\"publisher\":{\"@id\":\"https:\\\/\\\/www.ildammuso.com\\\/it\\\/#organization\"},\"image\":{\"@id\":\"https:\\\/\\\/www.ildammuso.com\\\/it\\\/concetto-astruso-quello-dell-alta-stagione\\\/#primaryimage\"},\"thumbnailUrl\":\"https:\\\/\\\/www.ildammuso.com\\\/wp-content\\\/uploads\\\/2022\\\/09\\\/alta_stagione1.jpg\",\"articleSection\":[\"Pippe d'altura\"],\"inLanguage\":\"it-IT\",\"potentialAction\":[{\"@type\":\"CommentAction\",\"name\":\"Comment\",\"target\":[\"https:\\\/\\\/www.ildammuso.com\\\/it\\\/concetto-astruso-quello-dell-alta-stagione\\\/#respond\"]}]},{\"@type\":\"WebPage\",\"@id\":\"https:\\\/\\\/www.ildammuso.com\\\/it\\\/concetto-astruso-quello-dell-alta-stagione\\\/\",\"url\":\"https:\\\/\\\/www.ildammuso.com\\\/it\\\/concetto-astruso-quello-dell-alta-stagione\\\/\",\"name\":\"Concetto astruso quello dell'\\\"alta stagione\\\" | Il Dammuso\",\"isPartOf\":{\"@id\":\"https:\\\/\\\/www.ildammuso.com\\\/it\\\/#website\"},\"primaryImageOfPage\":{\"@id\":\"https:\\\/\\\/www.ildammuso.com\\\/it\\\/concetto-astruso-quello-dell-alta-stagione\\\/#primaryimage\"},\"image\":{\"@id\":\"https:\\\/\\\/www.ildammuso.com\\\/it\\\/concetto-astruso-quello-dell-alta-stagione\\\/#primaryimage\"},\"thumbnailUrl\":\"https:\\\/\\\/www.ildammuso.com\\\/wp-content\\\/uploads\\\/2022\\\/09\\\/alta_stagione1.jpg\",\"datePublished\":\"2021-09-21T13:11:00+00:00\",\"dateModified\":\"2022-09-20T13:26:19+00:00\",\"description\":\"A settembre Pantelleria comincia la sua trasformazione, cambiano i suoni ma soprattutto i colori. Resta estiva ma con un piede in autunno\",\"breadcrumb\":{\"@id\":\"https:\\\/\\\/www.ildammuso.com\\\/it\\\/concetto-astruso-quello-dell-alta-stagione\\\/#breadcrumb\"},\"inLanguage\":\"it-IT\",\"potentialAction\":[{\"@type\":\"ReadAction\",\"target\":[\"https:\\\/\\\/www.ildammuso.com\\\/it\\\/concetto-astruso-quello-dell-alta-stagione\\\/\"]}]},{\"@type\":\"ImageObject\",\"inLanguage\":\"it-IT\",\"@id\":\"https:\\\/\\\/www.ildammuso.com\\\/it\\\/concetto-astruso-quello-dell-alta-stagione\\\/#primaryimage\",\"url\":\"https:\\\/\\\/www.ildammuso.com\\\/wp-content\\\/uploads\\\/2022\\\/09\\\/alta_stagione1.jpg\",\"contentUrl\":\"https:\\\/\\\/www.ildammuso.com\\\/wp-content\\\/uploads\\\/2022\\\/09\\\/alta_stagione1.jpg\",\"width\":2048,\"height\":1536},{\"@type\":\"BreadcrumbList\",\"@id\":\"https:\\\/\\\/www.ildammuso.com\\\/it\\\/concetto-astruso-quello-dell-alta-stagione\\\/#breadcrumb\",\"itemListElement\":[{\"@type\":\"ListItem\",\"position\":1,\"name\":\"Home\",\"item\":\"https:\\\/\\\/www.ildammuso.com\\\/it\\\/\"},{\"@type\":\"ListItem\",\"position\":2,\"name\":\"&nbsp;\"}]},{\"@type\":\"WebSite\",\"@id\":\"https:\\\/\\\/www.ildammuso.com\\\/it\\\/#website\",\"url\":\"https:\\\/\\\/www.ildammuso.com\\\/it\\\/\",\"name\":\"Il Dammuso\",\"description\":\"Il tuo Dammuso a Pantelleria\",\"publisher\":{\"@id\":\"https:\\\/\\\/www.ildammuso.com\\\/it\\\/#organization\"},\"potentialAction\":[{\"@type\":\"SearchAction\",\"target\":{\"@type\":\"EntryPoint\",\"urlTemplate\":\"https:\\\/\\\/www.ildammuso.com\\\/it\\\/?s={search_term_string}\"},\"query-input\":{\"@type\":\"PropertyValueSpecification\",\"valueRequired\":true,\"valueName\":\"search_term_string\"}}],\"inLanguage\":\"it-IT\"},{\"@type\":\"Organization\",\"@id\":\"https:\\\/\\\/www.ildammuso.com\\\/it\\\/#organization\",\"name\":\"Il Dammuso\",\"url\":\"https:\\\/\\\/www.ildammuso.com\\\/it\\\/\",\"logo\":{\"@type\":\"ImageObject\",\"inLanguage\":\"it-IT\",\"@id\":\"https:\\\/\\\/www.ildammuso.com\\\/it\\\/#\\\/schema\\\/logo\\\/image\\\/\",\"url\":\"https:\\\/\\\/www.ildammuso.com\\\/wp-content\\\/uploads\\\/2022\\\/06\\\/logo-ildammuso.jpg\",\"contentUrl\":\"https:\\\/\\\/www.ildammuso.com\\\/wp-content\\\/uploads\\\/2022\\\/06\\\/logo-ildammuso.jpg\",\"width\":426,\"height\":395,\"caption\":\"Il Dammuso\"},\"image\":{\"@id\":\"https:\\\/\\\/www.ildammuso.com\\\/it\\\/#\\\/schema\\\/logo\\\/image\\\/\"},\"sameAs\":[\"https:\\\/\\\/www.facebook.com\\\/ildammusodipantelleria\\\/\",\"https:\\\/\\\/www.instagram.com\\\/ildammusogram\\\/\"]},{\"@type\":\"Person\",\"@id\":\"https:\\\/\\\/www.ildammuso.com\\\/it\\\/#\\\/schema\\\/person\\\/a97bc2634c1ae772b6efbb07fef2b3a8\",\"name\":\"claudia\",\"image\":{\"@type\":\"ImageObject\",\"inLanguage\":\"it-IT\",\"@id\":\"https:\\\/\\\/secure.gravatar.com\\\/avatar\\\/bfa9e85032faeaffeaaafd48c7c09ad8da852ff133d8361db8721aff28093ebe?s=96&d=mm&r=g\",\"url\":\"https:\\\/\\\/secure.gravatar.com\\\/avatar\\\/bfa9e85032faeaffeaaafd48c7c09ad8da852ff133d8361db8721aff28093ebe?s=96&d=mm&r=g\",\"contentUrl\":\"https:\\\/\\\/secure.gravatar.com\\\/avatar\\\/bfa9e85032faeaffeaaafd48c7c09ad8da852ff133d8361db8721aff28093ebe?s=96&d=mm&r=g\",\"caption\":\"claudia\"}}]}<\/script>\n<!-- \/ Yoast SEO plugin. -->","yoast_head_json":{"title":"Concetto astruso quello dell'\"alta stagione\" | Il Dammuso","description":"A settembre Pantelleria comincia la sua trasformazione, cambiano i suoni ma soprattutto i colori. Resta estiva ma con un piede in autunno","robots":{"index":"index","follow":"follow","max-snippet":"max-snippet:-1","max-image-preview":"max-image-preview:large","max-video-preview":"max-video-preview:-1"},"canonical":"https:\/\/www.ildammuso.com\/it\/concetto-astruso-quello-dell-alta-stagione\/","og_locale":"it_IT","og_type":"article","og_title":"Concetto astruso quello dell'\"alta stagione\" | Il Dammuso","og_description":"A settembre Pantelleria comincia la sua trasformazione, cambiano i suoni ma soprattutto i colori. Resta estiva ma con un piede in autunno","og_url":"https:\/\/www.ildammuso.com\/it\/concetto-astruso-quello-dell-alta-stagione\/","og_site_name":"Il Dammuso","article_publisher":"https:\/\/www.facebook.com\/ildammusodipantelleria\/","article_published_time":"2021-09-21T13:11:00+00:00","article_modified_time":"2022-09-20T13:26:19+00:00","og_image":[{"width":2048,"height":1536,"url":"https:\/\/storage1254.cdn-immedia.net\/wp-content\/uploads\/2022\/09\/alta_stagione1.jpg","type":"image\/jpeg"}],"author":"claudia","twitter_card":"summary_large_image","twitter_misc":{"Scritto da":"claudia","Tempo di lettura stimato":"3 minuti"},"schema":{"@context":"https:\/\/schema.org","@graph":[{"@type":"Article","@id":"https:\/\/www.ildammuso.com\/it\/concetto-astruso-quello-dell-alta-stagione\/#article","isPartOf":{"@id":"https:\/\/www.ildammuso.com\/it\/concetto-astruso-quello-dell-alta-stagione\/"},"author":{"name":"claudia","@id":"https:\/\/www.ildammuso.com\/it\/#\/schema\/person\/a97bc2634c1ae772b6efbb07fef2b3a8"},"headline":"Concetto astruso quello dell'&#8221;alta stagione&#8221;","datePublished":"2021-09-21T13:11:00+00:00","dateModified":"2022-09-20T13:26:19+00:00","mainEntityOfPage":{"@id":"https:\/\/www.ildammuso.com\/it\/concetto-astruso-quello-dell-alta-stagione\/"},"wordCount":417,"commentCount":0,"publisher":{"@id":"https:\/\/www.ildammuso.com\/it\/#organization"},"image":{"@id":"https:\/\/www.ildammuso.com\/it\/concetto-astruso-quello-dell-alta-stagione\/#primaryimage"},"thumbnailUrl":"https:\/\/storage1254.cdn-immedia.net\/wp-content\/uploads\/2022\/09\/alta_stagione1.jpg","articleSection":["Pippe d'altura"],"inLanguage":"it-IT","potentialAction":[{"@type":"CommentAction","name":"Comment","target":["https:\/\/www.ildammuso.com\/it\/concetto-astruso-quello-dell-alta-stagione\/#respond"]}]},{"@type":"WebPage","@id":"https:\/\/www.ildammuso.com\/it\/concetto-astruso-quello-dell-alta-stagione\/","url":"https:\/\/www.ildammuso.com\/it\/concetto-astruso-quello-dell-alta-stagione\/","name":"Concetto astruso quello dell'\"alta stagione\" | Il Dammuso","isPartOf":{"@id":"https:\/\/www.ildammuso.com\/it\/#website"},"primaryImageOfPage":{"@id":"https:\/\/www.ildammuso.com\/it\/concetto-astruso-quello-dell-alta-stagione\/#primaryimage"},"image":{"@id":"https:\/\/www.ildammuso.com\/it\/concetto-astruso-quello-dell-alta-stagione\/#primaryimage"},"thumbnailUrl":"https:\/\/storage1254.cdn-immedia.net\/wp-content\/uploads\/2022\/09\/alta_stagione1.jpg","datePublished":"2021-09-21T13:11:00+00:00","dateModified":"2022-09-20T13:26:19+00:00","description":"A settembre Pantelleria comincia la sua trasformazione, cambiano i suoni ma soprattutto i colori. Resta estiva ma con un piede in autunno","breadcrumb":{"@id":"https:\/\/www.ildammuso.com\/it\/concetto-astruso-quello-dell-alta-stagione\/#breadcrumb"},"inLanguage":"it-IT","potentialAction":[{"@type":"ReadAction","target":["https:\/\/www.ildammuso.com\/it\/concetto-astruso-quello-dell-alta-stagione\/"]}]},{"@type":"ImageObject","inLanguage":"it-IT","@id":"https:\/\/www.ildammuso.com\/it\/concetto-astruso-quello-dell-alta-stagione\/#primaryimage","url":"https:\/\/storage1254.cdn-immedia.net\/wp-content\/uploads\/2022\/09\/alta_stagione1.jpg","contentUrl":"https:\/\/storage1254.cdn-immedia.net\/wp-content\/uploads\/2022\/09\/alta_stagione1.jpg","width":2048,"height":1536},{"@type":"BreadcrumbList","@id":"https:\/\/www.ildammuso.com\/it\/concetto-astruso-quello-dell-alta-stagione\/#breadcrumb","itemListElement":[{"@type":"ListItem","position":1,"name":"Home","item":"https:\/\/www.ildammuso.com\/it\/"},{"@type":"ListItem","position":2,"name":"&nbsp;"}]},{"@type":"WebSite","@id":"https:\/\/www.ildammuso.com\/it\/#website","url":"https:\/\/www.ildammuso.com\/it\/","name":"Il Dammuso","description":"Il tuo Dammuso a Pantelleria","publisher":{"@id":"https:\/\/www.ildammuso.com\/it\/#organization"},"potentialAction":[{"@type":"SearchAction","target":{"@type":"EntryPoint","urlTemplate":"https:\/\/www.ildammuso.com\/it\/?s={search_term_string}"},"query-input":{"@type":"PropertyValueSpecification","valueRequired":true,"valueName":"search_term_string"}}],"inLanguage":"it-IT"},{"@type":"Organization","@id":"https:\/\/www.ildammuso.com\/it\/#organization","name":"Il Dammuso","url":"https:\/\/www.ildammuso.com\/it\/","logo":{"@type":"ImageObject","inLanguage":"it-IT","@id":"https:\/\/www.ildammuso.com\/it\/#\/schema\/logo\/image\/","url":"https:\/\/storage1254.cdn-immedia.net\/wp-content\/uploads\/2022\/06\/logo-ildammuso.jpg","contentUrl":"https:\/\/storage1254.cdn-immedia.net\/wp-content\/uploads\/2022\/06\/logo-ildammuso.jpg","width":426,"height":395,"caption":"Il Dammuso"},"image":{"@id":"https:\/\/www.ildammuso.com\/it\/#\/schema\/logo\/image\/"},"sameAs":["https:\/\/www.facebook.com\/ildammusodipantelleria\/","https:\/\/www.instagram.com\/ildammusogram\/"]},{"@type":"Person","@id":"https:\/\/www.ildammuso.com\/it\/#\/schema\/person\/a97bc2634c1ae772b6efbb07fef2b3a8","name":"claudia","image":{"@type":"ImageObject","inLanguage":"it-IT","@id":"https:\/\/secure.gravatar.com\/avatar\/bfa9e85032faeaffeaaafd48c7c09ad8da852ff133d8361db8721aff28093ebe?s=96&d=mm&r=g","url":"https:\/\/secure.gravatar.com\/avatar\/bfa9e85032faeaffeaaafd48c7c09ad8da852ff133d8361db8721aff28093ebe?s=96&d=mm&r=g","contentUrl":"https:\/\/secure.gravatar.com\/avatar\/bfa9e85032faeaffeaaafd48c7c09ad8da852ff133d8361db8721aff28093ebe?s=96&d=mm&r=g","caption":"claudia"}}]}},"_links":{"self":[{"href":"https:\/\/www.ildammuso.com\/it\/wp-json\/wp\/v2\/posts\/15979","targetHints":{"allow":["GET"]}}],"collection":[{"href":"https:\/\/www.ildammuso.com\/it\/wp-json\/wp\/v2\/posts"}],"about":[{"href":"https:\/\/www.ildammuso.com\/it\/wp-json\/wp\/v2\/types\/post"}],"author":[{"embeddable":true,"href":"https:\/\/www.ildammuso.com\/it\/wp-json\/wp\/v2\/users\/3"}],"replies":[{"embeddable":true,"href":"https:\/\/www.ildammuso.com\/it\/wp-json\/wp\/v2\/comments?post=15979"}],"version-history":[{"count":2,"href":"https:\/\/www.ildammuso.com\/it\/wp-json\/wp\/v2\/posts\/15979\/revisions"}],"predecessor-version":[{"id":15983,"href":"https:\/\/www.ildammuso.com\/it\/wp-json\/wp\/v2\/posts\/15979\/revisions\/15983"}],"wp:featuredmedia":[{"embeddable":true,"href":"https:\/\/www.ildammuso.com\/it\/wp-json\/wp\/v2\/media\/15980"}],"wp:attachment":[{"href":"https:\/\/www.ildammuso.com\/it\/wp-json\/wp\/v2\/media?parent=15979"}],"wp:term":[{"taxonomy":"category","embeddable":true,"href":"https:\/\/www.ildammuso.com\/it\/wp-json\/wp\/v2\/categories?post=15979"},{"taxonomy":"post_tag","embeddable":true,"href":"https:\/\/www.ildammuso.com\/it\/wp-json\/wp\/v2\/tags?post=15979"}],"curies":[{"name":"wp","href":"https:\/\/api.w.org\/{rel}","templated":true}]}}