{"id":16168,"date":"2022-09-09T16:13:00","date_gmt":"2022-09-09T14:13:00","guid":{"rendered":"https:\/\/www.ildammuso.com\/?p=16168"},"modified":"2022-09-27T14:31:54","modified_gmt":"2022-09-27T12:31:54","slug":"al-lupo-al-lupo","status":"publish","type":"post","link":"https:\/\/www.ildammuso.com\/it\/al-lupo-al-lupo\/","title":{"rendered":"&#8220;Al lupo, al lupo!&#8221;"},"content":{"rendered":"\n<p>L\u2019argomento \u00e8 delicato e merita, a mio parere, una riflessione.<\/p>\n\n\n\n<p>Il tema \u00e8 l\u2019incendio divampato nella zona di Gadir, a Pantelleria, ventuno giorni fa.<\/p>\n\n\n\n<p>Ventuno giorni mi sembrano un tempo buono per l\u2019elaborazione di un ragionamento che possa essere di buonsenso.<\/p>\n\n\n\n<p>Vi <a><\/a>racconto cosa mi \u00e8 accaduto quella notte.<\/p>\n\n\n\n<p>Alle ore 01.26 del mattino squilla il mio telefono e a chiamarmi \u00e8 il mio ex marito che vive negli USA.<\/p>\n\n\n\n<p>Mi allarmo immediatamente (cosa avr\u00e0 da dirmi a quest\u2019ora di notte?!) e, in effetti, non appena rispondo mi accorgo che il tono della sua voce \u00e8 piuttosto concitato.<\/p>\n\n\n\n<p>In primis mi domanda come sto, domanda alla quale (data l\u2019ora e lo stato lievemente confusionale) devo avere risposto in maniera incongrua.<\/p>\n\n\n\n<p>Pertanto, mi incalza con una serie di domande sull\u2019incendio alle quali, nel mio dormiveglia, rispondo in maniera sicuramente vaga e scoordinata, fino a che lui non si spazientisce e mi dice:<\/p>\n\n\n\n<p>\u201cInsomma, Claudia qui dicono che stanno evacuando tutta l\u2019isola di Pantelleria. Tu quanto disti dall\u2019incendio?\u201d.<\/p>\n\n\n\n<p>E io, aggrappandomi a quel briciolo di lucidit\u00e0 che mi auto impongo, rispondo che l\u2019incendio \u00e8 a circa venti chilometri da casa mia.<\/p>\n\n\n\n<p>L\u2019ex marito, rassicurato bench\u00e9 perplesso, chiude finalmente la telefonata.<\/p>\n\n\n\n<p>E io torno a dormire.<\/p>\n\n\n\n<p>Di fatto al mattino, appena sveglia, trovo sulla mia icona di WhatsApp un incredibile numero di messaggi.<\/p>\n\n\n\n<p>Apro il profilo e le domande erano tutte l\u00ec: innumerevoli, affannate, preoccupate, veementi, affettuose, dolci e premurose.<\/p>\n\n\n\n<p>Tutti l\u00ec a \u201cchiedere\u201d per sapere come stessi, come fosse ridotta l\u2019isola, le persone e l\u2019anima di questo luogo.<\/p>\n\n\n\n<p>Ho risposto a tutti per quel poco che sapevo, come loro, dalle notizie riportate dai giornali e dal web.<\/p>\n\n\n\n<p>Rinnovando a ciascuno, la promessa fatta in cuor mio, di andare a vedere il prima possibile<\/p>\n\n\n\n<p>cosa fosse realmente accaduto.<\/p>\n\n\n\n<p>La vista che mi si \u00e8 presentata innanzi \u00e8 stata desolante e dolorosa.<\/p>\n\n\n\n<p>Circa sessanta ettari di macchia mediterranea distrutta.<\/p>\n\n\n\n<p>Tutta la Cuddia Catalana nera e ancora fumante.<\/p>\n\n\n\n<p>Brutto e triste e nessun\u2019altra parola.<\/p>\n\n\n\n<p>Ma nessuna evacuazione dall\u2019isola intera, solo pochi sfollati in misura precauzionale.<\/p>\n\n\n\n<p>Un danno irrimediabile, ma non il terrore diffuso in maniera globale a cui \u00e8 stato data voce.<\/p>\n\n\n\n<p>Non era una immagine da disastro totale quale ce l\u2019avevano raccontata.<\/p>\n\n\n\n<p>Con un\u2019associazione immediata ho ripensato alla bruttissima vicenda della tromba d\u2019aria del settembre dell\u2019anno scorso, nel quel caso andarono perse due vite preziose.<\/p>\n\n\n\n<p>Ma il racconto fatto dai giornali (e per questa ragione allora non volli scrivere niente: nel rispetto dei defunti e in totale disaccordo rispetto alla narrazione) fu di un evento catastrofico.<\/p>\n\n\n\n<p>Devastazione, case divelte, muri abbattuti.<\/p>\n\n\n\n<p>Inutile dire che i danni ci furono, ma non nel modo e nella proporzione in cui vennero narrati.<\/p>\n\n\n\n<p>Ecco, da questo sensazionalismo mi dissocio.<\/p>\n\n\n\n<p>Perch\u00e9 alle immagini del rogo, sulla faccia opposta della stessa medaglia (dove farsa e tragedia si contendono i ruoli), due giorni dopo i giornali esponevano una foto dei visi sorridenti dei vigili del fuoco e dei VIP tratti in salvo.<\/p>\n\n\n\n<p>I fatti accadono e meritano di essere raccontati con onest\u00e0 intellettuale.<\/p>\n\n\n\n<p>Ettari di mirto, lentisco, ginestra ed elicriso sono andati perduti (con loro tutta la microfauna da macchia) e ancora oggi resta acre e forte l\u2019odore di quel fumo, come un nodo in gola che stenta a sciogliersi.<\/p>\n\n\n\n<p>Ma tutti gli eventi hanno una dimensione.<\/p>\n\n\n\n<p>Possiamo misurarla in emozione, in gioia, in dolore, in perdita.<\/p>\n\n\n\n<p>La scala dei sentimenti \u00e8 vasta.<\/p>\n\n\n\n<p>Ma il SENSAZIONALISMO non \u00e8 la misura di un accaduto n\u00e9 di un accadr\u00e0.<\/p>\n\n\n\n<p>\u00c9 solo il racconto SOVRADIMENSIONATO di una paura che ci guarda fissa nel tentativo di paralizzarci.<\/p>\n\n\n\n<p>Non sono pi\u00f9 fatti.<\/p>\n\n\n\n<p>Non \u00e8 pi\u00f9 giornalismo.<\/p>\n\n\n\n<p>Chiedo scusa a chi non si trover\u00e0 d\u2019accordo con me.<\/p>\n\n\n\n<p>Foto di <a href=\"https:\/\/www.facebook.com\/barbara.monteleone.5?__cft__[0]=AZVEP_Zgp_Nf4DqOJwd4Ox7JiFRWBTr3xBtiirLfW4r4kzy5uqQCoN5EsW-BYlivOrQEOYRvIDzSflMLbYlbRSocZG94vxhkUeqZ4dIp_5acwgoJGM8qGjWm80m-4vWFwK79ro2HWJhMRN1F_qtaBvQR_caHkJnN8uSnK9SWycHOLXDgY_VO7p2rN6bNyTqNn7jOaEQflXkIYLcnA07Lilwj&amp;__tn__=-]K-R\">Barbara Monteleone<\/a><\/p>\n","protected":false},"excerpt":{"rendered":"<p>L\u2019argomento \u00e8 delicato e merita, a mio parere, una riflessione. [&hellip;]<\/p>\n","protected":false},"author":3,"featured_media":16169,"comment_status":"open","ping_status":"open","sticky":false,"template":"","format":"standard","meta":{"_acf_changed":false,"footnotes":""},"categories":[446],"tags":[],"class_list":["post-16168","post","type-post","status-publish","format-standard","has-post-thumbnail","hentry","category-pantelleria-lisola"],"acf":[],"yoast_head":"<!-- This site is optimized with the Yoast SEO plugin v27.4 - https:\/\/yoast.com\/product\/yoast-seo-wordpress\/ -->\n<title>&quot;Al lupo, al lupo!&quot; | Il Dammuso<\/title>\n<meta name=\"description\" content=\"L&#039;incendio di Gadir a Pantelleria. Quando l&#039;informazione, urlata e ingigantita, fa un pessimo servizio alla comunit\u00e0\" \/>\n<meta name=\"robots\" content=\"index, follow, max-snippet:-1, max-image-preview:large, max-video-preview:-1\" \/>\n<link rel=\"canonical\" href=\"https:\/\/www.ildammuso.com\/it\/al-lupo-al-lupo\/\" \/>\n<meta property=\"og:locale\" content=\"it_IT\" \/>\n<meta property=\"og:type\" content=\"article\" \/>\n<meta property=\"og:title\" content=\"&quot;Al lupo, al lupo!&quot; | Il Dammuso\" \/>\n<meta property=\"og:description\" content=\"L&#039;incendio di Gadir a Pantelleria. Quando l&#039;informazione, urlata e ingigantita, fa un pessimo servizio alla comunit\u00e0\" \/>\n<meta property=\"og:url\" content=\"https:\/\/www.ildammuso.com\/it\/al-lupo-al-lupo\/\" \/>\n<meta property=\"og:site_name\" content=\"Il Dammuso\" \/>\n<meta property=\"article:publisher\" content=\"https:\/\/www.facebook.com\/ildammusodipantelleria\/\" \/>\n<meta property=\"article:published_time\" content=\"2022-09-09T14:13:00+00:00\" \/>\n<meta property=\"article:modified_time\" content=\"2022-09-27T12:31:54+00:00\" \/>\n<meta property=\"og:image\" content=\"https:\/\/storage1254.cdn-immedia.net\/wp-content\/uploads\/2022\/09\/gadir_incendio.jpg\" \/>\n\t<meta property=\"og:image:width\" content=\"1200\" \/>\n\t<meta property=\"og:image:height\" content=\"1600\" \/>\n\t<meta property=\"og:image:type\" content=\"image\/jpeg\" \/>\n<meta name=\"author\" content=\"claudia\" \/>\n<meta name=\"twitter:card\" content=\"summary_large_image\" \/>\n<meta name=\"twitter:label1\" content=\"Scritto da\" \/>\n\t<meta name=\"twitter:data1\" content=\"claudia\" \/>\n\t<meta name=\"twitter:label2\" content=\"Tempo di lettura stimato\" \/>\n\t<meta name=\"twitter:data2\" content=\"4 minuti\" \/>\n<script type=\"application\/ld+json\" class=\"yoast-schema-graph\">{\"@context\":\"https:\\\/\\\/schema.org\",\"@graph\":[{\"@type\":\"Article\",\"@id\":\"https:\\\/\\\/www.ildammuso.com\\\/it\\\/al-lupo-al-lupo\\\/#article\",\"isPartOf\":{\"@id\":\"https:\\\/\\\/www.ildammuso.com\\\/it\\\/al-lupo-al-lupo\\\/\"},\"author\":{\"name\":\"claudia\",\"@id\":\"https:\\\/\\\/www.ildammuso.com\\\/it\\\/#\\\/schema\\\/person\\\/a97bc2634c1ae772b6efbb07fef2b3a8\"},\"headline\":\"&#8220;Al lupo, al lupo!&#8221;\",\"datePublished\":\"2022-09-09T14:13:00+00:00\",\"dateModified\":\"2022-09-27T12:31:54+00:00\",\"mainEntityOfPage\":{\"@id\":\"https:\\\/\\\/www.ildammuso.com\\\/it\\\/al-lupo-al-lupo\\\/\"},\"wordCount\":624,\"commentCount\":0,\"publisher\":{\"@id\":\"https:\\\/\\\/www.ildammuso.com\\\/it\\\/#organization\"},\"image\":{\"@id\":\"https:\\\/\\\/www.ildammuso.com\\\/it\\\/al-lupo-al-lupo\\\/#primaryimage\"},\"thumbnailUrl\":\"https:\\\/\\\/www.ildammuso.com\\\/wp-content\\\/uploads\\\/2022\\\/09\\\/gadir_incendio.jpg\",\"articleSection\":[\"Pantelleria, l'isola\"],\"inLanguage\":\"it-IT\",\"potentialAction\":[{\"@type\":\"CommentAction\",\"name\":\"Comment\",\"target\":[\"https:\\\/\\\/www.ildammuso.com\\\/it\\\/al-lupo-al-lupo\\\/#respond\"]}]},{\"@type\":\"WebPage\",\"@id\":\"https:\\\/\\\/www.ildammuso.com\\\/it\\\/al-lupo-al-lupo\\\/\",\"url\":\"https:\\\/\\\/www.ildammuso.com\\\/it\\\/al-lupo-al-lupo\\\/\",\"name\":\"\\\"Al lupo, al lupo!\\\" | Il Dammuso\",\"isPartOf\":{\"@id\":\"https:\\\/\\\/www.ildammuso.com\\\/it\\\/#website\"},\"primaryImageOfPage\":{\"@id\":\"https:\\\/\\\/www.ildammuso.com\\\/it\\\/al-lupo-al-lupo\\\/#primaryimage\"},\"image\":{\"@id\":\"https:\\\/\\\/www.ildammuso.com\\\/it\\\/al-lupo-al-lupo\\\/#primaryimage\"},\"thumbnailUrl\":\"https:\\\/\\\/www.ildammuso.com\\\/wp-content\\\/uploads\\\/2022\\\/09\\\/gadir_incendio.jpg\",\"datePublished\":\"2022-09-09T14:13:00+00:00\",\"dateModified\":\"2022-09-27T12:31:54+00:00\",\"description\":\"L'incendio di Gadir a Pantelleria. Quando l'informazione, urlata e ingigantita, fa un pessimo servizio alla comunit\u00e0\",\"breadcrumb\":{\"@id\":\"https:\\\/\\\/www.ildammuso.com\\\/it\\\/al-lupo-al-lupo\\\/#breadcrumb\"},\"inLanguage\":\"it-IT\",\"potentialAction\":[{\"@type\":\"ReadAction\",\"target\":[\"https:\\\/\\\/www.ildammuso.com\\\/it\\\/al-lupo-al-lupo\\\/\"]}]},{\"@type\":\"ImageObject\",\"inLanguage\":\"it-IT\",\"@id\":\"https:\\\/\\\/www.ildammuso.com\\\/it\\\/al-lupo-al-lupo\\\/#primaryimage\",\"url\":\"https:\\\/\\\/www.ildammuso.com\\\/wp-content\\\/uploads\\\/2022\\\/09\\\/gadir_incendio.jpg\",\"contentUrl\":\"https:\\\/\\\/www.ildammuso.com\\\/wp-content\\\/uploads\\\/2022\\\/09\\\/gadir_incendio.jpg\",\"width\":1200,\"height\":1600},{\"@type\":\"BreadcrumbList\",\"@id\":\"https:\\\/\\\/www.ildammuso.com\\\/it\\\/al-lupo-al-lupo\\\/#breadcrumb\",\"itemListElement\":[{\"@type\":\"ListItem\",\"position\":1,\"name\":\"Home\",\"item\":\"https:\\\/\\\/www.ildammuso.com\\\/it\\\/\"},{\"@type\":\"ListItem\",\"position\":2,\"name\":\"&nbsp;\"}]},{\"@type\":\"WebSite\",\"@id\":\"https:\\\/\\\/www.ildammuso.com\\\/it\\\/#website\",\"url\":\"https:\\\/\\\/www.ildammuso.com\\\/it\\\/\",\"name\":\"Il Dammuso\",\"description\":\"Il tuo Dammuso a Pantelleria\",\"publisher\":{\"@id\":\"https:\\\/\\\/www.ildammuso.com\\\/it\\\/#organization\"},\"potentialAction\":[{\"@type\":\"SearchAction\",\"target\":{\"@type\":\"EntryPoint\",\"urlTemplate\":\"https:\\\/\\\/www.ildammuso.com\\\/it\\\/?s={search_term_string}\"},\"query-input\":{\"@type\":\"PropertyValueSpecification\",\"valueRequired\":true,\"valueName\":\"search_term_string\"}}],\"inLanguage\":\"it-IT\"},{\"@type\":\"Organization\",\"@id\":\"https:\\\/\\\/www.ildammuso.com\\\/it\\\/#organization\",\"name\":\"Il Dammuso\",\"url\":\"https:\\\/\\\/www.ildammuso.com\\\/it\\\/\",\"logo\":{\"@type\":\"ImageObject\",\"inLanguage\":\"it-IT\",\"@id\":\"https:\\\/\\\/www.ildammuso.com\\\/it\\\/#\\\/schema\\\/logo\\\/image\\\/\",\"url\":\"https:\\\/\\\/www.ildammuso.com\\\/wp-content\\\/uploads\\\/2022\\\/06\\\/logo-ildammuso.jpg\",\"contentUrl\":\"https:\\\/\\\/www.ildammuso.com\\\/wp-content\\\/uploads\\\/2022\\\/06\\\/logo-ildammuso.jpg\",\"width\":426,\"height\":395,\"caption\":\"Il Dammuso\"},\"image\":{\"@id\":\"https:\\\/\\\/www.ildammuso.com\\\/it\\\/#\\\/schema\\\/logo\\\/image\\\/\"},\"sameAs\":[\"https:\\\/\\\/www.facebook.com\\\/ildammusodipantelleria\\\/\",\"https:\\\/\\\/www.instagram.com\\\/ildammusogram\\\/\"]},{\"@type\":\"Person\",\"@id\":\"https:\\\/\\\/www.ildammuso.com\\\/it\\\/#\\\/schema\\\/person\\\/a97bc2634c1ae772b6efbb07fef2b3a8\",\"name\":\"claudia\",\"image\":{\"@type\":\"ImageObject\",\"inLanguage\":\"it-IT\",\"@id\":\"https:\\\/\\\/secure.gravatar.com\\\/avatar\\\/bfa9e85032faeaffeaaafd48c7c09ad8da852ff133d8361db8721aff28093ebe?s=96&d=mm&r=g\",\"url\":\"https:\\\/\\\/secure.gravatar.com\\\/avatar\\\/bfa9e85032faeaffeaaafd48c7c09ad8da852ff133d8361db8721aff28093ebe?s=96&d=mm&r=g\",\"contentUrl\":\"https:\\\/\\\/secure.gravatar.com\\\/avatar\\\/bfa9e85032faeaffeaaafd48c7c09ad8da852ff133d8361db8721aff28093ebe?s=96&d=mm&r=g\",\"caption\":\"claudia\"}}]}<\/script>\n<!-- \/ Yoast SEO plugin. -->","yoast_head_json":{"title":"\"Al lupo, al lupo!\" | Il Dammuso","description":"L'incendio di Gadir a Pantelleria. Quando l'informazione, urlata e ingigantita, fa un pessimo servizio alla comunit\u00e0","robots":{"index":"index","follow":"follow","max-snippet":"max-snippet:-1","max-image-preview":"max-image-preview:large","max-video-preview":"max-video-preview:-1"},"canonical":"https:\/\/www.ildammuso.com\/it\/al-lupo-al-lupo\/","og_locale":"it_IT","og_type":"article","og_title":"\"Al lupo, al lupo!\" | Il Dammuso","og_description":"L'incendio di Gadir a Pantelleria. Quando l'informazione, urlata e ingigantita, fa un pessimo servizio alla comunit\u00e0","og_url":"https:\/\/www.ildammuso.com\/it\/al-lupo-al-lupo\/","og_site_name":"Il Dammuso","article_publisher":"https:\/\/www.facebook.com\/ildammusodipantelleria\/","article_published_time":"2022-09-09T14:13:00+00:00","article_modified_time":"2022-09-27T12:31:54+00:00","og_image":[{"width":1200,"height":1600,"url":"https:\/\/storage1254.cdn-immedia.net\/wp-content\/uploads\/2022\/09\/gadir_incendio.jpg","type":"image\/jpeg"}],"author":"claudia","twitter_card":"summary_large_image","twitter_misc":{"Scritto da":"claudia","Tempo di lettura stimato":"4 minuti"},"schema":{"@context":"https:\/\/schema.org","@graph":[{"@type":"Article","@id":"https:\/\/www.ildammuso.com\/it\/al-lupo-al-lupo\/#article","isPartOf":{"@id":"https:\/\/www.ildammuso.com\/it\/al-lupo-al-lupo\/"},"author":{"name":"claudia","@id":"https:\/\/www.ildammuso.com\/it\/#\/schema\/person\/a97bc2634c1ae772b6efbb07fef2b3a8"},"headline":"&#8220;Al lupo, al lupo!&#8221;","datePublished":"2022-09-09T14:13:00+00:00","dateModified":"2022-09-27T12:31:54+00:00","mainEntityOfPage":{"@id":"https:\/\/www.ildammuso.com\/it\/al-lupo-al-lupo\/"},"wordCount":624,"commentCount":0,"publisher":{"@id":"https:\/\/www.ildammuso.com\/it\/#organization"},"image":{"@id":"https:\/\/www.ildammuso.com\/it\/al-lupo-al-lupo\/#primaryimage"},"thumbnailUrl":"https:\/\/storage1254.cdn-immedia.net\/wp-content\/uploads\/2022\/09\/gadir_incendio.jpg","articleSection":["Pantelleria, l'isola"],"inLanguage":"it-IT","potentialAction":[{"@type":"CommentAction","name":"Comment","target":["https:\/\/www.ildammuso.com\/it\/al-lupo-al-lupo\/#respond"]}]},{"@type":"WebPage","@id":"https:\/\/www.ildammuso.com\/it\/al-lupo-al-lupo\/","url":"https:\/\/www.ildammuso.com\/it\/al-lupo-al-lupo\/","name":"\"Al lupo, al lupo!\" | Il Dammuso","isPartOf":{"@id":"https:\/\/www.ildammuso.com\/it\/#website"},"primaryImageOfPage":{"@id":"https:\/\/www.ildammuso.com\/it\/al-lupo-al-lupo\/#primaryimage"},"image":{"@id":"https:\/\/www.ildammuso.com\/it\/al-lupo-al-lupo\/#primaryimage"},"thumbnailUrl":"https:\/\/storage1254.cdn-immedia.net\/wp-content\/uploads\/2022\/09\/gadir_incendio.jpg","datePublished":"2022-09-09T14:13:00+00:00","dateModified":"2022-09-27T12:31:54+00:00","description":"L'incendio di Gadir a Pantelleria. Quando l'informazione, urlata e ingigantita, fa un pessimo servizio alla comunit\u00e0","breadcrumb":{"@id":"https:\/\/www.ildammuso.com\/it\/al-lupo-al-lupo\/#breadcrumb"},"inLanguage":"it-IT","potentialAction":[{"@type":"ReadAction","target":["https:\/\/www.ildammuso.com\/it\/al-lupo-al-lupo\/"]}]},{"@type":"ImageObject","inLanguage":"it-IT","@id":"https:\/\/www.ildammuso.com\/it\/al-lupo-al-lupo\/#primaryimage","url":"https:\/\/storage1254.cdn-immedia.net\/wp-content\/uploads\/2022\/09\/gadir_incendio.jpg","contentUrl":"https:\/\/storage1254.cdn-immedia.net\/wp-content\/uploads\/2022\/09\/gadir_incendio.jpg","width":1200,"height":1600},{"@type":"BreadcrumbList","@id":"https:\/\/www.ildammuso.com\/it\/al-lupo-al-lupo\/#breadcrumb","itemListElement":[{"@type":"ListItem","position":1,"name":"Home","item":"https:\/\/www.ildammuso.com\/it\/"},{"@type":"ListItem","position":2,"name":"&nbsp;"}]},{"@type":"WebSite","@id":"https:\/\/www.ildammuso.com\/it\/#website","url":"https:\/\/www.ildammuso.com\/it\/","name":"Il Dammuso","description":"Il tuo Dammuso a Pantelleria","publisher":{"@id":"https:\/\/www.ildammuso.com\/it\/#organization"},"potentialAction":[{"@type":"SearchAction","target":{"@type":"EntryPoint","urlTemplate":"https:\/\/www.ildammuso.com\/it\/?s={search_term_string}"},"query-input":{"@type":"PropertyValueSpecification","valueRequired":true,"valueName":"search_term_string"}}],"inLanguage":"it-IT"},{"@type":"Organization","@id":"https:\/\/www.ildammuso.com\/it\/#organization","name":"Il Dammuso","url":"https:\/\/www.ildammuso.com\/it\/","logo":{"@type":"ImageObject","inLanguage":"it-IT","@id":"https:\/\/www.ildammuso.com\/it\/#\/schema\/logo\/image\/","url":"https:\/\/storage1254.cdn-immedia.net\/wp-content\/uploads\/2022\/06\/logo-ildammuso.jpg","contentUrl":"https:\/\/storage1254.cdn-immedia.net\/wp-content\/uploads\/2022\/06\/logo-ildammuso.jpg","width":426,"height":395,"caption":"Il Dammuso"},"image":{"@id":"https:\/\/www.ildammuso.com\/it\/#\/schema\/logo\/image\/"},"sameAs":["https:\/\/www.facebook.com\/ildammusodipantelleria\/","https:\/\/www.instagram.com\/ildammusogram\/"]},{"@type":"Person","@id":"https:\/\/www.ildammuso.com\/it\/#\/schema\/person\/a97bc2634c1ae772b6efbb07fef2b3a8","name":"claudia","image":{"@type":"ImageObject","inLanguage":"it-IT","@id":"https:\/\/secure.gravatar.com\/avatar\/bfa9e85032faeaffeaaafd48c7c09ad8da852ff133d8361db8721aff28093ebe?s=96&d=mm&r=g","url":"https:\/\/secure.gravatar.com\/avatar\/bfa9e85032faeaffeaaafd48c7c09ad8da852ff133d8361db8721aff28093ebe?s=96&d=mm&r=g","contentUrl":"https:\/\/secure.gravatar.com\/avatar\/bfa9e85032faeaffeaaafd48c7c09ad8da852ff133d8361db8721aff28093ebe?s=96&d=mm&r=g","caption":"claudia"}}]}},"_links":{"self":[{"href":"https:\/\/www.ildammuso.com\/it\/wp-json\/wp\/v2\/posts\/16168","targetHints":{"allow":["GET"]}}],"collection":[{"href":"https:\/\/www.ildammuso.com\/it\/wp-json\/wp\/v2\/posts"}],"about":[{"href":"https:\/\/www.ildammuso.com\/it\/wp-json\/wp\/v2\/types\/post"}],"author":[{"embeddable":true,"href":"https:\/\/www.ildammuso.com\/it\/wp-json\/wp\/v2\/users\/3"}],"replies":[{"embeddable":true,"href":"https:\/\/www.ildammuso.com\/it\/wp-json\/wp\/v2\/comments?post=16168"}],"version-history":[{"count":2,"href":"https:\/\/www.ildammuso.com\/it\/wp-json\/wp\/v2\/posts\/16168\/revisions"}],"predecessor-version":[{"id":16206,"href":"https:\/\/www.ildammuso.com\/it\/wp-json\/wp\/v2\/posts\/16168\/revisions\/16206"}],"wp:featuredmedia":[{"embeddable":true,"href":"https:\/\/www.ildammuso.com\/it\/wp-json\/wp\/v2\/media\/16169"}],"wp:attachment":[{"href":"https:\/\/www.ildammuso.com\/it\/wp-json\/wp\/v2\/media?parent=16168"}],"wp:term":[{"taxonomy":"category","embeddable":true,"href":"https:\/\/www.ildammuso.com\/it\/wp-json\/wp\/v2\/categories?post=16168"},{"taxonomy":"post_tag","embeddable":true,"href":"https:\/\/www.ildammuso.com\/it\/wp-json\/wp\/v2\/tags?post=16168"}],"curies":[{"name":"wp","href":"https:\/\/api.w.org\/{rel}","templated":true}]}}