{"id":16629,"date":"2022-10-18T13:26:34","date_gmt":"2022-10-18T11:26:34","guid":{"rendered":"https:\/\/www.ildammuso.com\/?p=16629"},"modified":"2022-10-18T13:41:49","modified_gmt":"2022-10-18T11:41:49","slug":"frutta-e-ortaggi-da-francesca-e-giovanni","status":"publish","type":"post","link":"https:\/\/www.ildammuso.com\/it\/frutta-e-ortaggi-da-francesca-e-giovanni\/","title":{"rendered":"&#8220;Frutta e ortaggi da Francesca e Giovanni&#8221;"},"content":{"rendered":"\n<p>Il cartello da anni recita \u201cDa Francesca ortaggi e frutta\u201d.<\/p>\n\n\n\n<p>Ma Francesca non c\u2019\u00e8 pi\u00f9 da un bel pezzo, ma il cartello non era stato rimosso perch\u00e9\u2019 lo aveva deciso il cuore insieme a chiss\u00e0 quante altre ragioni.<\/p>\n\n\n\n<p>Insomma, se Giovanni non aveva rimosso quella insegna doveva essere stato in nome di qualcosa che attiene al profondo della natura umana e delle sue relazioni.<\/p>\n\n\n\n<p>Chiamatelo amore se volete.<\/p>\n\n\n\n<p>A me piacciono di pi\u00f9 le parole stima e affetto.<\/p>\n\n\n\n<p><a><\/a>Giovanni magro e ossuto, che alza una saracinesca, capita pi\u00f9 spesso che lo faccia nel pomeriggio.<\/p>\n\n\n\n<p>Al mattino deve andare nei suoi campi a raccogliere ortaggi e frutta del momento.<\/p>\n\n\n\n<p>Giovanni con una saracinesca alzata: la gente ferma l\u2019auto e scende e lui \u00e8 l\u00ec sull\u2019uscio, sorridente e allegro.<\/p>\n\n\n\n<p>Non risparmia mai un complimento ad una donna, ma da gentiluomo sempre.<\/p>\n\n\n\n<p>E con un inchino.<\/p>\n\n\n\n<p>La vita gli \u00e8 pesata, ma a tratti era come se non gli pesasse affatto.<\/p>\n\n\n\n<p>Ti fa entrare in quel suo magazzino e fosse per lui ti farebbe assaggiare tutto: l\u2019acino dal graspo, il fico secco tenuto insieme all\u2019alloro, e \u201cmangiati questo seccagno e dimmi se non \u00e8 di sole che sa\u201d, e \u201cun goccetto del mio passito non devi assaggiarlo? Lo sai che mi offendo\u201d.<\/p>\n\n\n\n<p>Tutto il comprato riposto dentro un unico sacchetto.<\/p>\n\n\n\n<p>\u201cGiovanni ma l\u2019hai pesata la roba che ho preso?\u201d.<\/p>\n\n\n\n<p>Nessuna risposta, solo un movimento della mano che sta a significare \u201cma che importanza ha!?\u201d.<\/p>\n\n\n\n<p>La tariffa \u00e8 pressoch\u00e9\u2019 unica: cinque euro.<\/p>\n\n\n\n<p>Quante volte abbiamo detto alla gente: \u201cAndate a comprare i mazzi di origano da Francesca, anzi no, da Giovanni. Francesca se n\u2019\u00e8 andata, ma resta lui.<\/p>\n\n\n\n<p>Imboccate una stradina a destra, quella prima di arrivare alla chiesa di Rekhale, fatti pochi metri e troverete una casa con una saracinesca alzata.<\/p>\n\n\n\n<p>L\u00ec c\u2019\u00e8 Giovanni.<\/p>\n\n\n\n<p>Fatemi una cortesia, se ci andate, salutamelo. Va bene?\u201d.<\/p>\n\n\n\n<p>L\u00ec Giovanni c\u2019era, perdonatemi.<br>Lo saluto adesso io, per tutti noi.<\/p>\n\n\n\n<p>Foto di Giovanni Matta<\/p>\n","protected":false},"excerpt":{"rendered":"<p>Il cartello da anni recita \u201cDa Francesca ortaggi e frutta\u201d. [&hellip;]<\/p>\n","protected":false},"author":3,"featured_media":16630,"comment_status":"open","ping_status":"open","sticky":false,"template":"","format":"standard","meta":{"_acf_changed":false,"footnotes":""},"categories":[448],"tags":[750],"class_list":["post-16629","post","type-post","status-publish","format-standard","has-post-thumbnail","hentry","category-le-genti-pantesche","tag-frutta-ortaggi-giovanni-origano-pomodoroseccagno-fichi-fichisecchi-alloro"],"acf":[],"yoast_head":"<!-- This site is optimized with the Yoast SEO plugin v27.3 - https:\/\/yoast.com\/product\/yoast-seo-wordpress\/ -->\n<title>&quot;Frutta e ortaggi da Francesca e Giovanni&quot; | Il Dammuso<\/title>\n<meta name=\"description\" content=\"&quot;&quot;Frutta e ortaggi da Francesca e Giovanni&quot;&quot;: leggi l&#039;articolo completo nel blog de Il Dammuso!\" \/>\n<meta name=\"robots\" content=\"index, follow, max-snippet:-1, max-image-preview:large, max-video-preview:-1\" \/>\n<link rel=\"canonical\" href=\"https:\/\/www.ildammuso.com\/it\/frutta-e-ortaggi-da-francesca-e-giovanni\/\" \/>\n<meta property=\"og:locale\" content=\"it_IT\" \/>\n<meta property=\"og:type\" content=\"article\" \/>\n<meta property=\"og:title\" content=\"&quot;Frutta e ortaggi da Francesca e Giovanni&quot; | Il Dammuso\" \/>\n<meta property=\"og:description\" content=\"&quot;&quot;Frutta e ortaggi da Francesca e Giovanni&quot;&quot;: leggi l&#039;articolo completo nel blog de Il Dammuso!\" \/>\n<meta property=\"og:url\" content=\"https:\/\/www.ildammuso.com\/it\/frutta-e-ortaggi-da-francesca-e-giovanni\/\" \/>\n<meta property=\"og:site_name\" content=\"Il Dammuso\" \/>\n<meta property=\"article:publisher\" content=\"https:\/\/www.facebook.com\/ildammusodipantelleria\/\" \/>\n<meta property=\"article:published_time\" content=\"2022-10-18T11:26:34+00:00\" \/>\n<meta property=\"article:modified_time\" content=\"2022-10-18T11:41:49+00:00\" \/>\n<meta property=\"og:image\" content=\"https:\/\/storage1254.cdn-immedia.net\/wp-content\/uploads\/2022\/10\/giovanni.jpg\" \/>\n\t<meta property=\"og:image:width\" content=\"1201\" \/>\n\t<meta property=\"og:image:height\" content=\"1600\" \/>\n\t<meta property=\"og:image:type\" content=\"image\/jpeg\" \/>\n<meta name=\"author\" content=\"claudia\" \/>\n<meta name=\"twitter:card\" content=\"summary_large_image\" \/>\n<meta name=\"twitter:label1\" content=\"Scritto da\" \/>\n\t<meta name=\"twitter:data1\" content=\"claudia\" \/>\n\t<meta name=\"twitter:label2\" content=\"Tempo di lettura stimato\" \/>\n\t<meta name=\"twitter:data2\" content=\"2 minuti\" \/>\n<script type=\"application\/ld+json\" class=\"yoast-schema-graph\">{\"@context\":\"https:\\\/\\\/schema.org\",\"@graph\":[{\"@type\":\"Article\",\"@id\":\"https:\\\/\\\/www.ildammuso.com\\\/it\\\/frutta-e-ortaggi-da-francesca-e-giovanni\\\/#article\",\"isPartOf\":{\"@id\":\"https:\\\/\\\/www.ildammuso.com\\\/it\\\/frutta-e-ortaggi-da-francesca-e-giovanni\\\/\"},\"author\":{\"name\":\"claudia\",\"@id\":\"https:\\\/\\\/www.ildammuso.com\\\/it\\\/#\\\/schema\\\/person\\\/a97bc2634c1ae772b6efbb07fef2b3a8\"},\"headline\":\"&#8220;Frutta e ortaggi da Francesca e Giovanni&#8221;\",\"datePublished\":\"2022-10-18T11:26:34+00:00\",\"dateModified\":\"2022-10-18T11:41:49+00:00\",\"mainEntityOfPage\":{\"@id\":\"https:\\\/\\\/www.ildammuso.com\\\/it\\\/frutta-e-ortaggi-da-francesca-e-giovanni\\\/\"},\"wordCount\":334,\"commentCount\":0,\"publisher\":{\"@id\":\"https:\\\/\\\/www.ildammuso.com\\\/it\\\/#organization\"},\"image\":{\"@id\":\"https:\\\/\\\/www.ildammuso.com\\\/it\\\/frutta-e-ortaggi-da-francesca-e-giovanni\\\/#primaryimage\"},\"thumbnailUrl\":\"https:\\\/\\\/www.ildammuso.com\\\/wp-content\\\/uploads\\\/2022\\\/10\\\/giovanni.jpg\",\"keywords\":[\"frutta ortaggi giovanni origano pomodoroseccagno fichi fichisecchi alloro\"],\"articleSection\":[\"Le genti pantesche\"],\"inLanguage\":\"it-IT\",\"potentialAction\":[{\"@type\":\"CommentAction\",\"name\":\"Comment\",\"target\":[\"https:\\\/\\\/www.ildammuso.com\\\/it\\\/frutta-e-ortaggi-da-francesca-e-giovanni\\\/#respond\"]}]},{\"@type\":\"WebPage\",\"@id\":\"https:\\\/\\\/www.ildammuso.com\\\/it\\\/frutta-e-ortaggi-da-francesca-e-giovanni\\\/\",\"url\":\"https:\\\/\\\/www.ildammuso.com\\\/it\\\/frutta-e-ortaggi-da-francesca-e-giovanni\\\/\",\"name\":\"\\\"Frutta e ortaggi da Francesca e Giovanni\\\" | Il Dammuso\",\"isPartOf\":{\"@id\":\"https:\\\/\\\/www.ildammuso.com\\\/it\\\/#website\"},\"primaryImageOfPage\":{\"@id\":\"https:\\\/\\\/www.ildammuso.com\\\/it\\\/frutta-e-ortaggi-da-francesca-e-giovanni\\\/#primaryimage\"},\"image\":{\"@id\":\"https:\\\/\\\/www.ildammuso.com\\\/it\\\/frutta-e-ortaggi-da-francesca-e-giovanni\\\/#primaryimage\"},\"thumbnailUrl\":\"https:\\\/\\\/www.ildammuso.com\\\/wp-content\\\/uploads\\\/2022\\\/10\\\/giovanni.jpg\",\"datePublished\":\"2022-10-18T11:26:34+00:00\",\"dateModified\":\"2022-10-18T11:41:49+00:00\",\"description\":\"\\\"\\\"Frutta e ortaggi da Francesca e Giovanni\\\"\\\": leggi l'articolo completo nel blog de Il Dammuso!\",\"breadcrumb\":{\"@id\":\"https:\\\/\\\/www.ildammuso.com\\\/it\\\/frutta-e-ortaggi-da-francesca-e-giovanni\\\/#breadcrumb\"},\"inLanguage\":\"it-IT\",\"potentialAction\":[{\"@type\":\"ReadAction\",\"target\":[\"https:\\\/\\\/www.ildammuso.com\\\/it\\\/frutta-e-ortaggi-da-francesca-e-giovanni\\\/\"]}]},{\"@type\":\"ImageObject\",\"inLanguage\":\"it-IT\",\"@id\":\"https:\\\/\\\/www.ildammuso.com\\\/it\\\/frutta-e-ortaggi-da-francesca-e-giovanni\\\/#primaryimage\",\"url\":\"https:\\\/\\\/www.ildammuso.com\\\/wp-content\\\/uploads\\\/2022\\\/10\\\/giovanni.jpg\",\"contentUrl\":\"https:\\\/\\\/www.ildammuso.com\\\/wp-content\\\/uploads\\\/2022\\\/10\\\/giovanni.jpg\",\"width\":1201,\"height\":1600},{\"@type\":\"BreadcrumbList\",\"@id\":\"https:\\\/\\\/www.ildammuso.com\\\/it\\\/frutta-e-ortaggi-da-francesca-e-giovanni\\\/#breadcrumb\",\"itemListElement\":[{\"@type\":\"ListItem\",\"position\":1,\"name\":\"Home\",\"item\":\"https:\\\/\\\/www.ildammuso.com\\\/it\\\/\"},{\"@type\":\"ListItem\",\"position\":2,\"name\":\"&nbsp;\"}]},{\"@type\":\"WebSite\",\"@id\":\"https:\\\/\\\/www.ildammuso.com\\\/it\\\/#website\",\"url\":\"https:\\\/\\\/www.ildammuso.com\\\/it\\\/\",\"name\":\"Il Dammuso\",\"description\":\"Il tuo Dammuso a Pantelleria\",\"publisher\":{\"@id\":\"https:\\\/\\\/www.ildammuso.com\\\/it\\\/#organization\"},\"potentialAction\":[{\"@type\":\"SearchAction\",\"target\":{\"@type\":\"EntryPoint\",\"urlTemplate\":\"https:\\\/\\\/www.ildammuso.com\\\/it\\\/?s={search_term_string}\"},\"query-input\":{\"@type\":\"PropertyValueSpecification\",\"valueRequired\":true,\"valueName\":\"search_term_string\"}}],\"inLanguage\":\"it-IT\"},{\"@type\":\"Organization\",\"@id\":\"https:\\\/\\\/www.ildammuso.com\\\/it\\\/#organization\",\"name\":\"Il Dammuso\",\"url\":\"https:\\\/\\\/www.ildammuso.com\\\/it\\\/\",\"logo\":{\"@type\":\"ImageObject\",\"inLanguage\":\"it-IT\",\"@id\":\"https:\\\/\\\/www.ildammuso.com\\\/it\\\/#\\\/schema\\\/logo\\\/image\\\/\",\"url\":\"https:\\\/\\\/www.ildammuso.com\\\/wp-content\\\/uploads\\\/2022\\\/06\\\/logo-ildammuso.jpg\",\"contentUrl\":\"https:\\\/\\\/www.ildammuso.com\\\/wp-content\\\/uploads\\\/2022\\\/06\\\/logo-ildammuso.jpg\",\"width\":426,\"height\":395,\"caption\":\"Il Dammuso\"},\"image\":{\"@id\":\"https:\\\/\\\/www.ildammuso.com\\\/it\\\/#\\\/schema\\\/logo\\\/image\\\/\"},\"sameAs\":[\"https:\\\/\\\/www.facebook.com\\\/ildammusodipantelleria\\\/\",\"https:\\\/\\\/www.instagram.com\\\/ildammusogram\\\/\"]},{\"@type\":\"Person\",\"@id\":\"https:\\\/\\\/www.ildammuso.com\\\/it\\\/#\\\/schema\\\/person\\\/a97bc2634c1ae772b6efbb07fef2b3a8\",\"name\":\"claudia\",\"image\":{\"@type\":\"ImageObject\",\"inLanguage\":\"it-IT\",\"@id\":\"https:\\\/\\\/secure.gravatar.com\\\/avatar\\\/bfa9e85032faeaffeaaafd48c7c09ad8da852ff133d8361db8721aff28093ebe?s=96&d=mm&r=g\",\"url\":\"https:\\\/\\\/secure.gravatar.com\\\/avatar\\\/bfa9e85032faeaffeaaafd48c7c09ad8da852ff133d8361db8721aff28093ebe?s=96&d=mm&r=g\",\"contentUrl\":\"https:\\\/\\\/secure.gravatar.com\\\/avatar\\\/bfa9e85032faeaffeaaafd48c7c09ad8da852ff133d8361db8721aff28093ebe?s=96&d=mm&r=g\",\"caption\":\"claudia\"}}]}<\/script>\n<!-- \/ Yoast SEO plugin. -->","yoast_head_json":{"title":"\"Frutta e ortaggi da Francesca e Giovanni\" | Il Dammuso","description":"\"\"Frutta e ortaggi da Francesca e Giovanni\"\": leggi l'articolo completo nel blog de Il Dammuso!","robots":{"index":"index","follow":"follow","max-snippet":"max-snippet:-1","max-image-preview":"max-image-preview:large","max-video-preview":"max-video-preview:-1"},"canonical":"https:\/\/www.ildammuso.com\/it\/frutta-e-ortaggi-da-francesca-e-giovanni\/","og_locale":"it_IT","og_type":"article","og_title":"\"Frutta e ortaggi da Francesca e Giovanni\" | Il Dammuso","og_description":"\"\"Frutta e ortaggi da Francesca e Giovanni\"\": leggi l'articolo completo nel blog de Il Dammuso!","og_url":"https:\/\/www.ildammuso.com\/it\/frutta-e-ortaggi-da-francesca-e-giovanni\/","og_site_name":"Il Dammuso","article_publisher":"https:\/\/www.facebook.com\/ildammusodipantelleria\/","article_published_time":"2022-10-18T11:26:34+00:00","article_modified_time":"2022-10-18T11:41:49+00:00","og_image":[{"width":1201,"height":1600,"url":"https:\/\/storage1254.cdn-immedia.net\/wp-content\/uploads\/2022\/10\/giovanni.jpg","type":"image\/jpeg"}],"author":"claudia","twitter_card":"summary_large_image","twitter_misc":{"Scritto da":"claudia","Tempo di lettura stimato":"2 minuti"},"schema":{"@context":"https:\/\/schema.org","@graph":[{"@type":"Article","@id":"https:\/\/www.ildammuso.com\/it\/frutta-e-ortaggi-da-francesca-e-giovanni\/#article","isPartOf":{"@id":"https:\/\/www.ildammuso.com\/it\/frutta-e-ortaggi-da-francesca-e-giovanni\/"},"author":{"name":"claudia","@id":"https:\/\/www.ildammuso.com\/it\/#\/schema\/person\/a97bc2634c1ae772b6efbb07fef2b3a8"},"headline":"&#8220;Frutta e ortaggi da Francesca e Giovanni&#8221;","datePublished":"2022-10-18T11:26:34+00:00","dateModified":"2022-10-18T11:41:49+00:00","mainEntityOfPage":{"@id":"https:\/\/www.ildammuso.com\/it\/frutta-e-ortaggi-da-francesca-e-giovanni\/"},"wordCount":334,"commentCount":0,"publisher":{"@id":"https:\/\/www.ildammuso.com\/it\/#organization"},"image":{"@id":"https:\/\/www.ildammuso.com\/it\/frutta-e-ortaggi-da-francesca-e-giovanni\/#primaryimage"},"thumbnailUrl":"https:\/\/storage1254.cdn-immedia.net\/wp-content\/uploads\/2022\/10\/giovanni.jpg","keywords":["frutta ortaggi giovanni origano pomodoroseccagno fichi fichisecchi alloro"],"articleSection":["Le genti pantesche"],"inLanguage":"it-IT","potentialAction":[{"@type":"CommentAction","name":"Comment","target":["https:\/\/www.ildammuso.com\/it\/frutta-e-ortaggi-da-francesca-e-giovanni\/#respond"]}]},{"@type":"WebPage","@id":"https:\/\/www.ildammuso.com\/it\/frutta-e-ortaggi-da-francesca-e-giovanni\/","url":"https:\/\/www.ildammuso.com\/it\/frutta-e-ortaggi-da-francesca-e-giovanni\/","name":"\"Frutta e ortaggi da Francesca e Giovanni\" | Il Dammuso","isPartOf":{"@id":"https:\/\/www.ildammuso.com\/it\/#website"},"primaryImageOfPage":{"@id":"https:\/\/www.ildammuso.com\/it\/frutta-e-ortaggi-da-francesca-e-giovanni\/#primaryimage"},"image":{"@id":"https:\/\/www.ildammuso.com\/it\/frutta-e-ortaggi-da-francesca-e-giovanni\/#primaryimage"},"thumbnailUrl":"https:\/\/storage1254.cdn-immedia.net\/wp-content\/uploads\/2022\/10\/giovanni.jpg","datePublished":"2022-10-18T11:26:34+00:00","dateModified":"2022-10-18T11:41:49+00:00","description":"\"\"Frutta e ortaggi da Francesca e Giovanni\"\": leggi l'articolo completo nel blog de Il Dammuso!","breadcrumb":{"@id":"https:\/\/www.ildammuso.com\/it\/frutta-e-ortaggi-da-francesca-e-giovanni\/#breadcrumb"},"inLanguage":"it-IT","potentialAction":[{"@type":"ReadAction","target":["https:\/\/www.ildammuso.com\/it\/frutta-e-ortaggi-da-francesca-e-giovanni\/"]}]},{"@type":"ImageObject","inLanguage":"it-IT","@id":"https:\/\/www.ildammuso.com\/it\/frutta-e-ortaggi-da-francesca-e-giovanni\/#primaryimage","url":"https:\/\/storage1254.cdn-immedia.net\/wp-content\/uploads\/2022\/10\/giovanni.jpg","contentUrl":"https:\/\/storage1254.cdn-immedia.net\/wp-content\/uploads\/2022\/10\/giovanni.jpg","width":1201,"height":1600},{"@type":"BreadcrumbList","@id":"https:\/\/www.ildammuso.com\/it\/frutta-e-ortaggi-da-francesca-e-giovanni\/#breadcrumb","itemListElement":[{"@type":"ListItem","position":1,"name":"Home","item":"https:\/\/www.ildammuso.com\/it\/"},{"@type":"ListItem","position":2,"name":"&nbsp;"}]},{"@type":"WebSite","@id":"https:\/\/www.ildammuso.com\/it\/#website","url":"https:\/\/www.ildammuso.com\/it\/","name":"Il Dammuso","description":"Il tuo Dammuso a Pantelleria","publisher":{"@id":"https:\/\/www.ildammuso.com\/it\/#organization"},"potentialAction":[{"@type":"SearchAction","target":{"@type":"EntryPoint","urlTemplate":"https:\/\/www.ildammuso.com\/it\/?s={search_term_string}"},"query-input":{"@type":"PropertyValueSpecification","valueRequired":true,"valueName":"search_term_string"}}],"inLanguage":"it-IT"},{"@type":"Organization","@id":"https:\/\/www.ildammuso.com\/it\/#organization","name":"Il Dammuso","url":"https:\/\/www.ildammuso.com\/it\/","logo":{"@type":"ImageObject","inLanguage":"it-IT","@id":"https:\/\/www.ildammuso.com\/it\/#\/schema\/logo\/image\/","url":"https:\/\/storage1254.cdn-immedia.net\/wp-content\/uploads\/2022\/06\/logo-ildammuso.jpg","contentUrl":"https:\/\/storage1254.cdn-immedia.net\/wp-content\/uploads\/2022\/06\/logo-ildammuso.jpg","width":426,"height":395,"caption":"Il Dammuso"},"image":{"@id":"https:\/\/www.ildammuso.com\/it\/#\/schema\/logo\/image\/"},"sameAs":["https:\/\/www.facebook.com\/ildammusodipantelleria\/","https:\/\/www.instagram.com\/ildammusogram\/"]},{"@type":"Person","@id":"https:\/\/www.ildammuso.com\/it\/#\/schema\/person\/a97bc2634c1ae772b6efbb07fef2b3a8","name":"claudia","image":{"@type":"ImageObject","inLanguage":"it-IT","@id":"https:\/\/secure.gravatar.com\/avatar\/bfa9e85032faeaffeaaafd48c7c09ad8da852ff133d8361db8721aff28093ebe?s=96&d=mm&r=g","url":"https:\/\/secure.gravatar.com\/avatar\/bfa9e85032faeaffeaaafd48c7c09ad8da852ff133d8361db8721aff28093ebe?s=96&d=mm&r=g","contentUrl":"https:\/\/secure.gravatar.com\/avatar\/bfa9e85032faeaffeaaafd48c7c09ad8da852ff133d8361db8721aff28093ebe?s=96&d=mm&r=g","caption":"claudia"}}]}},"_links":{"self":[{"href":"https:\/\/www.ildammuso.com\/it\/wp-json\/wp\/v2\/posts\/16629","targetHints":{"allow":["GET"]}}],"collection":[{"href":"https:\/\/www.ildammuso.com\/it\/wp-json\/wp\/v2\/posts"}],"about":[{"href":"https:\/\/www.ildammuso.com\/it\/wp-json\/wp\/v2\/types\/post"}],"author":[{"embeddable":true,"href":"https:\/\/www.ildammuso.com\/it\/wp-json\/wp\/v2\/users\/3"}],"replies":[{"embeddable":true,"href":"https:\/\/www.ildammuso.com\/it\/wp-json\/wp\/v2\/comments?post=16629"}],"version-history":[{"count":2,"href":"https:\/\/www.ildammuso.com\/it\/wp-json\/wp\/v2\/posts\/16629\/revisions"}],"predecessor-version":[{"id":16633,"href":"https:\/\/www.ildammuso.com\/it\/wp-json\/wp\/v2\/posts\/16629\/revisions\/16633"}],"wp:featuredmedia":[{"embeddable":true,"href":"https:\/\/www.ildammuso.com\/it\/wp-json\/wp\/v2\/media\/16630"}],"wp:attachment":[{"href":"https:\/\/www.ildammuso.com\/it\/wp-json\/wp\/v2\/media?parent=16629"}],"wp:term":[{"taxonomy":"category","embeddable":true,"href":"https:\/\/www.ildammuso.com\/it\/wp-json\/wp\/v2\/categories?post=16629"},{"taxonomy":"post_tag","embeddable":true,"href":"https:\/\/www.ildammuso.com\/it\/wp-json\/wp\/v2\/tags?post=16629"}],"curies":[{"name":"wp","href":"https:\/\/api.w.org\/{rel}","templated":true}]}}