{"id":16717,"date":"2022-11-01T11:37:56","date_gmt":"2022-11-01T10:37:56","guid":{"rendered":"https:\/\/www.ildammuso.com\/?p=16717"},"modified":"2022-11-14T11:46:46","modified_gmt":"2022-11-14T10:46:46","slug":"una-festa-per-chi-non-ce-piu","status":"publish","type":"post","link":"https:\/\/www.ildammuso.com\/it\/una-festa-per-chi-non-ce-piu\/","title":{"rendered":"Una festa per chi non c&#8217;\u00e8 pi\u00f9"},"content":{"rendered":"\n<p>La \u201cFesta dei morti\u201d si celebra in Sicilia il 2 novembre e, si dice, che questa tradizione sia datata attorno al X secolo.<\/p>\n\n\n\n<p>A Pantelleria \u00e8 attesa come la festa anticipatoria di una lunga serie di ricorrenze gioiose che si concluderanno con i tre mesi del famoso carnevale pantesco.<\/p>\n\n\n\n<p>Tra Celti e Romani la tradizione di celebrare i morti \u00e8 passata di popolo in popolo e ciascuno l\u2019ha trasformata a seconda della sua cultura e del suo territorio.<\/p>\n\n\n\n<p>Nel sud Italia questa festa assume <a><\/a>contorni originali e si impegna nell\u2019arduo compito di avvicinare i bambini al concetto del trapasso in maniera non luttuosa ma gioiosa.<\/p>\n\n\n\n<p>Si narra ai bambini siciliani che nella notte a cavallo tra il primo e il secondo giorno di novembre i nostri cari estinti vengano a trovarci, casa per casa, lasciando doni qui e l\u00ec, nascondendoli nei posti pi\u00f9 impensati cosicch\u00e9 al risveglio i piccoli possano dedicarsi ad una specie di caccia al tesoro per individuare doni e leccornie lasciati a loro da chi, ormai, ci ha lasciati per sempre.<\/p>\n\n\n\n<p>Il concetto di \u0398\u03ac\u03bd\u03b1\u03c4\u03bf\u03c2, che aleggia su tutti i popoli a sud del mondo ne ha modificato la cultura, l\u2019ha plasmata a seconda dei territori e della natura propria delle genti.<\/p>\n\n\n\n<p>Nel caso specifico l\u2019essenza della festa \u00e8 nel tentativo di indurre i bambini a modificare il concetto di morte e abbandono, facendo credere loro che i defunti pensano ancora ai viventi con dolcezza, allegria e amore.<\/p>\n\n\n\n<p>Di converso nello stesso giorno adulti e bambini si recano nei cimiteri a portare fiori a chi non c\u2019\u00e8 pi\u00f9, come segno di riconoscenza e come dimostrazione del fatto che anche i viventi conservano memoria dei loro cari estinti.<\/p>\n\n\n\n<p>Trovare il regalo desiderato, frutta secca, dolci di pasta di mandorle, le pupe di zucchero (tipiche della tradizione siciliana), caramelle e ciambelle sono consolazione, memoria e futuro.<\/p>\n\n\n\n<p>Che i popoli del sud siano ricchi di fantasia e ingegno \u00e8 cosa ben nota.<\/p>\n\n\n\n<p>Che trascorrano la vita nel continuo passaggio tra tragedia \u00e8 farsa \u00e8 cosa altrettanto nota.<\/p>\n\n\n\n<p>Che sappiano ispirare, con ricorrenze a met\u00e0 tra magia e sogno, le giovani generazioni \u00e8 altrettanto risaputo.<\/p>\n\n\n\n<p>Si attende soltanto che dal passato apprendano lezioni per il futuro e che quest\u2019anno, come per gli anni a venire, tra le bancherelle dei mercatini per la festa dei morti, ci siano pi\u00f9 \u201cdolcetti e scherzetti\u201d e meno armi giocattolo.<\/p>\n\n\n\n<p>Buona festa a tutti, a grandi e piccini.<\/p>\n\n\n\n<p>Foto di <a href=\"https:\/\/www.facebook.com\/giovanni.matta.5?__cft__[0]=AZVXqprVX__1gpy2YZwNzBhQlvNhfoPlNpFFozMM70T4veA7Dn7aMdkexza4G7izlBsk9v3ztPiWtgdNug3AHy7KATfYK_nS789AKuzB8h7dhe6GXyMGRxrCzwkIx4kY0mdPch0FS4sR3wy5GHGdfpjf96O-PSUh5e5nj52ha5ptll2MrD--9gHqgEVURiqJ_2KpMtUoZS0tLpoGXIvbB-15&amp;__tn__=-]K-R\">Giovanni Matta<\/a><\/p>\n","protected":false},"excerpt":{"rendered":"<p>La \u201cFesta dei morti\u201d si celebra in Sicilia il 2 [&hellip;]<\/p>\n","protected":false},"author":3,"featured_media":16726,"comment_status":"open","ping_status":"open","sticky":false,"template":"","format":"standard","meta":{"_acf_changed":false,"footnotes":""},"categories":[447],"tags":[758,92,91,760,759],"class_list":["post-16717","post","type-post","status-publish","format-standard","has-post-thumbnail","hentry","category-corsi-e-ricorsi","tag-ildammuso-festadeimorti","tag-isola","tag-pantelleria","tag-sole","tag-vacanzeapantelleria-2"],"acf":[],"yoast_head":"<!-- This site is optimized with the Yoast SEO plugin v27.3 - https:\/\/yoast.com\/product\/yoast-seo-wordpress\/ -->\n<title>Una festa per chi non c&#039;\u00e8 pi\u00f9 | Il Dammuso<\/title>\n<meta name=\"description\" content=\"&quot;Una festa per chi non c&#039;\u00e8 pi\u00f9&quot;: leggi l&#039;articolo completo nel blog de Il Dammuso!\" \/>\n<meta name=\"robots\" content=\"index, follow, max-snippet:-1, max-image-preview:large, max-video-preview:-1\" \/>\n<link rel=\"canonical\" href=\"https:\/\/www.ildammuso.com\/it\/una-festa-per-chi-non-ce-piu\/\" \/>\n<meta property=\"og:locale\" content=\"it_IT\" \/>\n<meta property=\"og:type\" content=\"article\" \/>\n<meta property=\"og:title\" content=\"Una festa per chi non c&#039;\u00e8 pi\u00f9 | Il Dammuso\" \/>\n<meta property=\"og:description\" content=\"&quot;Una festa per chi non c&#039;\u00e8 pi\u00f9&quot;: leggi l&#039;articolo completo nel blog de Il Dammuso!\" \/>\n<meta property=\"og:url\" content=\"https:\/\/www.ildammuso.com\/it\/una-festa-per-chi-non-ce-piu\/\" \/>\n<meta property=\"og:site_name\" content=\"Il Dammuso\" \/>\n<meta property=\"article:publisher\" content=\"https:\/\/www.facebook.com\/ildammusodipantelleria\/\" \/>\n<meta property=\"article:published_time\" content=\"2022-11-01T10:37:56+00:00\" \/>\n<meta property=\"article:modified_time\" content=\"2022-11-14T10:46:46+00:00\" \/>\n<meta property=\"og:image\" content=\"https:\/\/storage1254.cdn-immedia.net\/wp-content\/uploads\/2022\/11\/morti-1.jpg\" \/>\n\t<meta property=\"og:image:width\" content=\"1280\" \/>\n\t<meta property=\"og:image:height\" content=\"853\" \/>\n\t<meta property=\"og:image:type\" content=\"image\/jpeg\" \/>\n<meta name=\"author\" content=\"claudia\" \/>\n<meta name=\"twitter:card\" content=\"summary_large_image\" \/>\n<meta name=\"twitter:label1\" content=\"Scritto da\" \/>\n\t<meta name=\"twitter:data1\" content=\"claudia\" \/>\n\t<meta name=\"twitter:label2\" content=\"Tempo di lettura stimato\" \/>\n\t<meta name=\"twitter:data2\" content=\"3 minuti\" \/>\n<script type=\"application\/ld+json\" class=\"yoast-schema-graph\">{\"@context\":\"https:\\\/\\\/schema.org\",\"@graph\":[{\"@type\":\"Article\",\"@id\":\"https:\\\/\\\/www.ildammuso.com\\\/it\\\/una-festa-per-chi-non-ce-piu\\\/#article\",\"isPartOf\":{\"@id\":\"https:\\\/\\\/www.ildammuso.com\\\/it\\\/una-festa-per-chi-non-ce-piu\\\/\"},\"author\":{\"name\":\"claudia\",\"@id\":\"https:\\\/\\\/www.ildammuso.com\\\/it\\\/#\\\/schema\\\/person\\\/a97bc2634c1ae772b6efbb07fef2b3a8\"},\"headline\":\"Una festa per chi non c&#8217;\u00e8 pi\u00f9\",\"datePublished\":\"2022-11-01T10:37:56+00:00\",\"dateModified\":\"2022-11-14T10:46:46+00:00\",\"mainEntityOfPage\":{\"@id\":\"https:\\\/\\\/www.ildammuso.com\\\/it\\\/una-festa-per-chi-non-ce-piu\\\/\"},\"wordCount\":409,\"commentCount\":0,\"publisher\":{\"@id\":\"https:\\\/\\\/www.ildammuso.com\\\/it\\\/#organization\"},\"image\":{\"@id\":\"https:\\\/\\\/www.ildammuso.com\\\/it\\\/una-festa-per-chi-non-ce-piu\\\/#primaryimage\"},\"thumbnailUrl\":\"https:\\\/\\\/www.ildammuso.com\\\/wp-content\\\/uploads\\\/2022\\\/11\\\/morti-1.jpg\",\"keywords\":[\"ildammuso festadeimorti\",\"isola\",\"pantelleria\",\"sole\",\"vacanzeapantelleria\"],\"articleSection\":[\"Corsi e ricorsi\"],\"inLanguage\":\"it-IT\",\"potentialAction\":[{\"@type\":\"CommentAction\",\"name\":\"Comment\",\"target\":[\"https:\\\/\\\/www.ildammuso.com\\\/it\\\/una-festa-per-chi-non-ce-piu\\\/#respond\"]}]},{\"@type\":\"WebPage\",\"@id\":\"https:\\\/\\\/www.ildammuso.com\\\/it\\\/una-festa-per-chi-non-ce-piu\\\/\",\"url\":\"https:\\\/\\\/www.ildammuso.com\\\/it\\\/una-festa-per-chi-non-ce-piu\\\/\",\"name\":\"Una festa per chi non c'\u00e8 pi\u00f9 | Il Dammuso\",\"isPartOf\":{\"@id\":\"https:\\\/\\\/www.ildammuso.com\\\/it\\\/#website\"},\"primaryImageOfPage\":{\"@id\":\"https:\\\/\\\/www.ildammuso.com\\\/it\\\/una-festa-per-chi-non-ce-piu\\\/#primaryimage\"},\"image\":{\"@id\":\"https:\\\/\\\/www.ildammuso.com\\\/it\\\/una-festa-per-chi-non-ce-piu\\\/#primaryimage\"},\"thumbnailUrl\":\"https:\\\/\\\/www.ildammuso.com\\\/wp-content\\\/uploads\\\/2022\\\/11\\\/morti-1.jpg\",\"datePublished\":\"2022-11-01T10:37:56+00:00\",\"dateModified\":\"2022-11-14T10:46:46+00:00\",\"description\":\"\\\"Una festa per chi non c'\u00e8 pi\u00f9\\\": leggi l'articolo completo nel blog de Il Dammuso!\",\"breadcrumb\":{\"@id\":\"https:\\\/\\\/www.ildammuso.com\\\/it\\\/una-festa-per-chi-non-ce-piu\\\/#breadcrumb\"},\"inLanguage\":\"it-IT\",\"potentialAction\":[{\"@type\":\"ReadAction\",\"target\":[\"https:\\\/\\\/www.ildammuso.com\\\/it\\\/una-festa-per-chi-non-ce-piu\\\/\"]}]},{\"@type\":\"ImageObject\",\"inLanguage\":\"it-IT\",\"@id\":\"https:\\\/\\\/www.ildammuso.com\\\/it\\\/una-festa-per-chi-non-ce-piu\\\/#primaryimage\",\"url\":\"https:\\\/\\\/www.ildammuso.com\\\/wp-content\\\/uploads\\\/2022\\\/11\\\/morti-1.jpg\",\"contentUrl\":\"https:\\\/\\\/www.ildammuso.com\\\/wp-content\\\/uploads\\\/2022\\\/11\\\/morti-1.jpg\",\"width\":1280,\"height\":853,\"caption\":\"dammuso a mare di pantelleria\"},{\"@type\":\"BreadcrumbList\",\"@id\":\"https:\\\/\\\/www.ildammuso.com\\\/it\\\/una-festa-per-chi-non-ce-piu\\\/#breadcrumb\",\"itemListElement\":[{\"@type\":\"ListItem\",\"position\":1,\"name\":\"Home\",\"item\":\"https:\\\/\\\/www.ildammuso.com\\\/it\\\/\"},{\"@type\":\"ListItem\",\"position\":2,\"name\":\"&nbsp;\"}]},{\"@type\":\"WebSite\",\"@id\":\"https:\\\/\\\/www.ildammuso.com\\\/it\\\/#website\",\"url\":\"https:\\\/\\\/www.ildammuso.com\\\/it\\\/\",\"name\":\"Il Dammuso\",\"description\":\"Il tuo Dammuso a Pantelleria\",\"publisher\":{\"@id\":\"https:\\\/\\\/www.ildammuso.com\\\/it\\\/#organization\"},\"potentialAction\":[{\"@type\":\"SearchAction\",\"target\":{\"@type\":\"EntryPoint\",\"urlTemplate\":\"https:\\\/\\\/www.ildammuso.com\\\/it\\\/?s={search_term_string}\"},\"query-input\":{\"@type\":\"PropertyValueSpecification\",\"valueRequired\":true,\"valueName\":\"search_term_string\"}}],\"inLanguage\":\"it-IT\"},{\"@type\":\"Organization\",\"@id\":\"https:\\\/\\\/www.ildammuso.com\\\/it\\\/#organization\",\"name\":\"Il Dammuso\",\"url\":\"https:\\\/\\\/www.ildammuso.com\\\/it\\\/\",\"logo\":{\"@type\":\"ImageObject\",\"inLanguage\":\"it-IT\",\"@id\":\"https:\\\/\\\/www.ildammuso.com\\\/it\\\/#\\\/schema\\\/logo\\\/image\\\/\",\"url\":\"https:\\\/\\\/www.ildammuso.com\\\/wp-content\\\/uploads\\\/2022\\\/06\\\/logo-ildammuso.jpg\",\"contentUrl\":\"https:\\\/\\\/www.ildammuso.com\\\/wp-content\\\/uploads\\\/2022\\\/06\\\/logo-ildammuso.jpg\",\"width\":426,\"height\":395,\"caption\":\"Il Dammuso\"},\"image\":{\"@id\":\"https:\\\/\\\/www.ildammuso.com\\\/it\\\/#\\\/schema\\\/logo\\\/image\\\/\"},\"sameAs\":[\"https:\\\/\\\/www.facebook.com\\\/ildammusodipantelleria\\\/\",\"https:\\\/\\\/www.instagram.com\\\/ildammusogram\\\/\"]},{\"@type\":\"Person\",\"@id\":\"https:\\\/\\\/www.ildammuso.com\\\/it\\\/#\\\/schema\\\/person\\\/a97bc2634c1ae772b6efbb07fef2b3a8\",\"name\":\"claudia\",\"image\":{\"@type\":\"ImageObject\",\"inLanguage\":\"it-IT\",\"@id\":\"https:\\\/\\\/secure.gravatar.com\\\/avatar\\\/bfa9e85032faeaffeaaafd48c7c09ad8da852ff133d8361db8721aff28093ebe?s=96&d=mm&r=g\",\"url\":\"https:\\\/\\\/secure.gravatar.com\\\/avatar\\\/bfa9e85032faeaffeaaafd48c7c09ad8da852ff133d8361db8721aff28093ebe?s=96&d=mm&r=g\",\"contentUrl\":\"https:\\\/\\\/secure.gravatar.com\\\/avatar\\\/bfa9e85032faeaffeaaafd48c7c09ad8da852ff133d8361db8721aff28093ebe?s=96&d=mm&r=g\",\"caption\":\"claudia\"}}]}<\/script>\n<!-- \/ Yoast SEO plugin. -->","yoast_head_json":{"title":"Una festa per chi non c'\u00e8 pi\u00f9 | Il Dammuso","description":"\"Una festa per chi non c'\u00e8 pi\u00f9\": leggi l'articolo completo nel blog de Il Dammuso!","robots":{"index":"index","follow":"follow","max-snippet":"max-snippet:-1","max-image-preview":"max-image-preview:large","max-video-preview":"max-video-preview:-1"},"canonical":"https:\/\/www.ildammuso.com\/it\/una-festa-per-chi-non-ce-piu\/","og_locale":"it_IT","og_type":"article","og_title":"Una festa per chi non c'\u00e8 pi\u00f9 | Il Dammuso","og_description":"\"Una festa per chi non c'\u00e8 pi\u00f9\": leggi l'articolo completo nel blog de Il Dammuso!","og_url":"https:\/\/www.ildammuso.com\/it\/una-festa-per-chi-non-ce-piu\/","og_site_name":"Il Dammuso","article_publisher":"https:\/\/www.facebook.com\/ildammusodipantelleria\/","article_published_time":"2022-11-01T10:37:56+00:00","article_modified_time":"2022-11-14T10:46:46+00:00","og_image":[{"width":1280,"height":853,"url":"https:\/\/storage1254.cdn-immedia.net\/wp-content\/uploads\/2022\/11\/morti-1.jpg","type":"image\/jpeg"}],"author":"claudia","twitter_card":"summary_large_image","twitter_misc":{"Scritto da":"claudia","Tempo di lettura stimato":"3 minuti"},"schema":{"@context":"https:\/\/schema.org","@graph":[{"@type":"Article","@id":"https:\/\/www.ildammuso.com\/it\/una-festa-per-chi-non-ce-piu\/#article","isPartOf":{"@id":"https:\/\/www.ildammuso.com\/it\/una-festa-per-chi-non-ce-piu\/"},"author":{"name":"claudia","@id":"https:\/\/www.ildammuso.com\/it\/#\/schema\/person\/a97bc2634c1ae772b6efbb07fef2b3a8"},"headline":"Una festa per chi non c&#8217;\u00e8 pi\u00f9","datePublished":"2022-11-01T10:37:56+00:00","dateModified":"2022-11-14T10:46:46+00:00","mainEntityOfPage":{"@id":"https:\/\/www.ildammuso.com\/it\/una-festa-per-chi-non-ce-piu\/"},"wordCount":409,"commentCount":0,"publisher":{"@id":"https:\/\/www.ildammuso.com\/it\/#organization"},"image":{"@id":"https:\/\/www.ildammuso.com\/it\/una-festa-per-chi-non-ce-piu\/#primaryimage"},"thumbnailUrl":"https:\/\/storage1254.cdn-immedia.net\/wp-content\/uploads\/2022\/11\/morti-1.jpg","keywords":["ildammuso festadeimorti","isola","pantelleria","sole","vacanzeapantelleria"],"articleSection":["Corsi e ricorsi"],"inLanguage":"it-IT","potentialAction":[{"@type":"CommentAction","name":"Comment","target":["https:\/\/www.ildammuso.com\/it\/una-festa-per-chi-non-ce-piu\/#respond"]}]},{"@type":"WebPage","@id":"https:\/\/www.ildammuso.com\/it\/una-festa-per-chi-non-ce-piu\/","url":"https:\/\/www.ildammuso.com\/it\/una-festa-per-chi-non-ce-piu\/","name":"Una festa per chi non c'\u00e8 pi\u00f9 | Il Dammuso","isPartOf":{"@id":"https:\/\/www.ildammuso.com\/it\/#website"},"primaryImageOfPage":{"@id":"https:\/\/www.ildammuso.com\/it\/una-festa-per-chi-non-ce-piu\/#primaryimage"},"image":{"@id":"https:\/\/www.ildammuso.com\/it\/una-festa-per-chi-non-ce-piu\/#primaryimage"},"thumbnailUrl":"https:\/\/storage1254.cdn-immedia.net\/wp-content\/uploads\/2022\/11\/morti-1.jpg","datePublished":"2022-11-01T10:37:56+00:00","dateModified":"2022-11-14T10:46:46+00:00","description":"\"Una festa per chi non c'\u00e8 pi\u00f9\": leggi l'articolo completo nel blog de Il Dammuso!","breadcrumb":{"@id":"https:\/\/www.ildammuso.com\/it\/una-festa-per-chi-non-ce-piu\/#breadcrumb"},"inLanguage":"it-IT","potentialAction":[{"@type":"ReadAction","target":["https:\/\/www.ildammuso.com\/it\/una-festa-per-chi-non-ce-piu\/"]}]},{"@type":"ImageObject","inLanguage":"it-IT","@id":"https:\/\/www.ildammuso.com\/it\/una-festa-per-chi-non-ce-piu\/#primaryimage","url":"https:\/\/storage1254.cdn-immedia.net\/wp-content\/uploads\/2022\/11\/morti-1.jpg","contentUrl":"https:\/\/storage1254.cdn-immedia.net\/wp-content\/uploads\/2022\/11\/morti-1.jpg","width":1280,"height":853,"caption":"dammuso a mare di pantelleria"},{"@type":"BreadcrumbList","@id":"https:\/\/www.ildammuso.com\/it\/una-festa-per-chi-non-ce-piu\/#breadcrumb","itemListElement":[{"@type":"ListItem","position":1,"name":"Home","item":"https:\/\/www.ildammuso.com\/it\/"},{"@type":"ListItem","position":2,"name":"&nbsp;"}]},{"@type":"WebSite","@id":"https:\/\/www.ildammuso.com\/it\/#website","url":"https:\/\/www.ildammuso.com\/it\/","name":"Il Dammuso","description":"Il tuo Dammuso a Pantelleria","publisher":{"@id":"https:\/\/www.ildammuso.com\/it\/#organization"},"potentialAction":[{"@type":"SearchAction","target":{"@type":"EntryPoint","urlTemplate":"https:\/\/www.ildammuso.com\/it\/?s={search_term_string}"},"query-input":{"@type":"PropertyValueSpecification","valueRequired":true,"valueName":"search_term_string"}}],"inLanguage":"it-IT"},{"@type":"Organization","@id":"https:\/\/www.ildammuso.com\/it\/#organization","name":"Il Dammuso","url":"https:\/\/www.ildammuso.com\/it\/","logo":{"@type":"ImageObject","inLanguage":"it-IT","@id":"https:\/\/www.ildammuso.com\/it\/#\/schema\/logo\/image\/","url":"https:\/\/storage1254.cdn-immedia.net\/wp-content\/uploads\/2022\/06\/logo-ildammuso.jpg","contentUrl":"https:\/\/storage1254.cdn-immedia.net\/wp-content\/uploads\/2022\/06\/logo-ildammuso.jpg","width":426,"height":395,"caption":"Il Dammuso"},"image":{"@id":"https:\/\/www.ildammuso.com\/it\/#\/schema\/logo\/image\/"},"sameAs":["https:\/\/www.facebook.com\/ildammusodipantelleria\/","https:\/\/www.instagram.com\/ildammusogram\/"]},{"@type":"Person","@id":"https:\/\/www.ildammuso.com\/it\/#\/schema\/person\/a97bc2634c1ae772b6efbb07fef2b3a8","name":"claudia","image":{"@type":"ImageObject","inLanguage":"it-IT","@id":"https:\/\/secure.gravatar.com\/avatar\/bfa9e85032faeaffeaaafd48c7c09ad8da852ff133d8361db8721aff28093ebe?s=96&d=mm&r=g","url":"https:\/\/secure.gravatar.com\/avatar\/bfa9e85032faeaffeaaafd48c7c09ad8da852ff133d8361db8721aff28093ebe?s=96&d=mm&r=g","contentUrl":"https:\/\/secure.gravatar.com\/avatar\/bfa9e85032faeaffeaaafd48c7c09ad8da852ff133d8361db8721aff28093ebe?s=96&d=mm&r=g","caption":"claudia"}}]}},"_links":{"self":[{"href":"https:\/\/www.ildammuso.com\/it\/wp-json\/wp\/v2\/posts\/16717","targetHints":{"allow":["GET"]}}],"collection":[{"href":"https:\/\/www.ildammuso.com\/it\/wp-json\/wp\/v2\/posts"}],"about":[{"href":"https:\/\/www.ildammuso.com\/it\/wp-json\/wp\/v2\/types\/post"}],"author":[{"embeddable":true,"href":"https:\/\/www.ildammuso.com\/it\/wp-json\/wp\/v2\/users\/3"}],"replies":[{"embeddable":true,"href":"https:\/\/www.ildammuso.com\/it\/wp-json\/wp\/v2\/comments?post=16717"}],"version-history":[{"count":1,"href":"https:\/\/www.ildammuso.com\/it\/wp-json\/wp\/v2\/posts\/16717\/revisions"}],"predecessor-version":[{"id":16720,"href":"https:\/\/www.ildammuso.com\/it\/wp-json\/wp\/v2\/posts\/16717\/revisions\/16720"}],"wp:featuredmedia":[{"embeddable":true,"href":"https:\/\/www.ildammuso.com\/it\/wp-json\/wp\/v2\/media\/16726"}],"wp:attachment":[{"href":"https:\/\/www.ildammuso.com\/it\/wp-json\/wp\/v2\/media?parent=16717"}],"wp:term":[{"taxonomy":"category","embeddable":true,"href":"https:\/\/www.ildammuso.com\/it\/wp-json\/wp\/v2\/categories?post=16717"},{"taxonomy":"post_tag","embeddable":true,"href":"https:\/\/www.ildammuso.com\/it\/wp-json\/wp\/v2\/tags?post=16717"}],"curies":[{"name":"wp","href":"https:\/\/api.w.org\/{rel}","templated":true}]}}