{"id":17127,"date":"2023-01-13T17:05:15","date_gmt":"2023-01-13T16:05:15","guid":{"rendered":"https:\/\/www.ildammuso.com\/?p=17127"},"modified":"2023-02-23T11:05:17","modified_gmt":"2023-02-23T10:05:17","slug":"il-temporale-a-pantelleria","status":"publish","type":"post","link":"https:\/\/www.ildammuso.com\/it\/il-temporale-a-pantelleria\/","title":{"rendered":"Il temporale a Pantelleria"},"content":{"rendered":"\n<p>La mia casa a Pantelleria volge a sud-ovest.<br>Ed \u00e8 dalle coste della <a href=\"https:\/\/www.ildammuso.com\/it\/pantelleria-e-tunisia-so-far-so-close\/\">Tunisia<\/a> che io vedo arrivare in prima istanza gli sciami di cumulonembi.<br>Capisco allora che la serata \u00e8 di quelle giuste e saranno scintille.<br>Anzi no, vere e proprie scariche di adrenalina e elettricit\u00e0.<br>Quando lo spettacolo \u00e8 serotino, contemporaneo al calare del sole, il cielo comincia a chiudersi e l\u2019arancione trova spiragli per apparire qua e l\u00e0, con certe pennellate distratte che fanno pensare che lass\u00f9 qualcuno si stia divertendo.<br>L\u2019arancio sparisce l\u2019attimo dopo, coperto da una nube pi\u00f9 scura.<br>Nel frattempo la luce del giorno comincia a scemare e i contorni, quelli che definiscono il confine tra mare e cielo, diventano assolutamente indistinti.<br>Non fosse per qualche imprudente luce di barcaiolo ancora al largo per la pesca.<\/p>\n\n\n\n<p>La mia casa a Pantelleria volge a sud-ovest e i <a href=\"https:\/\/www.ildammuso.com\/it\/mission-impossible\/\">temporali<\/a>, in questo luogo,  hanno qualcosa di magico e estremo che mi incanta.<br>Gli isolani li temono e si stupiscono per la mia fascinazione.<br>Forse sono imprudente, ma quando c\u2019\u00e8 aria di tempesta io mi siedo al riparo, in un angolo preciso del mio &#8220;<a href=\"https:\/\/rubricasicilia.it\/2021\/03\/i-dammusi-dellisola-di-pantelleria\/\">passiature<\/a>&#8221; (leggi, terrazza), ed \u00e8 come se accendessi il mio personalissimo cinemascope.<br>A schiodarmi da l\u00ec pu\u00f2 essere solo un acquazzone di quelli impossibili, per cui, in tutta fretta mi richiudo in casa gi\u00e0 fradicia d\u2019acqua piovana.<br>Ma la pioggerella non mi frena.<br>Il vero spettacolo sono i fulmini che squarciano il buio di netto o di cui intravedi il bagliore al di l\u00e0 delle nuvole.<br>Emozionante quando alcuni di questi saettano conficcandosi in quello che, solo per un istante e grazie alla luce emessa dalla scarica elettrica stessa, intravedi e riconosci come il mare.<br>Sono capace di stare ore a guardare questa meraviglia.<br>Parte di questo tempo lo spendo nel tentativo di fermare dentro uno scatto fotografico il bagliore di una saetta, un flash nel buio, una luce improvvisa che colora la met\u00e0 esatta dei due orizzonti.<\/p>\n\n\n\n<p>Quando vado a letto lo faccio sempre con un certo rammarico, perch\u00e9 tutto mi dice che allo stesso identico spettacolo non mi sar\u00e0 mai pi\u00f9 data la possibilit\u00e0 di partecipare.<br><br>La mia casa a Pantelleria volge a sud-ovest.<br>Peccato che io di rado veda quelli di nord est.<\/p>\n\n\n\n<p>Foto di Claudia Picciotto<\/p>\n","protected":false},"excerpt":{"rendered":"<p>La mia casa a Pantelleria volge a sud-ovest.Ed \u00e8 dalle [&hellip;]<\/p>\n","protected":false},"author":3,"featured_media":17130,"comment_status":"open","ping_status":"open","sticky":false,"template":"","format":"standard","meta":{"_acf_changed":false,"footnotes":""},"categories":[446],"tags":[810,228,91,811,809],"class_list":["post-17127","post","type-post","status-publish","format-standard","has-post-thumbnail","hentry","category-pantelleria-lisola","tag-flash","tag-ildammuso","tag-pantelleria","tag-saette","tag-temporali"],"acf":[],"yoast_head":"<!-- This site is optimized with the Yoast SEO plugin v27.3 - https:\/\/yoast.com\/product\/yoast-seo-wordpress\/ -->\n<title>Il temporale a Pantelleria | Il Dammuso<\/title>\n<meta name=\"description\" content=\"&quot;Il temporale a Pantelleria&quot;: leggi l&#039;articolo completo nel blog de Il Dammuso!\" \/>\n<meta name=\"robots\" content=\"index, follow, max-snippet:-1, max-image-preview:large, max-video-preview:-1\" \/>\n<link rel=\"canonical\" href=\"https:\/\/www.ildammuso.com\/it\/il-temporale-a-pantelleria\/\" \/>\n<meta property=\"og:locale\" content=\"it_IT\" \/>\n<meta property=\"og:type\" content=\"article\" \/>\n<meta property=\"og:title\" content=\"Il temporale a Pantelleria | Il Dammuso\" \/>\n<meta property=\"og:description\" content=\"&quot;Il temporale a Pantelleria&quot;: leggi l&#039;articolo completo nel blog de Il Dammuso!\" \/>\n<meta property=\"og:url\" content=\"https:\/\/www.ildammuso.com\/it\/il-temporale-a-pantelleria\/\" \/>\n<meta property=\"og:site_name\" content=\"Il Dammuso\" \/>\n<meta property=\"article:publisher\" content=\"https:\/\/www.facebook.com\/ildammusodipantelleria\/\" \/>\n<meta property=\"article:published_time\" content=\"2023-01-13T16:05:15+00:00\" \/>\n<meta property=\"article:modified_time\" content=\"2023-02-23T10:05:17+00:00\" \/>\n<meta property=\"og:image\" content=\"https:\/\/storage1254.cdn-immedia.net\/wp-content\/uploads\/2023\/01\/temporale-scaled.jpg\" \/>\n\t<meta property=\"og:image:width\" content=\"2560\" \/>\n\t<meta property=\"og:image:height\" content=\"1920\" \/>\n\t<meta property=\"og:image:type\" content=\"image\/jpeg\" \/>\n<meta name=\"author\" content=\"claudia\" \/>\n<meta name=\"twitter:card\" content=\"summary_large_image\" \/>\n<meta name=\"twitter:label1\" content=\"Scritto da\" \/>\n\t<meta name=\"twitter:data1\" content=\"claudia\" \/>\n\t<meta name=\"twitter:label2\" content=\"Tempo di lettura stimato\" \/>\n\t<meta name=\"twitter:data2\" content=\"2 minuti\" \/>\n<script type=\"application\/ld+json\" class=\"yoast-schema-graph\">{\"@context\":\"https:\\\/\\\/schema.org\",\"@graph\":[{\"@type\":\"Article\",\"@id\":\"https:\\\/\\\/www.ildammuso.com\\\/it\\\/il-temporale-a-pantelleria\\\/#article\",\"isPartOf\":{\"@id\":\"https:\\\/\\\/www.ildammuso.com\\\/it\\\/il-temporale-a-pantelleria\\\/\"},\"author\":{\"name\":\"claudia\",\"@id\":\"https:\\\/\\\/www.ildammuso.com\\\/it\\\/#\\\/schema\\\/person\\\/a97bc2634c1ae772b6efbb07fef2b3a8\"},\"headline\":\"Il temporale a Pantelleria\",\"datePublished\":\"2023-01-13T16:05:15+00:00\",\"dateModified\":\"2023-02-23T10:05:17+00:00\",\"mainEntityOfPage\":{\"@id\":\"https:\\\/\\\/www.ildammuso.com\\\/it\\\/il-temporale-a-pantelleria\\\/\"},\"wordCount\":380,\"commentCount\":0,\"publisher\":{\"@id\":\"https:\\\/\\\/www.ildammuso.com\\\/it\\\/#organization\"},\"image\":{\"@id\":\"https:\\\/\\\/www.ildammuso.com\\\/it\\\/il-temporale-a-pantelleria\\\/#primaryimage\"},\"thumbnailUrl\":\"https:\\\/\\\/www.ildammuso.com\\\/wp-content\\\/uploads\\\/2023\\\/01\\\/temporale-scaled.jpg\",\"keywords\":[\"flash\",\"ildammuso\",\"pantelleria\",\"saette\",\"temporali\"],\"articleSection\":[\"Pantelleria, l'isola\"],\"inLanguage\":\"it-IT\",\"potentialAction\":[{\"@type\":\"CommentAction\",\"name\":\"Comment\",\"target\":[\"https:\\\/\\\/www.ildammuso.com\\\/it\\\/il-temporale-a-pantelleria\\\/#respond\"]}]},{\"@type\":\"WebPage\",\"@id\":\"https:\\\/\\\/www.ildammuso.com\\\/it\\\/il-temporale-a-pantelleria\\\/\",\"url\":\"https:\\\/\\\/www.ildammuso.com\\\/it\\\/il-temporale-a-pantelleria\\\/\",\"name\":\"Il temporale a Pantelleria | Il Dammuso\",\"isPartOf\":{\"@id\":\"https:\\\/\\\/www.ildammuso.com\\\/it\\\/#website\"},\"primaryImageOfPage\":{\"@id\":\"https:\\\/\\\/www.ildammuso.com\\\/it\\\/il-temporale-a-pantelleria\\\/#primaryimage\"},\"image\":{\"@id\":\"https:\\\/\\\/www.ildammuso.com\\\/it\\\/il-temporale-a-pantelleria\\\/#primaryimage\"},\"thumbnailUrl\":\"https:\\\/\\\/www.ildammuso.com\\\/wp-content\\\/uploads\\\/2023\\\/01\\\/temporale-scaled.jpg\",\"datePublished\":\"2023-01-13T16:05:15+00:00\",\"dateModified\":\"2023-02-23T10:05:17+00:00\",\"description\":\"\\\"Il temporale a Pantelleria\\\": leggi l'articolo completo nel blog de Il Dammuso!\",\"breadcrumb\":{\"@id\":\"https:\\\/\\\/www.ildammuso.com\\\/it\\\/il-temporale-a-pantelleria\\\/#breadcrumb\"},\"inLanguage\":\"it-IT\",\"potentialAction\":[{\"@type\":\"ReadAction\",\"target\":[\"https:\\\/\\\/www.ildammuso.com\\\/it\\\/il-temporale-a-pantelleria\\\/\"]}]},{\"@type\":\"ImageObject\",\"inLanguage\":\"it-IT\",\"@id\":\"https:\\\/\\\/www.ildammuso.com\\\/it\\\/il-temporale-a-pantelleria\\\/#primaryimage\",\"url\":\"https:\\\/\\\/www.ildammuso.com\\\/wp-content\\\/uploads\\\/2023\\\/01\\\/temporale-scaled.jpg\",\"contentUrl\":\"https:\\\/\\\/www.ildammuso.com\\\/wp-content\\\/uploads\\\/2023\\\/01\\\/temporale-scaled.jpg\",\"width\":2560,\"height\":1920},{\"@type\":\"BreadcrumbList\",\"@id\":\"https:\\\/\\\/www.ildammuso.com\\\/it\\\/il-temporale-a-pantelleria\\\/#breadcrumb\",\"itemListElement\":[{\"@type\":\"ListItem\",\"position\":1,\"name\":\"Home\",\"item\":\"https:\\\/\\\/www.ildammuso.com\\\/it\\\/\"},{\"@type\":\"ListItem\",\"position\":2,\"name\":\"&nbsp;\"}]},{\"@type\":\"WebSite\",\"@id\":\"https:\\\/\\\/www.ildammuso.com\\\/it\\\/#website\",\"url\":\"https:\\\/\\\/www.ildammuso.com\\\/it\\\/\",\"name\":\"Il Dammuso\",\"description\":\"Il tuo Dammuso a Pantelleria\",\"publisher\":{\"@id\":\"https:\\\/\\\/www.ildammuso.com\\\/it\\\/#organization\"},\"potentialAction\":[{\"@type\":\"SearchAction\",\"target\":{\"@type\":\"EntryPoint\",\"urlTemplate\":\"https:\\\/\\\/www.ildammuso.com\\\/it\\\/?s={search_term_string}\"},\"query-input\":{\"@type\":\"PropertyValueSpecification\",\"valueRequired\":true,\"valueName\":\"search_term_string\"}}],\"inLanguage\":\"it-IT\"},{\"@type\":\"Organization\",\"@id\":\"https:\\\/\\\/www.ildammuso.com\\\/it\\\/#organization\",\"name\":\"Il Dammuso\",\"url\":\"https:\\\/\\\/www.ildammuso.com\\\/it\\\/\",\"logo\":{\"@type\":\"ImageObject\",\"inLanguage\":\"it-IT\",\"@id\":\"https:\\\/\\\/www.ildammuso.com\\\/it\\\/#\\\/schema\\\/logo\\\/image\\\/\",\"url\":\"https:\\\/\\\/www.ildammuso.com\\\/wp-content\\\/uploads\\\/2022\\\/06\\\/logo-ildammuso.jpg\",\"contentUrl\":\"https:\\\/\\\/www.ildammuso.com\\\/wp-content\\\/uploads\\\/2022\\\/06\\\/logo-ildammuso.jpg\",\"width\":426,\"height\":395,\"caption\":\"Il Dammuso\"},\"image\":{\"@id\":\"https:\\\/\\\/www.ildammuso.com\\\/it\\\/#\\\/schema\\\/logo\\\/image\\\/\"},\"sameAs\":[\"https:\\\/\\\/www.facebook.com\\\/ildammusodipantelleria\\\/\",\"https:\\\/\\\/www.instagram.com\\\/ildammusogram\\\/\"]},{\"@type\":\"Person\",\"@id\":\"https:\\\/\\\/www.ildammuso.com\\\/it\\\/#\\\/schema\\\/person\\\/a97bc2634c1ae772b6efbb07fef2b3a8\",\"name\":\"claudia\",\"image\":{\"@type\":\"ImageObject\",\"inLanguage\":\"it-IT\",\"@id\":\"https:\\\/\\\/secure.gravatar.com\\\/avatar\\\/bfa9e85032faeaffeaaafd48c7c09ad8da852ff133d8361db8721aff28093ebe?s=96&d=mm&r=g\",\"url\":\"https:\\\/\\\/secure.gravatar.com\\\/avatar\\\/bfa9e85032faeaffeaaafd48c7c09ad8da852ff133d8361db8721aff28093ebe?s=96&d=mm&r=g\",\"contentUrl\":\"https:\\\/\\\/secure.gravatar.com\\\/avatar\\\/bfa9e85032faeaffeaaafd48c7c09ad8da852ff133d8361db8721aff28093ebe?s=96&d=mm&r=g\",\"caption\":\"claudia\"}}]}<\/script>\n<!-- \/ Yoast SEO plugin. -->","yoast_head_json":{"title":"Il temporale a Pantelleria | Il Dammuso","description":"\"Il temporale a Pantelleria\": leggi l'articolo completo nel blog de Il Dammuso!","robots":{"index":"index","follow":"follow","max-snippet":"max-snippet:-1","max-image-preview":"max-image-preview:large","max-video-preview":"max-video-preview:-1"},"canonical":"https:\/\/www.ildammuso.com\/it\/il-temporale-a-pantelleria\/","og_locale":"it_IT","og_type":"article","og_title":"Il temporale a Pantelleria | Il Dammuso","og_description":"\"Il temporale a Pantelleria\": leggi l'articolo completo nel blog de Il Dammuso!","og_url":"https:\/\/www.ildammuso.com\/it\/il-temporale-a-pantelleria\/","og_site_name":"Il Dammuso","article_publisher":"https:\/\/www.facebook.com\/ildammusodipantelleria\/","article_published_time":"2023-01-13T16:05:15+00:00","article_modified_time":"2023-02-23T10:05:17+00:00","og_image":[{"width":2560,"height":1920,"url":"https:\/\/storage1254.cdn-immedia.net\/wp-content\/uploads\/2023\/01\/temporale-scaled.jpg","type":"image\/jpeg"}],"author":"claudia","twitter_card":"summary_large_image","twitter_misc":{"Scritto da":"claudia","Tempo di lettura stimato":"2 minuti"},"schema":{"@context":"https:\/\/schema.org","@graph":[{"@type":"Article","@id":"https:\/\/www.ildammuso.com\/it\/il-temporale-a-pantelleria\/#article","isPartOf":{"@id":"https:\/\/www.ildammuso.com\/it\/il-temporale-a-pantelleria\/"},"author":{"name":"claudia","@id":"https:\/\/www.ildammuso.com\/it\/#\/schema\/person\/a97bc2634c1ae772b6efbb07fef2b3a8"},"headline":"Il temporale a Pantelleria","datePublished":"2023-01-13T16:05:15+00:00","dateModified":"2023-02-23T10:05:17+00:00","mainEntityOfPage":{"@id":"https:\/\/www.ildammuso.com\/it\/il-temporale-a-pantelleria\/"},"wordCount":380,"commentCount":0,"publisher":{"@id":"https:\/\/www.ildammuso.com\/it\/#organization"},"image":{"@id":"https:\/\/www.ildammuso.com\/it\/il-temporale-a-pantelleria\/#primaryimage"},"thumbnailUrl":"https:\/\/storage1254.cdn-immedia.net\/wp-content\/uploads\/2023\/01\/temporale-scaled.jpg","keywords":["flash","ildammuso","pantelleria","saette","temporali"],"articleSection":["Pantelleria, l'isola"],"inLanguage":"it-IT","potentialAction":[{"@type":"CommentAction","name":"Comment","target":["https:\/\/www.ildammuso.com\/it\/il-temporale-a-pantelleria\/#respond"]}]},{"@type":"WebPage","@id":"https:\/\/www.ildammuso.com\/it\/il-temporale-a-pantelleria\/","url":"https:\/\/www.ildammuso.com\/it\/il-temporale-a-pantelleria\/","name":"Il temporale a Pantelleria | Il Dammuso","isPartOf":{"@id":"https:\/\/www.ildammuso.com\/it\/#website"},"primaryImageOfPage":{"@id":"https:\/\/www.ildammuso.com\/it\/il-temporale-a-pantelleria\/#primaryimage"},"image":{"@id":"https:\/\/www.ildammuso.com\/it\/il-temporale-a-pantelleria\/#primaryimage"},"thumbnailUrl":"https:\/\/storage1254.cdn-immedia.net\/wp-content\/uploads\/2023\/01\/temporale-scaled.jpg","datePublished":"2023-01-13T16:05:15+00:00","dateModified":"2023-02-23T10:05:17+00:00","description":"\"Il temporale a Pantelleria\": leggi l'articolo completo nel blog de Il Dammuso!","breadcrumb":{"@id":"https:\/\/www.ildammuso.com\/it\/il-temporale-a-pantelleria\/#breadcrumb"},"inLanguage":"it-IT","potentialAction":[{"@type":"ReadAction","target":["https:\/\/www.ildammuso.com\/it\/il-temporale-a-pantelleria\/"]}]},{"@type":"ImageObject","inLanguage":"it-IT","@id":"https:\/\/www.ildammuso.com\/it\/il-temporale-a-pantelleria\/#primaryimage","url":"https:\/\/storage1254.cdn-immedia.net\/wp-content\/uploads\/2023\/01\/temporale-scaled.jpg","contentUrl":"https:\/\/storage1254.cdn-immedia.net\/wp-content\/uploads\/2023\/01\/temporale-scaled.jpg","width":2560,"height":1920},{"@type":"BreadcrumbList","@id":"https:\/\/www.ildammuso.com\/it\/il-temporale-a-pantelleria\/#breadcrumb","itemListElement":[{"@type":"ListItem","position":1,"name":"Home","item":"https:\/\/www.ildammuso.com\/it\/"},{"@type":"ListItem","position":2,"name":"&nbsp;"}]},{"@type":"WebSite","@id":"https:\/\/www.ildammuso.com\/it\/#website","url":"https:\/\/www.ildammuso.com\/it\/","name":"Il Dammuso","description":"Il tuo Dammuso a Pantelleria","publisher":{"@id":"https:\/\/www.ildammuso.com\/it\/#organization"},"potentialAction":[{"@type":"SearchAction","target":{"@type":"EntryPoint","urlTemplate":"https:\/\/www.ildammuso.com\/it\/?s={search_term_string}"},"query-input":{"@type":"PropertyValueSpecification","valueRequired":true,"valueName":"search_term_string"}}],"inLanguage":"it-IT"},{"@type":"Organization","@id":"https:\/\/www.ildammuso.com\/it\/#organization","name":"Il Dammuso","url":"https:\/\/www.ildammuso.com\/it\/","logo":{"@type":"ImageObject","inLanguage":"it-IT","@id":"https:\/\/www.ildammuso.com\/it\/#\/schema\/logo\/image\/","url":"https:\/\/storage1254.cdn-immedia.net\/wp-content\/uploads\/2022\/06\/logo-ildammuso.jpg","contentUrl":"https:\/\/storage1254.cdn-immedia.net\/wp-content\/uploads\/2022\/06\/logo-ildammuso.jpg","width":426,"height":395,"caption":"Il Dammuso"},"image":{"@id":"https:\/\/www.ildammuso.com\/it\/#\/schema\/logo\/image\/"},"sameAs":["https:\/\/www.facebook.com\/ildammusodipantelleria\/","https:\/\/www.instagram.com\/ildammusogram\/"]},{"@type":"Person","@id":"https:\/\/www.ildammuso.com\/it\/#\/schema\/person\/a97bc2634c1ae772b6efbb07fef2b3a8","name":"claudia","image":{"@type":"ImageObject","inLanguage":"it-IT","@id":"https:\/\/secure.gravatar.com\/avatar\/bfa9e85032faeaffeaaafd48c7c09ad8da852ff133d8361db8721aff28093ebe?s=96&d=mm&r=g","url":"https:\/\/secure.gravatar.com\/avatar\/bfa9e85032faeaffeaaafd48c7c09ad8da852ff133d8361db8721aff28093ebe?s=96&d=mm&r=g","contentUrl":"https:\/\/secure.gravatar.com\/avatar\/bfa9e85032faeaffeaaafd48c7c09ad8da852ff133d8361db8721aff28093ebe?s=96&d=mm&r=g","caption":"claudia"}}]}},"_links":{"self":[{"href":"https:\/\/www.ildammuso.com\/it\/wp-json\/wp\/v2\/posts\/17127","targetHints":{"allow":["GET"]}}],"collection":[{"href":"https:\/\/www.ildammuso.com\/it\/wp-json\/wp\/v2\/posts"}],"about":[{"href":"https:\/\/www.ildammuso.com\/it\/wp-json\/wp\/v2\/types\/post"}],"author":[{"embeddable":true,"href":"https:\/\/www.ildammuso.com\/it\/wp-json\/wp\/v2\/users\/3"}],"replies":[{"embeddable":true,"href":"https:\/\/www.ildammuso.com\/it\/wp-json\/wp\/v2\/comments?post=17127"}],"version-history":[{"count":1,"href":"https:\/\/www.ildammuso.com\/it\/wp-json\/wp\/v2\/posts\/17127\/revisions"}],"predecessor-version":[{"id":17132,"href":"https:\/\/www.ildammuso.com\/it\/wp-json\/wp\/v2\/posts\/17127\/revisions\/17132"}],"wp:featuredmedia":[{"embeddable":true,"href":"https:\/\/www.ildammuso.com\/it\/wp-json\/wp\/v2\/media\/17130"}],"wp:attachment":[{"href":"https:\/\/www.ildammuso.com\/it\/wp-json\/wp\/v2\/media?parent=17127"}],"wp:term":[{"taxonomy":"category","embeddable":true,"href":"https:\/\/www.ildammuso.com\/it\/wp-json\/wp\/v2\/categories?post=17127"},{"taxonomy":"post_tag","embeddable":true,"href":"https:\/\/www.ildammuso.com\/it\/wp-json\/wp\/v2\/tags?post=17127"}],"curies":[{"name":"wp","href":"https:\/\/api.w.org\/{rel}","templated":true}]}}