{"id":17301,"date":"2023-01-27T10:58:08","date_gmt":"2023-01-27T09:58:08","guid":{"rendered":"https:\/\/www.ildammuso.com\/?p=17301"},"modified":"2023-02-23T11:04:05","modified_gmt":"2023-02-23T10:04:05","slug":"di-paesaggi-panteschi-e-pomodoro-pelato","status":"publish","type":"post","link":"https:\/\/www.ildammuso.com\/it\/di-paesaggi-panteschi-e-pomodoro-pelato\/","title":{"rendered":"Di paesaggi panteschi e pomodoro pelato"},"content":{"rendered":"\n<p>Palermo corrisponde alla coniugazione del verbo DOVERE nella peggiore delle sue accezioni.<br>Palermo \u00e8 il dovere fine a se stesso.<br>Quello pi\u00f9 gramo, con un obbiettivo troppo lontano perch\u00e9\u2019 io riesca a vederne la coda.<br>Palermo \u00e8 rientrare dentro una marcia inutile e sfilacciata. \u00c9 molto triste disamorarsi di un luogo, quasi pi\u00f9 triste di quel sentire, a fitte, che un amore tra due persone sta per finire.<br>\u00c9 ugualmente inesorabile e diventa \u201cdistanza incolmabile\u201d, all\u2019improvviso, in un giorno apparentemente come gli altri, ti svegli e capisci che quel sentimento ha ceduto il posto all\u2019indifferenza, alla noia, all\u2019intolleranza.<\/p>\n\n\n\n<p>I miei giri larghi si incanalano poi in metafore brevi, per fortuna.<br>E anche abbastanza ridicole.<br>Io, di mio, non ho mai amato fare la spesa, \u00e8 una cosa che mi annoia nell\u2019intimo.<br>Sar\u00e0 che ormai sono diventata tragicamente selettiva, sar\u00e0 che il cibo (che \u00e8 sostanza) non ha mai avuto uno spazio di piacere incarnato tra quelli che costellano la mia vita.<br>Mi nutro di ben altro, ma non crediate che sia tutto nobile.<br>Di fatto, per me, fare la spesa \u00e8 una gran rottura di balle.<\/p>\n\n\n\n<p>Diverso \u00e8 andare a fare la spesa a <a href=\"http:\/\/www.parconazionalepantelleria.it\/pun-dettaglio.php?id=2826\">Scauri<\/a>, non \u00e8 che io ci vada saltando e cantando per il solo fatto di trovarmi a Pantelleria.<br>Resta sempre una gran scocciatura.<br>Per\u00f2, e questo per\u00f2 \u00e8 fatto di percezioni sottilissime, per andare da casa al paesino io devo fare una decina di minuti di strada in auto attraversando un pezzetto di isola.<br>Cos\u00ec scendo piano dalla strada che dalla Cuddia mi porta a valle e nel frattempo guardo il mare, che mi accompagna per buona parte alla mia sinistra e nel frattempo incrocio una vallata.<br>A destra si ergono <a href=\"https:\/\/www.gulliver.it\/itinerari\/gibele-monte-da-rekhale-anello-per-le-favare\/\">Monte Gibele<\/a> e <a href=\"https:\/\/www.ildammuso.com\/it\/il-bosco-delle-fate\/\">Montagna Grande<\/a>, poi i tanti piccoli appezzamenti dove si annida il cappero, la piccola vite, l\u2019orto faticosamente lavorato, i muretti a secco ( che distratta evito sempre per un soffio) e, infine, in fondo quel minuscolo agglomerato di case che \u00e8 Scauri dove per ciascuno \u00e8 un saluto, un sorriso e mai nessuna invadenza.<\/p>\n\n\n\n<p>Palermo \u00e8: percorro un isolato, attraverso <a href=\"https:\/\/palermo.mobilita.org\/segnalazioni\/viale-della-liberta-storia-e-misfatti-della-strada-piu-bella-di-palermo-1a-parte-le-origini\/\">via della Libert\u00e0 <\/a>ed entro in un supermercato sotterraneo aperto ventiquattr\u2019ore su ventiquattro, come se il pomodoro pelato smaniasse perch\u00e9 ci si incontri a mezzanotte. Poi tanti visi lividi che riconosco e non riconosco e che non mi fanno alcuna compagnia.<\/p>\n\n\n\n<p>Scelgo <a href=\"https:\/\/www.ildammuso.com\/it\/pantelleria-tra-pranzo-e-cena-come-organizzare-la-giornata\/\">Pantelleria<\/a>, gente, perch\u00e9 la finta fretta che insegue l\u2019uomo che ormai cammina su una fune di acciaio tesa tra due palazzi di cemento armato mi fa credere che il mondo sia infelice.<br>Quando, invece, la mia lenta marcia verso Scauri mi dice ancora, e me lo sussurra, che il nostro tempo pu\u00f2 essere ancora lento e felice.<\/p>\n\n\n\n<p>Foto di Giovanni Matta<\/p>\n","protected":false},"excerpt":{"rendered":"<p>Palermo corrisponde alla coniugazione del verbo DOVERE nella peggiore delle [&hellip;]<\/p>\n","protected":false},"author":3,"featured_media":17302,"comment_status":"open","ping_status":"open","sticky":false,"template":"","format":"standard","meta":{"_acf_changed":false,"footnotes":""},"categories":[441],"tags":[816,817,818,819,228,68,91,173],"class_list":["post-17301","post","type-post","status-publish","format-standard","has-post-thumbnail","hentry","category-pippe","tag-spesa-2","tag-shopping","tag-monte-gibele","tag-montagna-grande","tag-ildammuso","tag-palermo","tag-pantelleria","tag-scauri"],"acf":[],"yoast_head":"<!-- This site is optimized with the Yoast SEO plugin v27.3 - https:\/\/yoast.com\/product\/yoast-seo-wordpress\/ -->\n<title>Di paesaggi panteschi e pomodoro pelato | Il Dammuso<\/title>\n<meta name=\"description\" content=\"&quot;Di paesaggi panteschi e pomodoro pelato&quot;: leggi l&#039;articolo completo nel blog de Il Dammuso!\" \/>\n<meta name=\"robots\" content=\"index, follow, max-snippet:-1, max-image-preview:large, max-video-preview:-1\" \/>\n<link rel=\"canonical\" href=\"https:\/\/www.ildammuso.com\/it\/di-paesaggi-panteschi-e-pomodoro-pelato\/\" \/>\n<meta property=\"og:locale\" content=\"it_IT\" \/>\n<meta property=\"og:type\" content=\"article\" \/>\n<meta property=\"og:title\" content=\"Di paesaggi panteschi e pomodoro pelato | Il Dammuso\" \/>\n<meta property=\"og:description\" content=\"&quot;Di paesaggi panteschi e pomodoro pelato&quot;: leggi l&#039;articolo completo nel blog de Il Dammuso!\" \/>\n<meta property=\"og:url\" content=\"https:\/\/www.ildammuso.com\/it\/di-paesaggi-panteschi-e-pomodoro-pelato\/\" \/>\n<meta property=\"og:site_name\" content=\"Il Dammuso\" \/>\n<meta property=\"article:publisher\" content=\"https:\/\/www.facebook.com\/ildammusodipantelleria\/\" \/>\n<meta property=\"article:published_time\" content=\"2023-01-27T09:58:08+00:00\" \/>\n<meta property=\"article:modified_time\" content=\"2023-02-23T10:04:05+00:00\" \/>\n<meta property=\"og:image\" content=\"https:\/\/storage1254.cdn-immedia.net\/wp-content\/uploads\/2023\/01\/la-spesa.jpg\" \/>\n\t<meta property=\"og:image:width\" content=\"1920\" \/>\n\t<meta property=\"og:image:height\" content=\"1280\" \/>\n\t<meta property=\"og:image:type\" content=\"image\/jpeg\" \/>\n<meta name=\"author\" content=\"claudia\" \/>\n<meta name=\"twitter:card\" content=\"summary_large_image\" \/>\n<meta name=\"twitter:label1\" content=\"Scritto da\" \/>\n\t<meta name=\"twitter:data1\" content=\"claudia\" \/>\n\t<meta name=\"twitter:label2\" content=\"Tempo di lettura stimato\" \/>\n\t<meta name=\"twitter:data2\" content=\"3 minuti\" \/>\n<script type=\"application\/ld+json\" class=\"yoast-schema-graph\">{\"@context\":\"https:\\\/\\\/schema.org\",\"@graph\":[{\"@type\":\"Article\",\"@id\":\"https:\\\/\\\/www.ildammuso.com\\\/it\\\/di-paesaggi-panteschi-e-pomodoro-pelato\\\/#article\",\"isPartOf\":{\"@id\":\"https:\\\/\\\/www.ildammuso.com\\\/it\\\/di-paesaggi-panteschi-e-pomodoro-pelato\\\/\"},\"author\":{\"name\":\"claudia\",\"@id\":\"https:\\\/\\\/www.ildammuso.com\\\/it\\\/#\\\/schema\\\/person\\\/a97bc2634c1ae772b6efbb07fef2b3a8\"},\"headline\":\"Di paesaggi panteschi e pomodoro pelato\",\"datePublished\":\"2023-01-27T09:58:08+00:00\",\"dateModified\":\"2023-02-23T10:04:05+00:00\",\"mainEntityOfPage\":{\"@id\":\"https:\\\/\\\/www.ildammuso.com\\\/it\\\/di-paesaggi-panteschi-e-pomodoro-pelato\\\/\"},\"wordCount\":450,\"commentCount\":0,\"publisher\":{\"@id\":\"https:\\\/\\\/www.ildammuso.com\\\/it\\\/#organization\"},\"image\":{\"@id\":\"https:\\\/\\\/www.ildammuso.com\\\/it\\\/di-paesaggi-panteschi-e-pomodoro-pelato\\\/#primaryimage\"},\"thumbnailUrl\":\"https:\\\/\\\/www.ildammuso.com\\\/wp-content\\\/uploads\\\/2023\\\/01\\\/la-spesa.jpg\",\"keywords\":[\"spesa\",\"shopping\",\"monte gibele\",\"montagna grande\",\"ildammuso\",\"palermo\",\"pantelleria\",\"scauri\"],\"articleSection\":[\"Pippe d'altura\"],\"inLanguage\":\"it-IT\",\"potentialAction\":[{\"@type\":\"CommentAction\",\"name\":\"Comment\",\"target\":[\"https:\\\/\\\/www.ildammuso.com\\\/it\\\/di-paesaggi-panteschi-e-pomodoro-pelato\\\/#respond\"]}]},{\"@type\":\"WebPage\",\"@id\":\"https:\\\/\\\/www.ildammuso.com\\\/it\\\/di-paesaggi-panteschi-e-pomodoro-pelato\\\/\",\"url\":\"https:\\\/\\\/www.ildammuso.com\\\/it\\\/di-paesaggi-panteschi-e-pomodoro-pelato\\\/\",\"name\":\"Di paesaggi panteschi e pomodoro pelato | Il Dammuso\",\"isPartOf\":{\"@id\":\"https:\\\/\\\/www.ildammuso.com\\\/it\\\/#website\"},\"primaryImageOfPage\":{\"@id\":\"https:\\\/\\\/www.ildammuso.com\\\/it\\\/di-paesaggi-panteschi-e-pomodoro-pelato\\\/#primaryimage\"},\"image\":{\"@id\":\"https:\\\/\\\/www.ildammuso.com\\\/it\\\/di-paesaggi-panteschi-e-pomodoro-pelato\\\/#primaryimage\"},\"thumbnailUrl\":\"https:\\\/\\\/www.ildammuso.com\\\/wp-content\\\/uploads\\\/2023\\\/01\\\/la-spesa.jpg\",\"datePublished\":\"2023-01-27T09:58:08+00:00\",\"dateModified\":\"2023-02-23T10:04:05+00:00\",\"description\":\"\\\"Di paesaggi panteschi e pomodoro pelato\\\": leggi l'articolo completo nel blog de Il Dammuso!\",\"breadcrumb\":{\"@id\":\"https:\\\/\\\/www.ildammuso.com\\\/it\\\/di-paesaggi-panteschi-e-pomodoro-pelato\\\/#breadcrumb\"},\"inLanguage\":\"it-IT\",\"potentialAction\":[{\"@type\":\"ReadAction\",\"target\":[\"https:\\\/\\\/www.ildammuso.com\\\/it\\\/di-paesaggi-panteschi-e-pomodoro-pelato\\\/\"]}]},{\"@type\":\"ImageObject\",\"inLanguage\":\"it-IT\",\"@id\":\"https:\\\/\\\/www.ildammuso.com\\\/it\\\/di-paesaggi-panteschi-e-pomodoro-pelato\\\/#primaryimage\",\"url\":\"https:\\\/\\\/www.ildammuso.com\\\/wp-content\\\/uploads\\\/2023\\\/01\\\/la-spesa.jpg\",\"contentUrl\":\"https:\\\/\\\/www.ildammuso.com\\\/wp-content\\\/uploads\\\/2023\\\/01\\\/la-spesa.jpg\",\"width\":1920,\"height\":1280,\"caption\":\"Panoramica della valle di Scauri a Pantelleria\"},{\"@type\":\"BreadcrumbList\",\"@id\":\"https:\\\/\\\/www.ildammuso.com\\\/it\\\/di-paesaggi-panteschi-e-pomodoro-pelato\\\/#breadcrumb\",\"itemListElement\":[{\"@type\":\"ListItem\",\"position\":1,\"name\":\"Home\",\"item\":\"https:\\\/\\\/www.ildammuso.com\\\/it\\\/\"},{\"@type\":\"ListItem\",\"position\":2,\"name\":\"&nbsp;\"}]},{\"@type\":\"WebSite\",\"@id\":\"https:\\\/\\\/www.ildammuso.com\\\/it\\\/#website\",\"url\":\"https:\\\/\\\/www.ildammuso.com\\\/it\\\/\",\"name\":\"Il Dammuso\",\"description\":\"Il tuo Dammuso a Pantelleria\",\"publisher\":{\"@id\":\"https:\\\/\\\/www.ildammuso.com\\\/it\\\/#organization\"},\"potentialAction\":[{\"@type\":\"SearchAction\",\"target\":{\"@type\":\"EntryPoint\",\"urlTemplate\":\"https:\\\/\\\/www.ildammuso.com\\\/it\\\/?s={search_term_string}\"},\"query-input\":{\"@type\":\"PropertyValueSpecification\",\"valueRequired\":true,\"valueName\":\"search_term_string\"}}],\"inLanguage\":\"it-IT\"},{\"@type\":\"Organization\",\"@id\":\"https:\\\/\\\/www.ildammuso.com\\\/it\\\/#organization\",\"name\":\"Il Dammuso\",\"url\":\"https:\\\/\\\/www.ildammuso.com\\\/it\\\/\",\"logo\":{\"@type\":\"ImageObject\",\"inLanguage\":\"it-IT\",\"@id\":\"https:\\\/\\\/www.ildammuso.com\\\/it\\\/#\\\/schema\\\/logo\\\/image\\\/\",\"url\":\"https:\\\/\\\/www.ildammuso.com\\\/wp-content\\\/uploads\\\/2022\\\/06\\\/logo-ildammuso.jpg\",\"contentUrl\":\"https:\\\/\\\/www.ildammuso.com\\\/wp-content\\\/uploads\\\/2022\\\/06\\\/logo-ildammuso.jpg\",\"width\":426,\"height\":395,\"caption\":\"Il Dammuso\"},\"image\":{\"@id\":\"https:\\\/\\\/www.ildammuso.com\\\/it\\\/#\\\/schema\\\/logo\\\/image\\\/\"},\"sameAs\":[\"https:\\\/\\\/www.facebook.com\\\/ildammusodipantelleria\\\/\",\"https:\\\/\\\/www.instagram.com\\\/ildammusogram\\\/\"]},{\"@type\":\"Person\",\"@id\":\"https:\\\/\\\/www.ildammuso.com\\\/it\\\/#\\\/schema\\\/person\\\/a97bc2634c1ae772b6efbb07fef2b3a8\",\"name\":\"claudia\",\"image\":{\"@type\":\"ImageObject\",\"inLanguage\":\"it-IT\",\"@id\":\"https:\\\/\\\/secure.gravatar.com\\\/avatar\\\/bfa9e85032faeaffeaaafd48c7c09ad8da852ff133d8361db8721aff28093ebe?s=96&d=mm&r=g\",\"url\":\"https:\\\/\\\/secure.gravatar.com\\\/avatar\\\/bfa9e85032faeaffeaaafd48c7c09ad8da852ff133d8361db8721aff28093ebe?s=96&d=mm&r=g\",\"contentUrl\":\"https:\\\/\\\/secure.gravatar.com\\\/avatar\\\/bfa9e85032faeaffeaaafd48c7c09ad8da852ff133d8361db8721aff28093ebe?s=96&d=mm&r=g\",\"caption\":\"claudia\"}}]}<\/script>\n<!-- \/ Yoast SEO plugin. -->","yoast_head_json":{"title":"Di paesaggi panteschi e pomodoro pelato | Il Dammuso","description":"\"Di paesaggi panteschi e pomodoro pelato\": leggi l'articolo completo nel blog de Il Dammuso!","robots":{"index":"index","follow":"follow","max-snippet":"max-snippet:-1","max-image-preview":"max-image-preview:large","max-video-preview":"max-video-preview:-1"},"canonical":"https:\/\/www.ildammuso.com\/it\/di-paesaggi-panteschi-e-pomodoro-pelato\/","og_locale":"it_IT","og_type":"article","og_title":"Di paesaggi panteschi e pomodoro pelato | Il Dammuso","og_description":"\"Di paesaggi panteschi e pomodoro pelato\": leggi l'articolo completo nel blog de Il Dammuso!","og_url":"https:\/\/www.ildammuso.com\/it\/di-paesaggi-panteschi-e-pomodoro-pelato\/","og_site_name":"Il Dammuso","article_publisher":"https:\/\/www.facebook.com\/ildammusodipantelleria\/","article_published_time":"2023-01-27T09:58:08+00:00","article_modified_time":"2023-02-23T10:04:05+00:00","og_image":[{"width":1920,"height":1280,"url":"https:\/\/storage1254.cdn-immedia.net\/wp-content\/uploads\/2023\/01\/la-spesa.jpg","type":"image\/jpeg"}],"author":"claudia","twitter_card":"summary_large_image","twitter_misc":{"Scritto da":"claudia","Tempo di lettura stimato":"3 minuti"},"schema":{"@context":"https:\/\/schema.org","@graph":[{"@type":"Article","@id":"https:\/\/www.ildammuso.com\/it\/di-paesaggi-panteschi-e-pomodoro-pelato\/#article","isPartOf":{"@id":"https:\/\/www.ildammuso.com\/it\/di-paesaggi-panteschi-e-pomodoro-pelato\/"},"author":{"name":"claudia","@id":"https:\/\/www.ildammuso.com\/it\/#\/schema\/person\/a97bc2634c1ae772b6efbb07fef2b3a8"},"headline":"Di paesaggi panteschi e pomodoro pelato","datePublished":"2023-01-27T09:58:08+00:00","dateModified":"2023-02-23T10:04:05+00:00","mainEntityOfPage":{"@id":"https:\/\/www.ildammuso.com\/it\/di-paesaggi-panteschi-e-pomodoro-pelato\/"},"wordCount":450,"commentCount":0,"publisher":{"@id":"https:\/\/www.ildammuso.com\/it\/#organization"},"image":{"@id":"https:\/\/www.ildammuso.com\/it\/di-paesaggi-panteschi-e-pomodoro-pelato\/#primaryimage"},"thumbnailUrl":"https:\/\/storage1254.cdn-immedia.net\/wp-content\/uploads\/2023\/01\/la-spesa.jpg","keywords":["spesa","shopping","monte gibele","montagna grande","ildammuso","palermo","pantelleria","scauri"],"articleSection":["Pippe d'altura"],"inLanguage":"it-IT","potentialAction":[{"@type":"CommentAction","name":"Comment","target":["https:\/\/www.ildammuso.com\/it\/di-paesaggi-panteschi-e-pomodoro-pelato\/#respond"]}]},{"@type":"WebPage","@id":"https:\/\/www.ildammuso.com\/it\/di-paesaggi-panteschi-e-pomodoro-pelato\/","url":"https:\/\/www.ildammuso.com\/it\/di-paesaggi-panteschi-e-pomodoro-pelato\/","name":"Di paesaggi panteschi e pomodoro pelato | Il Dammuso","isPartOf":{"@id":"https:\/\/www.ildammuso.com\/it\/#website"},"primaryImageOfPage":{"@id":"https:\/\/www.ildammuso.com\/it\/di-paesaggi-panteschi-e-pomodoro-pelato\/#primaryimage"},"image":{"@id":"https:\/\/www.ildammuso.com\/it\/di-paesaggi-panteschi-e-pomodoro-pelato\/#primaryimage"},"thumbnailUrl":"https:\/\/storage1254.cdn-immedia.net\/wp-content\/uploads\/2023\/01\/la-spesa.jpg","datePublished":"2023-01-27T09:58:08+00:00","dateModified":"2023-02-23T10:04:05+00:00","description":"\"Di paesaggi panteschi e pomodoro pelato\": leggi l'articolo completo nel blog de Il Dammuso!","breadcrumb":{"@id":"https:\/\/www.ildammuso.com\/it\/di-paesaggi-panteschi-e-pomodoro-pelato\/#breadcrumb"},"inLanguage":"it-IT","potentialAction":[{"@type":"ReadAction","target":["https:\/\/www.ildammuso.com\/it\/di-paesaggi-panteschi-e-pomodoro-pelato\/"]}]},{"@type":"ImageObject","inLanguage":"it-IT","@id":"https:\/\/www.ildammuso.com\/it\/di-paesaggi-panteschi-e-pomodoro-pelato\/#primaryimage","url":"https:\/\/storage1254.cdn-immedia.net\/wp-content\/uploads\/2023\/01\/la-spesa.jpg","contentUrl":"https:\/\/storage1254.cdn-immedia.net\/wp-content\/uploads\/2023\/01\/la-spesa.jpg","width":1920,"height":1280,"caption":"Panoramica della valle di Scauri a Pantelleria"},{"@type":"BreadcrumbList","@id":"https:\/\/www.ildammuso.com\/it\/di-paesaggi-panteschi-e-pomodoro-pelato\/#breadcrumb","itemListElement":[{"@type":"ListItem","position":1,"name":"Home","item":"https:\/\/www.ildammuso.com\/it\/"},{"@type":"ListItem","position":2,"name":"&nbsp;"}]},{"@type":"WebSite","@id":"https:\/\/www.ildammuso.com\/it\/#website","url":"https:\/\/www.ildammuso.com\/it\/","name":"Il Dammuso","description":"Il tuo Dammuso a Pantelleria","publisher":{"@id":"https:\/\/www.ildammuso.com\/it\/#organization"},"potentialAction":[{"@type":"SearchAction","target":{"@type":"EntryPoint","urlTemplate":"https:\/\/www.ildammuso.com\/it\/?s={search_term_string}"},"query-input":{"@type":"PropertyValueSpecification","valueRequired":true,"valueName":"search_term_string"}}],"inLanguage":"it-IT"},{"@type":"Organization","@id":"https:\/\/www.ildammuso.com\/it\/#organization","name":"Il Dammuso","url":"https:\/\/www.ildammuso.com\/it\/","logo":{"@type":"ImageObject","inLanguage":"it-IT","@id":"https:\/\/www.ildammuso.com\/it\/#\/schema\/logo\/image\/","url":"https:\/\/storage1254.cdn-immedia.net\/wp-content\/uploads\/2022\/06\/logo-ildammuso.jpg","contentUrl":"https:\/\/storage1254.cdn-immedia.net\/wp-content\/uploads\/2022\/06\/logo-ildammuso.jpg","width":426,"height":395,"caption":"Il Dammuso"},"image":{"@id":"https:\/\/www.ildammuso.com\/it\/#\/schema\/logo\/image\/"},"sameAs":["https:\/\/www.facebook.com\/ildammusodipantelleria\/","https:\/\/www.instagram.com\/ildammusogram\/"]},{"@type":"Person","@id":"https:\/\/www.ildammuso.com\/it\/#\/schema\/person\/a97bc2634c1ae772b6efbb07fef2b3a8","name":"claudia","image":{"@type":"ImageObject","inLanguage":"it-IT","@id":"https:\/\/secure.gravatar.com\/avatar\/bfa9e85032faeaffeaaafd48c7c09ad8da852ff133d8361db8721aff28093ebe?s=96&d=mm&r=g","url":"https:\/\/secure.gravatar.com\/avatar\/bfa9e85032faeaffeaaafd48c7c09ad8da852ff133d8361db8721aff28093ebe?s=96&d=mm&r=g","contentUrl":"https:\/\/secure.gravatar.com\/avatar\/bfa9e85032faeaffeaaafd48c7c09ad8da852ff133d8361db8721aff28093ebe?s=96&d=mm&r=g","caption":"claudia"}}]}},"_links":{"self":[{"href":"https:\/\/www.ildammuso.com\/it\/wp-json\/wp\/v2\/posts\/17301","targetHints":{"allow":["GET"]}}],"collection":[{"href":"https:\/\/www.ildammuso.com\/it\/wp-json\/wp\/v2\/posts"}],"about":[{"href":"https:\/\/www.ildammuso.com\/it\/wp-json\/wp\/v2\/types\/post"}],"author":[{"embeddable":true,"href":"https:\/\/www.ildammuso.com\/it\/wp-json\/wp\/v2\/users\/3"}],"replies":[{"embeddable":true,"href":"https:\/\/www.ildammuso.com\/it\/wp-json\/wp\/v2\/comments?post=17301"}],"version-history":[{"count":1,"href":"https:\/\/www.ildammuso.com\/it\/wp-json\/wp\/v2\/posts\/17301\/revisions"}],"predecessor-version":[{"id":17304,"href":"https:\/\/www.ildammuso.com\/it\/wp-json\/wp\/v2\/posts\/17301\/revisions\/17304"}],"wp:featuredmedia":[{"embeddable":true,"href":"https:\/\/www.ildammuso.com\/it\/wp-json\/wp\/v2\/media\/17302"}],"wp:attachment":[{"href":"https:\/\/www.ildammuso.com\/it\/wp-json\/wp\/v2\/media?parent=17301"}],"wp:term":[{"taxonomy":"category","embeddable":true,"href":"https:\/\/www.ildammuso.com\/it\/wp-json\/wp\/v2\/categories?post=17301"},{"taxonomy":"post_tag","embeddable":true,"href":"https:\/\/www.ildammuso.com\/it\/wp-json\/wp\/v2\/tags?post=17301"}],"curies":[{"name":"wp","href":"https:\/\/api.w.org\/{rel}","templated":true}]}}