{"id":17512,"date":"2023-02-13T10:14:55","date_gmt":"2023-02-13T09:14:55","guid":{"rendered":"https:\/\/www.ildammuso.com\/?p=17512"},"modified":"2023-02-23T10:57:10","modified_gmt":"2023-02-23T09:57:10","slug":"onde-radio","status":"publish","type":"post","link":"https:\/\/www.ildammuso.com\/it\/onde-radio\/","title":{"rendered":"ONDE radio"},"content":{"rendered":"\n<p>Oggi \u00e8 la <a href=\"https:\/\/www.unesco.org\/en\/days\/world-radio\">Giornata mondiale della Radio<\/a>.<\/p>\n\n\n\n<p>Da Marconi alle onde, dalle onde marine di <a href=\"https:\/\/www.skylinewebcams.com\/it\/webcam\/italia\/sicilia\/trapani\/pantelleria.html\">Pantelleria<\/a> a quelle dell\u2019etere, dal tempo in cui una radio bastava per sentire \u201cche una guerra \u00e8 finita\u201d a oggi che sembra che certe guerre non finiscano mai.<\/p>\n\n\n\n<p>Battaglie e contese (come per il telefono allo stesso modo per le onde radio), perch\u00e9 a scoprire le onde elettromagnetiche e incastrarle fu Heinrich Rudolf Hertz (da cui il nome del segnale).<\/p>\n\n\n\n<p>Ma da l\u00ec in poi vi fu una corsa alla <a><\/a>trasmissione e ricezione di queste onde da parte di due grandi: il nostro Guglielmo Marconi e il russo Aleksandr Stepanovi\u010d Popov, il primo ebbe la meglio sul secondo perch\u00e9 riusc\u00ec a registrare il brevetto appena ventuno giorni prima del russo.<\/p>\n\n\n\n<p>Guglielmo Marconi fu insignito del Nobel il 10 dicembre del 1909 con questa motivazione: \u201cA riconoscimento del contributo dato allo sviluppo della telegrafia senza fili \u201c.<\/p>\n\n\n\n<p>Da allora dalle \u201conde\u201d siamo passati ai \u201cpacchetti\u201d.<\/p>\n\n\n\n<p>Etere e cavi, sopra il mare, tra un palo ed un altro, sottoterra e zitta e muta che Alexa o AI sono in ascolto.<\/p>\n\n\n\n<p>Resta Radio Maria a portare il gonfalone di un segnale indimenticato e indimenticabile.<\/p>\n\n\n\n<p>Radio Maria che ti insegue pi\u00f9 di Alexa tra i vani della tua casa, ti raggiunge e ti scova anche a Pantelleria <a href=\"https:\/\/www.ildammuso.com\/it\/cala-levante-e-larco-dellelefante\/\">\u201cDietro l\u2019Isola\u201d<\/a>, l\u00ec dove i cellulari non prendono e i \u201cpacchetti\u201d incontrano la resistenza pi\u00f9 forte: quella di Madre Natura che ostacola, cinge, respinge e rimanda al mittente.<\/p>\n\n\n\n<p>Internet ha segnato una svolta e questa tra le banalit\u00e0 (vere, false o tendenziose) dei nostri ultimi trent\u2019anni che registriamo, per\u00f2, come un mero dato di realt\u00e0.<\/p>\n\n\n\n<p>Non possiamo fare a meno dei cellulari, delle varie applicazioni di messaggistica e intrattenimento; non possiamo rinunciare allo schermo di un PC che ci connette (apparentemente) col mondo o, comunque, ci d\u00e0 l\u2019illusione di farne parte e che, talvolta, anche in vacanza, ci impone una \u201ccall\u201d di lavoro o il tributo, dovuto e distratto, alle nostre mail quotidiane.<\/p>\n\n\n\n<p>Ma sappiate una cosa, aprite bene le orecchie a questo annuncio: Pantelleria \u00e8 in parte cablata, per altra parte vi sono sistemi satellitari che ti consentono una buona connessione, ma sia chiaro a tutti che la <a href=\"https:\/\/www.viagginews.com\/2022\/08\/05\/perla-nera-mediterraneo\/\">NERA<\/a> la vince.<\/p>\n\n\n\n<p>Vince sulla tecnologia, regge con orgoglio e con moto ribelle alla \u201cconnessione a tutti i costi\u201d.<\/p>\n\n\n\n<p>Tra venti, montagne, mura spesse, mare, cavi che la natura riesce a fare a brandelli, Pantelleria non \u00e8 garanzia e sicurezza di una connessione perfetta.<\/p>\n\n\n\n<p>\u00c8 un avviso per tutti coloro i quali non riescono a concepire la disconnessione neanche per trenta minuti.<\/p>\n\n\n\n<p>Noi da Pantelleria lavoriamo e \u201cinPacchettiamo e spacchettiamo\u201d alla grande, ma quando lo scirocco infuria e la connessione salta ogni quindici minuti consegniamo la nostra pazienza al <a href=\"https:\/\/www.ildammuso.com\/it\/il-fresco-scirocco-pantesco\/\">Vento del Sud<\/a> e ci mettiamo anima e cuore in pace, nell\u2019attesa che il segnale torni a essere pi\u00f9 stabile.<\/p>\n\n\n\n<p>Mentre, seduti all\u2019ombra del cannizzo, noi tutti si intona \u201cOnda su onda\u201d.<\/p>\n\n\n\n<p>Che se proprio non si addice nel caso dei dati, quanto meno fa il tifo perch\u00e9, nell\u2019attesa, ci si vada a fare un bel bagno al mare.<\/p>\n\n\n\n<p>Foto di Giovanni Matta<\/p>\n\n\n\n<p><br><\/p>\n\n\n\n<p><\/p>\n\n\n\n<p><\/p>\n\n\n\n<p><\/p>\n\n\n\n<p><\/p>\n","protected":false},"excerpt":{"rendered":"<p>Oggi \u00e8 la Giornata mondiale della Radio. Da Marconi alle [&hellip;]<\/p>\n","protected":false},"author":3,"featured_media":17513,"comment_status":"open","ping_status":"open","sticky":false,"template":"","format":"standard","meta":{"_acf_changed":false,"footnotes":""},"categories":[447,440],"tags":[820,821,822,823,824,228,91],"class_list":["post-17512","post","type-post","status-publish","format-standard","has-post-thumbnail","hentry","category-corsi-e-ricorsi","category-istruzioni-per-l-uso","tag-radio","tag-onde","tag-internet","tag-giornatamondialedellaradio","tag-onderadio","tag-ildammuso","tag-pantelleria"],"acf":[],"yoast_head":"<!-- This site is optimized with the Yoast SEO plugin v27.5 - https:\/\/yoast.com\/product\/yoast-seo-wordpress\/ -->\n<title>ONDE radio | Il Dammuso<\/title>\n<meta name=\"description\" content=\"&quot;ONDE radio&quot;: leggi l&#039;articolo completo nel blog de Il Dammuso! Dalla radio a internet, Pantelleria \u00e8 la sua connetivit\u00e0\" \/>\n<meta name=\"robots\" content=\"index, follow, max-snippet:-1, max-image-preview:large, max-video-preview:-1\" \/>\n<link rel=\"canonical\" href=\"https:\/\/www.ildammuso.com\/it\/onde-radio\/\" \/>\n<meta property=\"og:locale\" content=\"it_IT\" \/>\n<meta property=\"og:type\" content=\"article\" \/>\n<meta property=\"og:title\" content=\"ONDE radio | Il Dammuso\" \/>\n<meta property=\"og:description\" content=\"&quot;ONDE radio&quot;: leggi l&#039;articolo completo nel blog de Il Dammuso! Dalla radio a internet, Pantelleria \u00e8 la sua connetivit\u00e0\" \/>\n<meta property=\"og:url\" content=\"https:\/\/www.ildammuso.com\/it\/onde-radio\/\" \/>\n<meta property=\"og:site_name\" content=\"Il Dammuso\" \/>\n<meta property=\"article:publisher\" content=\"https:\/\/www.facebook.com\/ildammusodipantelleria\/\" \/>\n<meta property=\"article:published_time\" content=\"2023-02-13T09:14:55+00:00\" \/>\n<meta property=\"article:modified_time\" content=\"2023-02-23T09:57:10+00:00\" \/>\n<meta property=\"og:image\" content=\"https:\/\/storage1254.cdn-immedia.net\/wp-content\/uploads\/2023\/02\/Onde-radio-rotated.jpg\" \/>\n\t<meta property=\"og:image:width\" content=\"2448\" \/>\n\t<meta property=\"og:image:height\" content=\"2448\" \/>\n\t<meta property=\"og:image:type\" content=\"image\/jpeg\" \/>\n<meta name=\"author\" content=\"claudia\" \/>\n<meta name=\"twitter:card\" content=\"summary_large_image\" \/>\n<meta name=\"twitter:label1\" content=\"Scritto da\" \/>\n\t<meta name=\"twitter:data1\" content=\"claudia\" \/>\n\t<meta name=\"twitter:label2\" content=\"Tempo di lettura stimato\" \/>\n\t<meta name=\"twitter:data2\" content=\"3 minuti\" \/>\n<script type=\"application\/ld+json\" class=\"yoast-schema-graph\">{\"@context\":\"https:\\\/\\\/schema.org\",\"@graph\":[{\"@type\":\"Article\",\"@id\":\"https:\\\/\\\/www.ildammuso.com\\\/it\\\/onde-radio\\\/#article\",\"isPartOf\":{\"@id\":\"https:\\\/\\\/www.ildammuso.com\\\/it\\\/onde-radio\\\/\"},\"author\":{\"name\":\"claudia\",\"@id\":\"https:\\\/\\\/www.ildammuso.com\\\/it\\\/#\\\/schema\\\/person\\\/a97bc2634c1ae772b6efbb07fef2b3a8\"},\"headline\":\"ONDE radio\",\"datePublished\":\"2023-02-13T09:14:55+00:00\",\"dateModified\":\"2023-02-23T09:57:10+00:00\",\"mainEntityOfPage\":{\"@id\":\"https:\\\/\\\/www.ildammuso.com\\\/it\\\/onde-radio\\\/\"},\"wordCount\":520,\"commentCount\":0,\"publisher\":{\"@id\":\"https:\\\/\\\/www.ildammuso.com\\\/it\\\/#organization\"},\"image\":{\"@id\":\"https:\\\/\\\/www.ildammuso.com\\\/it\\\/onde-radio\\\/#primaryimage\"},\"thumbnailUrl\":\"https:\\\/\\\/www.ildammuso.com\\\/wp-content\\\/uploads\\\/2023\\\/02\\\/Onde-radio-rotated.jpg\",\"keywords\":[\"radio\",\"onde\",\"internet\",\"giornatamondialedellaradio\",\"onderadio\",\"ildammuso\",\"pantelleria\"],\"articleSection\":[\"Corsi e ricorsi\",\"Istruzioni per l'uso\"],\"inLanguage\":\"it-IT\",\"potentialAction\":[{\"@type\":\"CommentAction\",\"name\":\"Comment\",\"target\":[\"https:\\\/\\\/www.ildammuso.com\\\/it\\\/onde-radio\\\/#respond\"]}]},{\"@type\":\"WebPage\",\"@id\":\"https:\\\/\\\/www.ildammuso.com\\\/it\\\/onde-radio\\\/\",\"url\":\"https:\\\/\\\/www.ildammuso.com\\\/it\\\/onde-radio\\\/\",\"name\":\"ONDE radio | Il Dammuso\",\"isPartOf\":{\"@id\":\"https:\\\/\\\/www.ildammuso.com\\\/it\\\/#website\"},\"primaryImageOfPage\":{\"@id\":\"https:\\\/\\\/www.ildammuso.com\\\/it\\\/onde-radio\\\/#primaryimage\"},\"image\":{\"@id\":\"https:\\\/\\\/www.ildammuso.com\\\/it\\\/onde-radio\\\/#primaryimage\"},\"thumbnailUrl\":\"https:\\\/\\\/www.ildammuso.com\\\/wp-content\\\/uploads\\\/2023\\\/02\\\/Onde-radio-rotated.jpg\",\"datePublished\":\"2023-02-13T09:14:55+00:00\",\"dateModified\":\"2023-02-23T09:57:10+00:00\",\"description\":\"\\\"ONDE radio\\\": leggi l'articolo completo nel blog de Il Dammuso! Dalla radio a internet, Pantelleria \u00e8 la sua connetivit\u00e0\",\"breadcrumb\":{\"@id\":\"https:\\\/\\\/www.ildammuso.com\\\/it\\\/onde-radio\\\/#breadcrumb\"},\"inLanguage\":\"it-IT\",\"potentialAction\":[{\"@type\":\"ReadAction\",\"target\":[\"https:\\\/\\\/www.ildammuso.com\\\/it\\\/onde-radio\\\/\"]}]},{\"@type\":\"ImageObject\",\"inLanguage\":\"it-IT\",\"@id\":\"https:\\\/\\\/www.ildammuso.com\\\/it\\\/onde-radio\\\/#primaryimage\",\"url\":\"https:\\\/\\\/www.ildammuso.com\\\/wp-content\\\/uploads\\\/2023\\\/02\\\/Onde-radio-rotated.jpg\",\"contentUrl\":\"https:\\\/\\\/www.ildammuso.com\\\/wp-content\\\/uploads\\\/2023\\\/02\\\/Onde-radio-rotated.jpg\",\"width\":2448,\"height\":2448},{\"@type\":\"BreadcrumbList\",\"@id\":\"https:\\\/\\\/www.ildammuso.com\\\/it\\\/onde-radio\\\/#breadcrumb\",\"itemListElement\":[{\"@type\":\"ListItem\",\"position\":1,\"name\":\"Home\",\"item\":\"https:\\\/\\\/www.ildammuso.com\\\/it\\\/\"},{\"@type\":\"ListItem\",\"position\":2,\"name\":\"&nbsp;\"}]},{\"@type\":\"WebSite\",\"@id\":\"https:\\\/\\\/www.ildammuso.com\\\/it\\\/#website\",\"url\":\"https:\\\/\\\/www.ildammuso.com\\\/it\\\/\",\"name\":\"Il Dammuso\",\"description\":\"Il tuo Dammuso a Pantelleria\",\"publisher\":{\"@id\":\"https:\\\/\\\/www.ildammuso.com\\\/it\\\/#organization\"},\"potentialAction\":[{\"@type\":\"SearchAction\",\"target\":{\"@type\":\"EntryPoint\",\"urlTemplate\":\"https:\\\/\\\/www.ildammuso.com\\\/it\\\/?s={search_term_string}\"},\"query-input\":{\"@type\":\"PropertyValueSpecification\",\"valueRequired\":true,\"valueName\":\"search_term_string\"}}],\"inLanguage\":\"it-IT\"},{\"@type\":\"Organization\",\"@id\":\"https:\\\/\\\/www.ildammuso.com\\\/it\\\/#organization\",\"name\":\"Il Dammuso\",\"url\":\"https:\\\/\\\/www.ildammuso.com\\\/it\\\/\",\"logo\":{\"@type\":\"ImageObject\",\"inLanguage\":\"it-IT\",\"@id\":\"https:\\\/\\\/www.ildammuso.com\\\/it\\\/#\\\/schema\\\/logo\\\/image\\\/\",\"url\":\"https:\\\/\\\/www.ildammuso.com\\\/wp-content\\\/uploads\\\/2022\\\/06\\\/logo-ildammuso.jpg\",\"contentUrl\":\"https:\\\/\\\/www.ildammuso.com\\\/wp-content\\\/uploads\\\/2022\\\/06\\\/logo-ildammuso.jpg\",\"width\":426,\"height\":395,\"caption\":\"Il Dammuso\"},\"image\":{\"@id\":\"https:\\\/\\\/www.ildammuso.com\\\/it\\\/#\\\/schema\\\/logo\\\/image\\\/\"},\"sameAs\":[\"https:\\\/\\\/www.facebook.com\\\/ildammusodipantelleria\\\/\",\"https:\\\/\\\/www.instagram.com\\\/ildammusogram\\\/\"]},{\"@type\":\"Person\",\"@id\":\"https:\\\/\\\/www.ildammuso.com\\\/it\\\/#\\\/schema\\\/person\\\/a97bc2634c1ae772b6efbb07fef2b3a8\",\"name\":\"claudia\",\"image\":{\"@type\":\"ImageObject\",\"inLanguage\":\"it-IT\",\"@id\":\"https:\\\/\\\/secure.gravatar.com\\\/avatar\\\/bfa9e85032faeaffeaaafd48c7c09ad8da852ff133d8361db8721aff28093ebe?s=96&d=mm&r=g\",\"url\":\"https:\\\/\\\/secure.gravatar.com\\\/avatar\\\/bfa9e85032faeaffeaaafd48c7c09ad8da852ff133d8361db8721aff28093ebe?s=96&d=mm&r=g\",\"contentUrl\":\"https:\\\/\\\/secure.gravatar.com\\\/avatar\\\/bfa9e85032faeaffeaaafd48c7c09ad8da852ff133d8361db8721aff28093ebe?s=96&d=mm&r=g\",\"caption\":\"claudia\"}}]}<\/script>\n<!-- \/ Yoast SEO plugin. -->","yoast_head_json":{"title":"ONDE radio | Il Dammuso","description":"\"ONDE radio\": leggi l'articolo completo nel blog de Il Dammuso! Dalla radio a internet, Pantelleria \u00e8 la sua connetivit\u00e0","robots":{"index":"index","follow":"follow","max-snippet":"max-snippet:-1","max-image-preview":"max-image-preview:large","max-video-preview":"max-video-preview:-1"},"canonical":"https:\/\/www.ildammuso.com\/it\/onde-radio\/","og_locale":"it_IT","og_type":"article","og_title":"ONDE radio | Il Dammuso","og_description":"\"ONDE radio\": leggi l'articolo completo nel blog de Il Dammuso! Dalla radio a internet, Pantelleria \u00e8 la sua connetivit\u00e0","og_url":"https:\/\/www.ildammuso.com\/it\/onde-radio\/","og_site_name":"Il Dammuso","article_publisher":"https:\/\/www.facebook.com\/ildammusodipantelleria\/","article_published_time":"2023-02-13T09:14:55+00:00","article_modified_time":"2023-02-23T09:57:10+00:00","og_image":[{"width":2448,"height":2448,"url":"https:\/\/storage1254.cdn-immedia.net\/wp-content\/uploads\/2023\/02\/Onde-radio-rotated.jpg","type":"image\/jpeg"}],"author":"claudia","twitter_card":"summary_large_image","twitter_misc":{"Scritto da":"claudia","Tempo di lettura stimato":"3 minuti"},"schema":{"@context":"https:\/\/schema.org","@graph":[{"@type":"Article","@id":"https:\/\/www.ildammuso.com\/it\/onde-radio\/#article","isPartOf":{"@id":"https:\/\/www.ildammuso.com\/it\/onde-radio\/"},"author":{"name":"claudia","@id":"https:\/\/www.ildammuso.com\/it\/#\/schema\/person\/a97bc2634c1ae772b6efbb07fef2b3a8"},"headline":"ONDE radio","datePublished":"2023-02-13T09:14:55+00:00","dateModified":"2023-02-23T09:57:10+00:00","mainEntityOfPage":{"@id":"https:\/\/www.ildammuso.com\/it\/onde-radio\/"},"wordCount":520,"commentCount":0,"publisher":{"@id":"https:\/\/www.ildammuso.com\/it\/#organization"},"image":{"@id":"https:\/\/www.ildammuso.com\/it\/onde-radio\/#primaryimage"},"thumbnailUrl":"https:\/\/storage1254.cdn-immedia.net\/wp-content\/uploads\/2023\/02\/Onde-radio-rotated.jpg","keywords":["radio","onde","internet","giornatamondialedellaradio","onderadio","ildammuso","pantelleria"],"articleSection":["Corsi e ricorsi","Istruzioni per l'uso"],"inLanguage":"it-IT","potentialAction":[{"@type":"CommentAction","name":"Comment","target":["https:\/\/www.ildammuso.com\/it\/onde-radio\/#respond"]}]},{"@type":"WebPage","@id":"https:\/\/www.ildammuso.com\/it\/onde-radio\/","url":"https:\/\/www.ildammuso.com\/it\/onde-radio\/","name":"ONDE radio | Il Dammuso","isPartOf":{"@id":"https:\/\/www.ildammuso.com\/it\/#website"},"primaryImageOfPage":{"@id":"https:\/\/www.ildammuso.com\/it\/onde-radio\/#primaryimage"},"image":{"@id":"https:\/\/www.ildammuso.com\/it\/onde-radio\/#primaryimage"},"thumbnailUrl":"https:\/\/storage1254.cdn-immedia.net\/wp-content\/uploads\/2023\/02\/Onde-radio-rotated.jpg","datePublished":"2023-02-13T09:14:55+00:00","dateModified":"2023-02-23T09:57:10+00:00","description":"\"ONDE radio\": leggi l'articolo completo nel blog de Il Dammuso! Dalla radio a internet, Pantelleria \u00e8 la sua connetivit\u00e0","breadcrumb":{"@id":"https:\/\/www.ildammuso.com\/it\/onde-radio\/#breadcrumb"},"inLanguage":"it-IT","potentialAction":[{"@type":"ReadAction","target":["https:\/\/www.ildammuso.com\/it\/onde-radio\/"]}]},{"@type":"ImageObject","inLanguage":"it-IT","@id":"https:\/\/www.ildammuso.com\/it\/onde-radio\/#primaryimage","url":"https:\/\/storage1254.cdn-immedia.net\/wp-content\/uploads\/2023\/02\/Onde-radio-rotated.jpg","contentUrl":"https:\/\/storage1254.cdn-immedia.net\/wp-content\/uploads\/2023\/02\/Onde-radio-rotated.jpg","width":2448,"height":2448},{"@type":"BreadcrumbList","@id":"https:\/\/www.ildammuso.com\/it\/onde-radio\/#breadcrumb","itemListElement":[{"@type":"ListItem","position":1,"name":"Home","item":"https:\/\/www.ildammuso.com\/it\/"},{"@type":"ListItem","position":2,"name":"&nbsp;"}]},{"@type":"WebSite","@id":"https:\/\/www.ildammuso.com\/it\/#website","url":"https:\/\/www.ildammuso.com\/it\/","name":"Il Dammuso","description":"Il tuo Dammuso a Pantelleria","publisher":{"@id":"https:\/\/www.ildammuso.com\/it\/#organization"},"potentialAction":[{"@type":"SearchAction","target":{"@type":"EntryPoint","urlTemplate":"https:\/\/www.ildammuso.com\/it\/?s={search_term_string}"},"query-input":{"@type":"PropertyValueSpecification","valueRequired":true,"valueName":"search_term_string"}}],"inLanguage":"it-IT"},{"@type":"Organization","@id":"https:\/\/www.ildammuso.com\/it\/#organization","name":"Il Dammuso","url":"https:\/\/www.ildammuso.com\/it\/","logo":{"@type":"ImageObject","inLanguage":"it-IT","@id":"https:\/\/www.ildammuso.com\/it\/#\/schema\/logo\/image\/","url":"https:\/\/storage1254.cdn-immedia.net\/wp-content\/uploads\/2022\/06\/logo-ildammuso.jpg","contentUrl":"https:\/\/storage1254.cdn-immedia.net\/wp-content\/uploads\/2022\/06\/logo-ildammuso.jpg","width":426,"height":395,"caption":"Il Dammuso"},"image":{"@id":"https:\/\/www.ildammuso.com\/it\/#\/schema\/logo\/image\/"},"sameAs":["https:\/\/www.facebook.com\/ildammusodipantelleria\/","https:\/\/www.instagram.com\/ildammusogram\/"]},{"@type":"Person","@id":"https:\/\/www.ildammuso.com\/it\/#\/schema\/person\/a97bc2634c1ae772b6efbb07fef2b3a8","name":"claudia","image":{"@type":"ImageObject","inLanguage":"it-IT","@id":"https:\/\/secure.gravatar.com\/avatar\/bfa9e85032faeaffeaaafd48c7c09ad8da852ff133d8361db8721aff28093ebe?s=96&d=mm&r=g","url":"https:\/\/secure.gravatar.com\/avatar\/bfa9e85032faeaffeaaafd48c7c09ad8da852ff133d8361db8721aff28093ebe?s=96&d=mm&r=g","contentUrl":"https:\/\/secure.gravatar.com\/avatar\/bfa9e85032faeaffeaaafd48c7c09ad8da852ff133d8361db8721aff28093ebe?s=96&d=mm&r=g","caption":"claudia"}}]}},"_links":{"self":[{"href":"https:\/\/www.ildammuso.com\/it\/wp-json\/wp\/v2\/posts\/17512","targetHints":{"allow":["GET"]}}],"collection":[{"href":"https:\/\/www.ildammuso.com\/it\/wp-json\/wp\/v2\/posts"}],"about":[{"href":"https:\/\/www.ildammuso.com\/it\/wp-json\/wp\/v2\/types\/post"}],"author":[{"embeddable":true,"href":"https:\/\/www.ildammuso.com\/it\/wp-json\/wp\/v2\/users\/3"}],"replies":[{"embeddable":true,"href":"https:\/\/www.ildammuso.com\/it\/wp-json\/wp\/v2\/comments?post=17512"}],"version-history":[{"count":1,"href":"https:\/\/www.ildammuso.com\/it\/wp-json\/wp\/v2\/posts\/17512\/revisions"}],"predecessor-version":[{"id":17515,"href":"https:\/\/www.ildammuso.com\/it\/wp-json\/wp\/v2\/posts\/17512\/revisions\/17515"}],"wp:featuredmedia":[{"embeddable":true,"href":"https:\/\/www.ildammuso.com\/it\/wp-json\/wp\/v2\/media\/17513"}],"wp:attachment":[{"href":"https:\/\/www.ildammuso.com\/it\/wp-json\/wp\/v2\/media?parent=17512"}],"wp:term":[{"taxonomy":"category","embeddable":true,"href":"https:\/\/www.ildammuso.com\/it\/wp-json\/wp\/v2\/categories?post=17512"},{"taxonomy":"post_tag","embeddable":true,"href":"https:\/\/www.ildammuso.com\/it\/wp-json\/wp\/v2\/tags?post=17512"}],"curies":[{"name":"wp","href":"https:\/\/api.w.org\/{rel}","templated":true}]}}