{"id":17645,"date":"2023-02-20T11:11:07","date_gmt":"2023-02-20T10:11:07","guid":{"rendered":"https:\/\/www.ildammuso.com\/?p=17645"},"modified":"2023-02-20T11:11:10","modified_gmt":"2023-02-20T10:11:10","slug":"tre-isole-e-una-penisola","status":"publish","type":"post","link":"https:\/\/www.ildammuso.com\/it\/tre-isole-e-una-penisola\/","title":{"rendered":"Tre isole e una penisola"},"content":{"rendered":"\n<p>Siamo a Barcellona.<br>Avete capito bene, non a Pantelleria ma a Barcellona.<br>Perch\u00e9 siamo qui?<br>Perch\u00e9 qui abita Giovanni e stiamo lavorando alla prossima stagione estiva.<br>Aspettiamo Barbara, per riunirci e potere lavorare con una certa calma e lontani dalla routine.<\/p>\n\n\n\n<p>Ma a voi perch\u00e9 dovrebbe interessare che noi siamo qui?<br>(Le vostre domande sono sempre lecite).<br>Di fatto io ritengo che in apparenza la notizia non abbia particolare appeal, ma nasconde uno strano intreccio di vite e luoghi, di storie e di mare, di isole e lingue di terra.<\/p>\n\n\n\n<p>Questa storia la racconta il collage di foto che ho pubblicato e che ritrae cinque luoghi: il vecchio <a href=\"https:\/\/www.ildammuso.com\/it\/i-piccoli-tuffatori-di-scauri\/\">faro di Scauri<\/a> a Pantelleria, il <a href=\"https:\/\/www.balarm.it\/luoghi\/foro-italico-palermo-2351\">Foro Italico di Palermo<\/a>,<a href=\"https:\/\/barcelona-home.com\/blog\/it\/la-barceloneta\/\"> la Barceloneta a Barcellona<\/a>, le <a href=\"https:\/\/www.travelworld.it\/irlanda-la-leggenda-della-giants-causeway\/\">Giant&#8217;s Causeway<\/a> in Irlanda e l\u2019isola di <a href=\"https:\/\/viaggiaretutelato.it\/manhattan-e-le-altre-isole-di-new-york\/amp\/\">Manhattan<\/a>.<br>Cosa hanno in comune questi luoghi?<br>In quattro casi si tratta di posti che si trovano dentro isole, solo la Barceloneta \u00e8 una \u201cpunta\u201d lanciata verso il mediterraneo.<br>Il mare \u00e8 il \u201cluogo\u201d comune.<br>\u00c8 anche un \u201cluogo comune\u201d tra i pi\u00f9 belli.<br>Ma non \u00e8 il solo filo conduttore di questa storia che sto raccontando.<br>Queste cinque terre, questi spazi immersi nel mare e che sanno di salmastro come la nebbiolina che si leva durante le mareggiate, appartengono, per ragioni diverse, al cuore di Giovanni, di Barbara e al mio.<\/p>\n\n\n\n<p>Se il caso non esiste, sar\u00e0 il destino o altrimenti la mano invisibile o un intreccio di fatti che si chiamano comunemente \u201cstorie di vita\u201d, hanno fatto s\u00ec che questi cinque posti siano appartenuti al nostro cammino da individui isolati e da compagni di lavoro.<br>Terra, mare e vite che si intrecciano dentro ad un denominatore comune, che \u00e8 il mare.<\/p>\n\n\n\n<p>Oggi siamo a Barcellona.<br>Da domani e per qualche giorno vi racconto quello che accade da questa prospettiva.<br>Un Mediterraneo &#8220;differente&#8221; davanti.<\/p>\n\n\n\n<p>Dietro, come sempre, una terra antica.<\/p>\n\n\n\n<p>Con parole larghe, aperte, dentro una citt\u00e0 cosmopolita e grande, diversa e distante da un\u2019isola piccola come Pantelleria, prover\u00f2 a narrarvi una storia di differente ampiezza ma che tratteggia spaccati di umanit\u00e0 e se non sono scogli questa volta sar\u00e0 sabbia, ossia moltitudine.<\/p>\n\n\n\n<p>Mentre, al contempo, noi si lavorer\u00e0 alla vostra <a href=\"https:\/\/www.ildammuso.com\/it\/\">vacanza<\/a> futura sul suolo pantesco.<\/p>\n","protected":false},"excerpt":{"rendered":"<p>Siamo a Barcellona.Avete capito bene, non a Pantelleria ma a [&hellip;]<\/p>\n","protected":false},"author":3,"featured_media":17646,"comment_status":"open","ping_status":"open","sticky":false,"template":"","format":"standard","meta":{"_acf_changed":false,"footnotes":""},"categories":[717],"tags":[827,828,829,830,831,832,833,834,228,68,91,173],"class_list":["post-17645","post","type-post","status-publish","format-standard","has-post-thumbnail","hentry","category-pantelleria-in-movimento","tag-sicilia","tag-foroitalico","tag-irlanda-2","tag-giaiantscauseway","tag-manhattan","tag-newyork","tag-barcelloneta","tag-barcellona","tag-ildammuso","tag-palermo","tag-pantelleria","tag-scauri"],"acf":[],"yoast_head":"<!-- This site is optimized with the Yoast SEO plugin v27.5 - https:\/\/yoast.com\/product\/yoast-seo-wordpress\/ -->\n<title>Tre isole e una penisola | Il Dammuso<\/title>\n<meta name=\"description\" content=\"&quot;Trre isole e una penisola&quot;: leggi l&#039;articolo completo nel blog de Il Dammuso! Il mare come denominatore comune de Ildammuso.com\" \/>\n<meta name=\"robots\" content=\"index, follow, max-snippet:-1, max-image-preview:large, max-video-preview:-1\" \/>\n<link rel=\"canonical\" href=\"https:\/\/www.ildammuso.com\/it\/tre-isole-e-una-penisola\/\" \/>\n<meta property=\"og:locale\" content=\"it_IT\" \/>\n<meta property=\"og:type\" content=\"article\" \/>\n<meta property=\"og:title\" content=\"Tre isole e una penisola | Il Dammuso\" \/>\n<meta property=\"og:description\" content=\"&quot;Trre isole e una penisola&quot;: leggi l&#039;articolo completo nel blog de Il Dammuso! Il mare come denominatore comune de Ildammuso.com\" \/>\n<meta property=\"og:url\" content=\"https:\/\/www.ildammuso.com\/it\/tre-isole-e-una-penisola\/\" \/>\n<meta property=\"og:site_name\" content=\"Il Dammuso\" \/>\n<meta property=\"article:publisher\" content=\"https:\/\/www.facebook.com\/ildammusodipantelleria\/\" \/>\n<meta property=\"article:published_time\" content=\"2023-02-20T10:11:07+00:00\" \/>\n<meta property=\"article:modified_time\" content=\"2023-02-20T10:11:10+00:00\" \/>\n<meta property=\"og:image\" content=\"https:\/\/storage1254.cdn-immedia.net\/wp-content\/uploads\/2023\/02\/siamo-a-Barcellona-scaled.jpg\" \/>\n\t<meta property=\"og:image:width\" content=\"1941\" \/>\n\t<meta property=\"og:image:height\" content=\"2560\" \/>\n\t<meta property=\"og:image:type\" content=\"image\/jpeg\" \/>\n<meta name=\"author\" content=\"claudia\" \/>\n<meta name=\"twitter:card\" content=\"summary_large_image\" \/>\n<meta name=\"twitter:label1\" content=\"Scritto da\" \/>\n\t<meta name=\"twitter:data1\" content=\"claudia\" \/>\n\t<meta name=\"twitter:label2\" content=\"Tempo di lettura stimato\" \/>\n\t<meta name=\"twitter:data2\" content=\"2 minuti\" \/>\n<script type=\"application\/ld+json\" class=\"yoast-schema-graph\">{\"@context\":\"https:\\\/\\\/schema.org\",\"@graph\":[{\"@type\":\"Article\",\"@id\":\"https:\\\/\\\/www.ildammuso.com\\\/it\\\/tre-isole-e-una-penisola\\\/#article\",\"isPartOf\":{\"@id\":\"https:\\\/\\\/www.ildammuso.com\\\/it\\\/tre-isole-e-una-penisola\\\/\"},\"author\":{\"name\":\"claudia\",\"@id\":\"https:\\\/\\\/www.ildammuso.com\\\/it\\\/#\\\/schema\\\/person\\\/a97bc2634c1ae772b6efbb07fef2b3a8\"},\"headline\":\"Tre isole e una penisola\",\"datePublished\":\"2023-02-20T10:11:07+00:00\",\"dateModified\":\"2023-02-20T10:11:10+00:00\",\"mainEntityOfPage\":{\"@id\":\"https:\\\/\\\/www.ildammuso.com\\\/it\\\/tre-isole-e-una-penisola\\\/\"},\"wordCount\":370,\"commentCount\":0,\"publisher\":{\"@id\":\"https:\\\/\\\/www.ildammuso.com\\\/it\\\/#organization\"},\"image\":{\"@id\":\"https:\\\/\\\/www.ildammuso.com\\\/it\\\/tre-isole-e-una-penisola\\\/#primaryimage\"},\"thumbnailUrl\":\"https:\\\/\\\/www.ildammuso.com\\\/wp-content\\\/uploads\\\/2023\\\/02\\\/siamo-a-Barcellona-scaled.jpg\",\"keywords\":[\"sicilia\",\"foroitalico\",\"irlanda\",\"giaiantscauseway\",\"manhattan\",\"newyork\",\"barcelloneta\",\"barcellona\",\"ildammuso\",\"palermo\",\"pantelleria\",\"scauri\"],\"articleSection\":[\"Pantelleria in movimento\"],\"inLanguage\":\"it-IT\",\"potentialAction\":[{\"@type\":\"CommentAction\",\"name\":\"Comment\",\"target\":[\"https:\\\/\\\/www.ildammuso.com\\\/it\\\/tre-isole-e-una-penisola\\\/#respond\"]}]},{\"@type\":\"WebPage\",\"@id\":\"https:\\\/\\\/www.ildammuso.com\\\/it\\\/tre-isole-e-una-penisola\\\/\",\"url\":\"https:\\\/\\\/www.ildammuso.com\\\/it\\\/tre-isole-e-una-penisola\\\/\",\"name\":\"Tre isole e una penisola | Il Dammuso\",\"isPartOf\":{\"@id\":\"https:\\\/\\\/www.ildammuso.com\\\/it\\\/#website\"},\"primaryImageOfPage\":{\"@id\":\"https:\\\/\\\/www.ildammuso.com\\\/it\\\/tre-isole-e-una-penisola\\\/#primaryimage\"},\"image\":{\"@id\":\"https:\\\/\\\/www.ildammuso.com\\\/it\\\/tre-isole-e-una-penisola\\\/#primaryimage\"},\"thumbnailUrl\":\"https:\\\/\\\/www.ildammuso.com\\\/wp-content\\\/uploads\\\/2023\\\/02\\\/siamo-a-Barcellona-scaled.jpg\",\"datePublished\":\"2023-02-20T10:11:07+00:00\",\"dateModified\":\"2023-02-20T10:11:10+00:00\",\"description\":\"\\\"Trre isole e una penisola\\\": leggi l'articolo completo nel blog de Il Dammuso! Il mare come denominatore comune de Ildammuso.com\",\"breadcrumb\":{\"@id\":\"https:\\\/\\\/www.ildammuso.com\\\/it\\\/tre-isole-e-una-penisola\\\/#breadcrumb\"},\"inLanguage\":\"it-IT\",\"potentialAction\":[{\"@type\":\"ReadAction\",\"target\":[\"https:\\\/\\\/www.ildammuso.com\\\/it\\\/tre-isole-e-una-penisola\\\/\"]}]},{\"@type\":\"ImageObject\",\"inLanguage\":\"it-IT\",\"@id\":\"https:\\\/\\\/www.ildammuso.com\\\/it\\\/tre-isole-e-una-penisola\\\/#primaryimage\",\"url\":\"https:\\\/\\\/www.ildammuso.com\\\/wp-content\\\/uploads\\\/2023\\\/02\\\/siamo-a-Barcellona-scaled.jpg\",\"contentUrl\":\"https:\\\/\\\/www.ildammuso.com\\\/wp-content\\\/uploads\\\/2023\\\/02\\\/siamo-a-Barcellona-scaled.jpg\",\"width\":1941,\"height\":2560},{\"@type\":\"BreadcrumbList\",\"@id\":\"https:\\\/\\\/www.ildammuso.com\\\/it\\\/tre-isole-e-una-penisola\\\/#breadcrumb\",\"itemListElement\":[{\"@type\":\"ListItem\",\"position\":1,\"name\":\"Home\",\"item\":\"https:\\\/\\\/www.ildammuso.com\\\/it\\\/\"},{\"@type\":\"ListItem\",\"position\":2,\"name\":\"&nbsp;\"}]},{\"@type\":\"WebSite\",\"@id\":\"https:\\\/\\\/www.ildammuso.com\\\/it\\\/#website\",\"url\":\"https:\\\/\\\/www.ildammuso.com\\\/it\\\/\",\"name\":\"Il Dammuso\",\"description\":\"Il tuo Dammuso a Pantelleria\",\"publisher\":{\"@id\":\"https:\\\/\\\/www.ildammuso.com\\\/it\\\/#organization\"},\"potentialAction\":[{\"@type\":\"SearchAction\",\"target\":{\"@type\":\"EntryPoint\",\"urlTemplate\":\"https:\\\/\\\/www.ildammuso.com\\\/it\\\/?s={search_term_string}\"},\"query-input\":{\"@type\":\"PropertyValueSpecification\",\"valueRequired\":true,\"valueName\":\"search_term_string\"}}],\"inLanguage\":\"it-IT\"},{\"@type\":\"Organization\",\"@id\":\"https:\\\/\\\/www.ildammuso.com\\\/it\\\/#organization\",\"name\":\"Il Dammuso\",\"url\":\"https:\\\/\\\/www.ildammuso.com\\\/it\\\/\",\"logo\":{\"@type\":\"ImageObject\",\"inLanguage\":\"it-IT\",\"@id\":\"https:\\\/\\\/www.ildammuso.com\\\/it\\\/#\\\/schema\\\/logo\\\/image\\\/\",\"url\":\"https:\\\/\\\/www.ildammuso.com\\\/wp-content\\\/uploads\\\/2022\\\/06\\\/logo-ildammuso.jpg\",\"contentUrl\":\"https:\\\/\\\/www.ildammuso.com\\\/wp-content\\\/uploads\\\/2022\\\/06\\\/logo-ildammuso.jpg\",\"width\":426,\"height\":395,\"caption\":\"Il Dammuso\"},\"image\":{\"@id\":\"https:\\\/\\\/www.ildammuso.com\\\/it\\\/#\\\/schema\\\/logo\\\/image\\\/\"},\"sameAs\":[\"https:\\\/\\\/www.facebook.com\\\/ildammusodipantelleria\\\/\",\"https:\\\/\\\/www.instagram.com\\\/ildammusogram\\\/\"]},{\"@type\":\"Person\",\"@id\":\"https:\\\/\\\/www.ildammuso.com\\\/it\\\/#\\\/schema\\\/person\\\/a97bc2634c1ae772b6efbb07fef2b3a8\",\"name\":\"claudia\",\"image\":{\"@type\":\"ImageObject\",\"inLanguage\":\"it-IT\",\"@id\":\"https:\\\/\\\/secure.gravatar.com\\\/avatar\\\/bfa9e85032faeaffeaaafd48c7c09ad8da852ff133d8361db8721aff28093ebe?s=96&d=mm&r=g\",\"url\":\"https:\\\/\\\/secure.gravatar.com\\\/avatar\\\/bfa9e85032faeaffeaaafd48c7c09ad8da852ff133d8361db8721aff28093ebe?s=96&d=mm&r=g\",\"contentUrl\":\"https:\\\/\\\/secure.gravatar.com\\\/avatar\\\/bfa9e85032faeaffeaaafd48c7c09ad8da852ff133d8361db8721aff28093ebe?s=96&d=mm&r=g\",\"caption\":\"claudia\"}}]}<\/script>\n<!-- \/ Yoast SEO plugin. -->","yoast_head_json":{"title":"Tre isole e una penisola | Il Dammuso","description":"\"Trre isole e una penisola\": leggi l'articolo completo nel blog de Il Dammuso! Il mare come denominatore comune de Ildammuso.com","robots":{"index":"index","follow":"follow","max-snippet":"max-snippet:-1","max-image-preview":"max-image-preview:large","max-video-preview":"max-video-preview:-1"},"canonical":"https:\/\/www.ildammuso.com\/it\/tre-isole-e-una-penisola\/","og_locale":"it_IT","og_type":"article","og_title":"Tre isole e una penisola | Il Dammuso","og_description":"\"Trre isole e una penisola\": leggi l'articolo completo nel blog de Il Dammuso! Il mare come denominatore comune de Ildammuso.com","og_url":"https:\/\/www.ildammuso.com\/it\/tre-isole-e-una-penisola\/","og_site_name":"Il Dammuso","article_publisher":"https:\/\/www.facebook.com\/ildammusodipantelleria\/","article_published_time":"2023-02-20T10:11:07+00:00","article_modified_time":"2023-02-20T10:11:10+00:00","og_image":[{"width":1941,"height":2560,"url":"https:\/\/storage1254.cdn-immedia.net\/wp-content\/uploads\/2023\/02\/siamo-a-Barcellona-scaled.jpg","type":"image\/jpeg"}],"author":"claudia","twitter_card":"summary_large_image","twitter_misc":{"Scritto da":"claudia","Tempo di lettura stimato":"2 minuti"},"schema":{"@context":"https:\/\/schema.org","@graph":[{"@type":"Article","@id":"https:\/\/www.ildammuso.com\/it\/tre-isole-e-una-penisola\/#article","isPartOf":{"@id":"https:\/\/www.ildammuso.com\/it\/tre-isole-e-una-penisola\/"},"author":{"name":"claudia","@id":"https:\/\/www.ildammuso.com\/it\/#\/schema\/person\/a97bc2634c1ae772b6efbb07fef2b3a8"},"headline":"Tre isole e una penisola","datePublished":"2023-02-20T10:11:07+00:00","dateModified":"2023-02-20T10:11:10+00:00","mainEntityOfPage":{"@id":"https:\/\/www.ildammuso.com\/it\/tre-isole-e-una-penisola\/"},"wordCount":370,"commentCount":0,"publisher":{"@id":"https:\/\/www.ildammuso.com\/it\/#organization"},"image":{"@id":"https:\/\/www.ildammuso.com\/it\/tre-isole-e-una-penisola\/#primaryimage"},"thumbnailUrl":"https:\/\/storage1254.cdn-immedia.net\/wp-content\/uploads\/2023\/02\/siamo-a-Barcellona-scaled.jpg","keywords":["sicilia","foroitalico","irlanda","giaiantscauseway","manhattan","newyork","barcelloneta","barcellona","ildammuso","palermo","pantelleria","scauri"],"articleSection":["Pantelleria in movimento"],"inLanguage":"it-IT","potentialAction":[{"@type":"CommentAction","name":"Comment","target":["https:\/\/www.ildammuso.com\/it\/tre-isole-e-una-penisola\/#respond"]}]},{"@type":"WebPage","@id":"https:\/\/www.ildammuso.com\/it\/tre-isole-e-una-penisola\/","url":"https:\/\/www.ildammuso.com\/it\/tre-isole-e-una-penisola\/","name":"Tre isole e una penisola | Il Dammuso","isPartOf":{"@id":"https:\/\/www.ildammuso.com\/it\/#website"},"primaryImageOfPage":{"@id":"https:\/\/www.ildammuso.com\/it\/tre-isole-e-una-penisola\/#primaryimage"},"image":{"@id":"https:\/\/www.ildammuso.com\/it\/tre-isole-e-una-penisola\/#primaryimage"},"thumbnailUrl":"https:\/\/storage1254.cdn-immedia.net\/wp-content\/uploads\/2023\/02\/siamo-a-Barcellona-scaled.jpg","datePublished":"2023-02-20T10:11:07+00:00","dateModified":"2023-02-20T10:11:10+00:00","description":"\"Trre isole e una penisola\": leggi l'articolo completo nel blog de Il Dammuso! Il mare come denominatore comune de Ildammuso.com","breadcrumb":{"@id":"https:\/\/www.ildammuso.com\/it\/tre-isole-e-una-penisola\/#breadcrumb"},"inLanguage":"it-IT","potentialAction":[{"@type":"ReadAction","target":["https:\/\/www.ildammuso.com\/it\/tre-isole-e-una-penisola\/"]}]},{"@type":"ImageObject","inLanguage":"it-IT","@id":"https:\/\/www.ildammuso.com\/it\/tre-isole-e-una-penisola\/#primaryimage","url":"https:\/\/storage1254.cdn-immedia.net\/wp-content\/uploads\/2023\/02\/siamo-a-Barcellona-scaled.jpg","contentUrl":"https:\/\/storage1254.cdn-immedia.net\/wp-content\/uploads\/2023\/02\/siamo-a-Barcellona-scaled.jpg","width":1941,"height":2560},{"@type":"BreadcrumbList","@id":"https:\/\/www.ildammuso.com\/it\/tre-isole-e-una-penisola\/#breadcrumb","itemListElement":[{"@type":"ListItem","position":1,"name":"Home","item":"https:\/\/www.ildammuso.com\/it\/"},{"@type":"ListItem","position":2,"name":"&nbsp;"}]},{"@type":"WebSite","@id":"https:\/\/www.ildammuso.com\/it\/#website","url":"https:\/\/www.ildammuso.com\/it\/","name":"Il Dammuso","description":"Il tuo Dammuso a Pantelleria","publisher":{"@id":"https:\/\/www.ildammuso.com\/it\/#organization"},"potentialAction":[{"@type":"SearchAction","target":{"@type":"EntryPoint","urlTemplate":"https:\/\/www.ildammuso.com\/it\/?s={search_term_string}"},"query-input":{"@type":"PropertyValueSpecification","valueRequired":true,"valueName":"search_term_string"}}],"inLanguage":"it-IT"},{"@type":"Organization","@id":"https:\/\/www.ildammuso.com\/it\/#organization","name":"Il Dammuso","url":"https:\/\/www.ildammuso.com\/it\/","logo":{"@type":"ImageObject","inLanguage":"it-IT","@id":"https:\/\/www.ildammuso.com\/it\/#\/schema\/logo\/image\/","url":"https:\/\/storage1254.cdn-immedia.net\/wp-content\/uploads\/2022\/06\/logo-ildammuso.jpg","contentUrl":"https:\/\/storage1254.cdn-immedia.net\/wp-content\/uploads\/2022\/06\/logo-ildammuso.jpg","width":426,"height":395,"caption":"Il Dammuso"},"image":{"@id":"https:\/\/www.ildammuso.com\/it\/#\/schema\/logo\/image\/"},"sameAs":["https:\/\/www.facebook.com\/ildammusodipantelleria\/","https:\/\/www.instagram.com\/ildammusogram\/"]},{"@type":"Person","@id":"https:\/\/www.ildammuso.com\/it\/#\/schema\/person\/a97bc2634c1ae772b6efbb07fef2b3a8","name":"claudia","image":{"@type":"ImageObject","inLanguage":"it-IT","@id":"https:\/\/secure.gravatar.com\/avatar\/bfa9e85032faeaffeaaafd48c7c09ad8da852ff133d8361db8721aff28093ebe?s=96&d=mm&r=g","url":"https:\/\/secure.gravatar.com\/avatar\/bfa9e85032faeaffeaaafd48c7c09ad8da852ff133d8361db8721aff28093ebe?s=96&d=mm&r=g","contentUrl":"https:\/\/secure.gravatar.com\/avatar\/bfa9e85032faeaffeaaafd48c7c09ad8da852ff133d8361db8721aff28093ebe?s=96&d=mm&r=g","caption":"claudia"}}]}},"_links":{"self":[{"href":"https:\/\/www.ildammuso.com\/it\/wp-json\/wp\/v2\/posts\/17645","targetHints":{"allow":["GET"]}}],"collection":[{"href":"https:\/\/www.ildammuso.com\/it\/wp-json\/wp\/v2\/posts"}],"about":[{"href":"https:\/\/www.ildammuso.com\/it\/wp-json\/wp\/v2\/types\/post"}],"author":[{"embeddable":true,"href":"https:\/\/www.ildammuso.com\/it\/wp-json\/wp\/v2\/users\/3"}],"replies":[{"embeddable":true,"href":"https:\/\/www.ildammuso.com\/it\/wp-json\/wp\/v2\/comments?post=17645"}],"version-history":[{"count":1,"href":"https:\/\/www.ildammuso.com\/it\/wp-json\/wp\/v2\/posts\/17645\/revisions"}],"predecessor-version":[{"id":17648,"href":"https:\/\/www.ildammuso.com\/it\/wp-json\/wp\/v2\/posts\/17645\/revisions\/17648"}],"wp:featuredmedia":[{"embeddable":true,"href":"https:\/\/www.ildammuso.com\/it\/wp-json\/wp\/v2\/media\/17646"}],"wp:attachment":[{"href":"https:\/\/www.ildammuso.com\/it\/wp-json\/wp\/v2\/media?parent=17645"}],"wp:term":[{"taxonomy":"category","embeddable":true,"href":"https:\/\/www.ildammuso.com\/it\/wp-json\/wp\/v2\/categories?post=17645"},{"taxonomy":"post_tag","embeddable":true,"href":"https:\/\/www.ildammuso.com\/it\/wp-json\/wp\/v2\/tags?post=17645"}],"curies":[{"name":"wp","href":"https:\/\/api.w.org\/{rel}","templated":true}]}}