{"id":17740,"date":"2023-02-23T10:53:26","date_gmt":"2023-02-23T09:53:26","guid":{"rendered":"https:\/\/www.ildammuso.com\/?p=17740"},"modified":"2023-02-26T12:07:41","modified_gmt":"2023-02-26T11:07:41","slug":"salvament","status":"publish","type":"post","link":"https:\/\/www.ildammuso.com\/it\/salvament\/","title":{"rendered":"Salvament"},"content":{"rendered":"\n<p><img loading=\"lazy\" decoding=\"async\" width=\"450\" height=\"450\" class=\"wp-image-17741\" style=\"width: 450px;\" src=\"https:\/\/storage1254.cdn-immedia.net\/wp-content\/uploads\/2023\/02\/Salvament-scaled.jpg\" alt=\"\" srcset=\"https:\/\/storage1254.cdn-immedia.net\/wp-content\/uploads\/2023\/02\/Salvament-scaled.jpg 2560w, https:\/\/storage1254.cdn-immedia.net\/wp-content\/uploads\/2023\/02\/Salvament-300x300.jpg 300w, https:\/\/storage1254.cdn-immedia.net\/wp-content\/uploads\/2023\/02\/Salvament-1024x1024.jpg 1024w, https:\/\/storage1254.cdn-immedia.net\/wp-content\/uploads\/2023\/02\/Salvament-150x150.jpg 150w, https:\/\/storage1254.cdn-immedia.net\/wp-content\/uploads\/2023\/02\/Salvament-768x768.jpg 768w, https:\/\/storage1254.cdn-immedia.net\/wp-content\/uploads\/2023\/02\/Salvament-1536x1536.jpg 1536w, https:\/\/storage1254.cdn-immedia.net\/wp-content\/uploads\/2023\/02\/Salvament-2048x2048.jpg 2048w, https:\/\/storage1254.cdn-immedia.net\/wp-content\/uploads\/2023\/02\/Salvament-800x800.jpg 800w, https:\/\/storage1254.cdn-immedia.net\/wp-content\/uploads\/2023\/02\/Salvament-180x180.jpg 180w\" sizes=\"auto, (max-width: 450px) 100vw, 450px\" \/>Spiaggia di Barcellona.<br>Il primo giorno mi sono imbattuta in questa immagine.<br>Fotografata per rabbia e istinto.<br>Immagine complessa.<\/p>\n\n\n\n<p>Davanti a questo Mediterraneo, in una terra lontana dalla mia, simboli, oggetti e una parola che \u00e8 SALVAMENT mi hanno messo davanti a cento realt\u00e0 differenti.<br>Simbolismi amari, mi spiace.<br>Vi tocca un post di riflessione.<\/p>\n\n\n\n<p>La foto \u00e8 stata scattata a Barcellona, ma appartiene a Pantelleria a Lampedusa, a Palermo, al Mar Mediterraneo, alla citt\u00e0 come aggregato di popoli e differenze, a certa disperazione, alla delinquenza comune e, infine, alla speranza.<\/p>\n\n\n\n<p>Ho immaginato mille cose guardando e riguardando questa torretta che fa molto \u201cBaywatch\u201d, ma in una giornata d\u2019inverno, ho esaminato (mentre facevo lo scatto) uno ad uno gli oggetti che quella valigia aveva contenuto, non sapr\u00f2 mai cosa \u00e8 stato portato via e ho visto solo ci\u00f2 che \u00e8 stato trascurato.<\/p>\n\n\n\n<p>O forse no.<br>Io lo so cosa \u00e8 stato sottratto: un bene, pezzetti di vita, la fiducia, la gioia di un cammino, la certezza di essere arrivati in un \u201cporto\u201d, l\u2019avere immaginato un luogo senza aver fatto prima i conti con l\u2019umanit\u00e0 e molto altro ancora.<br>Probabilmente sarebbe stato un viaggio come tanti altri, ma deve essere iniziato male.<\/p>\n\n\n\n<p>Potrei continuare ma mi fermo per una sola ragione, che \u00e8 quella grande scritta che capeggia su una torretta dove lavorano PERSONE che salvano altre PERSONE.<br>Mi fermo perch\u00e9 queste migliaia di pixel compongono la parola SALVAMENT.<\/p>\n\n\n\n<p>SALVAMENT.<br>E non voglio rinunciarvi.<br>Altrimenti io avrei continuato.<\/p>\n\n\n\n<p>Foto di Claudia Picciotto<\/p>\n","protected":false},"excerpt":{"rendered":"<p>Spiaggia di Barcellona.Il primo giorno mi sono imbattuta in questa [&hellip;]<\/p>\n","protected":false},"author":3,"featured_media":17741,"comment_status":"open","ping_status":"open","sticky":false,"template":"","format":"standard","meta":{"_acf_changed":false,"footnotes":""},"categories":[717],"tags":[835,836,833,834,228,91,103],"class_list":["post-17740","post","type-post","status-publish","format-standard","has-post-thumbnail","hentry","category-pantelleria-in-movimento","tag-salvament","tag-speranza","tag-barcelloneta","tag-barcellona","tag-ildammuso","tag-pantelleria","tag-viaggio"],"acf":[],"yoast_head":"<!-- This site is optimized with the Yoast SEO plugin v27.4 - https:\/\/yoast.com\/product\/yoast-seo-wordpress\/ -->\n<title>Salvament | Il Dammuso<\/title>\n<meta name=\"description\" content=\"&quot;Salvament&quot;: leggi l&#039;articolo completo nel blog de Il Dammuso! Da Pantelleria a Barcellona, storie di umanit\u00e0 e di viaggi\" \/>\n<meta name=\"robots\" content=\"index, follow, max-snippet:-1, max-image-preview:large, max-video-preview:-1\" \/>\n<link rel=\"canonical\" href=\"https:\/\/www.ildammuso.com\/it\/salvament\/\" \/>\n<meta property=\"og:locale\" content=\"it_IT\" \/>\n<meta property=\"og:type\" content=\"article\" \/>\n<meta property=\"og:title\" content=\"Salvament | Il Dammuso\" \/>\n<meta property=\"og:description\" content=\"&quot;Salvament&quot;: leggi l&#039;articolo completo nel blog de Il Dammuso! Da Pantelleria a Barcellona, storie di umanit\u00e0 e di viaggi\" \/>\n<meta property=\"og:url\" content=\"https:\/\/www.ildammuso.com\/it\/salvament\/\" \/>\n<meta property=\"og:site_name\" content=\"Il Dammuso\" \/>\n<meta property=\"article:publisher\" content=\"https:\/\/www.facebook.com\/ildammusodipantelleria\/\" \/>\n<meta property=\"article:published_time\" content=\"2023-02-23T09:53:26+00:00\" \/>\n<meta property=\"article:modified_time\" content=\"2023-02-26T11:07:41+00:00\" \/>\n<meta property=\"og:image\" content=\"https:\/\/storage1254.cdn-immedia.net\/wp-content\/uploads\/2023\/02\/Salvament-scaled.jpg\" \/>\n\t<meta property=\"og:image:width\" content=\"2560\" \/>\n\t<meta property=\"og:image:height\" content=\"2560\" \/>\n\t<meta property=\"og:image:type\" content=\"image\/jpeg\" \/>\n<meta name=\"author\" content=\"claudia\" \/>\n<meta name=\"twitter:card\" content=\"summary_large_image\" \/>\n<meta name=\"twitter:label1\" content=\"Scritto da\" \/>\n\t<meta name=\"twitter:data1\" content=\"claudia\" \/>\n\t<meta name=\"twitter:label2\" content=\"Tempo di lettura stimato\" \/>\n\t<meta name=\"twitter:data2\" content=\"2 minuti\" \/>\n<script type=\"application\/ld+json\" class=\"yoast-schema-graph\">{\"@context\":\"https:\\\/\\\/schema.org\",\"@graph\":[{\"@type\":\"Article\",\"@id\":\"https:\\\/\\\/www.ildammuso.com\\\/it\\\/salvament\\\/#article\",\"isPartOf\":{\"@id\":\"https:\\\/\\\/www.ildammuso.com\\\/it\\\/salvament\\\/\"},\"author\":{\"name\":\"claudia\",\"@id\":\"https:\\\/\\\/www.ildammuso.com\\\/it\\\/#\\\/schema\\\/person\\\/a97bc2634c1ae772b6efbb07fef2b3a8\"},\"headline\":\"Salvament\",\"datePublished\":\"2023-02-23T09:53:26+00:00\",\"dateModified\":\"2023-02-26T11:07:41+00:00\",\"mainEntityOfPage\":{\"@id\":\"https:\\\/\\\/www.ildammuso.com\\\/it\\\/salvament\\\/\"},\"wordCount\":249,\"commentCount\":0,\"publisher\":{\"@id\":\"https:\\\/\\\/www.ildammuso.com\\\/it\\\/#organization\"},\"image\":{\"@id\":\"https:\\\/\\\/www.ildammuso.com\\\/it\\\/salvament\\\/#primaryimage\"},\"thumbnailUrl\":\"https:\\\/\\\/www.ildammuso.com\\\/wp-content\\\/uploads\\\/2023\\\/02\\\/Salvament-scaled.jpg\",\"keywords\":[\"salvament\",\"speranza\",\"barcelloneta\",\"barcellona\",\"ildammuso\",\"pantelleria\",\"viaggio\"],\"articleSection\":[\"Pantelleria in movimento\"],\"inLanguage\":\"it-IT\",\"potentialAction\":[{\"@type\":\"CommentAction\",\"name\":\"Comment\",\"target\":[\"https:\\\/\\\/www.ildammuso.com\\\/it\\\/salvament\\\/#respond\"]}]},{\"@type\":\"WebPage\",\"@id\":\"https:\\\/\\\/www.ildammuso.com\\\/it\\\/salvament\\\/\",\"url\":\"https:\\\/\\\/www.ildammuso.com\\\/it\\\/salvament\\\/\",\"name\":\"Salvament | Il Dammuso\",\"isPartOf\":{\"@id\":\"https:\\\/\\\/www.ildammuso.com\\\/it\\\/#website\"},\"primaryImageOfPage\":{\"@id\":\"https:\\\/\\\/www.ildammuso.com\\\/it\\\/salvament\\\/#primaryimage\"},\"image\":{\"@id\":\"https:\\\/\\\/www.ildammuso.com\\\/it\\\/salvament\\\/#primaryimage\"},\"thumbnailUrl\":\"https:\\\/\\\/www.ildammuso.com\\\/wp-content\\\/uploads\\\/2023\\\/02\\\/Salvament-scaled.jpg\",\"datePublished\":\"2023-02-23T09:53:26+00:00\",\"dateModified\":\"2023-02-26T11:07:41+00:00\",\"description\":\"\\\"Salvament\\\": leggi l'articolo completo nel blog de Il Dammuso! Da Pantelleria a Barcellona, storie di umanit\u00e0 e di viaggi\",\"breadcrumb\":{\"@id\":\"https:\\\/\\\/www.ildammuso.com\\\/it\\\/salvament\\\/#breadcrumb\"},\"inLanguage\":\"it-IT\",\"potentialAction\":[{\"@type\":\"ReadAction\",\"target\":[\"https:\\\/\\\/www.ildammuso.com\\\/it\\\/salvament\\\/\"]}]},{\"@type\":\"ImageObject\",\"inLanguage\":\"it-IT\",\"@id\":\"https:\\\/\\\/www.ildammuso.com\\\/it\\\/salvament\\\/#primaryimage\",\"url\":\"https:\\\/\\\/www.ildammuso.com\\\/wp-content\\\/uploads\\\/2023\\\/02\\\/Salvament-scaled.jpg\",\"contentUrl\":\"https:\\\/\\\/www.ildammuso.com\\\/wp-content\\\/uploads\\\/2023\\\/02\\\/Salvament-scaled.jpg\",\"width\":2560,\"height\":2560},{\"@type\":\"BreadcrumbList\",\"@id\":\"https:\\\/\\\/www.ildammuso.com\\\/it\\\/salvament\\\/#breadcrumb\",\"itemListElement\":[{\"@type\":\"ListItem\",\"position\":1,\"name\":\"Home\",\"item\":\"https:\\\/\\\/www.ildammuso.com\\\/it\\\/\"},{\"@type\":\"ListItem\",\"position\":2,\"name\":\"&nbsp;\"}]},{\"@type\":\"WebSite\",\"@id\":\"https:\\\/\\\/www.ildammuso.com\\\/it\\\/#website\",\"url\":\"https:\\\/\\\/www.ildammuso.com\\\/it\\\/\",\"name\":\"Il Dammuso\",\"description\":\"Il tuo Dammuso a Pantelleria\",\"publisher\":{\"@id\":\"https:\\\/\\\/www.ildammuso.com\\\/it\\\/#organization\"},\"potentialAction\":[{\"@type\":\"SearchAction\",\"target\":{\"@type\":\"EntryPoint\",\"urlTemplate\":\"https:\\\/\\\/www.ildammuso.com\\\/it\\\/?s={search_term_string}\"},\"query-input\":{\"@type\":\"PropertyValueSpecification\",\"valueRequired\":true,\"valueName\":\"search_term_string\"}}],\"inLanguage\":\"it-IT\"},{\"@type\":\"Organization\",\"@id\":\"https:\\\/\\\/www.ildammuso.com\\\/it\\\/#organization\",\"name\":\"Il Dammuso\",\"url\":\"https:\\\/\\\/www.ildammuso.com\\\/it\\\/\",\"logo\":{\"@type\":\"ImageObject\",\"inLanguage\":\"it-IT\",\"@id\":\"https:\\\/\\\/www.ildammuso.com\\\/it\\\/#\\\/schema\\\/logo\\\/image\\\/\",\"url\":\"https:\\\/\\\/www.ildammuso.com\\\/wp-content\\\/uploads\\\/2022\\\/06\\\/logo-ildammuso.jpg\",\"contentUrl\":\"https:\\\/\\\/www.ildammuso.com\\\/wp-content\\\/uploads\\\/2022\\\/06\\\/logo-ildammuso.jpg\",\"width\":426,\"height\":395,\"caption\":\"Il Dammuso\"},\"image\":{\"@id\":\"https:\\\/\\\/www.ildammuso.com\\\/it\\\/#\\\/schema\\\/logo\\\/image\\\/\"},\"sameAs\":[\"https:\\\/\\\/www.facebook.com\\\/ildammusodipantelleria\\\/\",\"https:\\\/\\\/www.instagram.com\\\/ildammusogram\\\/\"]},{\"@type\":\"Person\",\"@id\":\"https:\\\/\\\/www.ildammuso.com\\\/it\\\/#\\\/schema\\\/person\\\/a97bc2634c1ae772b6efbb07fef2b3a8\",\"name\":\"claudia\",\"image\":{\"@type\":\"ImageObject\",\"inLanguage\":\"it-IT\",\"@id\":\"https:\\\/\\\/secure.gravatar.com\\\/avatar\\\/bfa9e85032faeaffeaaafd48c7c09ad8da852ff133d8361db8721aff28093ebe?s=96&d=mm&r=g\",\"url\":\"https:\\\/\\\/secure.gravatar.com\\\/avatar\\\/bfa9e85032faeaffeaaafd48c7c09ad8da852ff133d8361db8721aff28093ebe?s=96&d=mm&r=g\",\"contentUrl\":\"https:\\\/\\\/secure.gravatar.com\\\/avatar\\\/bfa9e85032faeaffeaaafd48c7c09ad8da852ff133d8361db8721aff28093ebe?s=96&d=mm&r=g\",\"caption\":\"claudia\"}}]}<\/script>\n<!-- \/ Yoast SEO plugin. -->","yoast_head_json":{"title":"Salvament | Il Dammuso","description":"\"Salvament\": leggi l'articolo completo nel blog de Il Dammuso! Da Pantelleria a Barcellona, storie di umanit\u00e0 e di viaggi","robots":{"index":"index","follow":"follow","max-snippet":"max-snippet:-1","max-image-preview":"max-image-preview:large","max-video-preview":"max-video-preview:-1"},"canonical":"https:\/\/www.ildammuso.com\/it\/salvament\/","og_locale":"it_IT","og_type":"article","og_title":"Salvament | Il Dammuso","og_description":"\"Salvament\": leggi l'articolo completo nel blog de Il Dammuso! Da Pantelleria a Barcellona, storie di umanit\u00e0 e di viaggi","og_url":"https:\/\/www.ildammuso.com\/it\/salvament\/","og_site_name":"Il Dammuso","article_publisher":"https:\/\/www.facebook.com\/ildammusodipantelleria\/","article_published_time":"2023-02-23T09:53:26+00:00","article_modified_time":"2023-02-26T11:07:41+00:00","og_image":[{"width":2560,"height":2560,"url":"https:\/\/storage1254.cdn-immedia.net\/wp-content\/uploads\/2023\/02\/Salvament-scaled.jpg","type":"image\/jpeg"}],"author":"claudia","twitter_card":"summary_large_image","twitter_misc":{"Scritto da":"claudia","Tempo di lettura stimato":"2 minuti"},"schema":{"@context":"https:\/\/schema.org","@graph":[{"@type":"Article","@id":"https:\/\/www.ildammuso.com\/it\/salvament\/#article","isPartOf":{"@id":"https:\/\/www.ildammuso.com\/it\/salvament\/"},"author":{"name":"claudia","@id":"https:\/\/www.ildammuso.com\/it\/#\/schema\/person\/a97bc2634c1ae772b6efbb07fef2b3a8"},"headline":"Salvament","datePublished":"2023-02-23T09:53:26+00:00","dateModified":"2023-02-26T11:07:41+00:00","mainEntityOfPage":{"@id":"https:\/\/www.ildammuso.com\/it\/salvament\/"},"wordCount":249,"commentCount":0,"publisher":{"@id":"https:\/\/www.ildammuso.com\/it\/#organization"},"image":{"@id":"https:\/\/www.ildammuso.com\/it\/salvament\/#primaryimage"},"thumbnailUrl":"https:\/\/storage1254.cdn-immedia.net\/wp-content\/uploads\/2023\/02\/Salvament-scaled.jpg","keywords":["salvament","speranza","barcelloneta","barcellona","ildammuso","pantelleria","viaggio"],"articleSection":["Pantelleria in movimento"],"inLanguage":"it-IT","potentialAction":[{"@type":"CommentAction","name":"Comment","target":["https:\/\/www.ildammuso.com\/it\/salvament\/#respond"]}]},{"@type":"WebPage","@id":"https:\/\/www.ildammuso.com\/it\/salvament\/","url":"https:\/\/www.ildammuso.com\/it\/salvament\/","name":"Salvament | Il Dammuso","isPartOf":{"@id":"https:\/\/www.ildammuso.com\/it\/#website"},"primaryImageOfPage":{"@id":"https:\/\/www.ildammuso.com\/it\/salvament\/#primaryimage"},"image":{"@id":"https:\/\/www.ildammuso.com\/it\/salvament\/#primaryimage"},"thumbnailUrl":"https:\/\/storage1254.cdn-immedia.net\/wp-content\/uploads\/2023\/02\/Salvament-scaled.jpg","datePublished":"2023-02-23T09:53:26+00:00","dateModified":"2023-02-26T11:07:41+00:00","description":"\"Salvament\": leggi l'articolo completo nel blog de Il Dammuso! Da Pantelleria a Barcellona, storie di umanit\u00e0 e di viaggi","breadcrumb":{"@id":"https:\/\/www.ildammuso.com\/it\/salvament\/#breadcrumb"},"inLanguage":"it-IT","potentialAction":[{"@type":"ReadAction","target":["https:\/\/www.ildammuso.com\/it\/salvament\/"]}]},{"@type":"ImageObject","inLanguage":"it-IT","@id":"https:\/\/www.ildammuso.com\/it\/salvament\/#primaryimage","url":"https:\/\/storage1254.cdn-immedia.net\/wp-content\/uploads\/2023\/02\/Salvament-scaled.jpg","contentUrl":"https:\/\/storage1254.cdn-immedia.net\/wp-content\/uploads\/2023\/02\/Salvament-scaled.jpg","width":2560,"height":2560},{"@type":"BreadcrumbList","@id":"https:\/\/www.ildammuso.com\/it\/salvament\/#breadcrumb","itemListElement":[{"@type":"ListItem","position":1,"name":"Home","item":"https:\/\/www.ildammuso.com\/it\/"},{"@type":"ListItem","position":2,"name":"&nbsp;"}]},{"@type":"WebSite","@id":"https:\/\/www.ildammuso.com\/it\/#website","url":"https:\/\/www.ildammuso.com\/it\/","name":"Il Dammuso","description":"Il tuo Dammuso a Pantelleria","publisher":{"@id":"https:\/\/www.ildammuso.com\/it\/#organization"},"potentialAction":[{"@type":"SearchAction","target":{"@type":"EntryPoint","urlTemplate":"https:\/\/www.ildammuso.com\/it\/?s={search_term_string}"},"query-input":{"@type":"PropertyValueSpecification","valueRequired":true,"valueName":"search_term_string"}}],"inLanguage":"it-IT"},{"@type":"Organization","@id":"https:\/\/www.ildammuso.com\/it\/#organization","name":"Il Dammuso","url":"https:\/\/www.ildammuso.com\/it\/","logo":{"@type":"ImageObject","inLanguage":"it-IT","@id":"https:\/\/www.ildammuso.com\/it\/#\/schema\/logo\/image\/","url":"https:\/\/storage1254.cdn-immedia.net\/wp-content\/uploads\/2022\/06\/logo-ildammuso.jpg","contentUrl":"https:\/\/storage1254.cdn-immedia.net\/wp-content\/uploads\/2022\/06\/logo-ildammuso.jpg","width":426,"height":395,"caption":"Il Dammuso"},"image":{"@id":"https:\/\/www.ildammuso.com\/it\/#\/schema\/logo\/image\/"},"sameAs":["https:\/\/www.facebook.com\/ildammusodipantelleria\/","https:\/\/www.instagram.com\/ildammusogram\/"]},{"@type":"Person","@id":"https:\/\/www.ildammuso.com\/it\/#\/schema\/person\/a97bc2634c1ae772b6efbb07fef2b3a8","name":"claudia","image":{"@type":"ImageObject","inLanguage":"it-IT","@id":"https:\/\/secure.gravatar.com\/avatar\/bfa9e85032faeaffeaaafd48c7c09ad8da852ff133d8361db8721aff28093ebe?s=96&d=mm&r=g","url":"https:\/\/secure.gravatar.com\/avatar\/bfa9e85032faeaffeaaafd48c7c09ad8da852ff133d8361db8721aff28093ebe?s=96&d=mm&r=g","contentUrl":"https:\/\/secure.gravatar.com\/avatar\/bfa9e85032faeaffeaaafd48c7c09ad8da852ff133d8361db8721aff28093ebe?s=96&d=mm&r=g","caption":"claudia"}}]}},"_links":{"self":[{"href":"https:\/\/www.ildammuso.com\/it\/wp-json\/wp\/v2\/posts\/17740","targetHints":{"allow":["GET"]}}],"collection":[{"href":"https:\/\/www.ildammuso.com\/it\/wp-json\/wp\/v2\/posts"}],"about":[{"href":"https:\/\/www.ildammuso.com\/it\/wp-json\/wp\/v2\/types\/post"}],"author":[{"embeddable":true,"href":"https:\/\/www.ildammuso.com\/it\/wp-json\/wp\/v2\/users\/3"}],"replies":[{"embeddable":true,"href":"https:\/\/www.ildammuso.com\/it\/wp-json\/wp\/v2\/comments?post=17740"}],"version-history":[{"count":5,"href":"https:\/\/www.ildammuso.com\/it\/wp-json\/wp\/v2\/posts\/17740\/revisions"}],"predecessor-version":[{"id":17752,"href":"https:\/\/www.ildammuso.com\/it\/wp-json\/wp\/v2\/posts\/17740\/revisions\/17752"}],"wp:featuredmedia":[{"embeddable":true,"href":"https:\/\/www.ildammuso.com\/it\/wp-json\/wp\/v2\/media\/17741"}],"wp:attachment":[{"href":"https:\/\/www.ildammuso.com\/it\/wp-json\/wp\/v2\/media?parent=17740"}],"wp:term":[{"taxonomy":"category","embeddable":true,"href":"https:\/\/www.ildammuso.com\/it\/wp-json\/wp\/v2\/categories?post=17740"},{"taxonomy":"post_tag","embeddable":true,"href":"https:\/\/www.ildammuso.com\/it\/wp-json\/wp\/v2\/tags?post=17740"}],"curies":[{"name":"wp","href":"https:\/\/api.w.org\/{rel}","templated":true}]}}