{"id":18026,"date":"2023-03-08T12:05:38","date_gmt":"2023-03-08T11:05:38","guid":{"rendered":"https:\/\/www.ildammuso.com\/?p=18026"},"modified":"2023-03-08T12:05:40","modified_gmt":"2023-03-08T11:05:40","slug":"ai-pochi-e-agli-ultimi","status":"publish","type":"post","link":"https:\/\/www.ildammuso.com\/it\/ai-pochi-e-agli-ultimi\/","title":{"rendered":"Ai pochi e agli ultimi"},"content":{"rendered":"\n<figure class=\"wp-block-embed is-type-video is-provider-youtube wp-block-embed-youtube wp-embed-aspect-16-9 wp-has-aspect-ratio\"><div class=\"wp-block-embed__wrapper\">\n<iframe loading=\"lazy\" title=\"165\/200 - Scene indimenticabili 3 - LA CIOCIARA (1960) di Vittorio De Sica\" width=\"500\" height=\"281\" src=\"https:\/\/www.youtube.com\/embed\/ovMYB_23QXk?feature=oembed\" frameborder=\"0\" allow=\"accelerometer; autoplay; clipboard-write; encrypted-media; gyroscope; picture-in-picture; web-share\" referrerpolicy=\"strict-origin-when-cross-origin\" allowfullscreen><\/iframe>\n<\/div><\/figure>\n\n\n\n<p>L\u2019umanit\u00e0 \u00e8 un fascio di luce bianca che attraversa un prisma, attraversato il quale diventa molteplicit\u00e0 di colori.<br>In questo caso specifico i colori sono sette e tutti di pari importanza.<\/p>\n\n\n\n<p>Oggi \u00e8 la festa della donna, ricorrenza che ha la necessit\u00e0 di esistere ancora nella misura in cui decenni di lotte, attraversate nel tentativo di guadagnare fettine di dignit\u00e0, non sono bastate.<br>Nella vita di tutti i giorni siamo e restiamo una minoranza.<br>E si tratta di una minoranza silente, squarciata soltanto da un urlo di dolore arrecato da chi ha il piacere sadico, violento e assassino di sopraffare.<\/p>\n\n\n\n<p>Non siamo per\u00f2 l\u2019unica minoranza che subisce.<br>Ma una delle tante che non \u00e8 riuscita ad arrivare per storia, incultura e struttura sociale, neanche sul gradino pi\u00f9 basso di un podio costruito ad arte di chi si erge a giudice, regolatore del sistema, legislatore o anche solo dal prepotente di turno.<br>Recitare una ad una tutte le minoranze inascoltate, raccontarne il destino fallito, farne un elenco forse servirebbe a ricordarle, come monito, in una giornata nella quale non si \u201cfesteggia un genere\u201d ma di questo si raccolgono ancora le vesti strappate o l\u2019urlo atroce di una Sophia Loren che ne \u201cLa Ciociara\u201d scaglia un sasso contro i \u201cturchi\u201d, i ladri e la violenza disumana di certi uomini che oltre a violare una donna, insieme a questo, fanno a brandelli la possibilit\u00e0 di coltivare in s\u00e9 quel briciolo di senno che ci distingue dalla ferocia istintiva di certe belve.<\/p>\n\n\n\n<p>Allora io oggi ci provo, provo a ricordare alcuni di quei piccoli insiemi di individui per cui la vita \u00e8 un susseguirsi di tornanti in salita e tra questi trovo le donne e i bambini maltrattati; la gente povera alla quale, ormai, si d\u00e0 la colpa di esserlo; tutti coloro i quali sono stati traditi dalla vita e che subiscono persecuzioni ingiuste; chi non riesce a intravedere la parte femminile o maschile del suo s\u00e9 e si riconosce in una identit\u00e0 che in ogni caso gli viene negata ; coloro i quali appartengono a stati nei quali i diritti individuali sono \u201ccarta straccia\u201d; i nati per sbaglio in una porzione di globo che \u00e8 stata lasciata indietro ( a fare da contrappeso per un mondo che, evidentemente, non sa stare in equilibrio da solo); gli ammalati ai quali viene sottratto per ingiuste condizioni economiche o per malaffare il diritto alla cura; gli anziani lasciati soli e emarginati da una umanit\u00e0 presa da un\u2019inspiegabile fretta che porter\u00e0 tutti noi alle soglie della vecchiaia, n\u00e9 pi\u00f9 e n\u00e9 meno come gli uomini invecchiati di oggi e che in questo stesso momento stiamo ignorando; tutti coloro i quali vivono dentro una guerra o da questa scappano; i vinti, gli emarginati e tutti gli esseri umani con una pena nel cuore.<\/p>\n\n\n\n<p>Ho certamente dimenticato altre persone fragili e mi scuso a priori anche della mia miopia.<\/p>\n\n\n\n<p>Ma a questo punto mi e vi domando, tutti coloro che ho citato, questi fazzoletti di umanit\u00e0 sparpagliata, non fanno gi\u00e0 di per s\u00e9 una moltitudine?<br>Il solo averli visti, sapere di loro, averli riuniti in un gruppo stratificato e complesso ma con il denominatore comune dell\u2019essere apparentemente \u201cminoranza\u201d non ha creato una \u201cmassa critica\u201d?<br>Nello spazio di poche righe queste isole di pena non sembra siano diventate un arcipelago denso?<\/p>\n\n\n\n<p>E allora sapete che vi dico?<\/p>\n\n\n\n<p>Che se davvero devo decidere da che parte stare mi sposto e entro nella schiera folta, in quella degli esseri umani disarmati, nella mischia dei \u201cfragili\u201d, in quel punto esatto del guado dove sta la gente che annaspa e che il resto del mondo ignora.<br>A guardar bene, siamo davvero in tanti.<\/p>\n\n\n\n<p>La minoranza sta altrove e a quella, almeno questa volta, almeno oggi saremo noi a voltare le spalle.<\/p>\n","protected":false},"excerpt":{"rendered":"<p>L\u2019umanit\u00e0 \u00e8 un fascio di luce bianca che attraversa un [&hellip;]<\/p>\n","protected":false},"author":3,"featured_media":0,"comment_status":"open","ping_status":"open","sticky":false,"template":"","format":"standard","meta":{"_acf_changed":false,"footnotes":""},"categories":[447,439],"tags":[855,856,228,91],"class_list":["post-18026","post","type-post","status-publish","format-standard","hentry","category-corsi-e-ricorsi","category-riflessioni-da-pantelleria","tag-festadelladonna","tag-minoranze","tag-ildammuso","tag-pantelleria"],"acf":[],"yoast_head":"<!-- This site is optimized with the Yoast SEO plugin v27.4 - https:\/\/yoast.com\/product\/yoast-seo-wordpress\/ -->\n<title>Ai pochi e agli ultimi | Il Dammuso<\/title>\n<meta name=\"description\" content=\"&quot;Ai pochi e agli ultimi&quot;: leggi l&#039;articolo completo nel blog de Il Dammuso! Nella giornata della donna pensiamo a tutte le minoranze\" \/>\n<meta name=\"robots\" content=\"index, follow, max-snippet:-1, max-image-preview:large, max-video-preview:-1\" \/>\n<link rel=\"canonical\" href=\"https:\/\/www.ildammuso.com\/it\/ai-pochi-e-agli-ultimi\/\" \/>\n<meta property=\"og:locale\" content=\"it_IT\" \/>\n<meta property=\"og:type\" content=\"article\" \/>\n<meta property=\"og:title\" content=\"Ai pochi e agli ultimi | Il Dammuso\" \/>\n<meta property=\"og:description\" content=\"&quot;Ai pochi e agli ultimi&quot;: leggi l&#039;articolo completo nel blog de Il Dammuso! Nella giornata della donna pensiamo a tutte le minoranze\" \/>\n<meta property=\"og:url\" content=\"https:\/\/www.ildammuso.com\/it\/ai-pochi-e-agli-ultimi\/\" \/>\n<meta property=\"og:site_name\" content=\"Il Dammuso\" \/>\n<meta property=\"article:publisher\" content=\"https:\/\/www.facebook.com\/ildammusodipantelleria\/\" \/>\n<meta property=\"article:published_time\" content=\"2023-03-08T11:05:38+00:00\" \/>\n<meta property=\"article:modified_time\" content=\"2023-03-08T11:05:40+00:00\" \/>\n<meta property=\"og:image\" content=\"https:\/\/storage1254.cdn-immedia.net\/wp-content\/uploads\/2022\/10\/og_imag_dammuso-1-1-1.png\" \/>\n\t<meta property=\"og:image:width\" content=\"1200\" \/>\n\t<meta property=\"og:image:height\" content=\"628\" \/>\n\t<meta property=\"og:image:type\" content=\"image\/png\" \/>\n<meta name=\"author\" content=\"claudia\" \/>\n<meta name=\"twitter:card\" content=\"summary_large_image\" \/>\n<meta name=\"twitter:label1\" content=\"Scritto da\" \/>\n\t<meta name=\"twitter:data1\" content=\"claudia\" \/>\n\t<meta name=\"twitter:label2\" content=\"Tempo di lettura stimato\" \/>\n\t<meta name=\"twitter:data2\" content=\"4 minuti\" \/>\n<script type=\"application\/ld+json\" class=\"yoast-schema-graph\">{\"@context\":\"https:\\\/\\\/schema.org\",\"@graph\":[{\"@type\":\"Article\",\"@id\":\"https:\\\/\\\/www.ildammuso.com\\\/it\\\/ai-pochi-e-agli-ultimi\\\/#article\",\"isPartOf\":{\"@id\":\"https:\\\/\\\/www.ildammuso.com\\\/it\\\/ai-pochi-e-agli-ultimi\\\/\"},\"author\":{\"name\":\"claudia\",\"@id\":\"https:\\\/\\\/www.ildammuso.com\\\/it\\\/#\\\/schema\\\/person\\\/a97bc2634c1ae772b6efbb07fef2b3a8\"},\"headline\":\"Ai pochi e agli ultimi\",\"datePublished\":\"2023-03-08T11:05:38+00:00\",\"dateModified\":\"2023-03-08T11:05:40+00:00\",\"mainEntityOfPage\":{\"@id\":\"https:\\\/\\\/www.ildammuso.com\\\/it\\\/ai-pochi-e-agli-ultimi\\\/\"},\"wordCount\":635,\"commentCount\":0,\"publisher\":{\"@id\":\"https:\\\/\\\/www.ildammuso.com\\\/it\\\/#organization\"},\"keywords\":[\"festadelladonna\",\"minoranze\",\"ildammuso\",\"pantelleria\"],\"articleSection\":[\"Corsi e ricorsi\",\"Riflessioni da Pantelleria\"],\"inLanguage\":\"it-IT\",\"potentialAction\":[{\"@type\":\"CommentAction\",\"name\":\"Comment\",\"target\":[\"https:\\\/\\\/www.ildammuso.com\\\/it\\\/ai-pochi-e-agli-ultimi\\\/#respond\"]}]},{\"@type\":\"WebPage\",\"@id\":\"https:\\\/\\\/www.ildammuso.com\\\/it\\\/ai-pochi-e-agli-ultimi\\\/\",\"url\":\"https:\\\/\\\/www.ildammuso.com\\\/it\\\/ai-pochi-e-agli-ultimi\\\/\",\"name\":\"Ai pochi e agli ultimi | Il Dammuso\",\"isPartOf\":{\"@id\":\"https:\\\/\\\/www.ildammuso.com\\\/it\\\/#website\"},\"datePublished\":\"2023-03-08T11:05:38+00:00\",\"dateModified\":\"2023-03-08T11:05:40+00:00\",\"description\":\"\\\"Ai pochi e agli ultimi\\\": leggi l'articolo completo nel blog de Il Dammuso! Nella giornata della donna pensiamo a tutte le minoranze\",\"breadcrumb\":{\"@id\":\"https:\\\/\\\/www.ildammuso.com\\\/it\\\/ai-pochi-e-agli-ultimi\\\/#breadcrumb\"},\"inLanguage\":\"it-IT\",\"potentialAction\":[{\"@type\":\"ReadAction\",\"target\":[\"https:\\\/\\\/www.ildammuso.com\\\/it\\\/ai-pochi-e-agli-ultimi\\\/\"]}]},{\"@type\":\"BreadcrumbList\",\"@id\":\"https:\\\/\\\/www.ildammuso.com\\\/it\\\/ai-pochi-e-agli-ultimi\\\/#breadcrumb\",\"itemListElement\":[{\"@type\":\"ListItem\",\"position\":1,\"name\":\"Home\",\"item\":\"https:\\\/\\\/www.ildammuso.com\\\/it\\\/\"},{\"@type\":\"ListItem\",\"position\":2,\"name\":\"&nbsp;\"}]},{\"@type\":\"WebSite\",\"@id\":\"https:\\\/\\\/www.ildammuso.com\\\/it\\\/#website\",\"url\":\"https:\\\/\\\/www.ildammuso.com\\\/it\\\/\",\"name\":\"Il Dammuso\",\"description\":\"Il tuo Dammuso a Pantelleria\",\"publisher\":{\"@id\":\"https:\\\/\\\/www.ildammuso.com\\\/it\\\/#organization\"},\"potentialAction\":[{\"@type\":\"SearchAction\",\"target\":{\"@type\":\"EntryPoint\",\"urlTemplate\":\"https:\\\/\\\/www.ildammuso.com\\\/it\\\/?s={search_term_string}\"},\"query-input\":{\"@type\":\"PropertyValueSpecification\",\"valueRequired\":true,\"valueName\":\"search_term_string\"}}],\"inLanguage\":\"it-IT\"},{\"@type\":\"Organization\",\"@id\":\"https:\\\/\\\/www.ildammuso.com\\\/it\\\/#organization\",\"name\":\"Il Dammuso\",\"url\":\"https:\\\/\\\/www.ildammuso.com\\\/it\\\/\",\"logo\":{\"@type\":\"ImageObject\",\"inLanguage\":\"it-IT\",\"@id\":\"https:\\\/\\\/www.ildammuso.com\\\/it\\\/#\\\/schema\\\/logo\\\/image\\\/\",\"url\":\"https:\\\/\\\/www.ildammuso.com\\\/wp-content\\\/uploads\\\/2022\\\/06\\\/logo-ildammuso.jpg\",\"contentUrl\":\"https:\\\/\\\/www.ildammuso.com\\\/wp-content\\\/uploads\\\/2022\\\/06\\\/logo-ildammuso.jpg\",\"width\":426,\"height\":395,\"caption\":\"Il Dammuso\"},\"image\":{\"@id\":\"https:\\\/\\\/www.ildammuso.com\\\/it\\\/#\\\/schema\\\/logo\\\/image\\\/\"},\"sameAs\":[\"https:\\\/\\\/www.facebook.com\\\/ildammusodipantelleria\\\/\",\"https:\\\/\\\/www.instagram.com\\\/ildammusogram\\\/\"]},{\"@type\":\"Person\",\"@id\":\"https:\\\/\\\/www.ildammuso.com\\\/it\\\/#\\\/schema\\\/person\\\/a97bc2634c1ae772b6efbb07fef2b3a8\",\"name\":\"claudia\",\"image\":{\"@type\":\"ImageObject\",\"inLanguage\":\"it-IT\",\"@id\":\"https:\\\/\\\/secure.gravatar.com\\\/avatar\\\/bfa9e85032faeaffeaaafd48c7c09ad8da852ff133d8361db8721aff28093ebe?s=96&d=mm&r=g\",\"url\":\"https:\\\/\\\/secure.gravatar.com\\\/avatar\\\/bfa9e85032faeaffeaaafd48c7c09ad8da852ff133d8361db8721aff28093ebe?s=96&d=mm&r=g\",\"contentUrl\":\"https:\\\/\\\/secure.gravatar.com\\\/avatar\\\/bfa9e85032faeaffeaaafd48c7c09ad8da852ff133d8361db8721aff28093ebe?s=96&d=mm&r=g\",\"caption\":\"claudia\"}}]}<\/script>\n<!-- \/ Yoast SEO plugin. -->","yoast_head_json":{"title":"Ai pochi e agli ultimi | Il Dammuso","description":"\"Ai pochi e agli ultimi\": leggi l'articolo completo nel blog de Il Dammuso! Nella giornata della donna pensiamo a tutte le minoranze","robots":{"index":"index","follow":"follow","max-snippet":"max-snippet:-1","max-image-preview":"max-image-preview:large","max-video-preview":"max-video-preview:-1"},"canonical":"https:\/\/www.ildammuso.com\/it\/ai-pochi-e-agli-ultimi\/","og_locale":"it_IT","og_type":"article","og_title":"Ai pochi e agli ultimi | Il Dammuso","og_description":"\"Ai pochi e agli ultimi\": leggi l'articolo completo nel blog de Il Dammuso! Nella giornata della donna pensiamo a tutte le minoranze","og_url":"https:\/\/www.ildammuso.com\/it\/ai-pochi-e-agli-ultimi\/","og_site_name":"Il Dammuso","article_publisher":"https:\/\/www.facebook.com\/ildammusodipantelleria\/","article_published_time":"2023-03-08T11:05:38+00:00","article_modified_time":"2023-03-08T11:05:40+00:00","og_image":[{"width":1200,"height":628,"url":"https:\/\/storage1254.cdn-immedia.net\/wp-content\/uploads\/2022\/10\/og_imag_dammuso-1-1-1.png","type":"image\/png"}],"author":"claudia","twitter_card":"summary_large_image","twitter_misc":{"Scritto da":"claudia","Tempo di lettura stimato":"4 minuti"},"schema":{"@context":"https:\/\/schema.org","@graph":[{"@type":"Article","@id":"https:\/\/www.ildammuso.com\/it\/ai-pochi-e-agli-ultimi\/#article","isPartOf":{"@id":"https:\/\/www.ildammuso.com\/it\/ai-pochi-e-agli-ultimi\/"},"author":{"name":"claudia","@id":"https:\/\/www.ildammuso.com\/it\/#\/schema\/person\/a97bc2634c1ae772b6efbb07fef2b3a8"},"headline":"Ai pochi e agli ultimi","datePublished":"2023-03-08T11:05:38+00:00","dateModified":"2023-03-08T11:05:40+00:00","mainEntityOfPage":{"@id":"https:\/\/www.ildammuso.com\/it\/ai-pochi-e-agli-ultimi\/"},"wordCount":635,"commentCount":0,"publisher":{"@id":"https:\/\/www.ildammuso.com\/it\/#organization"},"keywords":["festadelladonna","minoranze","ildammuso","pantelleria"],"articleSection":["Corsi e ricorsi","Riflessioni da Pantelleria"],"inLanguage":"it-IT","potentialAction":[{"@type":"CommentAction","name":"Comment","target":["https:\/\/www.ildammuso.com\/it\/ai-pochi-e-agli-ultimi\/#respond"]}]},{"@type":"WebPage","@id":"https:\/\/www.ildammuso.com\/it\/ai-pochi-e-agli-ultimi\/","url":"https:\/\/www.ildammuso.com\/it\/ai-pochi-e-agli-ultimi\/","name":"Ai pochi e agli ultimi | Il Dammuso","isPartOf":{"@id":"https:\/\/www.ildammuso.com\/it\/#website"},"datePublished":"2023-03-08T11:05:38+00:00","dateModified":"2023-03-08T11:05:40+00:00","description":"\"Ai pochi e agli ultimi\": leggi l'articolo completo nel blog de Il Dammuso! Nella giornata della donna pensiamo a tutte le minoranze","breadcrumb":{"@id":"https:\/\/www.ildammuso.com\/it\/ai-pochi-e-agli-ultimi\/#breadcrumb"},"inLanguage":"it-IT","potentialAction":[{"@type":"ReadAction","target":["https:\/\/www.ildammuso.com\/it\/ai-pochi-e-agli-ultimi\/"]}]},{"@type":"BreadcrumbList","@id":"https:\/\/www.ildammuso.com\/it\/ai-pochi-e-agli-ultimi\/#breadcrumb","itemListElement":[{"@type":"ListItem","position":1,"name":"Home","item":"https:\/\/www.ildammuso.com\/it\/"},{"@type":"ListItem","position":2,"name":"&nbsp;"}]},{"@type":"WebSite","@id":"https:\/\/www.ildammuso.com\/it\/#website","url":"https:\/\/www.ildammuso.com\/it\/","name":"Il Dammuso","description":"Il tuo Dammuso a Pantelleria","publisher":{"@id":"https:\/\/www.ildammuso.com\/it\/#organization"},"potentialAction":[{"@type":"SearchAction","target":{"@type":"EntryPoint","urlTemplate":"https:\/\/www.ildammuso.com\/it\/?s={search_term_string}"},"query-input":{"@type":"PropertyValueSpecification","valueRequired":true,"valueName":"search_term_string"}}],"inLanguage":"it-IT"},{"@type":"Organization","@id":"https:\/\/www.ildammuso.com\/it\/#organization","name":"Il Dammuso","url":"https:\/\/www.ildammuso.com\/it\/","logo":{"@type":"ImageObject","inLanguage":"it-IT","@id":"https:\/\/www.ildammuso.com\/it\/#\/schema\/logo\/image\/","url":"https:\/\/storage1254.cdn-immedia.net\/wp-content\/uploads\/2022\/06\/logo-ildammuso.jpg","contentUrl":"https:\/\/storage1254.cdn-immedia.net\/wp-content\/uploads\/2022\/06\/logo-ildammuso.jpg","width":426,"height":395,"caption":"Il Dammuso"},"image":{"@id":"https:\/\/www.ildammuso.com\/it\/#\/schema\/logo\/image\/"},"sameAs":["https:\/\/www.facebook.com\/ildammusodipantelleria\/","https:\/\/www.instagram.com\/ildammusogram\/"]},{"@type":"Person","@id":"https:\/\/www.ildammuso.com\/it\/#\/schema\/person\/a97bc2634c1ae772b6efbb07fef2b3a8","name":"claudia","image":{"@type":"ImageObject","inLanguage":"it-IT","@id":"https:\/\/secure.gravatar.com\/avatar\/bfa9e85032faeaffeaaafd48c7c09ad8da852ff133d8361db8721aff28093ebe?s=96&d=mm&r=g","url":"https:\/\/secure.gravatar.com\/avatar\/bfa9e85032faeaffeaaafd48c7c09ad8da852ff133d8361db8721aff28093ebe?s=96&d=mm&r=g","contentUrl":"https:\/\/secure.gravatar.com\/avatar\/bfa9e85032faeaffeaaafd48c7c09ad8da852ff133d8361db8721aff28093ebe?s=96&d=mm&r=g","caption":"claudia"}}]}},"_links":{"self":[{"href":"https:\/\/www.ildammuso.com\/it\/wp-json\/wp\/v2\/posts\/18026","targetHints":{"allow":["GET"]}}],"collection":[{"href":"https:\/\/www.ildammuso.com\/it\/wp-json\/wp\/v2\/posts"}],"about":[{"href":"https:\/\/www.ildammuso.com\/it\/wp-json\/wp\/v2\/types\/post"}],"author":[{"embeddable":true,"href":"https:\/\/www.ildammuso.com\/it\/wp-json\/wp\/v2\/users\/3"}],"replies":[{"embeddable":true,"href":"https:\/\/www.ildammuso.com\/it\/wp-json\/wp\/v2\/comments?post=18026"}],"version-history":[{"count":1,"href":"https:\/\/www.ildammuso.com\/it\/wp-json\/wp\/v2\/posts\/18026\/revisions"}],"predecessor-version":[{"id":18027,"href":"https:\/\/www.ildammuso.com\/it\/wp-json\/wp\/v2\/posts\/18026\/revisions\/18027"}],"wp:attachment":[{"href":"https:\/\/www.ildammuso.com\/it\/wp-json\/wp\/v2\/media?parent=18026"}],"wp:term":[{"taxonomy":"category","embeddable":true,"href":"https:\/\/www.ildammuso.com\/it\/wp-json\/wp\/v2\/categories?post=18026"},{"taxonomy":"post_tag","embeddable":true,"href":"https:\/\/www.ildammuso.com\/it\/wp-json\/wp\/v2\/tags?post=18026"}],"curies":[{"name":"wp","href":"https:\/\/api.w.org\/{rel}","templated":true}]}}