{"id":18055,"date":"2023-03-10T11:25:28","date_gmt":"2023-03-10T10:25:28","guid":{"rendered":"https:\/\/www.ildammuso.com\/?p=18055"},"modified":"2023-03-14T10:00:21","modified_gmt":"2023-03-14T09:00:21","slug":"la-citta-e-il-mare","status":"publish","type":"post","link":"https:\/\/www.ildammuso.com\/it\/la-citta-e-il-mare\/","title":{"rendered":"La citt\u00e0 e il mare"},"content":{"rendered":"\n<p>Mentre cammino sento me stessa perpendicolare al terreno, il terreno che solco e il cielo sopra di me.<br>A fianco la gente, parallela o perpendicolare se \u00e8 distesa, mi dice che sono vicina ad una spiaggia.<br>Quando Barcellona rivolse gli occhi al mare lo fece per ragioni di guerra e, forse per amore.<br>Solo mentre cammino \u00e8 come se lentamente rileggessi i passi di alcuni racconti o brevi saggi che narrano di questa finestra sul mare aperta in tempi tutto sommato recenti.<br>Probabilmente molto pi\u00f9 estranea agli abitanti di questa citt\u00e0 di quanto non lo sia alla vista assetata dei turisti.<br>Fino al XV secolo la vista del mare era paura.<br>Le citt\u00e0 tendevano a volgere le spalle a questa distesa irascibile e sconosciuta, che tra il mistico e il magico, spaventava chi non ne conosceva la sfrontata bellezza ma ne temeva le insidie.<br>Solo dopo il XV secolo le citt\u00e0 aprono balconi ampi per guardare la dove non c\u2019\u00e8 fine: la linea retta dell\u2019orizzonte che segna la fine di un blu e l\u2019inizio di un altro.<\/p>\n\n\n\n<p>La visione di chi vive in una isola, soprattutto se piccola, \u201cappuntita\u201d come che Pantelleria si innalza naturalmente in verticale impone uno sguardo diverso rivolto al mare.<br>Da grandangolo senza limiti.<br>Anche questa visione attraversa i secoli, ma \u00e8 fatta di approdi e cammini, di popolazioni che della costa hanno fatto fortezze e che del mare sanno vivere e, al contempo, sanno anche come sia possibile morire.<br>La visione di chi \u201cresta a galla\u201d ma per un tempo che non \u00e8 nelle mani dell\u2019uomo.<br>Anche a <a href=\"https:\/\/lavocedinewyork.com\/mediterraneo\/sicilia\/2018\/09\/02\/pantelleria-paradiso-dellagricoltura-per-i-maestri-che-imparano-dalla-terra\/\">Pantelleria la \u201cterra\u201d<\/a>, per secoli, ha avuto un prestigio superiore a quello del mare.<br>Fino alla fine del novecento i padri, nel testamento, lasciavano ai maschi i poderi interni, l\u00ec dove il terreno poteva essere produttivo.<br>Alle donne andavano le \u201cciache\u201d (la parola \u201cciaca\u201d in siciliano vuol dire \u201cpietra\u201d) i dammusi vicino al mare, magazzini o abitazioni di nessun valore.<br>Solo verso la fine degli anni \u201850, quando dal Nord cominciarono ad arrivare frotte di <a href=\"https:\/\/www.eoliando.it\/info\/info_pantelleria.asp\">turisti<\/a> vi fu la \u201crivoluzione\u201d che volle che la \u201cciaca\u201d diventasse preziosa e il podere interno rimase, per un tempo un po\u2019 pi\u00f9 lungo, terreno di sudore e fatica.<\/p>\n\n\n\n<p>Di <a href=\"https:\/\/www.ildammuso.com\/it\/gadir-il-villaggio-dei-pescatori-solitari\/\">mare<\/a>, di pesca, di barche a Pantelleria si sa e si impara quel che basta.<br>Si imparava quel tanto che era sufficiente per un pasto a famiglia che profumasse di mare.<\/p>\n\n\n\n<p>Le barche da diporto o i pescherecci, nella tradizione, hanno nomi di donne.<br>Sar\u00e0 perch\u00e9 era sulle polene che sbatteva l\u2019onda oppure perch\u00e9 alle Sante si invoca protezione.<br>O forse perch\u00e9 prima e ultime, alla sera e al mattino, sono le donne, quelle ferme e immobili, a scrutare l\u2019orizzonte in attesa di una imbarcazione che faccia ritorno.<br>Negando la paura, con una mano a parare la luce che inonda l\u2019occhio e nell\u2019altra la mano di un figlio.<\/p>\n\n\n\n<p>Foto di Claudia Picciotto<\/p>\n","protected":false},"excerpt":{"rendered":"<p>Mentre cammino sento me stessa perpendicolare al terreno, il terreno [&hellip;]<\/p>\n","protected":false},"author":3,"featured_media":18058,"comment_status":"open","ping_status":"open","sticky":false,"template":"","format":"standard","meta":{"_acf_changed":false,"footnotes":""},"categories":[717,439],"tags":[858,859,860,857,228,92,96,91,98],"class_list":["post-18055","post","type-post","status-publish","format-standard","has-post-thumbnail","hentry","category-pantelleria-in-movimento","category-riflessioni-da-pantelleria","tag-island-2","tag-sea-2","tag-turismo","tag-citta","tag-ildammuso","tag-isola","tag-mare","tag-pantelleria","tag-viaggi"],"acf":[],"yoast_head":"<!-- This site is optimized with the Yoast SEO plugin v27.4 - https:\/\/yoast.com\/product\/yoast-seo-wordpress\/ -->\n<title>La citt\u00e0 e il mare | Il Dammuso<\/title>\n<meta name=\"description\" content=\"&quot;La citt\u00e0 e il mare&quot;: leggi l&#039;articolo completo nel blog de Il Dammuso! Il rapporto tra la citt\u00e0 e il mare e l&#039;isola e il mare\" \/>\n<meta name=\"robots\" content=\"index, follow, max-snippet:-1, max-image-preview:large, max-video-preview:-1\" \/>\n<link rel=\"canonical\" href=\"https:\/\/www.ildammuso.com\/it\/la-citta-e-il-mare\/\" \/>\n<meta property=\"og:locale\" content=\"it_IT\" \/>\n<meta property=\"og:type\" content=\"article\" \/>\n<meta property=\"og:title\" content=\"La citt\u00e0 e il mare | Il Dammuso\" \/>\n<meta property=\"og:description\" content=\"&quot;La citt\u00e0 e il mare&quot;: leggi l&#039;articolo completo nel blog de Il Dammuso! Il rapporto tra la citt\u00e0 e il mare e l&#039;isola e il mare\" \/>\n<meta property=\"og:url\" content=\"https:\/\/www.ildammuso.com\/it\/la-citta-e-il-mare\/\" \/>\n<meta property=\"og:site_name\" content=\"Il Dammuso\" \/>\n<meta property=\"article:publisher\" content=\"https:\/\/www.facebook.com\/ildammusodipantelleria\/\" \/>\n<meta property=\"article:published_time\" content=\"2023-03-10T10:25:28+00:00\" \/>\n<meta property=\"article:modified_time\" content=\"2023-03-14T09:00:21+00:00\" \/>\n<meta property=\"og:image\" content=\"https:\/\/storage1254.cdn-immedia.net\/wp-content\/uploads\/2023\/03\/la-citta-e-il-mare-scaled.jpg\" \/>\n\t<meta property=\"og:image:width\" content=\"2560\" \/>\n\t<meta property=\"og:image:height\" content=\"1928\" \/>\n\t<meta property=\"og:image:type\" content=\"image\/jpeg\" \/>\n<meta name=\"author\" content=\"claudia\" \/>\n<meta name=\"twitter:card\" content=\"summary_large_image\" \/>\n<meta name=\"twitter:label1\" content=\"Scritto da\" \/>\n\t<meta name=\"twitter:data1\" content=\"claudia\" \/>\n\t<meta name=\"twitter:label2\" content=\"Tempo di lettura stimato\" \/>\n\t<meta name=\"twitter:data2\" content=\"3 minuti\" \/>\n<script type=\"application\/ld+json\" class=\"yoast-schema-graph\">{\"@context\":\"https:\\\/\\\/schema.org\",\"@graph\":[{\"@type\":\"Article\",\"@id\":\"https:\\\/\\\/www.ildammuso.com\\\/it\\\/la-citta-e-il-mare\\\/#article\",\"isPartOf\":{\"@id\":\"https:\\\/\\\/www.ildammuso.com\\\/it\\\/la-citta-e-il-mare\\\/\"},\"author\":{\"name\":\"claudia\",\"@id\":\"https:\\\/\\\/www.ildammuso.com\\\/it\\\/#\\\/schema\\\/person\\\/a97bc2634c1ae772b6efbb07fef2b3a8\"},\"headline\":\"La citt\u00e0 e il mare\",\"datePublished\":\"2023-03-10T10:25:28+00:00\",\"dateModified\":\"2023-03-14T09:00:21+00:00\",\"mainEntityOfPage\":{\"@id\":\"https:\\\/\\\/www.ildammuso.com\\\/it\\\/la-citta-e-il-mare\\\/\"},\"wordCount\":487,\"commentCount\":0,\"publisher\":{\"@id\":\"https:\\\/\\\/www.ildammuso.com\\\/it\\\/#organization\"},\"image\":{\"@id\":\"https:\\\/\\\/www.ildammuso.com\\\/it\\\/la-citta-e-il-mare\\\/#primaryimage\"},\"thumbnailUrl\":\"https:\\\/\\\/www.ildammuso.com\\\/wp-content\\\/uploads\\\/2023\\\/03\\\/la-citta-e-il-mare-scaled.jpg\",\"keywords\":[\"island\",\"sea\",\"turismo\",\"citt\u00e0\",\"ildammuso\",\"isola\",\"mare\",\"pantelleria\",\"viaggi\"],\"articleSection\":[\"Pantelleria in movimento\",\"Riflessioni da Pantelleria\"],\"inLanguage\":\"it-IT\",\"potentialAction\":[{\"@type\":\"CommentAction\",\"name\":\"Comment\",\"target\":[\"https:\\\/\\\/www.ildammuso.com\\\/it\\\/la-citta-e-il-mare\\\/#respond\"]}]},{\"@type\":\"WebPage\",\"@id\":\"https:\\\/\\\/www.ildammuso.com\\\/it\\\/la-citta-e-il-mare\\\/\",\"url\":\"https:\\\/\\\/www.ildammuso.com\\\/it\\\/la-citta-e-il-mare\\\/\",\"name\":\"La citt\u00e0 e il mare | Il Dammuso\",\"isPartOf\":{\"@id\":\"https:\\\/\\\/www.ildammuso.com\\\/it\\\/#website\"},\"primaryImageOfPage\":{\"@id\":\"https:\\\/\\\/www.ildammuso.com\\\/it\\\/la-citta-e-il-mare\\\/#primaryimage\"},\"image\":{\"@id\":\"https:\\\/\\\/www.ildammuso.com\\\/it\\\/la-citta-e-il-mare\\\/#primaryimage\"},\"thumbnailUrl\":\"https:\\\/\\\/www.ildammuso.com\\\/wp-content\\\/uploads\\\/2023\\\/03\\\/la-citta-e-il-mare-scaled.jpg\",\"datePublished\":\"2023-03-10T10:25:28+00:00\",\"dateModified\":\"2023-03-14T09:00:21+00:00\",\"description\":\"\\\"La citt\u00e0 e il mare\\\": leggi l'articolo completo nel blog de Il Dammuso! Il rapporto tra la citt\u00e0 e il mare e l'isola e il mare\",\"breadcrumb\":{\"@id\":\"https:\\\/\\\/www.ildammuso.com\\\/it\\\/la-citta-e-il-mare\\\/#breadcrumb\"},\"inLanguage\":\"it-IT\",\"potentialAction\":[{\"@type\":\"ReadAction\",\"target\":[\"https:\\\/\\\/www.ildammuso.com\\\/it\\\/la-citta-e-il-mare\\\/\"]}]},{\"@type\":\"ImageObject\",\"inLanguage\":\"it-IT\",\"@id\":\"https:\\\/\\\/www.ildammuso.com\\\/it\\\/la-citta-e-il-mare\\\/#primaryimage\",\"url\":\"https:\\\/\\\/www.ildammuso.com\\\/wp-content\\\/uploads\\\/2023\\\/03\\\/la-citta-e-il-mare-scaled.jpg\",\"contentUrl\":\"https:\\\/\\\/www.ildammuso.com\\\/wp-content\\\/uploads\\\/2023\\\/03\\\/la-citta-e-il-mare-scaled.jpg\",\"width\":2560,\"height\":1928},{\"@type\":\"BreadcrumbList\",\"@id\":\"https:\\\/\\\/www.ildammuso.com\\\/it\\\/la-citta-e-il-mare\\\/#breadcrumb\",\"itemListElement\":[{\"@type\":\"ListItem\",\"position\":1,\"name\":\"Home\",\"item\":\"https:\\\/\\\/www.ildammuso.com\\\/it\\\/\"},{\"@type\":\"ListItem\",\"position\":2,\"name\":\"&nbsp;\"}]},{\"@type\":\"WebSite\",\"@id\":\"https:\\\/\\\/www.ildammuso.com\\\/it\\\/#website\",\"url\":\"https:\\\/\\\/www.ildammuso.com\\\/it\\\/\",\"name\":\"Il Dammuso\",\"description\":\"Il tuo Dammuso a Pantelleria\",\"publisher\":{\"@id\":\"https:\\\/\\\/www.ildammuso.com\\\/it\\\/#organization\"},\"potentialAction\":[{\"@type\":\"SearchAction\",\"target\":{\"@type\":\"EntryPoint\",\"urlTemplate\":\"https:\\\/\\\/www.ildammuso.com\\\/it\\\/?s={search_term_string}\"},\"query-input\":{\"@type\":\"PropertyValueSpecification\",\"valueRequired\":true,\"valueName\":\"search_term_string\"}}],\"inLanguage\":\"it-IT\"},{\"@type\":\"Organization\",\"@id\":\"https:\\\/\\\/www.ildammuso.com\\\/it\\\/#organization\",\"name\":\"Il Dammuso\",\"url\":\"https:\\\/\\\/www.ildammuso.com\\\/it\\\/\",\"logo\":{\"@type\":\"ImageObject\",\"inLanguage\":\"it-IT\",\"@id\":\"https:\\\/\\\/www.ildammuso.com\\\/it\\\/#\\\/schema\\\/logo\\\/image\\\/\",\"url\":\"https:\\\/\\\/www.ildammuso.com\\\/wp-content\\\/uploads\\\/2022\\\/06\\\/logo-ildammuso.jpg\",\"contentUrl\":\"https:\\\/\\\/www.ildammuso.com\\\/wp-content\\\/uploads\\\/2022\\\/06\\\/logo-ildammuso.jpg\",\"width\":426,\"height\":395,\"caption\":\"Il Dammuso\"},\"image\":{\"@id\":\"https:\\\/\\\/www.ildammuso.com\\\/it\\\/#\\\/schema\\\/logo\\\/image\\\/\"},\"sameAs\":[\"https:\\\/\\\/www.facebook.com\\\/ildammusodipantelleria\\\/\",\"https:\\\/\\\/www.instagram.com\\\/ildammusogram\\\/\"]},{\"@type\":\"Person\",\"@id\":\"https:\\\/\\\/www.ildammuso.com\\\/it\\\/#\\\/schema\\\/person\\\/a97bc2634c1ae772b6efbb07fef2b3a8\",\"name\":\"claudia\",\"image\":{\"@type\":\"ImageObject\",\"inLanguage\":\"it-IT\",\"@id\":\"https:\\\/\\\/secure.gravatar.com\\\/avatar\\\/bfa9e85032faeaffeaaafd48c7c09ad8da852ff133d8361db8721aff28093ebe?s=96&d=mm&r=g\",\"url\":\"https:\\\/\\\/secure.gravatar.com\\\/avatar\\\/bfa9e85032faeaffeaaafd48c7c09ad8da852ff133d8361db8721aff28093ebe?s=96&d=mm&r=g\",\"contentUrl\":\"https:\\\/\\\/secure.gravatar.com\\\/avatar\\\/bfa9e85032faeaffeaaafd48c7c09ad8da852ff133d8361db8721aff28093ebe?s=96&d=mm&r=g\",\"caption\":\"claudia\"}}]}<\/script>\n<!-- \/ Yoast SEO plugin. -->","yoast_head_json":{"title":"La citt\u00e0 e il mare | Il Dammuso","description":"\"La citt\u00e0 e il mare\": leggi l'articolo completo nel blog de Il Dammuso! Il rapporto tra la citt\u00e0 e il mare e l'isola e il mare","robots":{"index":"index","follow":"follow","max-snippet":"max-snippet:-1","max-image-preview":"max-image-preview:large","max-video-preview":"max-video-preview:-1"},"canonical":"https:\/\/www.ildammuso.com\/it\/la-citta-e-il-mare\/","og_locale":"it_IT","og_type":"article","og_title":"La citt\u00e0 e il mare | Il Dammuso","og_description":"\"La citt\u00e0 e il mare\": leggi l'articolo completo nel blog de Il Dammuso! Il rapporto tra la citt\u00e0 e il mare e l'isola e il mare","og_url":"https:\/\/www.ildammuso.com\/it\/la-citta-e-il-mare\/","og_site_name":"Il Dammuso","article_publisher":"https:\/\/www.facebook.com\/ildammusodipantelleria\/","article_published_time":"2023-03-10T10:25:28+00:00","article_modified_time":"2023-03-14T09:00:21+00:00","og_image":[{"width":2560,"height":1928,"url":"https:\/\/storage1254.cdn-immedia.net\/wp-content\/uploads\/2023\/03\/la-citta-e-il-mare-scaled.jpg","type":"image\/jpeg"}],"author":"claudia","twitter_card":"summary_large_image","twitter_misc":{"Scritto da":"claudia","Tempo di lettura stimato":"3 minuti"},"schema":{"@context":"https:\/\/schema.org","@graph":[{"@type":"Article","@id":"https:\/\/www.ildammuso.com\/it\/la-citta-e-il-mare\/#article","isPartOf":{"@id":"https:\/\/www.ildammuso.com\/it\/la-citta-e-il-mare\/"},"author":{"name":"claudia","@id":"https:\/\/www.ildammuso.com\/it\/#\/schema\/person\/a97bc2634c1ae772b6efbb07fef2b3a8"},"headline":"La citt\u00e0 e il mare","datePublished":"2023-03-10T10:25:28+00:00","dateModified":"2023-03-14T09:00:21+00:00","mainEntityOfPage":{"@id":"https:\/\/www.ildammuso.com\/it\/la-citta-e-il-mare\/"},"wordCount":487,"commentCount":0,"publisher":{"@id":"https:\/\/www.ildammuso.com\/it\/#organization"},"image":{"@id":"https:\/\/www.ildammuso.com\/it\/la-citta-e-il-mare\/#primaryimage"},"thumbnailUrl":"https:\/\/storage1254.cdn-immedia.net\/wp-content\/uploads\/2023\/03\/la-citta-e-il-mare-scaled.jpg","keywords":["island","sea","turismo","citt\u00e0","ildammuso","isola","mare","pantelleria","viaggi"],"articleSection":["Pantelleria in movimento","Riflessioni da Pantelleria"],"inLanguage":"it-IT","potentialAction":[{"@type":"CommentAction","name":"Comment","target":["https:\/\/www.ildammuso.com\/it\/la-citta-e-il-mare\/#respond"]}]},{"@type":"WebPage","@id":"https:\/\/www.ildammuso.com\/it\/la-citta-e-il-mare\/","url":"https:\/\/www.ildammuso.com\/it\/la-citta-e-il-mare\/","name":"La citt\u00e0 e il mare | Il Dammuso","isPartOf":{"@id":"https:\/\/www.ildammuso.com\/it\/#website"},"primaryImageOfPage":{"@id":"https:\/\/www.ildammuso.com\/it\/la-citta-e-il-mare\/#primaryimage"},"image":{"@id":"https:\/\/www.ildammuso.com\/it\/la-citta-e-il-mare\/#primaryimage"},"thumbnailUrl":"https:\/\/storage1254.cdn-immedia.net\/wp-content\/uploads\/2023\/03\/la-citta-e-il-mare-scaled.jpg","datePublished":"2023-03-10T10:25:28+00:00","dateModified":"2023-03-14T09:00:21+00:00","description":"\"La citt\u00e0 e il mare\": leggi l'articolo completo nel blog de Il Dammuso! Il rapporto tra la citt\u00e0 e il mare e l'isola e il mare","breadcrumb":{"@id":"https:\/\/www.ildammuso.com\/it\/la-citta-e-il-mare\/#breadcrumb"},"inLanguage":"it-IT","potentialAction":[{"@type":"ReadAction","target":["https:\/\/www.ildammuso.com\/it\/la-citta-e-il-mare\/"]}]},{"@type":"ImageObject","inLanguage":"it-IT","@id":"https:\/\/www.ildammuso.com\/it\/la-citta-e-il-mare\/#primaryimage","url":"https:\/\/storage1254.cdn-immedia.net\/wp-content\/uploads\/2023\/03\/la-citta-e-il-mare-scaled.jpg","contentUrl":"https:\/\/storage1254.cdn-immedia.net\/wp-content\/uploads\/2023\/03\/la-citta-e-il-mare-scaled.jpg","width":2560,"height":1928},{"@type":"BreadcrumbList","@id":"https:\/\/www.ildammuso.com\/it\/la-citta-e-il-mare\/#breadcrumb","itemListElement":[{"@type":"ListItem","position":1,"name":"Home","item":"https:\/\/www.ildammuso.com\/it\/"},{"@type":"ListItem","position":2,"name":"&nbsp;"}]},{"@type":"WebSite","@id":"https:\/\/www.ildammuso.com\/it\/#website","url":"https:\/\/www.ildammuso.com\/it\/","name":"Il Dammuso","description":"Il tuo Dammuso a Pantelleria","publisher":{"@id":"https:\/\/www.ildammuso.com\/it\/#organization"},"potentialAction":[{"@type":"SearchAction","target":{"@type":"EntryPoint","urlTemplate":"https:\/\/www.ildammuso.com\/it\/?s={search_term_string}"},"query-input":{"@type":"PropertyValueSpecification","valueRequired":true,"valueName":"search_term_string"}}],"inLanguage":"it-IT"},{"@type":"Organization","@id":"https:\/\/www.ildammuso.com\/it\/#organization","name":"Il Dammuso","url":"https:\/\/www.ildammuso.com\/it\/","logo":{"@type":"ImageObject","inLanguage":"it-IT","@id":"https:\/\/www.ildammuso.com\/it\/#\/schema\/logo\/image\/","url":"https:\/\/storage1254.cdn-immedia.net\/wp-content\/uploads\/2022\/06\/logo-ildammuso.jpg","contentUrl":"https:\/\/storage1254.cdn-immedia.net\/wp-content\/uploads\/2022\/06\/logo-ildammuso.jpg","width":426,"height":395,"caption":"Il Dammuso"},"image":{"@id":"https:\/\/www.ildammuso.com\/it\/#\/schema\/logo\/image\/"},"sameAs":["https:\/\/www.facebook.com\/ildammusodipantelleria\/","https:\/\/www.instagram.com\/ildammusogram\/"]},{"@type":"Person","@id":"https:\/\/www.ildammuso.com\/it\/#\/schema\/person\/a97bc2634c1ae772b6efbb07fef2b3a8","name":"claudia","image":{"@type":"ImageObject","inLanguage":"it-IT","@id":"https:\/\/secure.gravatar.com\/avatar\/bfa9e85032faeaffeaaafd48c7c09ad8da852ff133d8361db8721aff28093ebe?s=96&d=mm&r=g","url":"https:\/\/secure.gravatar.com\/avatar\/bfa9e85032faeaffeaaafd48c7c09ad8da852ff133d8361db8721aff28093ebe?s=96&d=mm&r=g","contentUrl":"https:\/\/secure.gravatar.com\/avatar\/bfa9e85032faeaffeaaafd48c7c09ad8da852ff133d8361db8721aff28093ebe?s=96&d=mm&r=g","caption":"claudia"}}]}},"_links":{"self":[{"href":"https:\/\/www.ildammuso.com\/it\/wp-json\/wp\/v2\/posts\/18055","targetHints":{"allow":["GET"]}}],"collection":[{"href":"https:\/\/www.ildammuso.com\/it\/wp-json\/wp\/v2\/posts"}],"about":[{"href":"https:\/\/www.ildammuso.com\/it\/wp-json\/wp\/v2\/types\/post"}],"author":[{"embeddable":true,"href":"https:\/\/www.ildammuso.com\/it\/wp-json\/wp\/v2\/users\/3"}],"replies":[{"embeddable":true,"href":"https:\/\/www.ildammuso.com\/it\/wp-json\/wp\/v2\/comments?post=18055"}],"version-history":[{"count":1,"href":"https:\/\/www.ildammuso.com\/it\/wp-json\/wp\/v2\/posts\/18055\/revisions"}],"predecessor-version":[{"id":18060,"href":"https:\/\/www.ildammuso.com\/it\/wp-json\/wp\/v2\/posts\/18055\/revisions\/18060"}],"wp:featuredmedia":[{"embeddable":true,"href":"https:\/\/www.ildammuso.com\/it\/wp-json\/wp\/v2\/media\/18058"}],"wp:attachment":[{"href":"https:\/\/www.ildammuso.com\/it\/wp-json\/wp\/v2\/media?parent=18055"}],"wp:term":[{"taxonomy":"category","embeddable":true,"href":"https:\/\/www.ildammuso.com\/it\/wp-json\/wp\/v2\/categories?post=18055"},{"taxonomy":"post_tag","embeddable":true,"href":"https:\/\/www.ildammuso.com\/it\/wp-json\/wp\/v2\/tags?post=18055"}],"curies":[{"name":"wp","href":"https:\/\/api.w.org\/{rel}","templated":true}]}}