{"id":19240,"date":"2023-05-10T12:16:26","date_gmt":"2023-05-10T10:16:26","guid":{"rendered":"https:\/\/www.ildammuso.com\/?p=19240"},"modified":"2023-05-10T12:16:29","modified_gmt":"2023-05-10T10:16:29","slug":"cala-nika-discese-e-ascensioni","status":"publish","type":"post","link":"https:\/\/www.ildammuso.com\/it\/cala-nika-discese-e-ascensioni\/","title":{"rendered":"Cala Nik\u00e0, discese e &#8220;ascensioni&#8221;"},"content":{"rendered":"\n<p>Cala Nik\u00e0.<br>\u201cE vacci che \u00e8 un paradiso\u201d.<br>\u201cDicono che il sentiero per arrivarci sia faticoso e non facile\u201d, questa sono io.<br>\u201cMa dai, non \u00e8 terribile\u2026\u201d, questi gli altri, gli impavidi (per me).<br>Che poi detta cos\u00ec non \u00e8 esattamente incoraggiante.<br>Pertanto Cala Nik\u00e0 mi ha atteso, ma \u00e8 stato un attendersi reciproco, per un tempo troppo lungo.<br>Inversamente proporzionale, nella sua lunghezza, ai racconti sulla durata del percorso da affrontare.<\/p>\n\n\n\n<p>Ormai chi mi conosce sa che cado in piano, che il coordinamento motorio non \u00e8 il mio forte, che sono capace di incespicare sui miei piedi, di aggrovigliarmi su me stessa precipitando senza neanche tanta furia, ma cos\u00ec come sono, con la lentezza che mi contraddistingue.<br>Per\u00f2 quest\u2019anno ho comprato delle scarpe da hiking che neanche ad attendermi ci fosse stato il Nepal.<br>E forte del fatto che con le scarpe giuste si pu\u00f2 arrivare dappertutto ho deciso che l\u2019attesa era finita, cos\u00ec l\u2019altro giorno sono andata a <a href=\"https:\/\/www.randagiconmeta.com\/2019\/10\/19\/spiagge-pantelleria\/\">Cala Nik\u00e0<\/a>.<\/p>\n\n\n\n<p>Posto che il mio abbigliamento (per quanto stessi andando al mare) era <a href=\"https:\/\/www.ildammuso.com\/it\/e-poi-s-punta-punta-li-marsi\/\">d\u2019alta montagna e c\u2019erano 23\u00b0<\/a>, pertanto ai primi sette passi in discesa ero gi\u00e0 sudata, umidiccia e coi pori dilatati, poi guardavo il sentiero con tutto il sospetto che la \u201cleggenda\u201d gli aveva attribuito.<br>Di fatto, la strada \u00e8 praticabilissima (soprattutto se gattoni\u2026SCHERZO!) e bench\u00e9 io sia arrivata coi muscoli contratti come se avessi fatto la <a href=\"https:\/\/www.ferrate365.it\/difficolta-ferrate\/\">Ferrata Tabaretta,<\/a> non sono stati rilevati n\u00e9 scivoloni n\u00e9 avvitamenti n\u00e9 accartocciamenti su me stessa.<\/p>\n\n\n\n<p>Presa dalla foga ho fatto anche uno splendido bagno (era solo il 6 maggio!).<br>Mi sono stesa al sole che gli scogli sono piatti e non faceva caldo, un bel venticello fumava la mia sigaretta.<br>Entusiasta delle mie abilit\u00e0 mi sono pure arrampicata sugli scogli per arrivare quanto pi\u00f9 vicina possibile al versante dove l\u2019acqua \u00e8 a 38\u00b0 gradi, ma chi era con me mi ha sconsigliato di fare la prodezza di passare dall\u2019acqua calda all\u2019acqua particolarmente fredda di questo periodo dell\u2019anno.<\/p>\n\n\n\n<p>Con entusiasmo ho intrapreso la strada del ritorno, spogliandomi prudentemente di qualche strato, e soltanto un paio di volte ho pensato che mi sarebbe piaciuto un bell\u2019impianto di risalita o il dorso di un cammello.<br>Di fatto spezzato il fiato e nessuna gamba e ho portato a compimento anche la salita senza riportare fratture o lacerazioni.<br>Certo, fumare non aiuta.<\/p>\n\n\n\n<p>All\u2019indomani soltanto un po\u2019 di acido lattico negli arti inferiori.<br>Ma tenete conto che chi narra sono io: l\u2019hiker pi\u00f9 imbranata del globo che cederebbe alle tesi \u201cterrapiattiste\u201d se solo contemplassero la possibilit\u00e0 della totale inesistenza anche solo di dossi e cunette e il termine stesso, nel suo significato vero e proprio, intendesse che la terra \u00e8 PIATTA, ma nel senso di LISCIA.<\/p>\n\n\n\n<p>Questo \u00e8 il mio racconto della mia passeggiata (\u00e8 il caso di dirlo) a Cala Nik\u00e0 che adesso attende voi.<br>Io ci torno e se alla prossima qualcuno volesse unirsi a me ormai (e sento di poterlo dire con fierezza) posso pure farvi da guida.<br>L\u2019importante \u00e8 che non mi chiediate mai informazioni circa l\u2019abbigliamento,  ch\u00e9 quello lo sbaglio di regola.<\/p>\n\n\n\n<p>P.S. La foto l\u2019ho fatta dal Dammuso Flinstones, non c\u2019entra niente con quanto scritto sopra ma mi piace e l\u2019ho messa.<\/p>\n","protected":false},"excerpt":{"rendered":"<p>Cala Nik\u00e0.\u201cE vacci che \u00e8 un paradiso\u201d.\u201cDicono che il sentiero [&hellip;]<\/p>\n","protected":false},"author":3,"featured_media":19241,"comment_status":"closed","ping_status":"closed","sticky":false,"template":"","format":"standard","meta":{"_acf_changed":false,"footnotes":""},"categories":[440,446],"tags":[932,933,934,896,858,228,92,96,116,91,114],"class_list":["post-19240","post","type-post","status-publish","format-standard","has-post-thumbnail","hentry","category-istruzioni-per-l-uso","category-pantelleria-lisola","tag-calanika","tag-hiking","tag-escursioni","tag-swimming","tag-island-2","tag-ildammuso","tag-isola","tag-mare","tag-natura","tag-pantelleria","tag-vacanza"],"acf":[],"yoast_head":"<!-- This site is optimized with the Yoast SEO plugin v27.4 - https:\/\/yoast.com\/product\/yoast-seo-wordpress\/ -->\n<title>Cala Nik\u00e0, discese e &quot;ascensioni&quot; | Il Dammuso<\/title>\n<meta name=\"description\" content=\"&quot;Cala Nik\u00e0, discese e &quot;ascensioni&quot;&quot;: leggi l&#039;articolo completo nel blog de Il Dammuso!\" \/>\n<meta name=\"robots\" content=\"index, follow, max-snippet:-1, max-image-preview:large, max-video-preview:-1\" \/>\n<link rel=\"canonical\" href=\"https:\/\/www.ildammuso.com\/it\/cala-nika-discese-e-ascensioni\/\" \/>\n<meta property=\"og:locale\" content=\"it_IT\" \/>\n<meta property=\"og:type\" content=\"article\" \/>\n<meta property=\"og:title\" content=\"Cala Nik\u00e0, discese e &quot;ascensioni&quot; | Il Dammuso\" \/>\n<meta property=\"og:description\" content=\"&quot;Cala Nik\u00e0, discese e &quot;ascensioni&quot;&quot;: leggi l&#039;articolo completo nel blog de Il Dammuso!\" \/>\n<meta property=\"og:url\" content=\"https:\/\/www.ildammuso.com\/it\/cala-nika-discese-e-ascensioni\/\" \/>\n<meta property=\"og:site_name\" content=\"Il Dammuso\" \/>\n<meta property=\"article:publisher\" content=\"https:\/\/www.facebook.com\/ildammusodipantelleria\/\" \/>\n<meta property=\"article:published_time\" content=\"2023-05-10T10:16:26+00:00\" \/>\n<meta property=\"article:modified_time\" content=\"2023-05-10T10:16:29+00:00\" \/>\n<meta property=\"og:image\" content=\"https:\/\/storage1254.cdn-immedia.net\/wp-content\/uploads\/2023\/05\/Cala-Nika-scaled.jpg\" \/>\n\t<meta property=\"og:image:width\" content=\"2560\" \/>\n\t<meta property=\"og:image:height\" content=\"1928\" \/>\n\t<meta property=\"og:image:type\" content=\"image\/jpeg\" \/>\n<meta name=\"author\" content=\"claudia\" \/>\n<meta name=\"twitter:card\" content=\"summary_large_image\" \/>\n<meta name=\"twitter:label1\" content=\"Scritto da\" \/>\n\t<meta name=\"twitter:data1\" content=\"claudia\" \/>\n\t<meta name=\"twitter:label2\" content=\"Tempo di lettura stimato\" \/>\n\t<meta name=\"twitter:data2\" content=\"3 minuti\" \/>\n<script type=\"application\/ld+json\" class=\"yoast-schema-graph\">{\"@context\":\"https:\\\/\\\/schema.org\",\"@graph\":[{\"@type\":\"Article\",\"@id\":\"https:\\\/\\\/www.ildammuso.com\\\/it\\\/cala-nika-discese-e-ascensioni\\\/#article\",\"isPartOf\":{\"@id\":\"https:\\\/\\\/www.ildammuso.com\\\/it\\\/cala-nika-discese-e-ascensioni\\\/\"},\"author\":{\"name\":\"claudia\",\"@id\":\"https:\\\/\\\/www.ildammuso.com\\\/it\\\/#\\\/schema\\\/person\\\/a97bc2634c1ae772b6efbb07fef2b3a8\"},\"headline\":\"Cala Nik\u00e0, discese e &#8220;ascensioni&#8221;\",\"datePublished\":\"2023-05-10T10:16:26+00:00\",\"dateModified\":\"2023-05-10T10:16:29+00:00\",\"mainEntityOfPage\":{\"@id\":\"https:\\\/\\\/www.ildammuso.com\\\/it\\\/cala-nika-discese-e-ascensioni\\\/\"},\"wordCount\":542,\"publisher\":{\"@id\":\"https:\\\/\\\/www.ildammuso.com\\\/it\\\/#organization\"},\"image\":{\"@id\":\"https:\\\/\\\/www.ildammuso.com\\\/it\\\/cala-nika-discese-e-ascensioni\\\/#primaryimage\"},\"thumbnailUrl\":\"https:\\\/\\\/www.ildammuso.com\\\/wp-content\\\/uploads\\\/2023\\\/05\\\/Cala-Nika-scaled.jpg\",\"keywords\":[\"calanik\u00e0\",\"hiking\",\"escursioni\",\"swimming\",\"island\",\"ildammuso\",\"isola\",\"mare\",\"natura\",\"pantelleria\",\"vacanza\"],\"articleSection\":[\"Istruzioni per l'uso\",\"Pantelleria, l'isola\"],\"inLanguage\":\"it-IT\"},{\"@type\":\"WebPage\",\"@id\":\"https:\\\/\\\/www.ildammuso.com\\\/it\\\/cala-nika-discese-e-ascensioni\\\/\",\"url\":\"https:\\\/\\\/www.ildammuso.com\\\/it\\\/cala-nika-discese-e-ascensioni\\\/\",\"name\":\"Cala Nik\u00e0, discese e \\\"ascensioni\\\" | Il Dammuso\",\"isPartOf\":{\"@id\":\"https:\\\/\\\/www.ildammuso.com\\\/it\\\/#website\"},\"primaryImageOfPage\":{\"@id\":\"https:\\\/\\\/www.ildammuso.com\\\/it\\\/cala-nika-discese-e-ascensioni\\\/#primaryimage\"},\"image\":{\"@id\":\"https:\\\/\\\/www.ildammuso.com\\\/it\\\/cala-nika-discese-e-ascensioni\\\/#primaryimage\"},\"thumbnailUrl\":\"https:\\\/\\\/www.ildammuso.com\\\/wp-content\\\/uploads\\\/2023\\\/05\\\/Cala-Nika-scaled.jpg\",\"datePublished\":\"2023-05-10T10:16:26+00:00\",\"dateModified\":\"2023-05-10T10:16:29+00:00\",\"description\":\"\\\"Cala Nik\u00e0, discese e \\\"ascensioni\\\"\\\": leggi l'articolo completo nel blog de Il Dammuso!\",\"breadcrumb\":{\"@id\":\"https:\\\/\\\/www.ildammuso.com\\\/it\\\/cala-nika-discese-e-ascensioni\\\/#breadcrumb\"},\"inLanguage\":\"it-IT\",\"potentialAction\":[{\"@type\":\"ReadAction\",\"target\":[\"https:\\\/\\\/www.ildammuso.com\\\/it\\\/cala-nika-discese-e-ascensioni\\\/\"]}]},{\"@type\":\"ImageObject\",\"inLanguage\":\"it-IT\",\"@id\":\"https:\\\/\\\/www.ildammuso.com\\\/it\\\/cala-nika-discese-e-ascensioni\\\/#primaryimage\",\"url\":\"https:\\\/\\\/www.ildammuso.com\\\/wp-content\\\/uploads\\\/2023\\\/05\\\/Cala-Nika-scaled.jpg\",\"contentUrl\":\"https:\\\/\\\/www.ildammuso.com\\\/wp-content\\\/uploads\\\/2023\\\/05\\\/Cala-Nika-scaled.jpg\",\"width\":2560,\"height\":1928},{\"@type\":\"BreadcrumbList\",\"@id\":\"https:\\\/\\\/www.ildammuso.com\\\/it\\\/cala-nika-discese-e-ascensioni\\\/#breadcrumb\",\"itemListElement\":[{\"@type\":\"ListItem\",\"position\":1,\"name\":\"Home\",\"item\":\"https:\\\/\\\/www.ildammuso.com\\\/it\\\/\"},{\"@type\":\"ListItem\",\"position\":2,\"name\":\"&nbsp;\"}]},{\"@type\":\"WebSite\",\"@id\":\"https:\\\/\\\/www.ildammuso.com\\\/it\\\/#website\",\"url\":\"https:\\\/\\\/www.ildammuso.com\\\/it\\\/\",\"name\":\"Il Dammuso\",\"description\":\"Il tuo Dammuso a Pantelleria\",\"publisher\":{\"@id\":\"https:\\\/\\\/www.ildammuso.com\\\/it\\\/#organization\"},\"potentialAction\":[{\"@type\":\"SearchAction\",\"target\":{\"@type\":\"EntryPoint\",\"urlTemplate\":\"https:\\\/\\\/www.ildammuso.com\\\/it\\\/?s={search_term_string}\"},\"query-input\":{\"@type\":\"PropertyValueSpecification\",\"valueRequired\":true,\"valueName\":\"search_term_string\"}}],\"inLanguage\":\"it-IT\"},{\"@type\":\"Organization\",\"@id\":\"https:\\\/\\\/www.ildammuso.com\\\/it\\\/#organization\",\"name\":\"Il Dammuso\",\"url\":\"https:\\\/\\\/www.ildammuso.com\\\/it\\\/\",\"logo\":{\"@type\":\"ImageObject\",\"inLanguage\":\"it-IT\",\"@id\":\"https:\\\/\\\/www.ildammuso.com\\\/it\\\/#\\\/schema\\\/logo\\\/image\\\/\",\"url\":\"https:\\\/\\\/www.ildammuso.com\\\/wp-content\\\/uploads\\\/2022\\\/06\\\/logo-ildammuso.jpg\",\"contentUrl\":\"https:\\\/\\\/www.ildammuso.com\\\/wp-content\\\/uploads\\\/2022\\\/06\\\/logo-ildammuso.jpg\",\"width\":426,\"height\":395,\"caption\":\"Il Dammuso\"},\"image\":{\"@id\":\"https:\\\/\\\/www.ildammuso.com\\\/it\\\/#\\\/schema\\\/logo\\\/image\\\/\"},\"sameAs\":[\"https:\\\/\\\/www.facebook.com\\\/ildammusodipantelleria\\\/\",\"https:\\\/\\\/www.instagram.com\\\/ildammusogram\\\/\"]},{\"@type\":\"Person\",\"@id\":\"https:\\\/\\\/www.ildammuso.com\\\/it\\\/#\\\/schema\\\/person\\\/a97bc2634c1ae772b6efbb07fef2b3a8\",\"name\":\"claudia\",\"image\":{\"@type\":\"ImageObject\",\"inLanguage\":\"it-IT\",\"@id\":\"https:\\\/\\\/secure.gravatar.com\\\/avatar\\\/bfa9e85032faeaffeaaafd48c7c09ad8da852ff133d8361db8721aff28093ebe?s=96&d=mm&r=g\",\"url\":\"https:\\\/\\\/secure.gravatar.com\\\/avatar\\\/bfa9e85032faeaffeaaafd48c7c09ad8da852ff133d8361db8721aff28093ebe?s=96&d=mm&r=g\",\"contentUrl\":\"https:\\\/\\\/secure.gravatar.com\\\/avatar\\\/bfa9e85032faeaffeaaafd48c7c09ad8da852ff133d8361db8721aff28093ebe?s=96&d=mm&r=g\",\"caption\":\"claudia\"}}]}<\/script>\n<!-- \/ Yoast SEO plugin. -->","yoast_head_json":{"title":"Cala Nik\u00e0, discese e \"ascensioni\" | Il Dammuso","description":"\"Cala Nik\u00e0, discese e \"ascensioni\"\": leggi l'articolo completo nel blog de Il Dammuso!","robots":{"index":"index","follow":"follow","max-snippet":"max-snippet:-1","max-image-preview":"max-image-preview:large","max-video-preview":"max-video-preview:-1"},"canonical":"https:\/\/www.ildammuso.com\/it\/cala-nika-discese-e-ascensioni\/","og_locale":"it_IT","og_type":"article","og_title":"Cala Nik\u00e0, discese e \"ascensioni\" | Il Dammuso","og_description":"\"Cala Nik\u00e0, discese e \"ascensioni\"\": leggi l'articolo completo nel blog de Il Dammuso!","og_url":"https:\/\/www.ildammuso.com\/it\/cala-nika-discese-e-ascensioni\/","og_site_name":"Il Dammuso","article_publisher":"https:\/\/www.facebook.com\/ildammusodipantelleria\/","article_published_time":"2023-05-10T10:16:26+00:00","article_modified_time":"2023-05-10T10:16:29+00:00","og_image":[{"width":2560,"height":1928,"url":"https:\/\/storage1254.cdn-immedia.net\/wp-content\/uploads\/2023\/05\/Cala-Nika-scaled.jpg","type":"image\/jpeg"}],"author":"claudia","twitter_card":"summary_large_image","twitter_misc":{"Scritto da":"claudia","Tempo di lettura stimato":"3 minuti"},"schema":{"@context":"https:\/\/schema.org","@graph":[{"@type":"Article","@id":"https:\/\/www.ildammuso.com\/it\/cala-nika-discese-e-ascensioni\/#article","isPartOf":{"@id":"https:\/\/www.ildammuso.com\/it\/cala-nika-discese-e-ascensioni\/"},"author":{"name":"claudia","@id":"https:\/\/www.ildammuso.com\/it\/#\/schema\/person\/a97bc2634c1ae772b6efbb07fef2b3a8"},"headline":"Cala Nik\u00e0, discese e &#8220;ascensioni&#8221;","datePublished":"2023-05-10T10:16:26+00:00","dateModified":"2023-05-10T10:16:29+00:00","mainEntityOfPage":{"@id":"https:\/\/www.ildammuso.com\/it\/cala-nika-discese-e-ascensioni\/"},"wordCount":542,"publisher":{"@id":"https:\/\/www.ildammuso.com\/it\/#organization"},"image":{"@id":"https:\/\/www.ildammuso.com\/it\/cala-nika-discese-e-ascensioni\/#primaryimage"},"thumbnailUrl":"https:\/\/storage1254.cdn-immedia.net\/wp-content\/uploads\/2023\/05\/Cala-Nika-scaled.jpg","keywords":["calanik\u00e0","hiking","escursioni","swimming","island","ildammuso","isola","mare","natura","pantelleria","vacanza"],"articleSection":["Istruzioni per l'uso","Pantelleria, l'isola"],"inLanguage":"it-IT"},{"@type":"WebPage","@id":"https:\/\/www.ildammuso.com\/it\/cala-nika-discese-e-ascensioni\/","url":"https:\/\/www.ildammuso.com\/it\/cala-nika-discese-e-ascensioni\/","name":"Cala Nik\u00e0, discese e \"ascensioni\" | Il Dammuso","isPartOf":{"@id":"https:\/\/www.ildammuso.com\/it\/#website"},"primaryImageOfPage":{"@id":"https:\/\/www.ildammuso.com\/it\/cala-nika-discese-e-ascensioni\/#primaryimage"},"image":{"@id":"https:\/\/www.ildammuso.com\/it\/cala-nika-discese-e-ascensioni\/#primaryimage"},"thumbnailUrl":"https:\/\/storage1254.cdn-immedia.net\/wp-content\/uploads\/2023\/05\/Cala-Nika-scaled.jpg","datePublished":"2023-05-10T10:16:26+00:00","dateModified":"2023-05-10T10:16:29+00:00","description":"\"Cala Nik\u00e0, discese e \"ascensioni\"\": leggi l'articolo completo nel blog de Il Dammuso!","breadcrumb":{"@id":"https:\/\/www.ildammuso.com\/it\/cala-nika-discese-e-ascensioni\/#breadcrumb"},"inLanguage":"it-IT","potentialAction":[{"@type":"ReadAction","target":["https:\/\/www.ildammuso.com\/it\/cala-nika-discese-e-ascensioni\/"]}]},{"@type":"ImageObject","inLanguage":"it-IT","@id":"https:\/\/www.ildammuso.com\/it\/cala-nika-discese-e-ascensioni\/#primaryimage","url":"https:\/\/storage1254.cdn-immedia.net\/wp-content\/uploads\/2023\/05\/Cala-Nika-scaled.jpg","contentUrl":"https:\/\/storage1254.cdn-immedia.net\/wp-content\/uploads\/2023\/05\/Cala-Nika-scaled.jpg","width":2560,"height":1928},{"@type":"BreadcrumbList","@id":"https:\/\/www.ildammuso.com\/it\/cala-nika-discese-e-ascensioni\/#breadcrumb","itemListElement":[{"@type":"ListItem","position":1,"name":"Home","item":"https:\/\/www.ildammuso.com\/it\/"},{"@type":"ListItem","position":2,"name":"&nbsp;"}]},{"@type":"WebSite","@id":"https:\/\/www.ildammuso.com\/it\/#website","url":"https:\/\/www.ildammuso.com\/it\/","name":"Il Dammuso","description":"Il tuo Dammuso a Pantelleria","publisher":{"@id":"https:\/\/www.ildammuso.com\/it\/#organization"},"potentialAction":[{"@type":"SearchAction","target":{"@type":"EntryPoint","urlTemplate":"https:\/\/www.ildammuso.com\/it\/?s={search_term_string}"},"query-input":{"@type":"PropertyValueSpecification","valueRequired":true,"valueName":"search_term_string"}}],"inLanguage":"it-IT"},{"@type":"Organization","@id":"https:\/\/www.ildammuso.com\/it\/#organization","name":"Il Dammuso","url":"https:\/\/www.ildammuso.com\/it\/","logo":{"@type":"ImageObject","inLanguage":"it-IT","@id":"https:\/\/www.ildammuso.com\/it\/#\/schema\/logo\/image\/","url":"https:\/\/storage1254.cdn-immedia.net\/wp-content\/uploads\/2022\/06\/logo-ildammuso.jpg","contentUrl":"https:\/\/storage1254.cdn-immedia.net\/wp-content\/uploads\/2022\/06\/logo-ildammuso.jpg","width":426,"height":395,"caption":"Il Dammuso"},"image":{"@id":"https:\/\/www.ildammuso.com\/it\/#\/schema\/logo\/image\/"},"sameAs":["https:\/\/www.facebook.com\/ildammusodipantelleria\/","https:\/\/www.instagram.com\/ildammusogram\/"]},{"@type":"Person","@id":"https:\/\/www.ildammuso.com\/it\/#\/schema\/person\/a97bc2634c1ae772b6efbb07fef2b3a8","name":"claudia","image":{"@type":"ImageObject","inLanguage":"it-IT","@id":"https:\/\/secure.gravatar.com\/avatar\/bfa9e85032faeaffeaaafd48c7c09ad8da852ff133d8361db8721aff28093ebe?s=96&d=mm&r=g","url":"https:\/\/secure.gravatar.com\/avatar\/bfa9e85032faeaffeaaafd48c7c09ad8da852ff133d8361db8721aff28093ebe?s=96&d=mm&r=g","contentUrl":"https:\/\/secure.gravatar.com\/avatar\/bfa9e85032faeaffeaaafd48c7c09ad8da852ff133d8361db8721aff28093ebe?s=96&d=mm&r=g","caption":"claudia"}}]}},"_links":{"self":[{"href":"https:\/\/www.ildammuso.com\/it\/wp-json\/wp\/v2\/posts\/19240","targetHints":{"allow":["GET"]}}],"collection":[{"href":"https:\/\/www.ildammuso.com\/it\/wp-json\/wp\/v2\/posts"}],"about":[{"href":"https:\/\/www.ildammuso.com\/it\/wp-json\/wp\/v2\/types\/post"}],"author":[{"embeddable":true,"href":"https:\/\/www.ildammuso.com\/it\/wp-json\/wp\/v2\/users\/3"}],"replies":[{"embeddable":true,"href":"https:\/\/www.ildammuso.com\/it\/wp-json\/wp\/v2\/comments?post=19240"}],"version-history":[{"count":1,"href":"https:\/\/www.ildammuso.com\/it\/wp-json\/wp\/v2\/posts\/19240\/revisions"}],"predecessor-version":[{"id":19243,"href":"https:\/\/www.ildammuso.com\/it\/wp-json\/wp\/v2\/posts\/19240\/revisions\/19243"}],"wp:featuredmedia":[{"embeddable":true,"href":"https:\/\/www.ildammuso.com\/it\/wp-json\/wp\/v2\/media\/19241"}],"wp:attachment":[{"href":"https:\/\/www.ildammuso.com\/it\/wp-json\/wp\/v2\/media?parent=19240"}],"wp:term":[{"taxonomy":"category","embeddable":true,"href":"https:\/\/www.ildammuso.com\/it\/wp-json\/wp\/v2\/categories?post=19240"},{"taxonomy":"post_tag","embeddable":true,"href":"https:\/\/www.ildammuso.com\/it\/wp-json\/wp\/v2\/tags?post=19240"}],"curies":[{"name":"wp","href":"https:\/\/api.w.org\/{rel}","templated":true}]}}