{"id":19617,"date":"2023-05-26T16:25:19","date_gmt":"2023-05-26T14:25:19","guid":{"rendered":"https:\/\/www.ildammuso.com\/?p=19617"},"modified":"2023-05-26T16:27:08","modified_gmt":"2023-05-26T14:27:08","slug":"quando-ho-perso-il-mio-primo-volo-un-racconto-di-disavventure-e-lezioni-apprese","status":"publish","type":"post","link":"https:\/\/www.ildammuso.com\/it\/quando-ho-perso-il-mio-primo-volo-un-racconto-di-disavventure-e-lezioni-apprese\/","title":{"rendered":"Quando ho perso il mio primo volo: un racconto di disavventure e lezioni apprese"},"content":{"rendered":"\n<p>Ho perso il mio primo <a href=\"https:\/\/www.ildammuso.com\/it\/voli-pantelleria-2023-raggiungere-isola-volotea-dat-ita\/\">volo<\/a><br>Ho perso il volo per Pantelleria.<br>Questo \u00e8 un post di sfogo (personale) ma anche di servizio, affinch\u00e9 l\u2019esperienza altrui sia di insegnamento.<br><br>Questa mattina mi sono svegliata senza nessun comodo, ho fatto finta di fare colazione, ho salutato quei pochi familiari e para familiari che erano in casa e mi sono precipitata, con valigia pesante 23 chilogrammi netti, per recarmi in aeroporto.<br>Bagaglio (ultimo rimasto in casa) primi anni \u2018ottanta, RETTANGOLARE misure 60&#215;110 cm con due rotelle\u00a0ad angolo sul lato corto e maniglione per trascinamento (che produce un basculamento alternato destra sinistra che provoca ematomi su entrambe le gambe).\u00a0<\/p>\n\n\n\n<p>Tralasciamo gli accadimenti lungo il percorso e ritroviamoci direttamente in aeroporto dove la mia mente, nella norma, perde una buona dose di lucidit\u00e0 e attaccamento alla realt\u00e0.<br>Pertanto, la mia mente crede di ricordare dove si trova il banco check-in, peccato che anzich\u00e9 andare al pian terreno (vostro onore accogliete in mia difesa il fatto che al pian terreno nel 99% dei casi non si fanno check-in \u2013 OBIEZIONE ACCOLTA) vado al primo piano.<br>Quando ritrovo il senso del tempo e dello spazio (relativo), sono ormai le 10:11 e il volo parte alle 10:50.<br>Al banco dell\u2019accoglienza non c\u2019\u00e8 pi\u00f9 nessuno.\u00a0<\/p>\n\n\n\n<p>Vinta, sconsolata, affranta ho chiesto che mi consentissero l\u2019imbarco, nell\u2019ordine a: omino del banco informazioni, due poliziotti, tre viaggiatori stranieri, ufficio ticket parcheggio e cassiera del bar.<br>La cassiera del bar mi ha convinto che non avrei avuto alcuna chance di imbarcarmi.&nbsp;<\/p>\n\n\n\n<p>Ho trascorso i venti chilometri che mi separavano\u00a0da Palermo cercando di parlare con DAT per farmi emettere un biglietto nell\u2019immediato.<br>La DAT mi ha risposto che ero appena arrivata sotto casa, mia figlia che era stata avvisata del fatto che avevo perso l\u2019aereo mi ha risposto, al contrario, IMMEDIATAMENTE e con queste parole: \u201cS<em>to pulendo casa, vedi tu dove puoi andare a stare per oggi. Qui non rientri<\/em>\u201d.<\/p>\n\n\n\n<p>Da questa esperienza traggo due morali e vi invito a riflettere su quanto accadutomi:<br>PRIMA MORALE &#8211; all\u2019aeroporto si arriva con almeno un\u2019ora e mezzo di anticipo rispetto all\u2019orario di imbarco.<br>SECONDA MORALE &#8211; quanto a mia figlia anche lei non conosce clemenza e per rientrare a casa ho dovuto supplicarla da dietro la porta e, in un attimo di distrazione, mi ha aperto una sua amica facendomi entrare di soppiatto.<br>Lo ripeto con le sue parole: \u201cPensateci prima di fare figli perch\u00e9 potrebbe accadere che vengano su acidi come me\u201d.&nbsp;<\/p>\n\n\n\n<p>Per ora \u00e8 tutto, ci vediamo domani a Pantelleria.&nbsp;<\/p>\n\n\n\n<p>FORSE.&nbsp;<\/p>\n","protected":false},"excerpt":{"rendered":"<p>Ho perso il mio primo voloHo perso il volo per [&hellip;]<\/p>\n","protected":false},"author":3,"featured_media":19618,"comment_status":"closed","ping_status":"closed","sticky":false,"template":"","format":"standard","meta":{"_acf_changed":false,"footnotes":""},"categories":[441],"tags":[962,963,964,228,91,77,79,78],"class_list":["post-19617","post","type-post","status-publish","format-standard","has-post-thumbnail","hentry","category-pippe","tag-dat-2","tag-ita","tag-valigie","tag-ildammuso","tag-pantelleria","tag-voli","tag-voli-con-scalo","tag-volotea"],"acf":[],"yoast_head":"<!-- This site is optimized with the Yoast SEO plugin v27.5 - https:\/\/yoast.com\/product\/yoast-seo-wordpress\/ -->\n<title>Quando ho perso il mio primo volo: un racconto di disavventure e lezioni apprese | Il Dammuso<\/title>\n<meta name=\"description\" content=\"&quot;Quando ho perso il mio primo volo per Pantelleria&quot;: leggi l&#039;articolo completo nel blog de Il Dammuso! Disavventure e ammonimenti\" \/>\n<meta name=\"robots\" content=\"index, follow, max-snippet:-1, max-image-preview:large, max-video-preview:-1\" \/>\n<link rel=\"canonical\" href=\"https:\/\/www.ildammuso.com\/it\/quando-ho-perso-il-mio-primo-volo-un-racconto-di-disavventure-e-lezioni-apprese\/\" \/>\n<meta property=\"og:locale\" content=\"it_IT\" \/>\n<meta property=\"og:type\" content=\"article\" \/>\n<meta property=\"og:title\" content=\"Quando ho perso il mio primo volo: un racconto di disavventure e lezioni apprese | Il Dammuso\" \/>\n<meta property=\"og:description\" content=\"&quot;Quando ho perso il mio primo volo per Pantelleria&quot;: leggi l&#039;articolo completo nel blog de Il Dammuso! Disavventure e ammonimenti\" \/>\n<meta property=\"og:url\" content=\"https:\/\/www.ildammuso.com\/it\/quando-ho-perso-il-mio-primo-volo-un-racconto-di-disavventure-e-lezioni-apprese\/\" \/>\n<meta property=\"og:site_name\" content=\"Il Dammuso\" \/>\n<meta property=\"article:publisher\" content=\"https:\/\/www.facebook.com\/ildammusodipantelleria\/\" \/>\n<meta property=\"article:published_time\" content=\"2023-05-26T14:25:19+00:00\" \/>\n<meta property=\"article:modified_time\" content=\"2023-05-26T14:27:08+00:00\" \/>\n<meta property=\"og:image\" content=\"https:\/\/storage1254.cdn-immedia.net\/wp-content\/uploads\/2023\/05\/volo_perso-5.jpg\" \/>\n\t<meta property=\"og:image:width\" content=\"1728\" \/>\n\t<meta property=\"og:image:height\" content=\"1263\" \/>\n\t<meta property=\"og:image:type\" content=\"image\/jpeg\" \/>\n<meta name=\"author\" content=\"claudia\" \/>\n<meta name=\"twitter:card\" content=\"summary_large_image\" \/>\n<meta name=\"twitter:label1\" content=\"Scritto da\" \/>\n\t<meta name=\"twitter:data1\" content=\"claudia\" \/>\n\t<meta name=\"twitter:label2\" content=\"Tempo di lettura stimato\" \/>\n\t<meta name=\"twitter:data2\" content=\"3 minuti\" \/>\n<script type=\"application\/ld+json\" class=\"yoast-schema-graph\">{\"@context\":\"https:\\\/\\\/schema.org\",\"@graph\":[{\"@type\":\"Article\",\"@id\":\"https:\\\/\\\/www.ildammuso.com\\\/it\\\/quando-ho-perso-il-mio-primo-volo-un-racconto-di-disavventure-e-lezioni-apprese\\\/#article\",\"isPartOf\":{\"@id\":\"https:\\\/\\\/www.ildammuso.com\\\/it\\\/quando-ho-perso-il-mio-primo-volo-un-racconto-di-disavventure-e-lezioni-apprese\\\/\"},\"author\":{\"name\":\"claudia\",\"@id\":\"https:\\\/\\\/www.ildammuso.com\\\/it\\\/#\\\/schema\\\/person\\\/a97bc2634c1ae772b6efbb07fef2b3a8\"},\"headline\":\"Quando ho perso il mio primo volo: un racconto di disavventure e lezioni apprese\",\"datePublished\":\"2023-05-26T14:25:19+00:00\",\"dateModified\":\"2023-05-26T14:27:08+00:00\",\"mainEntityOfPage\":{\"@id\":\"https:\\\/\\\/www.ildammuso.com\\\/it\\\/quando-ho-perso-il-mio-primo-volo-un-racconto-di-disavventure-e-lezioni-apprese\\\/\"},\"wordCount\":440,\"publisher\":{\"@id\":\"https:\\\/\\\/www.ildammuso.com\\\/it\\\/#organization\"},\"image\":{\"@id\":\"https:\\\/\\\/www.ildammuso.com\\\/it\\\/quando-ho-perso-il-mio-primo-volo-un-racconto-di-disavventure-e-lezioni-apprese\\\/#primaryimage\"},\"thumbnailUrl\":\"https:\\\/\\\/www.ildammuso.com\\\/wp-content\\\/uploads\\\/2023\\\/05\\\/volo_perso-5.jpg\",\"keywords\":[\"dat\",\"ita\",\"valigie\",\"ildammuso\",\"pantelleria\",\"voli\",\"voli con scalo\",\"volotea\"],\"articleSection\":[\"Pippe d'altura\"],\"inLanguage\":\"it-IT\"},{\"@type\":\"WebPage\",\"@id\":\"https:\\\/\\\/www.ildammuso.com\\\/it\\\/quando-ho-perso-il-mio-primo-volo-un-racconto-di-disavventure-e-lezioni-apprese\\\/\",\"url\":\"https:\\\/\\\/www.ildammuso.com\\\/it\\\/quando-ho-perso-il-mio-primo-volo-un-racconto-di-disavventure-e-lezioni-apprese\\\/\",\"name\":\"Quando ho perso il mio primo volo: un racconto di disavventure e lezioni apprese | Il Dammuso\",\"isPartOf\":{\"@id\":\"https:\\\/\\\/www.ildammuso.com\\\/it\\\/#website\"},\"primaryImageOfPage\":{\"@id\":\"https:\\\/\\\/www.ildammuso.com\\\/it\\\/quando-ho-perso-il-mio-primo-volo-un-racconto-di-disavventure-e-lezioni-apprese\\\/#primaryimage\"},\"image\":{\"@id\":\"https:\\\/\\\/www.ildammuso.com\\\/it\\\/quando-ho-perso-il-mio-primo-volo-un-racconto-di-disavventure-e-lezioni-apprese\\\/#primaryimage\"},\"thumbnailUrl\":\"https:\\\/\\\/www.ildammuso.com\\\/wp-content\\\/uploads\\\/2023\\\/05\\\/volo_perso-5.jpg\",\"datePublished\":\"2023-05-26T14:25:19+00:00\",\"dateModified\":\"2023-05-26T14:27:08+00:00\",\"description\":\"\\\"Quando ho perso il mio primo volo per Pantelleria\\\": leggi l'articolo completo nel blog de Il Dammuso! Disavventure e ammonimenti\",\"breadcrumb\":{\"@id\":\"https:\\\/\\\/www.ildammuso.com\\\/it\\\/quando-ho-perso-il-mio-primo-volo-un-racconto-di-disavventure-e-lezioni-apprese\\\/#breadcrumb\"},\"inLanguage\":\"it-IT\",\"potentialAction\":[{\"@type\":\"ReadAction\",\"target\":[\"https:\\\/\\\/www.ildammuso.com\\\/it\\\/quando-ho-perso-il-mio-primo-volo-un-racconto-di-disavventure-e-lezioni-apprese\\\/\"]}]},{\"@type\":\"ImageObject\",\"inLanguage\":\"it-IT\",\"@id\":\"https:\\\/\\\/www.ildammuso.com\\\/it\\\/quando-ho-perso-il-mio-primo-volo-un-racconto-di-disavventure-e-lezioni-apprese\\\/#primaryimage\",\"url\":\"https:\\\/\\\/www.ildammuso.com\\\/wp-content\\\/uploads\\\/2023\\\/05\\\/volo_perso-5.jpg\",\"contentUrl\":\"https:\\\/\\\/www.ildammuso.com\\\/wp-content\\\/uploads\\\/2023\\\/05\\\/volo_perso-5.jpg\",\"width\":1728,\"height\":1263},{\"@type\":\"BreadcrumbList\",\"@id\":\"https:\\\/\\\/www.ildammuso.com\\\/it\\\/quando-ho-perso-il-mio-primo-volo-un-racconto-di-disavventure-e-lezioni-apprese\\\/#breadcrumb\",\"itemListElement\":[{\"@type\":\"ListItem\",\"position\":1,\"name\":\"Home\",\"item\":\"https:\\\/\\\/www.ildammuso.com\\\/it\\\/\"},{\"@type\":\"ListItem\",\"position\":2,\"name\":\"&nbsp;\"}]},{\"@type\":\"WebSite\",\"@id\":\"https:\\\/\\\/www.ildammuso.com\\\/it\\\/#website\",\"url\":\"https:\\\/\\\/www.ildammuso.com\\\/it\\\/\",\"name\":\"Il Dammuso\",\"description\":\"Il tuo Dammuso a Pantelleria\",\"publisher\":{\"@id\":\"https:\\\/\\\/www.ildammuso.com\\\/it\\\/#organization\"},\"potentialAction\":[{\"@type\":\"SearchAction\",\"target\":{\"@type\":\"EntryPoint\",\"urlTemplate\":\"https:\\\/\\\/www.ildammuso.com\\\/it\\\/?s={search_term_string}\"},\"query-input\":{\"@type\":\"PropertyValueSpecification\",\"valueRequired\":true,\"valueName\":\"search_term_string\"}}],\"inLanguage\":\"it-IT\"},{\"@type\":\"Organization\",\"@id\":\"https:\\\/\\\/www.ildammuso.com\\\/it\\\/#organization\",\"name\":\"Il Dammuso\",\"url\":\"https:\\\/\\\/www.ildammuso.com\\\/it\\\/\",\"logo\":{\"@type\":\"ImageObject\",\"inLanguage\":\"it-IT\",\"@id\":\"https:\\\/\\\/www.ildammuso.com\\\/it\\\/#\\\/schema\\\/logo\\\/image\\\/\",\"url\":\"https:\\\/\\\/www.ildammuso.com\\\/wp-content\\\/uploads\\\/2022\\\/06\\\/logo-ildammuso.jpg\",\"contentUrl\":\"https:\\\/\\\/www.ildammuso.com\\\/wp-content\\\/uploads\\\/2022\\\/06\\\/logo-ildammuso.jpg\",\"width\":426,\"height\":395,\"caption\":\"Il Dammuso\"},\"image\":{\"@id\":\"https:\\\/\\\/www.ildammuso.com\\\/it\\\/#\\\/schema\\\/logo\\\/image\\\/\"},\"sameAs\":[\"https:\\\/\\\/www.facebook.com\\\/ildammusodipantelleria\\\/\",\"https:\\\/\\\/www.instagram.com\\\/ildammusogram\\\/\"]},{\"@type\":\"Person\",\"@id\":\"https:\\\/\\\/www.ildammuso.com\\\/it\\\/#\\\/schema\\\/person\\\/a97bc2634c1ae772b6efbb07fef2b3a8\",\"name\":\"claudia\",\"image\":{\"@type\":\"ImageObject\",\"inLanguage\":\"it-IT\",\"@id\":\"https:\\\/\\\/secure.gravatar.com\\\/avatar\\\/bfa9e85032faeaffeaaafd48c7c09ad8da852ff133d8361db8721aff28093ebe?s=96&d=mm&r=g\",\"url\":\"https:\\\/\\\/secure.gravatar.com\\\/avatar\\\/bfa9e85032faeaffeaaafd48c7c09ad8da852ff133d8361db8721aff28093ebe?s=96&d=mm&r=g\",\"contentUrl\":\"https:\\\/\\\/secure.gravatar.com\\\/avatar\\\/bfa9e85032faeaffeaaafd48c7c09ad8da852ff133d8361db8721aff28093ebe?s=96&d=mm&r=g\",\"caption\":\"claudia\"}}]}<\/script>\n<!-- \/ Yoast SEO plugin. -->","yoast_head_json":{"title":"Quando ho perso il mio primo volo: un racconto di disavventure e lezioni apprese | Il Dammuso","description":"\"Quando ho perso il mio primo volo per Pantelleria\": leggi l'articolo completo nel blog de Il Dammuso! Disavventure e ammonimenti","robots":{"index":"index","follow":"follow","max-snippet":"max-snippet:-1","max-image-preview":"max-image-preview:large","max-video-preview":"max-video-preview:-1"},"canonical":"https:\/\/www.ildammuso.com\/it\/quando-ho-perso-il-mio-primo-volo-un-racconto-di-disavventure-e-lezioni-apprese\/","og_locale":"it_IT","og_type":"article","og_title":"Quando ho perso il mio primo volo: un racconto di disavventure e lezioni apprese | Il Dammuso","og_description":"\"Quando ho perso il mio primo volo per Pantelleria\": leggi l'articolo completo nel blog de Il Dammuso! Disavventure e ammonimenti","og_url":"https:\/\/www.ildammuso.com\/it\/quando-ho-perso-il-mio-primo-volo-un-racconto-di-disavventure-e-lezioni-apprese\/","og_site_name":"Il Dammuso","article_publisher":"https:\/\/www.facebook.com\/ildammusodipantelleria\/","article_published_time":"2023-05-26T14:25:19+00:00","article_modified_time":"2023-05-26T14:27:08+00:00","og_image":[{"width":1728,"height":1263,"url":"https:\/\/storage1254.cdn-immedia.net\/wp-content\/uploads\/2023\/05\/volo_perso-5.jpg","type":"image\/jpeg"}],"author":"claudia","twitter_card":"summary_large_image","twitter_misc":{"Scritto da":"claudia","Tempo di lettura stimato":"3 minuti"},"schema":{"@context":"https:\/\/schema.org","@graph":[{"@type":"Article","@id":"https:\/\/www.ildammuso.com\/it\/quando-ho-perso-il-mio-primo-volo-un-racconto-di-disavventure-e-lezioni-apprese\/#article","isPartOf":{"@id":"https:\/\/www.ildammuso.com\/it\/quando-ho-perso-il-mio-primo-volo-un-racconto-di-disavventure-e-lezioni-apprese\/"},"author":{"name":"claudia","@id":"https:\/\/www.ildammuso.com\/it\/#\/schema\/person\/a97bc2634c1ae772b6efbb07fef2b3a8"},"headline":"Quando ho perso il mio primo volo: un racconto di disavventure e lezioni apprese","datePublished":"2023-05-26T14:25:19+00:00","dateModified":"2023-05-26T14:27:08+00:00","mainEntityOfPage":{"@id":"https:\/\/www.ildammuso.com\/it\/quando-ho-perso-il-mio-primo-volo-un-racconto-di-disavventure-e-lezioni-apprese\/"},"wordCount":440,"publisher":{"@id":"https:\/\/www.ildammuso.com\/it\/#organization"},"image":{"@id":"https:\/\/www.ildammuso.com\/it\/quando-ho-perso-il-mio-primo-volo-un-racconto-di-disavventure-e-lezioni-apprese\/#primaryimage"},"thumbnailUrl":"https:\/\/storage1254.cdn-immedia.net\/wp-content\/uploads\/2023\/05\/volo_perso-5.jpg","keywords":["dat","ita","valigie","ildammuso","pantelleria","voli","voli con scalo","volotea"],"articleSection":["Pippe d'altura"],"inLanguage":"it-IT"},{"@type":"WebPage","@id":"https:\/\/www.ildammuso.com\/it\/quando-ho-perso-il-mio-primo-volo-un-racconto-di-disavventure-e-lezioni-apprese\/","url":"https:\/\/www.ildammuso.com\/it\/quando-ho-perso-il-mio-primo-volo-un-racconto-di-disavventure-e-lezioni-apprese\/","name":"Quando ho perso il mio primo volo: un racconto di disavventure e lezioni apprese | Il Dammuso","isPartOf":{"@id":"https:\/\/www.ildammuso.com\/it\/#website"},"primaryImageOfPage":{"@id":"https:\/\/www.ildammuso.com\/it\/quando-ho-perso-il-mio-primo-volo-un-racconto-di-disavventure-e-lezioni-apprese\/#primaryimage"},"image":{"@id":"https:\/\/www.ildammuso.com\/it\/quando-ho-perso-il-mio-primo-volo-un-racconto-di-disavventure-e-lezioni-apprese\/#primaryimage"},"thumbnailUrl":"https:\/\/storage1254.cdn-immedia.net\/wp-content\/uploads\/2023\/05\/volo_perso-5.jpg","datePublished":"2023-05-26T14:25:19+00:00","dateModified":"2023-05-26T14:27:08+00:00","description":"\"Quando ho perso il mio primo volo per Pantelleria\": leggi l'articolo completo nel blog de Il Dammuso! Disavventure e ammonimenti","breadcrumb":{"@id":"https:\/\/www.ildammuso.com\/it\/quando-ho-perso-il-mio-primo-volo-un-racconto-di-disavventure-e-lezioni-apprese\/#breadcrumb"},"inLanguage":"it-IT","potentialAction":[{"@type":"ReadAction","target":["https:\/\/www.ildammuso.com\/it\/quando-ho-perso-il-mio-primo-volo-un-racconto-di-disavventure-e-lezioni-apprese\/"]}]},{"@type":"ImageObject","inLanguage":"it-IT","@id":"https:\/\/www.ildammuso.com\/it\/quando-ho-perso-il-mio-primo-volo-un-racconto-di-disavventure-e-lezioni-apprese\/#primaryimage","url":"https:\/\/storage1254.cdn-immedia.net\/wp-content\/uploads\/2023\/05\/volo_perso-5.jpg","contentUrl":"https:\/\/storage1254.cdn-immedia.net\/wp-content\/uploads\/2023\/05\/volo_perso-5.jpg","width":1728,"height":1263},{"@type":"BreadcrumbList","@id":"https:\/\/www.ildammuso.com\/it\/quando-ho-perso-il-mio-primo-volo-un-racconto-di-disavventure-e-lezioni-apprese\/#breadcrumb","itemListElement":[{"@type":"ListItem","position":1,"name":"Home","item":"https:\/\/www.ildammuso.com\/it\/"},{"@type":"ListItem","position":2,"name":"&nbsp;"}]},{"@type":"WebSite","@id":"https:\/\/www.ildammuso.com\/it\/#website","url":"https:\/\/www.ildammuso.com\/it\/","name":"Il Dammuso","description":"Il tuo Dammuso a Pantelleria","publisher":{"@id":"https:\/\/www.ildammuso.com\/it\/#organization"},"potentialAction":[{"@type":"SearchAction","target":{"@type":"EntryPoint","urlTemplate":"https:\/\/www.ildammuso.com\/it\/?s={search_term_string}"},"query-input":{"@type":"PropertyValueSpecification","valueRequired":true,"valueName":"search_term_string"}}],"inLanguage":"it-IT"},{"@type":"Organization","@id":"https:\/\/www.ildammuso.com\/it\/#organization","name":"Il Dammuso","url":"https:\/\/www.ildammuso.com\/it\/","logo":{"@type":"ImageObject","inLanguage":"it-IT","@id":"https:\/\/www.ildammuso.com\/it\/#\/schema\/logo\/image\/","url":"https:\/\/storage1254.cdn-immedia.net\/wp-content\/uploads\/2022\/06\/logo-ildammuso.jpg","contentUrl":"https:\/\/storage1254.cdn-immedia.net\/wp-content\/uploads\/2022\/06\/logo-ildammuso.jpg","width":426,"height":395,"caption":"Il Dammuso"},"image":{"@id":"https:\/\/www.ildammuso.com\/it\/#\/schema\/logo\/image\/"},"sameAs":["https:\/\/www.facebook.com\/ildammusodipantelleria\/","https:\/\/www.instagram.com\/ildammusogram\/"]},{"@type":"Person","@id":"https:\/\/www.ildammuso.com\/it\/#\/schema\/person\/a97bc2634c1ae772b6efbb07fef2b3a8","name":"claudia","image":{"@type":"ImageObject","inLanguage":"it-IT","@id":"https:\/\/secure.gravatar.com\/avatar\/bfa9e85032faeaffeaaafd48c7c09ad8da852ff133d8361db8721aff28093ebe?s=96&d=mm&r=g","url":"https:\/\/secure.gravatar.com\/avatar\/bfa9e85032faeaffeaaafd48c7c09ad8da852ff133d8361db8721aff28093ebe?s=96&d=mm&r=g","contentUrl":"https:\/\/secure.gravatar.com\/avatar\/bfa9e85032faeaffeaaafd48c7c09ad8da852ff133d8361db8721aff28093ebe?s=96&d=mm&r=g","caption":"claudia"}}]}},"_links":{"self":[{"href":"https:\/\/www.ildammuso.com\/it\/wp-json\/wp\/v2\/posts\/19617","targetHints":{"allow":["GET"]}}],"collection":[{"href":"https:\/\/www.ildammuso.com\/it\/wp-json\/wp\/v2\/posts"}],"about":[{"href":"https:\/\/www.ildammuso.com\/it\/wp-json\/wp\/v2\/types\/post"}],"author":[{"embeddable":true,"href":"https:\/\/www.ildammuso.com\/it\/wp-json\/wp\/v2\/users\/3"}],"replies":[{"embeddable":true,"href":"https:\/\/www.ildammuso.com\/it\/wp-json\/wp\/v2\/comments?post=19617"}],"version-history":[{"count":1,"href":"https:\/\/www.ildammuso.com\/it\/wp-json\/wp\/v2\/posts\/19617\/revisions"}],"predecessor-version":[{"id":19620,"href":"https:\/\/www.ildammuso.com\/it\/wp-json\/wp\/v2\/posts\/19617\/revisions\/19620"}],"wp:featuredmedia":[{"embeddable":true,"href":"https:\/\/www.ildammuso.com\/it\/wp-json\/wp\/v2\/media\/19618"}],"wp:attachment":[{"href":"https:\/\/www.ildammuso.com\/it\/wp-json\/wp\/v2\/media?parent=19617"}],"wp:term":[{"taxonomy":"category","embeddable":true,"href":"https:\/\/www.ildammuso.com\/it\/wp-json\/wp\/v2\/categories?post=19617"},{"taxonomy":"post_tag","embeddable":true,"href":"https:\/\/www.ildammuso.com\/it\/wp-json\/wp\/v2\/tags?post=19617"}],"curies":[{"name":"wp","href":"https:\/\/api.w.org\/{rel}","templated":true}]}}