{"id":20363,"date":"2023-06-21T10:12:19","date_gmt":"2023-06-21T08:12:19","guid":{"rendered":"https:\/\/www.ildammuso.com\/?p=20363"},"modified":"2023-06-21T10:12:22","modified_gmt":"2023-06-21T08:12:22","slug":"pantelleria-e-la-sua-volta-celeste","status":"publish","type":"post","link":"https:\/\/www.ildammuso.com\/it\/pantelleria-e-la-sua-volta-celeste\/","title":{"rendered":"Pantelleria e la sua volta celeste"},"content":{"rendered":"\n<p>Ho scelto il <a href=\"https:\/\/www.ildammuso.com\/it\/il-dammuso-benimingallo-e\/\">Dammuso Benimingallo<\/a> perch\u00e9 ho visto una foto di alcune canne a formare un cerchio con un gran buco al centro e mi sono domandata se mai il sole sarebbe riuscito a centrare quel cerchio perfetto.<br>Siamo qui adesso e ancora non ho visto il miracolo compiersi.<br>Io e la mia bambina siamo troppo affaccendate nello stare dietro a quel che Pantelleria ci sta regalando: bagni di sole, bagni di mare, bagni di natura e \u201c<a href=\"https:\/\/www.ildammuso.com\/it\/la-grotta-di-benikula\/\">bagni asciutti<\/a>\u201d.<br><br>Quando ho portato la mia Giulia alla sauna naturale eravamo solo arrivati al frigidarium che lei, nei suoi fanatici dodici anni ha detto uno \u201cUAO\u201d che ha risuonato in tutta la vallata.<br>Le ho spiegato che questa non \u00e8 un\u2019isola chiassosa.<br>Piuttosto \u00e8 silente perch\u00e9 dovremmo essere noi ad ascoltarla, lei mi ha guardata di sbieco come si guardano certe madri che la sparano grossa.<br>Abbiamo fatto due saune da dieci minuti intervallate dal fresco che esalava dalla valle di Monastero e questa volta ho provato a parlare io ma lei mi ha stoppato con la sua manina e mi ha detto: \u201cSilenzio mamma, voglio sentire il rumore delle foglie degli alberi mosse dal vento\u201d.<br>A quel punto ho compreso che poche parole, anche se dette da una millennial certe volte fanno centro.<br><br>La sera tornate al nostro dammuso, che \u00e8 un nido, la versione pi\u00f9 elegante possibile e immaginabile per un bambino di quel che pu\u00f2 essere una piccola casa nel bosco.<br>La piccola\u00a0aveva una fame da lupo e mi ha detto: \u201cMamma, proprio come la lupa che viene a trovarci ogni mattina mentre facciamo colazione. Lei aspetta buona e silenziosa che le regaliamo qualcosa del nostro cibo e poi se lo sbafa come fosse la cosa pi\u00f9 buona del mondo\u201d.<br>Io ho riso perch\u00e9 la vedo felice e appagata e con quelle due gote rosse che manco lei fosse Heidi e io \u201cil vecchio dell\u2019alpe\u201d.<br><br>Poi le ho detto di andare al letto ma lei mi ha chiesto ancora una mezz\u2019ora di tempo.<br>L\u2019ho vista spostare la sdraio e mettersi proprio sotto il buco \u201cceleste\u201d, poi ne ha presa un&#8217;altra (attorcigliandosi nel tentativo di aprirle ma riuscendo a farlo manco fossero un cubo di Rubik) e poi, dopo qualche minuto che era seduta, mi ha detto: \u201cMamma, vieni qui accanto a me.<br>Magari non riusciremo a vedere il sole al centro esatto del cerchio ma questo quadro circolare di stelle sono certa che lo dimenticheremo mai\u201d.<br>Un attimo dopo dormiva gi\u00e0.<br><br>Foto di Giovanni Matta<\/p>\n","protected":false},"excerpt":{"rendered":"<p>Ho scelto il Dammuso Benimingallo perch\u00e9 ho visto una foto [&hellip;]<\/p>\n","protected":false},"author":3,"featured_media":20364,"comment_status":"closed","ping_status":"closed","sticky":false,"template":"","format":"standard","meta":{"_acf_changed":false,"footnotes":""},"categories":[715,716],"tags":[1044,1045,1046,1047,1048,1049,1050,1051,744,228,91],"class_list":["post-20363","post","type-post","status-publish","format-standard","has-post-thumbnail","hentry","category-dammusi-e-fantasia","category-dammusi-e-parole","tag-dammusobenimingallo","tag-stelle","tag-bagnoasciutto","tag-siba-2","tag-grotta","tag-sauna","tag-frigidarium","tag-naura","tag-cielo","tag-ildammuso","tag-pantelleria"],"acf":[],"yoast_head":"<!-- This site is optimized with the Yoast SEO plugin v27.4 - https:\/\/yoast.com\/product\/yoast-seo-wordpress\/ -->\n<title>Pantelleria e la sua volta celeste | Il Dammuso<\/title>\n<meta name=\"description\" content=\"&quot;Pantelleria e la sua volta celeste&quot;: leggi l&#039;articolo completo nel blog de Il Dammuso! Il Dammuso Benimingallo e il suo fantastico cannizzo\" \/>\n<meta name=\"robots\" content=\"index, follow, max-snippet:-1, max-image-preview:large, max-video-preview:-1\" \/>\n<link rel=\"canonical\" href=\"https:\/\/www.ildammuso.com\/it\/pantelleria-e-la-sua-volta-celeste\/\" \/>\n<meta property=\"og:locale\" content=\"it_IT\" \/>\n<meta property=\"og:type\" content=\"article\" \/>\n<meta property=\"og:title\" content=\"Pantelleria e la sua volta celeste | Il Dammuso\" \/>\n<meta property=\"og:description\" content=\"&quot;Pantelleria e la sua volta celeste&quot;: leggi l&#039;articolo completo nel blog de Il Dammuso! Il Dammuso Benimingallo e il suo fantastico cannizzo\" \/>\n<meta property=\"og:url\" content=\"https:\/\/www.ildammuso.com\/it\/pantelleria-e-la-sua-volta-celeste\/\" \/>\n<meta property=\"og:site_name\" content=\"Il Dammuso\" \/>\n<meta property=\"article:publisher\" content=\"https:\/\/www.facebook.com\/ildammusodipantelleria\/\" \/>\n<meta property=\"article:published_time\" content=\"2023-06-21T08:12:19+00:00\" \/>\n<meta property=\"article:modified_time\" content=\"2023-06-21T08:12:22+00:00\" \/>\n<meta property=\"og:image\" content=\"https:\/\/storage1254.cdn-immedia.net\/wp-content\/uploads\/2023\/06\/benimingallo1.jpeg\" \/>\n\t<meta property=\"og:image:width\" content=\"1280\" \/>\n\t<meta property=\"og:image:height\" content=\"853\" \/>\n\t<meta property=\"og:image:type\" content=\"image\/jpeg\" \/>\n<meta name=\"author\" content=\"claudia\" \/>\n<meta name=\"twitter:card\" content=\"summary_large_image\" \/>\n<meta name=\"twitter:label1\" content=\"Scritto da\" \/>\n\t<meta name=\"twitter:data1\" content=\"claudia\" \/>\n\t<meta name=\"twitter:label2\" content=\"Tempo di lettura stimato\" \/>\n\t<meta name=\"twitter:data2\" content=\"3 minuti\" \/>\n<script type=\"application\/ld+json\" class=\"yoast-schema-graph\">{\"@context\":\"https:\\\/\\\/schema.org\",\"@graph\":[{\"@type\":\"Article\",\"@id\":\"https:\\\/\\\/www.ildammuso.com\\\/it\\\/pantelleria-e-la-sua-volta-celeste\\\/#article\",\"isPartOf\":{\"@id\":\"https:\\\/\\\/www.ildammuso.com\\\/it\\\/pantelleria-e-la-sua-volta-celeste\\\/\"},\"author\":{\"name\":\"claudia\",\"@id\":\"https:\\\/\\\/www.ildammuso.com\\\/it\\\/#\\\/schema\\\/person\\\/a97bc2634c1ae772b6efbb07fef2b3a8\"},\"headline\":\"Pantelleria e la sua volta celeste\",\"datePublished\":\"2023-06-21T08:12:19+00:00\",\"dateModified\":\"2023-06-21T08:12:22+00:00\",\"mainEntityOfPage\":{\"@id\":\"https:\\\/\\\/www.ildammuso.com\\\/it\\\/pantelleria-e-la-sua-volta-celeste\\\/\"},\"wordCount\":425,\"publisher\":{\"@id\":\"https:\\\/\\\/www.ildammuso.com\\\/it\\\/#organization\"},\"image\":{\"@id\":\"https:\\\/\\\/www.ildammuso.com\\\/it\\\/pantelleria-e-la-sua-volta-celeste\\\/#primaryimage\"},\"thumbnailUrl\":\"https:\\\/\\\/www.ildammuso.com\\\/wp-content\\\/uploads\\\/2023\\\/06\\\/benimingallo1.jpeg\",\"keywords\":[\"dammusobenimingallo\",\"stelle\",\"bagnoasciutto\",\"sib\u00e0\",\"grotta\",\"sauna\",\"frigidarium\",\"naura\",\"cielo\",\"ildammuso\",\"pantelleria\"],\"articleSection\":[\"Dammusi e fantasia\",\"Dammusi e parole\"],\"inLanguage\":\"it-IT\"},{\"@type\":\"WebPage\",\"@id\":\"https:\\\/\\\/www.ildammuso.com\\\/it\\\/pantelleria-e-la-sua-volta-celeste\\\/\",\"url\":\"https:\\\/\\\/www.ildammuso.com\\\/it\\\/pantelleria-e-la-sua-volta-celeste\\\/\",\"name\":\"Pantelleria e la sua volta celeste | Il Dammuso\",\"isPartOf\":{\"@id\":\"https:\\\/\\\/www.ildammuso.com\\\/it\\\/#website\"},\"primaryImageOfPage\":{\"@id\":\"https:\\\/\\\/www.ildammuso.com\\\/it\\\/pantelleria-e-la-sua-volta-celeste\\\/#primaryimage\"},\"image\":{\"@id\":\"https:\\\/\\\/www.ildammuso.com\\\/it\\\/pantelleria-e-la-sua-volta-celeste\\\/#primaryimage\"},\"thumbnailUrl\":\"https:\\\/\\\/www.ildammuso.com\\\/wp-content\\\/uploads\\\/2023\\\/06\\\/benimingallo1.jpeg\",\"datePublished\":\"2023-06-21T08:12:19+00:00\",\"dateModified\":\"2023-06-21T08:12:22+00:00\",\"description\":\"\\\"Pantelleria e la sua volta celeste\\\": leggi l'articolo completo nel blog de Il Dammuso! Il Dammuso Benimingallo e il suo fantastico cannizzo\",\"breadcrumb\":{\"@id\":\"https:\\\/\\\/www.ildammuso.com\\\/it\\\/pantelleria-e-la-sua-volta-celeste\\\/#breadcrumb\"},\"inLanguage\":\"it-IT\",\"potentialAction\":[{\"@type\":\"ReadAction\",\"target\":[\"https:\\\/\\\/www.ildammuso.com\\\/it\\\/pantelleria-e-la-sua-volta-celeste\\\/\"]}]},{\"@type\":\"ImageObject\",\"inLanguage\":\"it-IT\",\"@id\":\"https:\\\/\\\/www.ildammuso.com\\\/it\\\/pantelleria-e-la-sua-volta-celeste\\\/#primaryimage\",\"url\":\"https:\\\/\\\/www.ildammuso.com\\\/wp-content\\\/uploads\\\/2023\\\/06\\\/benimingallo1.jpeg\",\"contentUrl\":\"https:\\\/\\\/www.ildammuso.com\\\/wp-content\\\/uploads\\\/2023\\\/06\\\/benimingallo1.jpeg\",\"width\":1280,\"height\":853},{\"@type\":\"BreadcrumbList\",\"@id\":\"https:\\\/\\\/www.ildammuso.com\\\/it\\\/pantelleria-e-la-sua-volta-celeste\\\/#breadcrumb\",\"itemListElement\":[{\"@type\":\"ListItem\",\"position\":1,\"name\":\"Home\",\"item\":\"https:\\\/\\\/www.ildammuso.com\\\/it\\\/\"},{\"@type\":\"ListItem\",\"position\":2,\"name\":\"&nbsp;\"}]},{\"@type\":\"WebSite\",\"@id\":\"https:\\\/\\\/www.ildammuso.com\\\/it\\\/#website\",\"url\":\"https:\\\/\\\/www.ildammuso.com\\\/it\\\/\",\"name\":\"Il Dammuso\",\"description\":\"Il tuo Dammuso a Pantelleria\",\"publisher\":{\"@id\":\"https:\\\/\\\/www.ildammuso.com\\\/it\\\/#organization\"},\"potentialAction\":[{\"@type\":\"SearchAction\",\"target\":{\"@type\":\"EntryPoint\",\"urlTemplate\":\"https:\\\/\\\/www.ildammuso.com\\\/it\\\/?s={search_term_string}\"},\"query-input\":{\"@type\":\"PropertyValueSpecification\",\"valueRequired\":true,\"valueName\":\"search_term_string\"}}],\"inLanguage\":\"it-IT\"},{\"@type\":\"Organization\",\"@id\":\"https:\\\/\\\/www.ildammuso.com\\\/it\\\/#organization\",\"name\":\"Il Dammuso\",\"url\":\"https:\\\/\\\/www.ildammuso.com\\\/it\\\/\",\"logo\":{\"@type\":\"ImageObject\",\"inLanguage\":\"it-IT\",\"@id\":\"https:\\\/\\\/www.ildammuso.com\\\/it\\\/#\\\/schema\\\/logo\\\/image\\\/\",\"url\":\"https:\\\/\\\/www.ildammuso.com\\\/wp-content\\\/uploads\\\/2022\\\/06\\\/logo-ildammuso.jpg\",\"contentUrl\":\"https:\\\/\\\/www.ildammuso.com\\\/wp-content\\\/uploads\\\/2022\\\/06\\\/logo-ildammuso.jpg\",\"width\":426,\"height\":395,\"caption\":\"Il Dammuso\"},\"image\":{\"@id\":\"https:\\\/\\\/www.ildammuso.com\\\/it\\\/#\\\/schema\\\/logo\\\/image\\\/\"},\"sameAs\":[\"https:\\\/\\\/www.facebook.com\\\/ildammusodipantelleria\\\/\",\"https:\\\/\\\/www.instagram.com\\\/ildammusogram\\\/\"]},{\"@type\":\"Person\",\"@id\":\"https:\\\/\\\/www.ildammuso.com\\\/it\\\/#\\\/schema\\\/person\\\/a97bc2634c1ae772b6efbb07fef2b3a8\",\"name\":\"claudia\",\"image\":{\"@type\":\"ImageObject\",\"inLanguage\":\"it-IT\",\"@id\":\"https:\\\/\\\/secure.gravatar.com\\\/avatar\\\/bfa9e85032faeaffeaaafd48c7c09ad8da852ff133d8361db8721aff28093ebe?s=96&d=mm&r=g\",\"url\":\"https:\\\/\\\/secure.gravatar.com\\\/avatar\\\/bfa9e85032faeaffeaaafd48c7c09ad8da852ff133d8361db8721aff28093ebe?s=96&d=mm&r=g\",\"contentUrl\":\"https:\\\/\\\/secure.gravatar.com\\\/avatar\\\/bfa9e85032faeaffeaaafd48c7c09ad8da852ff133d8361db8721aff28093ebe?s=96&d=mm&r=g\",\"caption\":\"claudia\"}}]}<\/script>\n<!-- \/ Yoast SEO plugin. -->","yoast_head_json":{"title":"Pantelleria e la sua volta celeste | Il Dammuso","description":"\"Pantelleria e la sua volta celeste\": leggi l'articolo completo nel blog de Il Dammuso! Il Dammuso Benimingallo e il suo fantastico cannizzo","robots":{"index":"index","follow":"follow","max-snippet":"max-snippet:-1","max-image-preview":"max-image-preview:large","max-video-preview":"max-video-preview:-1"},"canonical":"https:\/\/www.ildammuso.com\/it\/pantelleria-e-la-sua-volta-celeste\/","og_locale":"it_IT","og_type":"article","og_title":"Pantelleria e la sua volta celeste | Il Dammuso","og_description":"\"Pantelleria e la sua volta celeste\": leggi l'articolo completo nel blog de Il Dammuso! Il Dammuso Benimingallo e il suo fantastico cannizzo","og_url":"https:\/\/www.ildammuso.com\/it\/pantelleria-e-la-sua-volta-celeste\/","og_site_name":"Il Dammuso","article_publisher":"https:\/\/www.facebook.com\/ildammusodipantelleria\/","article_published_time":"2023-06-21T08:12:19+00:00","article_modified_time":"2023-06-21T08:12:22+00:00","og_image":[{"width":1280,"height":853,"url":"https:\/\/storage1254.cdn-immedia.net\/wp-content\/uploads\/2023\/06\/benimingallo1.jpeg","type":"image\/jpeg"}],"author":"claudia","twitter_card":"summary_large_image","twitter_misc":{"Scritto da":"claudia","Tempo di lettura stimato":"3 minuti"},"schema":{"@context":"https:\/\/schema.org","@graph":[{"@type":"Article","@id":"https:\/\/www.ildammuso.com\/it\/pantelleria-e-la-sua-volta-celeste\/#article","isPartOf":{"@id":"https:\/\/www.ildammuso.com\/it\/pantelleria-e-la-sua-volta-celeste\/"},"author":{"name":"claudia","@id":"https:\/\/www.ildammuso.com\/it\/#\/schema\/person\/a97bc2634c1ae772b6efbb07fef2b3a8"},"headline":"Pantelleria e la sua volta celeste","datePublished":"2023-06-21T08:12:19+00:00","dateModified":"2023-06-21T08:12:22+00:00","mainEntityOfPage":{"@id":"https:\/\/www.ildammuso.com\/it\/pantelleria-e-la-sua-volta-celeste\/"},"wordCount":425,"publisher":{"@id":"https:\/\/www.ildammuso.com\/it\/#organization"},"image":{"@id":"https:\/\/www.ildammuso.com\/it\/pantelleria-e-la-sua-volta-celeste\/#primaryimage"},"thumbnailUrl":"https:\/\/storage1254.cdn-immedia.net\/wp-content\/uploads\/2023\/06\/benimingallo1.jpeg","keywords":["dammusobenimingallo","stelle","bagnoasciutto","sib\u00e0","grotta","sauna","frigidarium","naura","cielo","ildammuso","pantelleria"],"articleSection":["Dammusi e fantasia","Dammusi e parole"],"inLanguage":"it-IT"},{"@type":"WebPage","@id":"https:\/\/www.ildammuso.com\/it\/pantelleria-e-la-sua-volta-celeste\/","url":"https:\/\/www.ildammuso.com\/it\/pantelleria-e-la-sua-volta-celeste\/","name":"Pantelleria e la sua volta celeste | Il Dammuso","isPartOf":{"@id":"https:\/\/www.ildammuso.com\/it\/#website"},"primaryImageOfPage":{"@id":"https:\/\/www.ildammuso.com\/it\/pantelleria-e-la-sua-volta-celeste\/#primaryimage"},"image":{"@id":"https:\/\/www.ildammuso.com\/it\/pantelleria-e-la-sua-volta-celeste\/#primaryimage"},"thumbnailUrl":"https:\/\/storage1254.cdn-immedia.net\/wp-content\/uploads\/2023\/06\/benimingallo1.jpeg","datePublished":"2023-06-21T08:12:19+00:00","dateModified":"2023-06-21T08:12:22+00:00","description":"\"Pantelleria e la sua volta celeste\": leggi l'articolo completo nel blog de Il Dammuso! Il Dammuso Benimingallo e il suo fantastico cannizzo","breadcrumb":{"@id":"https:\/\/www.ildammuso.com\/it\/pantelleria-e-la-sua-volta-celeste\/#breadcrumb"},"inLanguage":"it-IT","potentialAction":[{"@type":"ReadAction","target":["https:\/\/www.ildammuso.com\/it\/pantelleria-e-la-sua-volta-celeste\/"]}]},{"@type":"ImageObject","inLanguage":"it-IT","@id":"https:\/\/www.ildammuso.com\/it\/pantelleria-e-la-sua-volta-celeste\/#primaryimage","url":"https:\/\/storage1254.cdn-immedia.net\/wp-content\/uploads\/2023\/06\/benimingallo1.jpeg","contentUrl":"https:\/\/storage1254.cdn-immedia.net\/wp-content\/uploads\/2023\/06\/benimingallo1.jpeg","width":1280,"height":853},{"@type":"BreadcrumbList","@id":"https:\/\/www.ildammuso.com\/it\/pantelleria-e-la-sua-volta-celeste\/#breadcrumb","itemListElement":[{"@type":"ListItem","position":1,"name":"Home","item":"https:\/\/www.ildammuso.com\/it\/"},{"@type":"ListItem","position":2,"name":"&nbsp;"}]},{"@type":"WebSite","@id":"https:\/\/www.ildammuso.com\/it\/#website","url":"https:\/\/www.ildammuso.com\/it\/","name":"Il Dammuso","description":"Il tuo Dammuso a Pantelleria","publisher":{"@id":"https:\/\/www.ildammuso.com\/it\/#organization"},"potentialAction":[{"@type":"SearchAction","target":{"@type":"EntryPoint","urlTemplate":"https:\/\/www.ildammuso.com\/it\/?s={search_term_string}"},"query-input":{"@type":"PropertyValueSpecification","valueRequired":true,"valueName":"search_term_string"}}],"inLanguage":"it-IT"},{"@type":"Organization","@id":"https:\/\/www.ildammuso.com\/it\/#organization","name":"Il Dammuso","url":"https:\/\/www.ildammuso.com\/it\/","logo":{"@type":"ImageObject","inLanguage":"it-IT","@id":"https:\/\/www.ildammuso.com\/it\/#\/schema\/logo\/image\/","url":"https:\/\/storage1254.cdn-immedia.net\/wp-content\/uploads\/2022\/06\/logo-ildammuso.jpg","contentUrl":"https:\/\/storage1254.cdn-immedia.net\/wp-content\/uploads\/2022\/06\/logo-ildammuso.jpg","width":426,"height":395,"caption":"Il Dammuso"},"image":{"@id":"https:\/\/www.ildammuso.com\/it\/#\/schema\/logo\/image\/"},"sameAs":["https:\/\/www.facebook.com\/ildammusodipantelleria\/","https:\/\/www.instagram.com\/ildammusogram\/"]},{"@type":"Person","@id":"https:\/\/www.ildammuso.com\/it\/#\/schema\/person\/a97bc2634c1ae772b6efbb07fef2b3a8","name":"claudia","image":{"@type":"ImageObject","inLanguage":"it-IT","@id":"https:\/\/secure.gravatar.com\/avatar\/bfa9e85032faeaffeaaafd48c7c09ad8da852ff133d8361db8721aff28093ebe?s=96&d=mm&r=g","url":"https:\/\/secure.gravatar.com\/avatar\/bfa9e85032faeaffeaaafd48c7c09ad8da852ff133d8361db8721aff28093ebe?s=96&d=mm&r=g","contentUrl":"https:\/\/secure.gravatar.com\/avatar\/bfa9e85032faeaffeaaafd48c7c09ad8da852ff133d8361db8721aff28093ebe?s=96&d=mm&r=g","caption":"claudia"}}]}},"_links":{"self":[{"href":"https:\/\/www.ildammuso.com\/it\/wp-json\/wp\/v2\/posts\/20363","targetHints":{"allow":["GET"]}}],"collection":[{"href":"https:\/\/www.ildammuso.com\/it\/wp-json\/wp\/v2\/posts"}],"about":[{"href":"https:\/\/www.ildammuso.com\/it\/wp-json\/wp\/v2\/types\/post"}],"author":[{"embeddable":true,"href":"https:\/\/www.ildammuso.com\/it\/wp-json\/wp\/v2\/users\/3"}],"replies":[{"embeddable":true,"href":"https:\/\/www.ildammuso.com\/it\/wp-json\/wp\/v2\/comments?post=20363"}],"version-history":[{"count":1,"href":"https:\/\/www.ildammuso.com\/it\/wp-json\/wp\/v2\/posts\/20363\/revisions"}],"predecessor-version":[{"id":20366,"href":"https:\/\/www.ildammuso.com\/it\/wp-json\/wp\/v2\/posts\/20363\/revisions\/20366"}],"wp:featuredmedia":[{"embeddable":true,"href":"https:\/\/www.ildammuso.com\/it\/wp-json\/wp\/v2\/media\/20364"}],"wp:attachment":[{"href":"https:\/\/www.ildammuso.com\/it\/wp-json\/wp\/v2\/media?parent=20363"}],"wp:term":[{"taxonomy":"category","embeddable":true,"href":"https:\/\/www.ildammuso.com\/it\/wp-json\/wp\/v2\/categories?post=20363"},{"taxonomy":"post_tag","embeddable":true,"href":"https:\/\/www.ildammuso.com\/it\/wp-json\/wp\/v2\/tags?post=20363"}],"curies":[{"name":"wp","href":"https:\/\/api.w.org\/{rel}","templated":true}]}}