{"id":20822,"date":"2023-07-07T13:00:36","date_gmt":"2023-07-07T11:00:36","guid":{"rendered":"https:\/\/www.ildammuso.com\/?p=20822"},"modified":"2023-07-07T13:00:38","modified_gmt":"2023-07-07T11:00:38","slug":"le-fonti-bbuvire-di-pantelleria","status":"publish","type":"post","link":"https:\/\/www.ildammuso.com\/it\/le-fonti-bbuvire-di-pantelleria\/","title":{"rendered":"Le fonti &#8220;bbuvire&#8221; di Pantelleria"},"content":{"rendered":"\n<p><a href=\"http:\/\/www.parconazionalepantelleria.it\/pun-dettaglio.php?id=3252\">Cala Tramontana<\/a> \u00e8 tra I punti di mare pi\u00f9 noti dell\u2019isola di Pantelleria.<br>Un merito che divide con la sua antagonista Cala Levante.<br>Le due baie, infatti, sono tra i luoghi di mare pi\u00f9 frequentati dell\u2019isola perch\u00e9, qualsiasi vento spiri (soprattutto se proviene da sud o da nord), una delle due baie \u00e8 sempre balneabile.<br>Se a questo aggiungi che il mare \u00e8 anche incredibilmente bello, che sono entrambe in prossimit\u00e0 dell\u2019Arco dell\u2019Elefante e vicine di casa di <a href=\"https:\/\/www.ildammuso.com\/it\/pantelleria\/punta-spadillo\/\">Punta Spadilllo<\/a> nonch\u00e9 cugine intime del Laghetto delle Ondine e \u201cstep sisters\u201d di Cala Gadir, capisci che quello pu\u00f2 essere il luogo di partenza per una giornata da dedicare interamente al mare. Cala Tramontana, per\u00f2, ha un \u201cquid\u201d in pi\u00f9: ha una sua <a href=\"https:\/\/www.pantelleriainsieme.org\/portfolio\/adotta-una-buvira\/\">\u201cBbuvira\u201d<\/a>.<br>Cosa \u00e8 una Bbuvira?<br>Dall\u2019arabo \u201cbuir\u201d la parola significa FONTE, infatti a Cala Tramontana (nella discesa che porta alla riva, vicino alle barche dormienti) vi \u00e8 un pozzo di acqua con tanto di secchio e pompa manuale per la risalita dell\u2019acqua.<br>Queste fonti si creano per raccolta di acqua piovana mista a acqua che proviene dal mare che, custodita dal ventre caldo dell\u2019isola, esce tiepida e lievemente salmastra, poich\u00e9 l\u2019acqua \u201cdolce\u201d tende a restare pi\u00f9 in superficie rispetto a quella \u201csalata\u201d.<br>Le bbuvire, che si formavano naturalmente, venivano scavate in prossimit\u00e0 delle coste perch\u00e9 proprio l\u00ec avveniva la confluenza tra l\u2019acqua del cielo (o quella sorgiva) che lenta si infiltrava nella roccia e quella salina che, procedendo nel \u201ctessuto arterioso\u201d della pietra lavica, si faceva lentamente strada verso l\u2019interno fino al recipiente naturale.<br>Sembra che un tempo, questa isola da sempre assettata, nascondesse tanti di questi gioielli che, purtroppo non hanno resistito al tempo e alla mano invasiva dell\u2019uomo.<br>Di Bbuvire visitabili ma non utilizzabili, oltre quella di Cala Tramontana (restituita al mondo da un\u2019associazione di volontari nel 1988) ve ne sono di certo altre due, disgraziatamente, fuori uso.<br>Una lungo il sentiero di Cala Cottone e un\u2019altra ancora, fa bella mostra di s\u00e9, ma non \u00e8 in uso a Cala Gadir.<\/p>\n\n\n\n<p>Al momento, il piacere di una pioggia di acqua tiepida che cala da un secchio di alluminio lo potrete provare soltanto a Cala Tramontana, regalandovi ai fine giornata un momento di ristoro che sa di antico e benefico al contempo.<\/p>\n","protected":false},"excerpt":{"rendered":"<p>Cala Tramontana \u00e8 tra I punti di mare pi\u00f9 noti [&hellip;]<\/p>\n","protected":false},"author":3,"featured_media":20825,"comment_status":"closed","ping_status":"closed","sticky":false,"template":"","format":"standard","meta":{"_acf_changed":false,"footnotes":""},"categories":[446],"tags":[1072,1073,1074,1075,1076,1077,929,228,91],"class_list":["post-20822","post","type-post","status-publish","format-standard","has-post-thumbnail","hentry","category-pantelleria-lisola","tag-bbuvire","tag-calalevante","tag-calatramontana","tag-geosito","tag-vulcano-lava","tag-sorgente","tag-archeologia","tag-ildammuso","tag-pantelleria"],"acf":[],"yoast_head":"<!-- This site is optimized with the Yoast SEO plugin v27.5 - https:\/\/yoast.com\/product\/yoast-seo-wordpress\/ -->\n<title>Le fonti &quot;bbuvire&quot; di Pantelleria | Il Dammuso<\/title>\n<meta name=\"description\" content=\"&quot;Le fonti bbuvire di Pantelleria&quot;: leggi l&#039;articolo completo nel blog de Il Dammuso! Una doccia salmastra tutta al naturale\" \/>\n<meta name=\"robots\" content=\"index, follow, max-snippet:-1, max-image-preview:large, max-video-preview:-1\" \/>\n<link rel=\"canonical\" href=\"https:\/\/www.ildammuso.com\/it\/le-fonti-bbuvire-di-pantelleria\/\" \/>\n<meta property=\"og:locale\" content=\"it_IT\" \/>\n<meta property=\"og:type\" content=\"article\" \/>\n<meta property=\"og:title\" content=\"Le fonti &quot;bbuvire&quot; di Pantelleria | Il Dammuso\" \/>\n<meta property=\"og:description\" content=\"&quot;Le fonti bbuvire di Pantelleria&quot;: leggi l&#039;articolo completo nel blog de Il Dammuso! Una doccia salmastra tutta al naturale\" \/>\n<meta property=\"og:url\" content=\"https:\/\/www.ildammuso.com\/it\/le-fonti-bbuvire-di-pantelleria\/\" \/>\n<meta property=\"og:site_name\" content=\"Il Dammuso\" \/>\n<meta property=\"article:publisher\" content=\"https:\/\/www.facebook.com\/ildammusodipantelleria\/\" \/>\n<meta property=\"article:published_time\" content=\"2023-07-07T11:00:36+00:00\" \/>\n<meta property=\"article:modified_time\" content=\"2023-07-07T11:00:38+00:00\" \/>\n<meta property=\"og:image\" content=\"https:\/\/storage1254.cdn-immedia.net\/wp-content\/uploads\/2023\/07\/buvira-cala-tramontana.jpg\" \/>\n\t<meta property=\"og:image:width\" content=\"2304\" \/>\n\t<meta property=\"og:image:height\" content=\"1536\" \/>\n\t<meta property=\"og:image:type\" content=\"image\/jpeg\" \/>\n<meta name=\"author\" content=\"claudia\" \/>\n<meta name=\"twitter:card\" content=\"summary_large_image\" \/>\n<meta name=\"twitter:label1\" content=\"Scritto da\" \/>\n\t<meta name=\"twitter:data1\" content=\"claudia\" \/>\n\t<meta name=\"twitter:label2\" content=\"Tempo di lettura stimato\" \/>\n\t<meta name=\"twitter:data2\" content=\"2 minuti\" \/>\n<script type=\"application\/ld+json\" class=\"yoast-schema-graph\">{\"@context\":\"https:\\\/\\\/schema.org\",\"@graph\":[{\"@type\":\"Article\",\"@id\":\"https:\\\/\\\/www.ildammuso.com\\\/it\\\/le-fonti-bbuvire-di-pantelleria\\\/#article\",\"isPartOf\":{\"@id\":\"https:\\\/\\\/www.ildammuso.com\\\/it\\\/le-fonti-bbuvire-di-pantelleria\\\/\"},\"author\":{\"name\":\"claudia\",\"@id\":\"https:\\\/\\\/www.ildammuso.com\\\/it\\\/#\\\/schema\\\/person\\\/a97bc2634c1ae772b6efbb07fef2b3a8\"},\"headline\":\"Le fonti &#8220;bbuvire&#8221; di Pantelleria\",\"datePublished\":\"2023-07-07T11:00:36+00:00\",\"dateModified\":\"2023-07-07T11:00:38+00:00\",\"mainEntityOfPage\":{\"@id\":\"https:\\\/\\\/www.ildammuso.com\\\/it\\\/le-fonti-bbuvire-di-pantelleria\\\/\"},\"wordCount\":385,\"publisher\":{\"@id\":\"https:\\\/\\\/www.ildammuso.com\\\/it\\\/#organization\"},\"image\":{\"@id\":\"https:\\\/\\\/www.ildammuso.com\\\/it\\\/le-fonti-bbuvire-di-pantelleria\\\/#primaryimage\"},\"thumbnailUrl\":\"https:\\\/\\\/www.ildammuso.com\\\/wp-content\\\/uploads\\\/2023\\\/07\\\/buvira-cala-tramontana.jpg\",\"keywords\":[\"bbuvire\",\"calalevante\",\"calatramontana\",\"geosito\",\"vulcano lava\",\"sorgente\",\"archeologia\",\"ildammuso\",\"pantelleria\"],\"articleSection\":[\"Pantelleria, l'isola\"],\"inLanguage\":\"it-IT\"},{\"@type\":\"WebPage\",\"@id\":\"https:\\\/\\\/www.ildammuso.com\\\/it\\\/le-fonti-bbuvire-di-pantelleria\\\/\",\"url\":\"https:\\\/\\\/www.ildammuso.com\\\/it\\\/le-fonti-bbuvire-di-pantelleria\\\/\",\"name\":\"Le fonti \\\"bbuvire\\\" di Pantelleria | Il Dammuso\",\"isPartOf\":{\"@id\":\"https:\\\/\\\/www.ildammuso.com\\\/it\\\/#website\"},\"primaryImageOfPage\":{\"@id\":\"https:\\\/\\\/www.ildammuso.com\\\/it\\\/le-fonti-bbuvire-di-pantelleria\\\/#primaryimage\"},\"image\":{\"@id\":\"https:\\\/\\\/www.ildammuso.com\\\/it\\\/le-fonti-bbuvire-di-pantelleria\\\/#primaryimage\"},\"thumbnailUrl\":\"https:\\\/\\\/www.ildammuso.com\\\/wp-content\\\/uploads\\\/2023\\\/07\\\/buvira-cala-tramontana.jpg\",\"datePublished\":\"2023-07-07T11:00:36+00:00\",\"dateModified\":\"2023-07-07T11:00:38+00:00\",\"description\":\"\\\"Le fonti bbuvire di Pantelleria\\\": leggi l'articolo completo nel blog de Il Dammuso! Una doccia salmastra tutta al naturale\",\"breadcrumb\":{\"@id\":\"https:\\\/\\\/www.ildammuso.com\\\/it\\\/le-fonti-bbuvire-di-pantelleria\\\/#breadcrumb\"},\"inLanguage\":\"it-IT\",\"potentialAction\":[{\"@type\":\"ReadAction\",\"target\":[\"https:\\\/\\\/www.ildammuso.com\\\/it\\\/le-fonti-bbuvire-di-pantelleria\\\/\"]}]},{\"@type\":\"ImageObject\",\"inLanguage\":\"it-IT\",\"@id\":\"https:\\\/\\\/www.ildammuso.com\\\/it\\\/le-fonti-bbuvire-di-pantelleria\\\/#primaryimage\",\"url\":\"https:\\\/\\\/www.ildammuso.com\\\/wp-content\\\/uploads\\\/2023\\\/07\\\/buvira-cala-tramontana.jpg\",\"contentUrl\":\"https:\\\/\\\/www.ildammuso.com\\\/wp-content\\\/uploads\\\/2023\\\/07\\\/buvira-cala-tramontana.jpg\",\"width\":2304,\"height\":1536,\"caption\":\"cala tramontana a maggio\"},{\"@type\":\"BreadcrumbList\",\"@id\":\"https:\\\/\\\/www.ildammuso.com\\\/it\\\/le-fonti-bbuvire-di-pantelleria\\\/#breadcrumb\",\"itemListElement\":[{\"@type\":\"ListItem\",\"position\":1,\"name\":\"Home\",\"item\":\"https:\\\/\\\/www.ildammuso.com\\\/it\\\/\"},{\"@type\":\"ListItem\",\"position\":2,\"name\":\"&nbsp;\"}]},{\"@type\":\"WebSite\",\"@id\":\"https:\\\/\\\/www.ildammuso.com\\\/it\\\/#website\",\"url\":\"https:\\\/\\\/www.ildammuso.com\\\/it\\\/\",\"name\":\"Il Dammuso\",\"description\":\"Il tuo Dammuso a Pantelleria\",\"publisher\":{\"@id\":\"https:\\\/\\\/www.ildammuso.com\\\/it\\\/#organization\"},\"potentialAction\":[{\"@type\":\"SearchAction\",\"target\":{\"@type\":\"EntryPoint\",\"urlTemplate\":\"https:\\\/\\\/www.ildammuso.com\\\/it\\\/?s={search_term_string}\"},\"query-input\":{\"@type\":\"PropertyValueSpecification\",\"valueRequired\":true,\"valueName\":\"search_term_string\"}}],\"inLanguage\":\"it-IT\"},{\"@type\":\"Organization\",\"@id\":\"https:\\\/\\\/www.ildammuso.com\\\/it\\\/#organization\",\"name\":\"Il Dammuso\",\"url\":\"https:\\\/\\\/www.ildammuso.com\\\/it\\\/\",\"logo\":{\"@type\":\"ImageObject\",\"inLanguage\":\"it-IT\",\"@id\":\"https:\\\/\\\/www.ildammuso.com\\\/it\\\/#\\\/schema\\\/logo\\\/image\\\/\",\"url\":\"https:\\\/\\\/www.ildammuso.com\\\/wp-content\\\/uploads\\\/2022\\\/06\\\/logo-ildammuso.jpg\",\"contentUrl\":\"https:\\\/\\\/www.ildammuso.com\\\/wp-content\\\/uploads\\\/2022\\\/06\\\/logo-ildammuso.jpg\",\"width\":426,\"height\":395,\"caption\":\"Il Dammuso\"},\"image\":{\"@id\":\"https:\\\/\\\/www.ildammuso.com\\\/it\\\/#\\\/schema\\\/logo\\\/image\\\/\"},\"sameAs\":[\"https:\\\/\\\/www.facebook.com\\\/ildammusodipantelleria\\\/\",\"https:\\\/\\\/www.instagram.com\\\/ildammusogram\\\/\"]},{\"@type\":\"Person\",\"@id\":\"https:\\\/\\\/www.ildammuso.com\\\/it\\\/#\\\/schema\\\/person\\\/a97bc2634c1ae772b6efbb07fef2b3a8\",\"name\":\"claudia\",\"image\":{\"@type\":\"ImageObject\",\"inLanguage\":\"it-IT\",\"@id\":\"https:\\\/\\\/secure.gravatar.com\\\/avatar\\\/bfa9e85032faeaffeaaafd48c7c09ad8da852ff133d8361db8721aff28093ebe?s=96&d=mm&r=g\",\"url\":\"https:\\\/\\\/secure.gravatar.com\\\/avatar\\\/bfa9e85032faeaffeaaafd48c7c09ad8da852ff133d8361db8721aff28093ebe?s=96&d=mm&r=g\",\"contentUrl\":\"https:\\\/\\\/secure.gravatar.com\\\/avatar\\\/bfa9e85032faeaffeaaafd48c7c09ad8da852ff133d8361db8721aff28093ebe?s=96&d=mm&r=g\",\"caption\":\"claudia\"}}]}<\/script>\n<!-- \/ Yoast SEO plugin. -->","yoast_head_json":{"title":"Le fonti \"bbuvire\" di Pantelleria | Il Dammuso","description":"\"Le fonti bbuvire di Pantelleria\": leggi l'articolo completo nel blog de Il Dammuso! Una doccia salmastra tutta al naturale","robots":{"index":"index","follow":"follow","max-snippet":"max-snippet:-1","max-image-preview":"max-image-preview:large","max-video-preview":"max-video-preview:-1"},"canonical":"https:\/\/www.ildammuso.com\/it\/le-fonti-bbuvire-di-pantelleria\/","og_locale":"it_IT","og_type":"article","og_title":"Le fonti \"bbuvire\" di Pantelleria | Il Dammuso","og_description":"\"Le fonti bbuvire di Pantelleria\": leggi l'articolo completo nel blog de Il Dammuso! Una doccia salmastra tutta al naturale","og_url":"https:\/\/www.ildammuso.com\/it\/le-fonti-bbuvire-di-pantelleria\/","og_site_name":"Il Dammuso","article_publisher":"https:\/\/www.facebook.com\/ildammusodipantelleria\/","article_published_time":"2023-07-07T11:00:36+00:00","article_modified_time":"2023-07-07T11:00:38+00:00","og_image":[{"width":2304,"height":1536,"url":"https:\/\/storage1254.cdn-immedia.net\/wp-content\/uploads\/2023\/07\/buvira-cala-tramontana.jpg","type":"image\/jpeg"}],"author":"claudia","twitter_card":"summary_large_image","twitter_misc":{"Scritto da":"claudia","Tempo di lettura stimato":"2 minuti"},"schema":{"@context":"https:\/\/schema.org","@graph":[{"@type":"Article","@id":"https:\/\/www.ildammuso.com\/it\/le-fonti-bbuvire-di-pantelleria\/#article","isPartOf":{"@id":"https:\/\/www.ildammuso.com\/it\/le-fonti-bbuvire-di-pantelleria\/"},"author":{"name":"claudia","@id":"https:\/\/www.ildammuso.com\/it\/#\/schema\/person\/a97bc2634c1ae772b6efbb07fef2b3a8"},"headline":"Le fonti &#8220;bbuvire&#8221; di Pantelleria","datePublished":"2023-07-07T11:00:36+00:00","dateModified":"2023-07-07T11:00:38+00:00","mainEntityOfPage":{"@id":"https:\/\/www.ildammuso.com\/it\/le-fonti-bbuvire-di-pantelleria\/"},"wordCount":385,"publisher":{"@id":"https:\/\/www.ildammuso.com\/it\/#organization"},"image":{"@id":"https:\/\/www.ildammuso.com\/it\/le-fonti-bbuvire-di-pantelleria\/#primaryimage"},"thumbnailUrl":"https:\/\/storage1254.cdn-immedia.net\/wp-content\/uploads\/2023\/07\/buvira-cala-tramontana.jpg","keywords":["bbuvire","calalevante","calatramontana","geosito","vulcano lava","sorgente","archeologia","ildammuso","pantelleria"],"articleSection":["Pantelleria, l'isola"],"inLanguage":"it-IT"},{"@type":"WebPage","@id":"https:\/\/www.ildammuso.com\/it\/le-fonti-bbuvire-di-pantelleria\/","url":"https:\/\/www.ildammuso.com\/it\/le-fonti-bbuvire-di-pantelleria\/","name":"Le fonti \"bbuvire\" di Pantelleria | Il Dammuso","isPartOf":{"@id":"https:\/\/www.ildammuso.com\/it\/#website"},"primaryImageOfPage":{"@id":"https:\/\/www.ildammuso.com\/it\/le-fonti-bbuvire-di-pantelleria\/#primaryimage"},"image":{"@id":"https:\/\/www.ildammuso.com\/it\/le-fonti-bbuvire-di-pantelleria\/#primaryimage"},"thumbnailUrl":"https:\/\/storage1254.cdn-immedia.net\/wp-content\/uploads\/2023\/07\/buvira-cala-tramontana.jpg","datePublished":"2023-07-07T11:00:36+00:00","dateModified":"2023-07-07T11:00:38+00:00","description":"\"Le fonti bbuvire di Pantelleria\": leggi l'articolo completo nel blog de Il Dammuso! Una doccia salmastra tutta al naturale","breadcrumb":{"@id":"https:\/\/www.ildammuso.com\/it\/le-fonti-bbuvire-di-pantelleria\/#breadcrumb"},"inLanguage":"it-IT","potentialAction":[{"@type":"ReadAction","target":["https:\/\/www.ildammuso.com\/it\/le-fonti-bbuvire-di-pantelleria\/"]}]},{"@type":"ImageObject","inLanguage":"it-IT","@id":"https:\/\/www.ildammuso.com\/it\/le-fonti-bbuvire-di-pantelleria\/#primaryimage","url":"https:\/\/storage1254.cdn-immedia.net\/wp-content\/uploads\/2023\/07\/buvira-cala-tramontana.jpg","contentUrl":"https:\/\/storage1254.cdn-immedia.net\/wp-content\/uploads\/2023\/07\/buvira-cala-tramontana.jpg","width":2304,"height":1536,"caption":"cala tramontana a maggio"},{"@type":"BreadcrumbList","@id":"https:\/\/www.ildammuso.com\/it\/le-fonti-bbuvire-di-pantelleria\/#breadcrumb","itemListElement":[{"@type":"ListItem","position":1,"name":"Home","item":"https:\/\/www.ildammuso.com\/it\/"},{"@type":"ListItem","position":2,"name":"&nbsp;"}]},{"@type":"WebSite","@id":"https:\/\/www.ildammuso.com\/it\/#website","url":"https:\/\/www.ildammuso.com\/it\/","name":"Il Dammuso","description":"Il tuo Dammuso a Pantelleria","publisher":{"@id":"https:\/\/www.ildammuso.com\/it\/#organization"},"potentialAction":[{"@type":"SearchAction","target":{"@type":"EntryPoint","urlTemplate":"https:\/\/www.ildammuso.com\/it\/?s={search_term_string}"},"query-input":{"@type":"PropertyValueSpecification","valueRequired":true,"valueName":"search_term_string"}}],"inLanguage":"it-IT"},{"@type":"Organization","@id":"https:\/\/www.ildammuso.com\/it\/#organization","name":"Il Dammuso","url":"https:\/\/www.ildammuso.com\/it\/","logo":{"@type":"ImageObject","inLanguage":"it-IT","@id":"https:\/\/www.ildammuso.com\/it\/#\/schema\/logo\/image\/","url":"https:\/\/storage1254.cdn-immedia.net\/wp-content\/uploads\/2022\/06\/logo-ildammuso.jpg","contentUrl":"https:\/\/storage1254.cdn-immedia.net\/wp-content\/uploads\/2022\/06\/logo-ildammuso.jpg","width":426,"height":395,"caption":"Il Dammuso"},"image":{"@id":"https:\/\/www.ildammuso.com\/it\/#\/schema\/logo\/image\/"},"sameAs":["https:\/\/www.facebook.com\/ildammusodipantelleria\/","https:\/\/www.instagram.com\/ildammusogram\/"]},{"@type":"Person","@id":"https:\/\/www.ildammuso.com\/it\/#\/schema\/person\/a97bc2634c1ae772b6efbb07fef2b3a8","name":"claudia","image":{"@type":"ImageObject","inLanguage":"it-IT","@id":"https:\/\/secure.gravatar.com\/avatar\/bfa9e85032faeaffeaaafd48c7c09ad8da852ff133d8361db8721aff28093ebe?s=96&d=mm&r=g","url":"https:\/\/secure.gravatar.com\/avatar\/bfa9e85032faeaffeaaafd48c7c09ad8da852ff133d8361db8721aff28093ebe?s=96&d=mm&r=g","contentUrl":"https:\/\/secure.gravatar.com\/avatar\/bfa9e85032faeaffeaaafd48c7c09ad8da852ff133d8361db8721aff28093ebe?s=96&d=mm&r=g","caption":"claudia"}}]}},"_links":{"self":[{"href":"https:\/\/www.ildammuso.com\/it\/wp-json\/wp\/v2\/posts\/20822","targetHints":{"allow":["GET"]}}],"collection":[{"href":"https:\/\/www.ildammuso.com\/it\/wp-json\/wp\/v2\/posts"}],"about":[{"href":"https:\/\/www.ildammuso.com\/it\/wp-json\/wp\/v2\/types\/post"}],"author":[{"embeddable":true,"href":"https:\/\/www.ildammuso.com\/it\/wp-json\/wp\/v2\/users\/3"}],"replies":[{"embeddable":true,"href":"https:\/\/www.ildammuso.com\/it\/wp-json\/wp\/v2\/comments?post=20822"}],"version-history":[{"count":1,"href":"https:\/\/www.ildammuso.com\/it\/wp-json\/wp\/v2\/posts\/20822\/revisions"}],"predecessor-version":[{"id":20827,"href":"https:\/\/www.ildammuso.com\/it\/wp-json\/wp\/v2\/posts\/20822\/revisions\/20827"}],"wp:featuredmedia":[{"embeddable":true,"href":"https:\/\/www.ildammuso.com\/it\/wp-json\/wp\/v2\/media\/20825"}],"wp:attachment":[{"href":"https:\/\/www.ildammuso.com\/it\/wp-json\/wp\/v2\/media?parent=20822"}],"wp:term":[{"taxonomy":"category","embeddable":true,"href":"https:\/\/www.ildammuso.com\/it\/wp-json\/wp\/v2\/categories?post=20822"},{"taxonomy":"post_tag","embeddable":true,"href":"https:\/\/www.ildammuso.com\/it\/wp-json\/wp\/v2\/tags?post=20822"}],"curies":[{"name":"wp","href":"https:\/\/api.w.org\/{rel}","templated":true}]}}