{"id":22062,"date":"2023-08-27T10:21:49","date_gmt":"2023-08-27T08:21:49","guid":{"rendered":"https:\/\/www.ildammuso.com\/?p=22062"},"modified":"2023-08-27T10:21:51","modified_gmt":"2023-08-27T08:21:51","slug":"pantelleria-e-il-relitto-di-cala-levante","status":"publish","type":"post","link":"https:\/\/www.ildammuso.com\/it\/pantelleria-e-il-relitto-di-cala-levante\/","title":{"rendered":"Pantelleria e il relitto di Cala Levante"},"content":{"rendered":"\n<p>Agosto e maestrale inducono i meno ardimentosi a \u201cspiaggiarsi\u201d in massa a <a href=\"https:\/\/www.ildammuso.com\/it\/cala-levante-e-larco-dellelefante\/\">Cala Levante<\/a>.<br>Tra questi qualche mattina fa c\u2019ero anche io.<br>Se nella norma a Pantelleria devi camminare tra scogli appuntiti, nella fattispecie l\u2019impresa di non calpestare la gente sdraiata aveva parametri di difficolt\u00e0 quasi pari.<br><br>Trovato circa un metro quadro dove stendere il telo ho immediatamente preferito il mare alla terra ferma.<br>Scansati con prudenza asciugamani, sassi \u201cferma teli\u201d, unicorni volanti, vele da surf, un numero imprecisato di subacquei in assetto da immersione alla scoperta dei resti del Titanic e un intero squadrone di madri con bimbi al seguito che intasavano la scaletta di accesso al mare, finalmente sono entrata in acqua.<br><br>Prima sorpresa, era fresca.<br>Il che mi ha ridato quel poco di lucidit\u00e0 perduta in quell\u2019 \u201condosa marea\u201d di esseri umani (tra cui anche io) muniti chi di maschere, chi di granite, chi di ombrelloni sprovvisti di punti di appoggio e pertanto pericolosamente volanti.<br><\/p>\n\n\n\n<p>Seconda sorpresa: avendo deciso di allontanarmi dalla \u201cpazza folla\u201d ho cominciato ad allontanarmi dalla costa e a circa sette metri ho incontrato i sub che galleggiavano tra la folla di bagnanti.<br>Cosa facevano l\u00ec fermi?<br>Domanda senza risposta.<br><br>Terza sorpresa: una bracciata dopo l\u2019altra mi sono imbattuta nei resti della <a href=\"https:\/\/www.youtube.com\/watch?v=rGCFPL2N5Co\">Nave Minerva<\/a>.<br>gaudio, gioia, sorpresa.<br>La nave Minerva, che trasportava cotone da una imprecisata zona dell\u2019Africa nei primi anni ottanta naufrag\u00f2 in quel tratto di mare, dove rimase incagliata per molti anni.<br>All\u2019inizio fu depredata di tutto il cotone che aveva a bordo, nel tempo divent\u00f2 una specie di acqua park per i coraggiosi ragazzi dell\u2019isola che vi serpeggiavano attorno.<br>Esplorazioni, prove di coraggio, tuffi.<br>Attrazione appena macabra ma ben sfruttata dai pi\u00f9 giovani.<br>Col tempo, per\u00f2, il cotone cominci\u00f2 a marcire e da questo esalava un odore insopportabile che rese la cala praticamente non pi\u00f9 balneabile.<br>Solo dopo molti anni rimossero il grosso di ci\u00f2 che rimaneva in vista.<br>Ma ancora oggi, sul fondale, se vi allontanate di una cinquantina di metri dalla baia potrete osservare tanti resti e per un lunghissimo tratto di mare.<br>Qualcuno giudicher\u00e0 la visione inquietante, io ho battuto palmo a palmo la zona fin dove ho potuto<br>cercando di capire quale fosse la provenienza di quelle lamiere contorte o di certi lunghi e dritti pali di legno.<br><br>Una piccola avventura e un pezzo di storia, questo \u00e8 quello che pu\u00f2 regalarti Pantelleria anche in giornate che sembrano cominciare non proprio benissimo.<\/p>\n","protected":false},"excerpt":{"rendered":"<p>Agosto e maestrale inducono i meno ardimentosi a \u201cspiaggiarsi\u201d in [&hellip;]<\/p>\n","protected":false},"author":3,"featured_media":22063,"comment_status":"closed","ping_status":"closed","sticky":false,"template":"","format":"standard","meta":{"_acf_changed":false,"footnotes":""},"categories":[446],"tags":[1154,1155,1156,1157,1074,228,233,91,232],"class_list":["post-22062","post","type-post","status-publish","format-standard","has-post-thumbnail","hentry","category-pantelleria-lisola","tag-calallevante","tag-relitto","tag-minerva","tag-cotone","tag-calatramontana","tag-ildammuso","tag-maestrale","tag-pantelleria","tag-venti"],"acf":[],"yoast_head":"<!-- This site is optimized with the Yoast SEO plugin v27.4 - https:\/\/yoast.com\/product\/yoast-seo-wordpress\/ -->\n<title>Pantelleria e il relitto di Cala Levante | Il Dammuso<\/title>\n<meta name=\"description\" content=\"&quot;Pantelleria e il relitto di Cala Levante&quot;: leggi l&#039;articolo completo nel blog de Il Dammuso!\" \/>\n<meta name=\"robots\" content=\"index, follow, max-snippet:-1, max-image-preview:large, max-video-preview:-1\" \/>\n<link rel=\"canonical\" href=\"https:\/\/www.ildammuso.com\/it\/pantelleria-e-il-relitto-di-cala-levante\/\" \/>\n<meta property=\"og:locale\" content=\"it_IT\" \/>\n<meta property=\"og:type\" content=\"article\" \/>\n<meta property=\"og:title\" content=\"Pantelleria e il relitto di Cala Levante | Il Dammuso\" \/>\n<meta property=\"og:description\" content=\"&quot;Pantelleria e il relitto di Cala Levante&quot;: leggi l&#039;articolo completo nel blog de Il Dammuso!\" \/>\n<meta property=\"og:url\" content=\"https:\/\/www.ildammuso.com\/it\/pantelleria-e-il-relitto-di-cala-levante\/\" \/>\n<meta property=\"og:site_name\" content=\"Il Dammuso\" \/>\n<meta property=\"article:publisher\" content=\"https:\/\/www.facebook.com\/ildammusodipantelleria\/\" \/>\n<meta property=\"article:published_time\" content=\"2023-08-27T08:21:49+00:00\" \/>\n<meta property=\"article:modified_time\" content=\"2023-08-27T08:21:51+00:00\" \/>\n<meta property=\"og:image\" content=\"https:\/\/storage1254.cdn-immedia.net\/wp-content\/uploads\/2023\/08\/calalevante-scaled.jpg\" \/>\n\t<meta property=\"og:image:width\" content=\"2331\" \/>\n\t<meta property=\"og:image:height\" content=\"2560\" \/>\n\t<meta property=\"og:image:type\" content=\"image\/jpeg\" \/>\n<meta name=\"author\" content=\"claudia\" \/>\n<meta name=\"twitter:card\" content=\"summary_large_image\" \/>\n<meta name=\"twitter:label1\" content=\"Scritto da\" \/>\n\t<meta name=\"twitter:data1\" content=\"claudia\" \/>\n\t<meta name=\"twitter:label2\" content=\"Tempo di lettura stimato\" \/>\n\t<meta name=\"twitter:data2\" content=\"3 minuti\" \/>\n<script type=\"application\/ld+json\" class=\"yoast-schema-graph\">{\"@context\":\"https:\\\/\\\/schema.org\",\"@graph\":[{\"@type\":\"Article\",\"@id\":\"https:\\\/\\\/www.ildammuso.com\\\/it\\\/pantelleria-e-il-relitto-di-cala-levante\\\/#article\",\"isPartOf\":{\"@id\":\"https:\\\/\\\/www.ildammuso.com\\\/it\\\/pantelleria-e-il-relitto-di-cala-levante\\\/\"},\"author\":{\"name\":\"claudia\",\"@id\":\"https:\\\/\\\/www.ildammuso.com\\\/it\\\/#\\\/schema\\\/person\\\/a97bc2634c1ae772b6efbb07fef2b3a8\"},\"headline\":\"Pantelleria e il relitto di Cala Levante\",\"datePublished\":\"2023-08-27T08:21:49+00:00\",\"dateModified\":\"2023-08-27T08:21:51+00:00\",\"mainEntityOfPage\":{\"@id\":\"https:\\\/\\\/www.ildammuso.com\\\/it\\\/pantelleria-e-il-relitto-di-cala-levante\\\/\"},\"wordCount\":416,\"publisher\":{\"@id\":\"https:\\\/\\\/www.ildammuso.com\\\/it\\\/#organization\"},\"image\":{\"@id\":\"https:\\\/\\\/www.ildammuso.com\\\/it\\\/pantelleria-e-il-relitto-di-cala-levante\\\/#primaryimage\"},\"thumbnailUrl\":\"https:\\\/\\\/www.ildammuso.com\\\/wp-content\\\/uploads\\\/2023\\\/08\\\/calalevante-scaled.jpg\",\"keywords\":[\"calallevante\",\"relitto\",\"minerva\",\"cotone\",\"calatramontana\",\"ildammuso\",\"maestrale\",\"pantelleria\",\"venti\"],\"articleSection\":[\"Pantelleria, l'isola\"],\"inLanguage\":\"it-IT\"},{\"@type\":\"WebPage\",\"@id\":\"https:\\\/\\\/www.ildammuso.com\\\/it\\\/pantelleria-e-il-relitto-di-cala-levante\\\/\",\"url\":\"https:\\\/\\\/www.ildammuso.com\\\/it\\\/pantelleria-e-il-relitto-di-cala-levante\\\/\",\"name\":\"Pantelleria e il relitto di Cala Levante | Il Dammuso\",\"isPartOf\":{\"@id\":\"https:\\\/\\\/www.ildammuso.com\\\/it\\\/#website\"},\"primaryImageOfPage\":{\"@id\":\"https:\\\/\\\/www.ildammuso.com\\\/it\\\/pantelleria-e-il-relitto-di-cala-levante\\\/#primaryimage\"},\"image\":{\"@id\":\"https:\\\/\\\/www.ildammuso.com\\\/it\\\/pantelleria-e-il-relitto-di-cala-levante\\\/#primaryimage\"},\"thumbnailUrl\":\"https:\\\/\\\/www.ildammuso.com\\\/wp-content\\\/uploads\\\/2023\\\/08\\\/calalevante-scaled.jpg\",\"datePublished\":\"2023-08-27T08:21:49+00:00\",\"dateModified\":\"2023-08-27T08:21:51+00:00\",\"description\":\"\\\"Pantelleria e il relitto di Cala Levante\\\": leggi l'articolo completo nel blog de Il Dammuso!\",\"breadcrumb\":{\"@id\":\"https:\\\/\\\/www.ildammuso.com\\\/it\\\/pantelleria-e-il-relitto-di-cala-levante\\\/#breadcrumb\"},\"inLanguage\":\"it-IT\",\"potentialAction\":[{\"@type\":\"ReadAction\",\"target\":[\"https:\\\/\\\/www.ildammuso.com\\\/it\\\/pantelleria-e-il-relitto-di-cala-levante\\\/\"]}]},{\"@type\":\"ImageObject\",\"inLanguage\":\"it-IT\",\"@id\":\"https:\\\/\\\/www.ildammuso.com\\\/it\\\/pantelleria-e-il-relitto-di-cala-levante\\\/#primaryimage\",\"url\":\"https:\\\/\\\/www.ildammuso.com\\\/wp-content\\\/uploads\\\/2023\\\/08\\\/calalevante-scaled.jpg\",\"contentUrl\":\"https:\\\/\\\/www.ildammuso.com\\\/wp-content\\\/uploads\\\/2023\\\/08\\\/calalevante-scaled.jpg\",\"width\":2331,\"height\":2560},{\"@type\":\"BreadcrumbList\",\"@id\":\"https:\\\/\\\/www.ildammuso.com\\\/it\\\/pantelleria-e-il-relitto-di-cala-levante\\\/#breadcrumb\",\"itemListElement\":[{\"@type\":\"ListItem\",\"position\":1,\"name\":\"Home\",\"item\":\"https:\\\/\\\/www.ildammuso.com\\\/it\\\/\"},{\"@type\":\"ListItem\",\"position\":2,\"name\":\"&nbsp;\"}]},{\"@type\":\"WebSite\",\"@id\":\"https:\\\/\\\/www.ildammuso.com\\\/it\\\/#website\",\"url\":\"https:\\\/\\\/www.ildammuso.com\\\/it\\\/\",\"name\":\"Il Dammuso\",\"description\":\"Il tuo Dammuso a Pantelleria\",\"publisher\":{\"@id\":\"https:\\\/\\\/www.ildammuso.com\\\/it\\\/#organization\"},\"potentialAction\":[{\"@type\":\"SearchAction\",\"target\":{\"@type\":\"EntryPoint\",\"urlTemplate\":\"https:\\\/\\\/www.ildammuso.com\\\/it\\\/?s={search_term_string}\"},\"query-input\":{\"@type\":\"PropertyValueSpecification\",\"valueRequired\":true,\"valueName\":\"search_term_string\"}}],\"inLanguage\":\"it-IT\"},{\"@type\":\"Organization\",\"@id\":\"https:\\\/\\\/www.ildammuso.com\\\/it\\\/#organization\",\"name\":\"Il Dammuso\",\"url\":\"https:\\\/\\\/www.ildammuso.com\\\/it\\\/\",\"logo\":{\"@type\":\"ImageObject\",\"inLanguage\":\"it-IT\",\"@id\":\"https:\\\/\\\/www.ildammuso.com\\\/it\\\/#\\\/schema\\\/logo\\\/image\\\/\",\"url\":\"https:\\\/\\\/www.ildammuso.com\\\/wp-content\\\/uploads\\\/2022\\\/06\\\/logo-ildammuso.jpg\",\"contentUrl\":\"https:\\\/\\\/www.ildammuso.com\\\/wp-content\\\/uploads\\\/2022\\\/06\\\/logo-ildammuso.jpg\",\"width\":426,\"height\":395,\"caption\":\"Il Dammuso\"},\"image\":{\"@id\":\"https:\\\/\\\/www.ildammuso.com\\\/it\\\/#\\\/schema\\\/logo\\\/image\\\/\"},\"sameAs\":[\"https:\\\/\\\/www.facebook.com\\\/ildammusodipantelleria\\\/\",\"https:\\\/\\\/www.instagram.com\\\/ildammusogram\\\/\"]},{\"@type\":\"Person\",\"@id\":\"https:\\\/\\\/www.ildammuso.com\\\/it\\\/#\\\/schema\\\/person\\\/a97bc2634c1ae772b6efbb07fef2b3a8\",\"name\":\"claudia\",\"image\":{\"@type\":\"ImageObject\",\"inLanguage\":\"it-IT\",\"@id\":\"https:\\\/\\\/secure.gravatar.com\\\/avatar\\\/bfa9e85032faeaffeaaafd48c7c09ad8da852ff133d8361db8721aff28093ebe?s=96&d=mm&r=g\",\"url\":\"https:\\\/\\\/secure.gravatar.com\\\/avatar\\\/bfa9e85032faeaffeaaafd48c7c09ad8da852ff133d8361db8721aff28093ebe?s=96&d=mm&r=g\",\"contentUrl\":\"https:\\\/\\\/secure.gravatar.com\\\/avatar\\\/bfa9e85032faeaffeaaafd48c7c09ad8da852ff133d8361db8721aff28093ebe?s=96&d=mm&r=g\",\"caption\":\"claudia\"}}]}<\/script>\n<!-- \/ Yoast SEO plugin. -->","yoast_head_json":{"title":"Pantelleria e il relitto di Cala Levante | Il Dammuso","description":"\"Pantelleria e il relitto di Cala Levante\": leggi l'articolo completo nel blog de Il Dammuso!","robots":{"index":"index","follow":"follow","max-snippet":"max-snippet:-1","max-image-preview":"max-image-preview:large","max-video-preview":"max-video-preview:-1"},"canonical":"https:\/\/www.ildammuso.com\/it\/pantelleria-e-il-relitto-di-cala-levante\/","og_locale":"it_IT","og_type":"article","og_title":"Pantelleria e il relitto di Cala Levante | Il Dammuso","og_description":"\"Pantelleria e il relitto di Cala Levante\": leggi l'articolo completo nel blog de Il Dammuso!","og_url":"https:\/\/www.ildammuso.com\/it\/pantelleria-e-il-relitto-di-cala-levante\/","og_site_name":"Il Dammuso","article_publisher":"https:\/\/www.facebook.com\/ildammusodipantelleria\/","article_published_time":"2023-08-27T08:21:49+00:00","article_modified_time":"2023-08-27T08:21:51+00:00","og_image":[{"width":2331,"height":2560,"url":"https:\/\/storage1254.cdn-immedia.net\/wp-content\/uploads\/2023\/08\/calalevante-scaled.jpg","type":"image\/jpeg"}],"author":"claudia","twitter_card":"summary_large_image","twitter_misc":{"Scritto da":"claudia","Tempo di lettura stimato":"3 minuti"},"schema":{"@context":"https:\/\/schema.org","@graph":[{"@type":"Article","@id":"https:\/\/www.ildammuso.com\/it\/pantelleria-e-il-relitto-di-cala-levante\/#article","isPartOf":{"@id":"https:\/\/www.ildammuso.com\/it\/pantelleria-e-il-relitto-di-cala-levante\/"},"author":{"name":"claudia","@id":"https:\/\/www.ildammuso.com\/it\/#\/schema\/person\/a97bc2634c1ae772b6efbb07fef2b3a8"},"headline":"Pantelleria e il relitto di Cala Levante","datePublished":"2023-08-27T08:21:49+00:00","dateModified":"2023-08-27T08:21:51+00:00","mainEntityOfPage":{"@id":"https:\/\/www.ildammuso.com\/it\/pantelleria-e-il-relitto-di-cala-levante\/"},"wordCount":416,"publisher":{"@id":"https:\/\/www.ildammuso.com\/it\/#organization"},"image":{"@id":"https:\/\/www.ildammuso.com\/it\/pantelleria-e-il-relitto-di-cala-levante\/#primaryimage"},"thumbnailUrl":"https:\/\/storage1254.cdn-immedia.net\/wp-content\/uploads\/2023\/08\/calalevante-scaled.jpg","keywords":["calallevante","relitto","minerva","cotone","calatramontana","ildammuso","maestrale","pantelleria","venti"],"articleSection":["Pantelleria, l'isola"],"inLanguage":"it-IT"},{"@type":"WebPage","@id":"https:\/\/www.ildammuso.com\/it\/pantelleria-e-il-relitto-di-cala-levante\/","url":"https:\/\/www.ildammuso.com\/it\/pantelleria-e-il-relitto-di-cala-levante\/","name":"Pantelleria e il relitto di Cala Levante | Il Dammuso","isPartOf":{"@id":"https:\/\/www.ildammuso.com\/it\/#website"},"primaryImageOfPage":{"@id":"https:\/\/www.ildammuso.com\/it\/pantelleria-e-il-relitto-di-cala-levante\/#primaryimage"},"image":{"@id":"https:\/\/www.ildammuso.com\/it\/pantelleria-e-il-relitto-di-cala-levante\/#primaryimage"},"thumbnailUrl":"https:\/\/storage1254.cdn-immedia.net\/wp-content\/uploads\/2023\/08\/calalevante-scaled.jpg","datePublished":"2023-08-27T08:21:49+00:00","dateModified":"2023-08-27T08:21:51+00:00","description":"\"Pantelleria e il relitto di Cala Levante\": leggi l'articolo completo nel blog de Il Dammuso!","breadcrumb":{"@id":"https:\/\/www.ildammuso.com\/it\/pantelleria-e-il-relitto-di-cala-levante\/#breadcrumb"},"inLanguage":"it-IT","potentialAction":[{"@type":"ReadAction","target":["https:\/\/www.ildammuso.com\/it\/pantelleria-e-il-relitto-di-cala-levante\/"]}]},{"@type":"ImageObject","inLanguage":"it-IT","@id":"https:\/\/www.ildammuso.com\/it\/pantelleria-e-il-relitto-di-cala-levante\/#primaryimage","url":"https:\/\/storage1254.cdn-immedia.net\/wp-content\/uploads\/2023\/08\/calalevante-scaled.jpg","contentUrl":"https:\/\/storage1254.cdn-immedia.net\/wp-content\/uploads\/2023\/08\/calalevante-scaled.jpg","width":2331,"height":2560},{"@type":"BreadcrumbList","@id":"https:\/\/www.ildammuso.com\/it\/pantelleria-e-il-relitto-di-cala-levante\/#breadcrumb","itemListElement":[{"@type":"ListItem","position":1,"name":"Home","item":"https:\/\/www.ildammuso.com\/it\/"},{"@type":"ListItem","position":2,"name":"&nbsp;"}]},{"@type":"WebSite","@id":"https:\/\/www.ildammuso.com\/it\/#website","url":"https:\/\/www.ildammuso.com\/it\/","name":"Il Dammuso","description":"Il tuo Dammuso a Pantelleria","publisher":{"@id":"https:\/\/www.ildammuso.com\/it\/#organization"},"potentialAction":[{"@type":"SearchAction","target":{"@type":"EntryPoint","urlTemplate":"https:\/\/www.ildammuso.com\/it\/?s={search_term_string}"},"query-input":{"@type":"PropertyValueSpecification","valueRequired":true,"valueName":"search_term_string"}}],"inLanguage":"it-IT"},{"@type":"Organization","@id":"https:\/\/www.ildammuso.com\/it\/#organization","name":"Il Dammuso","url":"https:\/\/www.ildammuso.com\/it\/","logo":{"@type":"ImageObject","inLanguage":"it-IT","@id":"https:\/\/www.ildammuso.com\/it\/#\/schema\/logo\/image\/","url":"https:\/\/storage1254.cdn-immedia.net\/wp-content\/uploads\/2022\/06\/logo-ildammuso.jpg","contentUrl":"https:\/\/storage1254.cdn-immedia.net\/wp-content\/uploads\/2022\/06\/logo-ildammuso.jpg","width":426,"height":395,"caption":"Il Dammuso"},"image":{"@id":"https:\/\/www.ildammuso.com\/it\/#\/schema\/logo\/image\/"},"sameAs":["https:\/\/www.facebook.com\/ildammusodipantelleria\/","https:\/\/www.instagram.com\/ildammusogram\/"]},{"@type":"Person","@id":"https:\/\/www.ildammuso.com\/it\/#\/schema\/person\/a97bc2634c1ae772b6efbb07fef2b3a8","name":"claudia","image":{"@type":"ImageObject","inLanguage":"it-IT","@id":"https:\/\/secure.gravatar.com\/avatar\/bfa9e85032faeaffeaaafd48c7c09ad8da852ff133d8361db8721aff28093ebe?s=96&d=mm&r=g","url":"https:\/\/secure.gravatar.com\/avatar\/bfa9e85032faeaffeaaafd48c7c09ad8da852ff133d8361db8721aff28093ebe?s=96&d=mm&r=g","contentUrl":"https:\/\/secure.gravatar.com\/avatar\/bfa9e85032faeaffeaaafd48c7c09ad8da852ff133d8361db8721aff28093ebe?s=96&d=mm&r=g","caption":"claudia"}}]}},"_links":{"self":[{"href":"https:\/\/www.ildammuso.com\/it\/wp-json\/wp\/v2\/posts\/22062","targetHints":{"allow":["GET"]}}],"collection":[{"href":"https:\/\/www.ildammuso.com\/it\/wp-json\/wp\/v2\/posts"}],"about":[{"href":"https:\/\/www.ildammuso.com\/it\/wp-json\/wp\/v2\/types\/post"}],"author":[{"embeddable":true,"href":"https:\/\/www.ildammuso.com\/it\/wp-json\/wp\/v2\/users\/3"}],"replies":[{"embeddable":true,"href":"https:\/\/www.ildammuso.com\/it\/wp-json\/wp\/v2\/comments?post=22062"}],"version-history":[{"count":1,"href":"https:\/\/www.ildammuso.com\/it\/wp-json\/wp\/v2\/posts\/22062\/revisions"}],"predecessor-version":[{"id":22065,"href":"https:\/\/www.ildammuso.com\/it\/wp-json\/wp\/v2\/posts\/22062\/revisions\/22065"}],"wp:featuredmedia":[{"embeddable":true,"href":"https:\/\/www.ildammuso.com\/it\/wp-json\/wp\/v2\/media\/22063"}],"wp:attachment":[{"href":"https:\/\/www.ildammuso.com\/it\/wp-json\/wp\/v2\/media?parent=22062"}],"wp:term":[{"taxonomy":"category","embeddable":true,"href":"https:\/\/www.ildammuso.com\/it\/wp-json\/wp\/v2\/categories?post=22062"},{"taxonomy":"post_tag","embeddable":true,"href":"https:\/\/www.ildammuso.com\/it\/wp-json\/wp\/v2\/tags?post=22062"}],"curies":[{"name":"wp","href":"https:\/\/api.w.org\/{rel}","templated":true}]}}