{"id":22199,"date":"2023-09-13T13:24:42","date_gmt":"2023-09-13T11:24:42","guid":{"rendered":"https:\/\/www.ildammuso.com\/?p=22199"},"modified":"2023-09-13T13:24:45","modified_gmt":"2023-09-13T11:24:45","slug":"pantelleria-la-scuola-dentro-unestate-splendente","status":"publish","type":"post","link":"https:\/\/www.ildammuso.com\/it\/pantelleria-la-scuola-dentro-unestate-splendente\/","title":{"rendered":"Pantelleria, la scuola dentro un&#8217;estate splendente"},"content":{"rendered":"\n<p>In questa Pantelleria extraurbana fatta di vendemmia, uomini sparpagliati nei campi, bagnanti con pareo e capelli umidi, volti arrossati dal sole, tutto sembra, tranne che l\u2019estate per i nostri ragazzi oggi sia finita.<br><br>C\u2019\u00e8 ancora troppo azzurro intorno e il sole \u00e8 caldo come in una giornata di luglio.<br>Nessuna auto posteggiata in doppia e tripla fila, i genitori hanno solo dovuto aggiungere due appuntamenti al loro calendario quotidiano.<br>Una levataccia al mattino e la routine di chi si assume il compito di lasciare o prendere.<br>Il resto del giorno sar\u00e0 estate pantesca.<br>L\u2019uscita in barca.<br>Il pranzo in terrazza.<br>Lo zampirone a cena, ma stasera non si guardano le stelle.<br>Saranno giornate pi\u00f9 lunghe accorciate da un sole che cala sotto l\u2019orizzonte, ogni sera, qualche attimo prima. Nessuno ferma l\u2019estate in un\u2018isola cos\u00ec determinata.<br>Quindi tra i panni stesi svettano i teli del mare ai quali domani si aggiunger\u00e0 un grembiule o la tovaglietta per la colazione in classe.<\/p>\n\n\n\n<p>Quest\u2019isola che non conosce i semafori e le lunghe code di auto in una citt\u00e0 che si risveglia al lavoro e agli impegni<br>Pantelleria che continua secondo un andamento il cui unico protagonista \u00e8 il moto terrestre la cui misura pi\u00f9 evidente \u00e8 data da chi \u00e8 chino su una pianta di <a href=\"https:\/\/www.ildammuso.com\/it\/il-cappero-bene-unico-e-prezioso\/\">cappero<\/a> o su una <a href=\"https:\/\/www.ildammuso.com\/it\/pantelleria\/vigneto-monastero\/\">vite ad alberello<\/a>.<br>Quest\u2019anno il tempo del cappero \u00e8 stato lungo, ora \u00e8 il momento dell\u2019uva e a ottobre comincer\u00e0 la raccolta delle olive.<br>In un continuo che non \u00e8 scandito dal suono di un clacson o da frotte di studenti fermi ad attendere che il bus passi ma dal raccolto di una stagione che muta con lentezza, senza strappi, a voler cedere il terreno ad un autunno cui l\u2019estate apre la porta con garbo aggiungendo, per educazione, un caloroso benvenuto.<\/p>\n\n\n\n<p>Solo dentro casa alla sera si prepareranno gli zaini e i vestiti da mettere al mattino.<br>Finite le ore scolastiche sar\u00e0 ancora estate, tempo di vacanza, solo un tuffo in meno al mare perch\u00e9 da oggi si cena prima e si va al letto presto.<\/p>\n\n\n\n<p>Il resto risplende, ancora, dentro questa \u201cestate incantata\u201d.<\/p>\n","protected":false},"excerpt":{"rendered":"<p>In questa Pantelleria extraurbana fatta di vendemmia, uomini sparpagliati nei [&hellip;]<\/p>\n","protected":false},"author":3,"featured_media":22200,"comment_status":"closed","ping_status":"closed","sticky":false,"template":"","format":"standard","meta":{"_acf_changed":false,"footnotes":""},"categories":[447,446],"tags":[1172,1173,1174,841,796,176,228,762,91],"class_list":["post-22199","post","type-post","status-publish","format-standard","has-post-thumbnail","hentry","category-corsi-e-ricorsi","category-pantelleria-lisola","tag-scuola","tag-stagioni","tag-uva-2","tag-cappero-2","tag-autunno-2","tag-estate","tag-ildammuso","tag-olive","tag-pantelleria"],"acf":[],"yoast_head":"<!-- This site is optimized with the Yoast SEO plugin v27.4 - https:\/\/yoast.com\/product\/yoast-seo-wordpress\/ -->\n<title>Pantelleria, la scuola dentro un&#039;estate splendente | Il Dammuso<\/title>\n<meta name=\"description\" content=\"&quot;Pantelleria, la scuola dentro un&#039;estate incantata&quot;: leggi l&#039;articolo completo nel blog de Il Dammuso! Trai banchi di scuola e poi al mare!\" \/>\n<meta name=\"robots\" content=\"index, follow, max-snippet:-1, max-image-preview:large, max-video-preview:-1\" \/>\n<link rel=\"canonical\" href=\"https:\/\/www.ildammuso.com\/it\/pantelleria-la-scuola-dentro-unestate-splendente\/\" \/>\n<meta property=\"og:locale\" content=\"it_IT\" \/>\n<meta property=\"og:type\" content=\"article\" \/>\n<meta property=\"og:title\" content=\"Pantelleria, la scuola dentro un&#039;estate splendente | Il Dammuso\" \/>\n<meta property=\"og:description\" content=\"&quot;Pantelleria, la scuola dentro un&#039;estate incantata&quot;: leggi l&#039;articolo completo nel blog de Il Dammuso! Trai banchi di scuola e poi al mare!\" \/>\n<meta property=\"og:url\" content=\"https:\/\/www.ildammuso.com\/it\/pantelleria-la-scuola-dentro-unestate-splendente\/\" \/>\n<meta property=\"og:site_name\" content=\"Il Dammuso\" \/>\n<meta property=\"article:publisher\" content=\"https:\/\/www.facebook.com\/ildammusodipantelleria\/\" \/>\n<meta property=\"article:published_time\" content=\"2023-09-13T11:24:42+00:00\" \/>\n<meta property=\"article:modified_time\" content=\"2023-09-13T11:24:45+00:00\" \/>\n<meta property=\"og:image\" content=\"https:\/\/storage1254.cdn-immedia.net\/wp-content\/uploads\/2023\/09\/scuola-scaled.jpg\" \/>\n\t<meta property=\"og:image:width\" content=\"1928\" \/>\n\t<meta property=\"og:image:height\" content=\"2560\" \/>\n\t<meta property=\"og:image:type\" content=\"image\/jpeg\" \/>\n<meta name=\"author\" content=\"claudia\" \/>\n<meta name=\"twitter:card\" content=\"summary_large_image\" \/>\n<meta name=\"twitter:label1\" content=\"Scritto da\" \/>\n\t<meta name=\"twitter:data1\" content=\"claudia\" \/>\n\t<meta name=\"twitter:label2\" content=\"Tempo di lettura stimato\" \/>\n\t<meta name=\"twitter:data2\" content=\"2 minuti\" \/>\n<script type=\"application\/ld+json\" class=\"yoast-schema-graph\">{\"@context\":\"https:\\\/\\\/schema.org\",\"@graph\":[{\"@type\":\"Article\",\"@id\":\"https:\\\/\\\/www.ildammuso.com\\\/it\\\/pantelleria-la-scuola-dentro-unestate-splendente\\\/#article\",\"isPartOf\":{\"@id\":\"https:\\\/\\\/www.ildammuso.com\\\/it\\\/pantelleria-la-scuola-dentro-unestate-splendente\\\/\"},\"author\":{\"name\":\"claudia\",\"@id\":\"https:\\\/\\\/www.ildammuso.com\\\/it\\\/#\\\/schema\\\/person\\\/a97bc2634c1ae772b6efbb07fef2b3a8\"},\"headline\":\"Pantelleria, la scuola dentro un&#8217;estate splendente\",\"datePublished\":\"2023-09-13T11:24:42+00:00\",\"dateModified\":\"2023-09-13T11:24:45+00:00\",\"mainEntityOfPage\":{\"@id\":\"https:\\\/\\\/www.ildammuso.com\\\/it\\\/pantelleria-la-scuola-dentro-unestate-splendente\\\/\"},\"wordCount\":358,\"publisher\":{\"@id\":\"https:\\\/\\\/www.ildammuso.com\\\/it\\\/#organization\"},\"image\":{\"@id\":\"https:\\\/\\\/www.ildammuso.com\\\/it\\\/pantelleria-la-scuola-dentro-unestate-splendente\\\/#primaryimage\"},\"thumbnailUrl\":\"https:\\\/\\\/www.ildammuso.com\\\/wp-content\\\/uploads\\\/2023\\\/09\\\/scuola-scaled.jpg\",\"keywords\":[\"scuola\",\"stagioni\",\"uva\",\"cappero\",\"autunno\",\"estate\",\"ildammuso\",\"olive\",\"pantelleria\"],\"articleSection\":[\"Corsi e ricorsi\",\"Pantelleria, l'isola\"],\"inLanguage\":\"it-IT\"},{\"@type\":\"WebPage\",\"@id\":\"https:\\\/\\\/www.ildammuso.com\\\/it\\\/pantelleria-la-scuola-dentro-unestate-splendente\\\/\",\"url\":\"https:\\\/\\\/www.ildammuso.com\\\/it\\\/pantelleria-la-scuola-dentro-unestate-splendente\\\/\",\"name\":\"Pantelleria, la scuola dentro un'estate splendente | Il Dammuso\",\"isPartOf\":{\"@id\":\"https:\\\/\\\/www.ildammuso.com\\\/it\\\/#website\"},\"primaryImageOfPage\":{\"@id\":\"https:\\\/\\\/www.ildammuso.com\\\/it\\\/pantelleria-la-scuola-dentro-unestate-splendente\\\/#primaryimage\"},\"image\":{\"@id\":\"https:\\\/\\\/www.ildammuso.com\\\/it\\\/pantelleria-la-scuola-dentro-unestate-splendente\\\/#primaryimage\"},\"thumbnailUrl\":\"https:\\\/\\\/www.ildammuso.com\\\/wp-content\\\/uploads\\\/2023\\\/09\\\/scuola-scaled.jpg\",\"datePublished\":\"2023-09-13T11:24:42+00:00\",\"dateModified\":\"2023-09-13T11:24:45+00:00\",\"description\":\"\\\"Pantelleria, la scuola dentro un'estate incantata\\\": leggi l'articolo completo nel blog de Il Dammuso! Trai banchi di scuola e poi al mare!\",\"breadcrumb\":{\"@id\":\"https:\\\/\\\/www.ildammuso.com\\\/it\\\/pantelleria-la-scuola-dentro-unestate-splendente\\\/#breadcrumb\"},\"inLanguage\":\"it-IT\",\"potentialAction\":[{\"@type\":\"ReadAction\",\"target\":[\"https:\\\/\\\/www.ildammuso.com\\\/it\\\/pantelleria-la-scuola-dentro-unestate-splendente\\\/\"]}]},{\"@type\":\"ImageObject\",\"inLanguage\":\"it-IT\",\"@id\":\"https:\\\/\\\/www.ildammuso.com\\\/it\\\/pantelleria-la-scuola-dentro-unestate-splendente\\\/#primaryimage\",\"url\":\"https:\\\/\\\/www.ildammuso.com\\\/wp-content\\\/uploads\\\/2023\\\/09\\\/scuola-scaled.jpg\",\"contentUrl\":\"https:\\\/\\\/www.ildammuso.com\\\/wp-content\\\/uploads\\\/2023\\\/09\\\/scuola-scaled.jpg\",\"width\":1928,\"height\":2560},{\"@type\":\"BreadcrumbList\",\"@id\":\"https:\\\/\\\/www.ildammuso.com\\\/it\\\/pantelleria-la-scuola-dentro-unestate-splendente\\\/#breadcrumb\",\"itemListElement\":[{\"@type\":\"ListItem\",\"position\":1,\"name\":\"Home\",\"item\":\"https:\\\/\\\/www.ildammuso.com\\\/it\\\/\"},{\"@type\":\"ListItem\",\"position\":2,\"name\":\"&nbsp;\"}]},{\"@type\":\"WebSite\",\"@id\":\"https:\\\/\\\/www.ildammuso.com\\\/it\\\/#website\",\"url\":\"https:\\\/\\\/www.ildammuso.com\\\/it\\\/\",\"name\":\"Il Dammuso\",\"description\":\"Il tuo Dammuso a Pantelleria\",\"publisher\":{\"@id\":\"https:\\\/\\\/www.ildammuso.com\\\/it\\\/#organization\"},\"potentialAction\":[{\"@type\":\"SearchAction\",\"target\":{\"@type\":\"EntryPoint\",\"urlTemplate\":\"https:\\\/\\\/www.ildammuso.com\\\/it\\\/?s={search_term_string}\"},\"query-input\":{\"@type\":\"PropertyValueSpecification\",\"valueRequired\":true,\"valueName\":\"search_term_string\"}}],\"inLanguage\":\"it-IT\"},{\"@type\":\"Organization\",\"@id\":\"https:\\\/\\\/www.ildammuso.com\\\/it\\\/#organization\",\"name\":\"Il Dammuso\",\"url\":\"https:\\\/\\\/www.ildammuso.com\\\/it\\\/\",\"logo\":{\"@type\":\"ImageObject\",\"inLanguage\":\"it-IT\",\"@id\":\"https:\\\/\\\/www.ildammuso.com\\\/it\\\/#\\\/schema\\\/logo\\\/image\\\/\",\"url\":\"https:\\\/\\\/www.ildammuso.com\\\/wp-content\\\/uploads\\\/2022\\\/06\\\/logo-ildammuso.jpg\",\"contentUrl\":\"https:\\\/\\\/www.ildammuso.com\\\/wp-content\\\/uploads\\\/2022\\\/06\\\/logo-ildammuso.jpg\",\"width\":426,\"height\":395,\"caption\":\"Il Dammuso\"},\"image\":{\"@id\":\"https:\\\/\\\/www.ildammuso.com\\\/it\\\/#\\\/schema\\\/logo\\\/image\\\/\"},\"sameAs\":[\"https:\\\/\\\/www.facebook.com\\\/ildammusodipantelleria\\\/\",\"https:\\\/\\\/www.instagram.com\\\/ildammusogram\\\/\"]},{\"@type\":\"Person\",\"@id\":\"https:\\\/\\\/www.ildammuso.com\\\/it\\\/#\\\/schema\\\/person\\\/a97bc2634c1ae772b6efbb07fef2b3a8\",\"name\":\"claudia\",\"image\":{\"@type\":\"ImageObject\",\"inLanguage\":\"it-IT\",\"@id\":\"https:\\\/\\\/secure.gravatar.com\\\/avatar\\\/bfa9e85032faeaffeaaafd48c7c09ad8da852ff133d8361db8721aff28093ebe?s=96&d=mm&r=g\",\"url\":\"https:\\\/\\\/secure.gravatar.com\\\/avatar\\\/bfa9e85032faeaffeaaafd48c7c09ad8da852ff133d8361db8721aff28093ebe?s=96&d=mm&r=g\",\"contentUrl\":\"https:\\\/\\\/secure.gravatar.com\\\/avatar\\\/bfa9e85032faeaffeaaafd48c7c09ad8da852ff133d8361db8721aff28093ebe?s=96&d=mm&r=g\",\"caption\":\"claudia\"}}]}<\/script>\n<!-- \/ Yoast SEO plugin. -->","yoast_head_json":{"title":"Pantelleria, la scuola dentro un'estate splendente | Il Dammuso","description":"\"Pantelleria, la scuola dentro un'estate incantata\": leggi l'articolo completo nel blog de Il Dammuso! Trai banchi di scuola e poi al mare!","robots":{"index":"index","follow":"follow","max-snippet":"max-snippet:-1","max-image-preview":"max-image-preview:large","max-video-preview":"max-video-preview:-1"},"canonical":"https:\/\/www.ildammuso.com\/it\/pantelleria-la-scuola-dentro-unestate-splendente\/","og_locale":"it_IT","og_type":"article","og_title":"Pantelleria, la scuola dentro un'estate splendente | Il Dammuso","og_description":"\"Pantelleria, la scuola dentro un'estate incantata\": leggi l'articolo completo nel blog de Il Dammuso! Trai banchi di scuola e poi al mare!","og_url":"https:\/\/www.ildammuso.com\/it\/pantelleria-la-scuola-dentro-unestate-splendente\/","og_site_name":"Il Dammuso","article_publisher":"https:\/\/www.facebook.com\/ildammusodipantelleria\/","article_published_time":"2023-09-13T11:24:42+00:00","article_modified_time":"2023-09-13T11:24:45+00:00","og_image":[{"width":1928,"height":2560,"url":"https:\/\/storage1254.cdn-immedia.net\/wp-content\/uploads\/2023\/09\/scuola-scaled.jpg","type":"image\/jpeg"}],"author":"claudia","twitter_card":"summary_large_image","twitter_misc":{"Scritto da":"claudia","Tempo di lettura stimato":"2 minuti"},"schema":{"@context":"https:\/\/schema.org","@graph":[{"@type":"Article","@id":"https:\/\/www.ildammuso.com\/it\/pantelleria-la-scuola-dentro-unestate-splendente\/#article","isPartOf":{"@id":"https:\/\/www.ildammuso.com\/it\/pantelleria-la-scuola-dentro-unestate-splendente\/"},"author":{"name":"claudia","@id":"https:\/\/www.ildammuso.com\/it\/#\/schema\/person\/a97bc2634c1ae772b6efbb07fef2b3a8"},"headline":"Pantelleria, la scuola dentro un&#8217;estate splendente","datePublished":"2023-09-13T11:24:42+00:00","dateModified":"2023-09-13T11:24:45+00:00","mainEntityOfPage":{"@id":"https:\/\/www.ildammuso.com\/it\/pantelleria-la-scuola-dentro-unestate-splendente\/"},"wordCount":358,"publisher":{"@id":"https:\/\/www.ildammuso.com\/it\/#organization"},"image":{"@id":"https:\/\/www.ildammuso.com\/it\/pantelleria-la-scuola-dentro-unestate-splendente\/#primaryimage"},"thumbnailUrl":"https:\/\/storage1254.cdn-immedia.net\/wp-content\/uploads\/2023\/09\/scuola-scaled.jpg","keywords":["scuola","stagioni","uva","cappero","autunno","estate","ildammuso","olive","pantelleria"],"articleSection":["Corsi e ricorsi","Pantelleria, l'isola"],"inLanguage":"it-IT"},{"@type":"WebPage","@id":"https:\/\/www.ildammuso.com\/it\/pantelleria-la-scuola-dentro-unestate-splendente\/","url":"https:\/\/www.ildammuso.com\/it\/pantelleria-la-scuola-dentro-unestate-splendente\/","name":"Pantelleria, la scuola dentro un'estate splendente | Il Dammuso","isPartOf":{"@id":"https:\/\/www.ildammuso.com\/it\/#website"},"primaryImageOfPage":{"@id":"https:\/\/www.ildammuso.com\/it\/pantelleria-la-scuola-dentro-unestate-splendente\/#primaryimage"},"image":{"@id":"https:\/\/www.ildammuso.com\/it\/pantelleria-la-scuola-dentro-unestate-splendente\/#primaryimage"},"thumbnailUrl":"https:\/\/storage1254.cdn-immedia.net\/wp-content\/uploads\/2023\/09\/scuola-scaled.jpg","datePublished":"2023-09-13T11:24:42+00:00","dateModified":"2023-09-13T11:24:45+00:00","description":"\"Pantelleria, la scuola dentro un'estate incantata\": leggi l'articolo completo nel blog de Il Dammuso! Trai banchi di scuola e poi al mare!","breadcrumb":{"@id":"https:\/\/www.ildammuso.com\/it\/pantelleria-la-scuola-dentro-unestate-splendente\/#breadcrumb"},"inLanguage":"it-IT","potentialAction":[{"@type":"ReadAction","target":["https:\/\/www.ildammuso.com\/it\/pantelleria-la-scuola-dentro-unestate-splendente\/"]}]},{"@type":"ImageObject","inLanguage":"it-IT","@id":"https:\/\/www.ildammuso.com\/it\/pantelleria-la-scuola-dentro-unestate-splendente\/#primaryimage","url":"https:\/\/storage1254.cdn-immedia.net\/wp-content\/uploads\/2023\/09\/scuola-scaled.jpg","contentUrl":"https:\/\/storage1254.cdn-immedia.net\/wp-content\/uploads\/2023\/09\/scuola-scaled.jpg","width":1928,"height":2560},{"@type":"BreadcrumbList","@id":"https:\/\/www.ildammuso.com\/it\/pantelleria-la-scuola-dentro-unestate-splendente\/#breadcrumb","itemListElement":[{"@type":"ListItem","position":1,"name":"Home","item":"https:\/\/www.ildammuso.com\/it\/"},{"@type":"ListItem","position":2,"name":"&nbsp;"}]},{"@type":"WebSite","@id":"https:\/\/www.ildammuso.com\/it\/#website","url":"https:\/\/www.ildammuso.com\/it\/","name":"Il Dammuso","description":"Il tuo Dammuso a Pantelleria","publisher":{"@id":"https:\/\/www.ildammuso.com\/it\/#organization"},"potentialAction":[{"@type":"SearchAction","target":{"@type":"EntryPoint","urlTemplate":"https:\/\/www.ildammuso.com\/it\/?s={search_term_string}"},"query-input":{"@type":"PropertyValueSpecification","valueRequired":true,"valueName":"search_term_string"}}],"inLanguage":"it-IT"},{"@type":"Organization","@id":"https:\/\/www.ildammuso.com\/it\/#organization","name":"Il Dammuso","url":"https:\/\/www.ildammuso.com\/it\/","logo":{"@type":"ImageObject","inLanguage":"it-IT","@id":"https:\/\/www.ildammuso.com\/it\/#\/schema\/logo\/image\/","url":"https:\/\/storage1254.cdn-immedia.net\/wp-content\/uploads\/2022\/06\/logo-ildammuso.jpg","contentUrl":"https:\/\/storage1254.cdn-immedia.net\/wp-content\/uploads\/2022\/06\/logo-ildammuso.jpg","width":426,"height":395,"caption":"Il Dammuso"},"image":{"@id":"https:\/\/www.ildammuso.com\/it\/#\/schema\/logo\/image\/"},"sameAs":["https:\/\/www.facebook.com\/ildammusodipantelleria\/","https:\/\/www.instagram.com\/ildammusogram\/"]},{"@type":"Person","@id":"https:\/\/www.ildammuso.com\/it\/#\/schema\/person\/a97bc2634c1ae772b6efbb07fef2b3a8","name":"claudia","image":{"@type":"ImageObject","inLanguage":"it-IT","@id":"https:\/\/secure.gravatar.com\/avatar\/bfa9e85032faeaffeaaafd48c7c09ad8da852ff133d8361db8721aff28093ebe?s=96&d=mm&r=g","url":"https:\/\/secure.gravatar.com\/avatar\/bfa9e85032faeaffeaaafd48c7c09ad8da852ff133d8361db8721aff28093ebe?s=96&d=mm&r=g","contentUrl":"https:\/\/secure.gravatar.com\/avatar\/bfa9e85032faeaffeaaafd48c7c09ad8da852ff133d8361db8721aff28093ebe?s=96&d=mm&r=g","caption":"claudia"}}]}},"_links":{"self":[{"href":"https:\/\/www.ildammuso.com\/it\/wp-json\/wp\/v2\/posts\/22199","targetHints":{"allow":["GET"]}}],"collection":[{"href":"https:\/\/www.ildammuso.com\/it\/wp-json\/wp\/v2\/posts"}],"about":[{"href":"https:\/\/www.ildammuso.com\/it\/wp-json\/wp\/v2\/types\/post"}],"author":[{"embeddable":true,"href":"https:\/\/www.ildammuso.com\/it\/wp-json\/wp\/v2\/users\/3"}],"replies":[{"embeddable":true,"href":"https:\/\/www.ildammuso.com\/it\/wp-json\/wp\/v2\/comments?post=22199"}],"version-history":[{"count":1,"href":"https:\/\/www.ildammuso.com\/it\/wp-json\/wp\/v2\/posts\/22199\/revisions"}],"predecessor-version":[{"id":22202,"href":"https:\/\/www.ildammuso.com\/it\/wp-json\/wp\/v2\/posts\/22199\/revisions\/22202"}],"wp:featuredmedia":[{"embeddable":true,"href":"https:\/\/www.ildammuso.com\/it\/wp-json\/wp\/v2\/media\/22200"}],"wp:attachment":[{"href":"https:\/\/www.ildammuso.com\/it\/wp-json\/wp\/v2\/media?parent=22199"}],"wp:term":[{"taxonomy":"category","embeddable":true,"href":"https:\/\/www.ildammuso.com\/it\/wp-json\/wp\/v2\/categories?post=22199"},{"taxonomy":"post_tag","embeddable":true,"href":"https:\/\/www.ildammuso.com\/it\/wp-json\/wp\/v2\/tags?post=22199"}],"curies":[{"name":"wp","href":"https:\/\/api.w.org\/{rel}","templated":true}]}}