{"id":22356,"date":"2023-10-02T18:36:53","date_gmt":"2023-10-02T16:36:53","guid":{"rendered":"https:\/\/www.ildammuso.com\/?p=22356"},"modified":"2023-10-02T18:36:56","modified_gmt":"2023-10-02T16:36:56","slug":"pantelleria-grazie","status":"publish","type":"post","link":"https:\/\/www.ildammuso.com\/it\/pantelleria-grazie\/","title":{"rendered":"Pantelleria, grazie"},"content":{"rendered":"\n<p>Grazie.<\/p>\n\n\n\n<p>Una parola che \u00e8 un \u201csignificante\u201d.<br>Non ci credereste ma \u00e8 anche \u201cmutua\u201d.<br>\u00c8 bellissimo dire un \u201cgrazie\u201d di cuore come una gioia \u00e8 riceverlo.<br>Questa volta sar\u00e0 anche un ringraziamento muto, perch\u00e9 rivolto a soggetti inanimati che per loro natura non sono soliti accogliere o raccogliere dei ringraziamenti.<br><br>Comincio:<br>il mio primo grazie lo lancio per esteso (si tratta di 84 chilometri quadrati di superficie) su tutta l\u2019isola di Pantelleria;<br>al sole che ho scorto ogni mattina da dietro la montagna e a questo stesso che ho visto calare ogni sera piano piano fino a poggiarsi al limite dell\u2019orizzonte, impastato da nuvole e tavolozze intere di colori che mi hanno fatto credere per un istante che tutto fosse al suo posto e che quel posto fosse quello giusto;<br>ringrazio la pietra nera dei muretti a secco e il giallo dorato del muschio che diventa secco, le lucertole che ho visto infilarsi tra un masso e un altro mentre le api volavano intorno e a turno\u00a0tra i fiori dell\u2019<a href=\"https:\/\/www.ildammuso.com\/it\/cinciallegra-algerina-e-gatto-pantesco\/\">ibisco rosso<\/a> o facevano a gara per raggiungere e impollinare quello giallo;<br>poi ringrazio il mare e lo scoglio aguzzo, la discesa impervia, il tuffo dalla punta pi\u00f9 alta, la risalita accompagnata dall\u2019onda che un attimo ti strattona e lil momento dopo fa s\u00ec che tu possa approfittare della spinta giusta per aggrapparti nuovamente alla lava ruvida;<br>ringrazio il sentiero e il cappero, l\u2019elicriso, l\u2019origano e l\u2019aglio spontaneo, l\u2019ulivo e il lentisco, il leccio e il corbezzolo, il passo che incede sulla pietra muschiosa, l\u2019odore del bosco mischiato a infinitesimali gocce di salmastro;<br>grazie alla nuvola che incapsula <a href=\"https:\/\/www.trekking.it\/itinerari\/escursioni-in-sicilia\/pantelleria-montagna-grande\/\">Montagna Grande<\/a> e fa il cappello a Monte Gibele, al lago che nasconde una natura rara e preziosa, al fragore del maestrale e alla brillantezza che nasconde la nera ossidiana.<br><br>Poi dico grazie alla gente di Pantelleria, al loro incedere lento, alla loro capacit\u00e0 di arrendersi con amore a questa terra che \u00e8 dure e amabile al contempo, a questi uomini e a queste donne potenti, coraggiose e riservate, la cui cifra esatta sta tutta nel loro spendersi per questa terra nella misura esatta in cui questa terra richiede e dona.<br><br>Ringrazio di cuore tutte le persone che ho conosciuto in questa lunga stagione lavorativa.<br>Persone che sono \u201clavoro\u201d, conoscenza, scambio, cultura, identificazione, gioia di ritrovarsi anno dopo anno, riconoscenza, amicizia, sorpresa e affetto.<br><br>In ultimo il mio ringraziamento, il pi\u00f9 vibrante va ai tre piccoli falchi che da oggi pomeriggio, sfruttando le potenti correnti del maestrale, fluttuano tra casa mia e il golfo di Scauri.<br>Avanti e indietro, avanti e indietro, un giro attorno alla casa e un planare veloce verso il mare per poi tornare sopra il tetto di casa.<br><br>\u00c8 dentro questo silenzio che avvolgo la parola \u201cgrazie\u201d.<br>La incarto per bene e ne faccio dono a tutti coloro che ho elencato e se qualcuno o qualcosa mi fosse sfuggita non abbiatevene a male, Pantelleria sembra piccola ma \u00e8 una vertigine di meraviglia.<br><br>GRAZIE ancora.<br><br><\/p>\n","protected":false},"excerpt":{"rendered":"<p>Grazie. Una parola che \u00e8 un \u201csignificante\u201d.Non ci credereste ma [&hellip;]<\/p>\n","protected":false},"author":3,"featured_media":22357,"comment_status":"closed","ping_status":"closed","sticky":false,"template":"","format":"standard","meta":{"_acf_changed":false,"footnotes":""},"categories":[447,439],"tags":[1190,1191,1192,958,228,116,91,143,178],"class_list":["post-22356","post","type-post","status-publish","format-standard","has-post-thumbnail","hentry","category-corsi-e-ricorsi","category-riflessioni-da-pantelleria","tag-sunset","tag-vibes","tag-amici-2","tag-colori","tag-ildammuso","tag-natura","tag-pantelleria","tag-stagione","tag-tramonto"],"acf":[],"yoast_head":"<!-- This site is optimized with the Yoast SEO plugin v27.5 - https:\/\/yoast.com\/product\/yoast-seo-wordpress\/ -->\n<title>Pantelleria, grazie | Il Dammuso<\/title>\n<meta name=\"description\" content=\"&quot;Pantelleria, grazie&quot;: leggi l&#039;articolo completo nel blog de Il Dammuso! A fine stagione il nostro grazie a Pantelleria\" \/>\n<meta name=\"robots\" content=\"index, follow, max-snippet:-1, max-image-preview:large, max-video-preview:-1\" \/>\n<link rel=\"canonical\" href=\"https:\/\/www.ildammuso.com\/it\/pantelleria-grazie\/\" \/>\n<meta property=\"og:locale\" content=\"it_IT\" \/>\n<meta property=\"og:type\" content=\"article\" \/>\n<meta property=\"og:title\" content=\"Pantelleria, grazie | Il Dammuso\" \/>\n<meta property=\"og:description\" content=\"&quot;Pantelleria, grazie&quot;: leggi l&#039;articolo completo nel blog de Il Dammuso! A fine stagione il nostro grazie a Pantelleria\" \/>\n<meta property=\"og:url\" content=\"https:\/\/www.ildammuso.com\/it\/pantelleria-grazie\/\" \/>\n<meta property=\"og:site_name\" content=\"Il Dammuso\" \/>\n<meta property=\"article:publisher\" content=\"https:\/\/www.facebook.com\/ildammusodipantelleria\/\" \/>\n<meta property=\"article:published_time\" content=\"2023-10-02T16:36:53+00:00\" \/>\n<meta property=\"article:modified_time\" content=\"2023-10-02T16:36:56+00:00\" \/>\n<meta property=\"og:image\" content=\"https:\/\/storage1254.cdn-immedia.net\/wp-content\/uploads\/2023\/10\/Grazie-scaled.jpg\" \/>\n\t<meta property=\"og:image:width\" content=\"2447\" \/>\n\t<meta property=\"og:image:height\" content=\"2560\" \/>\n\t<meta property=\"og:image:type\" content=\"image\/jpeg\" \/>\n<meta name=\"author\" content=\"claudia\" \/>\n<meta name=\"twitter:card\" content=\"summary_large_image\" \/>\n<meta name=\"twitter:label1\" content=\"Scritto da\" \/>\n\t<meta name=\"twitter:data1\" content=\"claudia\" \/>\n\t<meta name=\"twitter:label2\" content=\"Tempo di lettura stimato\" \/>\n\t<meta name=\"twitter:data2\" content=\"3 minuti\" \/>\n<script type=\"application\/ld+json\" class=\"yoast-schema-graph\">{\"@context\":\"https:\\\/\\\/schema.org\",\"@graph\":[{\"@type\":\"Article\",\"@id\":\"https:\\\/\\\/www.ildammuso.com\\\/it\\\/pantelleria-grazie\\\/#article\",\"isPartOf\":{\"@id\":\"https:\\\/\\\/www.ildammuso.com\\\/it\\\/pantelleria-grazie\\\/\"},\"author\":{\"name\":\"claudia\",\"@id\":\"https:\\\/\\\/www.ildammuso.com\\\/it\\\/#\\\/schema\\\/person\\\/a97bc2634c1ae772b6efbb07fef2b3a8\"},\"headline\":\"Pantelleria, grazie\",\"datePublished\":\"2023-10-02T16:36:53+00:00\",\"dateModified\":\"2023-10-02T16:36:56+00:00\",\"mainEntityOfPage\":{\"@id\":\"https:\\\/\\\/www.ildammuso.com\\\/it\\\/pantelleria-grazie\\\/\"},\"wordCount\":499,\"publisher\":{\"@id\":\"https:\\\/\\\/www.ildammuso.com\\\/it\\\/#organization\"},\"image\":{\"@id\":\"https:\\\/\\\/www.ildammuso.com\\\/it\\\/pantelleria-grazie\\\/#primaryimage\"},\"thumbnailUrl\":\"https:\\\/\\\/www.ildammuso.com\\\/wp-content\\\/uploads\\\/2023\\\/10\\\/Grazie-scaled.jpg\",\"keywords\":[\"sunset\",\"vibes\",\"amici\",\"colori\",\"ildammuso\",\"natura\",\"pantelleria\",\"stagione\",\"tramonto\"],\"articleSection\":[\"Corsi e ricorsi\",\"Riflessioni da Pantelleria\"],\"inLanguage\":\"it-IT\"},{\"@type\":\"WebPage\",\"@id\":\"https:\\\/\\\/www.ildammuso.com\\\/it\\\/pantelleria-grazie\\\/\",\"url\":\"https:\\\/\\\/www.ildammuso.com\\\/it\\\/pantelleria-grazie\\\/\",\"name\":\"Pantelleria, grazie | Il Dammuso\",\"isPartOf\":{\"@id\":\"https:\\\/\\\/www.ildammuso.com\\\/it\\\/#website\"},\"primaryImageOfPage\":{\"@id\":\"https:\\\/\\\/www.ildammuso.com\\\/it\\\/pantelleria-grazie\\\/#primaryimage\"},\"image\":{\"@id\":\"https:\\\/\\\/www.ildammuso.com\\\/it\\\/pantelleria-grazie\\\/#primaryimage\"},\"thumbnailUrl\":\"https:\\\/\\\/www.ildammuso.com\\\/wp-content\\\/uploads\\\/2023\\\/10\\\/Grazie-scaled.jpg\",\"datePublished\":\"2023-10-02T16:36:53+00:00\",\"dateModified\":\"2023-10-02T16:36:56+00:00\",\"description\":\"\\\"Pantelleria, grazie\\\": leggi l'articolo completo nel blog de Il Dammuso! A fine stagione il nostro grazie a Pantelleria\",\"breadcrumb\":{\"@id\":\"https:\\\/\\\/www.ildammuso.com\\\/it\\\/pantelleria-grazie\\\/#breadcrumb\"},\"inLanguage\":\"it-IT\",\"potentialAction\":[{\"@type\":\"ReadAction\",\"target\":[\"https:\\\/\\\/www.ildammuso.com\\\/it\\\/pantelleria-grazie\\\/\"]}]},{\"@type\":\"ImageObject\",\"inLanguage\":\"it-IT\",\"@id\":\"https:\\\/\\\/www.ildammuso.com\\\/it\\\/pantelleria-grazie\\\/#primaryimage\",\"url\":\"https:\\\/\\\/www.ildammuso.com\\\/wp-content\\\/uploads\\\/2023\\\/10\\\/Grazie-scaled.jpg\",\"contentUrl\":\"https:\\\/\\\/www.ildammuso.com\\\/wp-content\\\/uploads\\\/2023\\\/10\\\/Grazie-scaled.jpg\",\"width\":2447,\"height\":2560},{\"@type\":\"BreadcrumbList\",\"@id\":\"https:\\\/\\\/www.ildammuso.com\\\/it\\\/pantelleria-grazie\\\/#breadcrumb\",\"itemListElement\":[{\"@type\":\"ListItem\",\"position\":1,\"name\":\"Home\",\"item\":\"https:\\\/\\\/www.ildammuso.com\\\/it\\\/\"},{\"@type\":\"ListItem\",\"position\":2,\"name\":\"&nbsp;\"}]},{\"@type\":\"WebSite\",\"@id\":\"https:\\\/\\\/www.ildammuso.com\\\/it\\\/#website\",\"url\":\"https:\\\/\\\/www.ildammuso.com\\\/it\\\/\",\"name\":\"Il Dammuso\",\"description\":\"Il tuo Dammuso a Pantelleria\",\"publisher\":{\"@id\":\"https:\\\/\\\/www.ildammuso.com\\\/it\\\/#organization\"},\"potentialAction\":[{\"@type\":\"SearchAction\",\"target\":{\"@type\":\"EntryPoint\",\"urlTemplate\":\"https:\\\/\\\/www.ildammuso.com\\\/it\\\/?s={search_term_string}\"},\"query-input\":{\"@type\":\"PropertyValueSpecification\",\"valueRequired\":true,\"valueName\":\"search_term_string\"}}],\"inLanguage\":\"it-IT\"},{\"@type\":\"Organization\",\"@id\":\"https:\\\/\\\/www.ildammuso.com\\\/it\\\/#organization\",\"name\":\"Il Dammuso\",\"url\":\"https:\\\/\\\/www.ildammuso.com\\\/it\\\/\",\"logo\":{\"@type\":\"ImageObject\",\"inLanguage\":\"it-IT\",\"@id\":\"https:\\\/\\\/www.ildammuso.com\\\/it\\\/#\\\/schema\\\/logo\\\/image\\\/\",\"url\":\"https:\\\/\\\/www.ildammuso.com\\\/wp-content\\\/uploads\\\/2022\\\/06\\\/logo-ildammuso.jpg\",\"contentUrl\":\"https:\\\/\\\/www.ildammuso.com\\\/wp-content\\\/uploads\\\/2022\\\/06\\\/logo-ildammuso.jpg\",\"width\":426,\"height\":395,\"caption\":\"Il Dammuso\"},\"image\":{\"@id\":\"https:\\\/\\\/www.ildammuso.com\\\/it\\\/#\\\/schema\\\/logo\\\/image\\\/\"},\"sameAs\":[\"https:\\\/\\\/www.facebook.com\\\/ildammusodipantelleria\\\/\",\"https:\\\/\\\/www.instagram.com\\\/ildammusogram\\\/\"]},{\"@type\":\"Person\",\"@id\":\"https:\\\/\\\/www.ildammuso.com\\\/it\\\/#\\\/schema\\\/person\\\/a97bc2634c1ae772b6efbb07fef2b3a8\",\"name\":\"claudia\",\"image\":{\"@type\":\"ImageObject\",\"inLanguage\":\"it-IT\",\"@id\":\"https:\\\/\\\/secure.gravatar.com\\\/avatar\\\/bfa9e85032faeaffeaaafd48c7c09ad8da852ff133d8361db8721aff28093ebe?s=96&d=mm&r=g\",\"url\":\"https:\\\/\\\/secure.gravatar.com\\\/avatar\\\/bfa9e85032faeaffeaaafd48c7c09ad8da852ff133d8361db8721aff28093ebe?s=96&d=mm&r=g\",\"contentUrl\":\"https:\\\/\\\/secure.gravatar.com\\\/avatar\\\/bfa9e85032faeaffeaaafd48c7c09ad8da852ff133d8361db8721aff28093ebe?s=96&d=mm&r=g\",\"caption\":\"claudia\"}}]}<\/script>\n<!-- \/ Yoast SEO plugin. -->","yoast_head_json":{"title":"Pantelleria, grazie | Il Dammuso","description":"\"Pantelleria, grazie\": leggi l'articolo completo nel blog de Il Dammuso! A fine stagione il nostro grazie a Pantelleria","robots":{"index":"index","follow":"follow","max-snippet":"max-snippet:-1","max-image-preview":"max-image-preview:large","max-video-preview":"max-video-preview:-1"},"canonical":"https:\/\/www.ildammuso.com\/it\/pantelleria-grazie\/","og_locale":"it_IT","og_type":"article","og_title":"Pantelleria, grazie | Il Dammuso","og_description":"\"Pantelleria, grazie\": leggi l'articolo completo nel blog de Il Dammuso! A fine stagione il nostro grazie a Pantelleria","og_url":"https:\/\/www.ildammuso.com\/it\/pantelleria-grazie\/","og_site_name":"Il Dammuso","article_publisher":"https:\/\/www.facebook.com\/ildammusodipantelleria\/","article_published_time":"2023-10-02T16:36:53+00:00","article_modified_time":"2023-10-02T16:36:56+00:00","og_image":[{"width":2447,"height":2560,"url":"https:\/\/storage1254.cdn-immedia.net\/wp-content\/uploads\/2023\/10\/Grazie-scaled.jpg","type":"image\/jpeg"}],"author":"claudia","twitter_card":"summary_large_image","twitter_misc":{"Scritto da":"claudia","Tempo di lettura stimato":"3 minuti"},"schema":{"@context":"https:\/\/schema.org","@graph":[{"@type":"Article","@id":"https:\/\/www.ildammuso.com\/it\/pantelleria-grazie\/#article","isPartOf":{"@id":"https:\/\/www.ildammuso.com\/it\/pantelleria-grazie\/"},"author":{"name":"claudia","@id":"https:\/\/www.ildammuso.com\/it\/#\/schema\/person\/a97bc2634c1ae772b6efbb07fef2b3a8"},"headline":"Pantelleria, grazie","datePublished":"2023-10-02T16:36:53+00:00","dateModified":"2023-10-02T16:36:56+00:00","mainEntityOfPage":{"@id":"https:\/\/www.ildammuso.com\/it\/pantelleria-grazie\/"},"wordCount":499,"publisher":{"@id":"https:\/\/www.ildammuso.com\/it\/#organization"},"image":{"@id":"https:\/\/www.ildammuso.com\/it\/pantelleria-grazie\/#primaryimage"},"thumbnailUrl":"https:\/\/storage1254.cdn-immedia.net\/wp-content\/uploads\/2023\/10\/Grazie-scaled.jpg","keywords":["sunset","vibes","amici","colori","ildammuso","natura","pantelleria","stagione","tramonto"],"articleSection":["Corsi e ricorsi","Riflessioni da Pantelleria"],"inLanguage":"it-IT"},{"@type":"WebPage","@id":"https:\/\/www.ildammuso.com\/it\/pantelleria-grazie\/","url":"https:\/\/www.ildammuso.com\/it\/pantelleria-grazie\/","name":"Pantelleria, grazie | Il Dammuso","isPartOf":{"@id":"https:\/\/www.ildammuso.com\/it\/#website"},"primaryImageOfPage":{"@id":"https:\/\/www.ildammuso.com\/it\/pantelleria-grazie\/#primaryimage"},"image":{"@id":"https:\/\/www.ildammuso.com\/it\/pantelleria-grazie\/#primaryimage"},"thumbnailUrl":"https:\/\/storage1254.cdn-immedia.net\/wp-content\/uploads\/2023\/10\/Grazie-scaled.jpg","datePublished":"2023-10-02T16:36:53+00:00","dateModified":"2023-10-02T16:36:56+00:00","description":"\"Pantelleria, grazie\": leggi l'articolo completo nel blog de Il Dammuso! A fine stagione il nostro grazie a Pantelleria","breadcrumb":{"@id":"https:\/\/www.ildammuso.com\/it\/pantelleria-grazie\/#breadcrumb"},"inLanguage":"it-IT","potentialAction":[{"@type":"ReadAction","target":["https:\/\/www.ildammuso.com\/it\/pantelleria-grazie\/"]}]},{"@type":"ImageObject","inLanguage":"it-IT","@id":"https:\/\/www.ildammuso.com\/it\/pantelleria-grazie\/#primaryimage","url":"https:\/\/storage1254.cdn-immedia.net\/wp-content\/uploads\/2023\/10\/Grazie-scaled.jpg","contentUrl":"https:\/\/storage1254.cdn-immedia.net\/wp-content\/uploads\/2023\/10\/Grazie-scaled.jpg","width":2447,"height":2560},{"@type":"BreadcrumbList","@id":"https:\/\/www.ildammuso.com\/it\/pantelleria-grazie\/#breadcrumb","itemListElement":[{"@type":"ListItem","position":1,"name":"Home","item":"https:\/\/www.ildammuso.com\/it\/"},{"@type":"ListItem","position":2,"name":"&nbsp;"}]},{"@type":"WebSite","@id":"https:\/\/www.ildammuso.com\/it\/#website","url":"https:\/\/www.ildammuso.com\/it\/","name":"Il Dammuso","description":"Il tuo Dammuso a Pantelleria","publisher":{"@id":"https:\/\/www.ildammuso.com\/it\/#organization"},"potentialAction":[{"@type":"SearchAction","target":{"@type":"EntryPoint","urlTemplate":"https:\/\/www.ildammuso.com\/it\/?s={search_term_string}"},"query-input":{"@type":"PropertyValueSpecification","valueRequired":true,"valueName":"search_term_string"}}],"inLanguage":"it-IT"},{"@type":"Organization","@id":"https:\/\/www.ildammuso.com\/it\/#organization","name":"Il Dammuso","url":"https:\/\/www.ildammuso.com\/it\/","logo":{"@type":"ImageObject","inLanguage":"it-IT","@id":"https:\/\/www.ildammuso.com\/it\/#\/schema\/logo\/image\/","url":"https:\/\/storage1254.cdn-immedia.net\/wp-content\/uploads\/2022\/06\/logo-ildammuso.jpg","contentUrl":"https:\/\/storage1254.cdn-immedia.net\/wp-content\/uploads\/2022\/06\/logo-ildammuso.jpg","width":426,"height":395,"caption":"Il Dammuso"},"image":{"@id":"https:\/\/www.ildammuso.com\/it\/#\/schema\/logo\/image\/"},"sameAs":["https:\/\/www.facebook.com\/ildammusodipantelleria\/","https:\/\/www.instagram.com\/ildammusogram\/"]},{"@type":"Person","@id":"https:\/\/www.ildammuso.com\/it\/#\/schema\/person\/a97bc2634c1ae772b6efbb07fef2b3a8","name":"claudia","image":{"@type":"ImageObject","inLanguage":"it-IT","@id":"https:\/\/secure.gravatar.com\/avatar\/bfa9e85032faeaffeaaafd48c7c09ad8da852ff133d8361db8721aff28093ebe?s=96&d=mm&r=g","url":"https:\/\/secure.gravatar.com\/avatar\/bfa9e85032faeaffeaaafd48c7c09ad8da852ff133d8361db8721aff28093ebe?s=96&d=mm&r=g","contentUrl":"https:\/\/secure.gravatar.com\/avatar\/bfa9e85032faeaffeaaafd48c7c09ad8da852ff133d8361db8721aff28093ebe?s=96&d=mm&r=g","caption":"claudia"}}]}},"_links":{"self":[{"href":"https:\/\/www.ildammuso.com\/it\/wp-json\/wp\/v2\/posts\/22356","targetHints":{"allow":["GET"]}}],"collection":[{"href":"https:\/\/www.ildammuso.com\/it\/wp-json\/wp\/v2\/posts"}],"about":[{"href":"https:\/\/www.ildammuso.com\/it\/wp-json\/wp\/v2\/types\/post"}],"author":[{"embeddable":true,"href":"https:\/\/www.ildammuso.com\/it\/wp-json\/wp\/v2\/users\/3"}],"replies":[{"embeddable":true,"href":"https:\/\/www.ildammuso.com\/it\/wp-json\/wp\/v2\/comments?post=22356"}],"version-history":[{"count":1,"href":"https:\/\/www.ildammuso.com\/it\/wp-json\/wp\/v2\/posts\/22356\/revisions"}],"predecessor-version":[{"id":22359,"href":"https:\/\/www.ildammuso.com\/it\/wp-json\/wp\/v2\/posts\/22356\/revisions\/22359"}],"wp:featuredmedia":[{"embeddable":true,"href":"https:\/\/www.ildammuso.com\/it\/wp-json\/wp\/v2\/media\/22357"}],"wp:attachment":[{"href":"https:\/\/www.ildammuso.com\/it\/wp-json\/wp\/v2\/media?parent=22356"}],"wp:term":[{"taxonomy":"category","embeddable":true,"href":"https:\/\/www.ildammuso.com\/it\/wp-json\/wp\/v2\/categories?post=22356"},{"taxonomy":"post_tag","embeddable":true,"href":"https:\/\/www.ildammuso.com\/it\/wp-json\/wp\/v2\/tags?post=22356"}],"curies":[{"name":"wp","href":"https:\/\/api.w.org\/{rel}","templated":true}]}}