{"id":22367,"date":"2023-10-04T19:27:04","date_gmt":"2023-10-04T17:27:04","guid":{"rendered":"https:\/\/www.ildammuso.com\/?p=22367"},"modified":"2023-10-04T19:27:07","modified_gmt":"2023-10-04T17:27:07","slug":"il-ginocchio-sbucciato-il-tattoo-di-pantelleria","status":"publish","type":"post","link":"https:\/\/www.ildammuso.com\/it\/il-ginocchio-sbucciato-il-tattoo-di-pantelleria\/","title":{"rendered":"Il ginocchio sbucciato, il &#8220;tattoo&#8221; di Pantelleria"},"content":{"rendered":"\n<p>Un pomeriggio a <a href=\"https:\/\/www.ildammuso.com\/it\/le-fonti-bbuvire-di-pantelleria\/\">Cala Tramontana<\/a> mi sono ritrovata a chiacchierare con cinque o sei donne con giovanissima prole al seguito.<br>Parole e racconti spezzettati da \u201cvogliamo il gelato\u201d oppure \u201cio voglio fare di nuovo il bagno\u201d.<br>Il top \u00e8 stato: \u201cPossiamo andare a <a href=\"https:\/\/www.ildammuso.com\/it\/cala-levante-e-larco-dellelefante\/\">Cala Levante?<\/a>\u201d.<br>Le mamme in coro: \u201cMa chi? Voi da soli?!\u201d.<br>LORO: \u201cNo con noi vengono i GRANDI\u201d.<br>I \u201cgrandi\u201d erano rappresentati da due maschietti di anni tra gli otto e i dieci.<br>Insomma c\u2019era da sentirsi dentro una botte di ferro.<\/p>\n\n\n\n<p>Ma i bambini, lo sappiamo bene, se montano il \u201cmartello pneumatico\u201d non danno spazio al pensiero, ammutinano l\u2019azione, confondono come se fossi dentro al Carnevale di Rio de Janeiro o in balia di una schiera di mini \u201cbulli\u201d impazziti capaci di tartassarti fino allo sfinimento.<br>Fatta questa premessa ovviamente le mamme hanno ceduto (sono una mamma e so che significa mettere in salvo a fine giornata quei due neuroni che chiedono piet\u00e0).<\/p>\n\n\n\n<p>Cos\u00ec il patto \u00e8 stato: \u201cNoi andiamo al bar e vi guardiamo e che nessuno osi farsi un bagno\u201d.<br>Bisogna ammettere che i piccoli non sono venuti meno (tra mugugni e lamentele che hanno azzerato i due neuroni) ai patti.<br>Ma tra infradito, sandali calzati in maniera improbabile e scalate ardite ovviamente c\u2019\u00e8 scappata la sbucciatura del ginocchio.<br>Da l\u00ec in poi \u00e8 stato pianto, un incolparsi a catena e un discolparsi a catena.<br>Ma a un tratto la bambina di turno ha smesso di singhiozzare e l\u00ec ho assistito al momento pi\u00f9 ALTO della giornata.<br>Un coro unanime di mamme, me compresa, nel tentativo (ben riuscito) di consolare la piccola, come se ci fossimo messe d\u2019accordo, ciascuna ha mostrato con fierezza il proprio ginocchio sbucciato.<br>Una sola per\u00f2 ha proferito la frase magica: \u201cQuesto \u00e8 il piccolo pegno che chiede Pantelleria a chi la ama\u201d.<br>La cucciola, incredula innanzi a sei mamme con arti lacerocontusi, ha smesso di piangere.<br>Tutte noi siamo andate via, fiere della nostra et\u00e0 anagrafica e di quel \u201cmarchio\u201d pi\u00f9 o meno rimarginato che insegna che un ginocchio sbucciato fa tornare tutti piccoli.<\/p>\n\n\n\n<p>Anche se l\u2019acqua ossigenata brucia anche a cinquant\u2019anni.<\/p>\n\n\n\n<p>Foto di Giovanni Matta<\/p>\n","protected":false},"excerpt":{"rendered":"<p>Un pomeriggio a Cala Tramontana mi sono ritrovata a chiacchierare [&hellip;]<\/p>\n","protected":false},"author":3,"featured_media":22368,"comment_status":"closed","ping_status":"closed","sticky":false,"template":"","format":"standard","meta":{"_acf_changed":false,"footnotes":""},"categories":[446],"tags":[1193,1073,1074,966,228,91],"class_list":["post-22367","post","type-post","status-publish","format-standard","has-post-thumbnail","hentry","category-pantelleria-lisola","tag-kids","tag-calalevante","tag-calatramontana","tag-bambini-2","tag-ildammuso","tag-pantelleria"],"acf":[],"yoast_head":"<!-- This site is optimized with the Yoast SEO plugin v27.3 - https:\/\/yoast.com\/product\/yoast-seo-wordpress\/ -->\n<title>Il ginocchio sbucciato, il &quot;tattoo&quot; di Pantelleria | Il Dammuso<\/title>\n<meta name=\"description\" content=\"&quot;Il ginocchio sbucciato, il tattoo di Pantelleria&quot;: leggi l&#039;articolo completo nel blog de Il Dammuso! Un pomeriggio a Cala tramontana\" \/>\n<meta name=\"robots\" content=\"index, follow, max-snippet:-1, max-image-preview:large, max-video-preview:-1\" \/>\n<link rel=\"canonical\" href=\"https:\/\/www.ildammuso.com\/it\/il-ginocchio-sbucciato-il-tattoo-di-pantelleria\/\" \/>\n<meta property=\"og:locale\" content=\"it_IT\" \/>\n<meta property=\"og:type\" content=\"article\" \/>\n<meta property=\"og:title\" content=\"Il ginocchio sbucciato, il &quot;tattoo&quot; di Pantelleria | Il Dammuso\" \/>\n<meta property=\"og:description\" content=\"&quot;Il ginocchio sbucciato, il tattoo di Pantelleria&quot;: leggi l&#039;articolo completo nel blog de Il Dammuso! Un pomeriggio a Cala tramontana\" \/>\n<meta property=\"og:url\" content=\"https:\/\/www.ildammuso.com\/it\/il-ginocchio-sbucciato-il-tattoo-di-pantelleria\/\" \/>\n<meta property=\"og:site_name\" content=\"Il Dammuso\" \/>\n<meta property=\"article:publisher\" content=\"https:\/\/www.facebook.com\/ildammusodipantelleria\/\" \/>\n<meta property=\"article:published_time\" content=\"2023-10-04T17:27:04+00:00\" \/>\n<meta property=\"article:modified_time\" content=\"2023-10-04T17:27:07+00:00\" \/>\n<meta property=\"og:image\" content=\"https:\/\/storage1254.cdn-immedia.net\/wp-content\/uploads\/2023\/10\/ginocchia_sbucciate-scaled.jpg\" \/>\n\t<meta property=\"og:image:width\" content=\"2560\" \/>\n\t<meta property=\"og:image:height\" content=\"1920\" \/>\n\t<meta property=\"og:image:type\" content=\"image\/jpeg\" \/>\n<meta name=\"author\" content=\"claudia\" \/>\n<meta name=\"twitter:card\" content=\"summary_large_image\" \/>\n<meta name=\"twitter:label1\" content=\"Scritto da\" \/>\n\t<meta name=\"twitter:data1\" content=\"claudia\" \/>\n\t<meta name=\"twitter:label2\" content=\"Tempo di lettura stimato\" \/>\n\t<meta name=\"twitter:data2\" content=\"2 minuti\" \/>\n<script type=\"application\/ld+json\" class=\"yoast-schema-graph\">{\"@context\":\"https:\\\/\\\/schema.org\",\"@graph\":[{\"@type\":\"Article\",\"@id\":\"https:\\\/\\\/www.ildammuso.com\\\/it\\\/il-ginocchio-sbucciato-il-tattoo-di-pantelleria\\\/#article\",\"isPartOf\":{\"@id\":\"https:\\\/\\\/www.ildammuso.com\\\/it\\\/il-ginocchio-sbucciato-il-tattoo-di-pantelleria\\\/\"},\"author\":{\"name\":\"claudia\",\"@id\":\"https:\\\/\\\/www.ildammuso.com\\\/it\\\/#\\\/schema\\\/person\\\/a97bc2634c1ae772b6efbb07fef2b3a8\"},\"headline\":\"Il ginocchio sbucciato, il &#8220;tattoo&#8221; di Pantelleria\",\"datePublished\":\"2023-10-04T17:27:04+00:00\",\"dateModified\":\"2023-10-04T17:27:07+00:00\",\"mainEntityOfPage\":{\"@id\":\"https:\\\/\\\/www.ildammuso.com\\\/it\\\/il-ginocchio-sbucciato-il-tattoo-di-pantelleria\\\/\"},\"wordCount\":365,\"publisher\":{\"@id\":\"https:\\\/\\\/www.ildammuso.com\\\/it\\\/#organization\"},\"image\":{\"@id\":\"https:\\\/\\\/www.ildammuso.com\\\/it\\\/il-ginocchio-sbucciato-il-tattoo-di-pantelleria\\\/#primaryimage\"},\"thumbnailUrl\":\"https:\\\/\\\/www.ildammuso.com\\\/wp-content\\\/uploads\\\/2023\\\/10\\\/ginocchia_sbucciate-scaled.jpg\",\"keywords\":[\"kids\",\"calalevante\",\"calatramontana\",\"bambini\",\"ildammuso\",\"pantelleria\"],\"articleSection\":[\"Pantelleria, l'isola\"],\"inLanguage\":\"it-IT\"},{\"@type\":\"WebPage\",\"@id\":\"https:\\\/\\\/www.ildammuso.com\\\/it\\\/il-ginocchio-sbucciato-il-tattoo-di-pantelleria\\\/\",\"url\":\"https:\\\/\\\/www.ildammuso.com\\\/it\\\/il-ginocchio-sbucciato-il-tattoo-di-pantelleria\\\/\",\"name\":\"Il ginocchio sbucciato, il \\\"tattoo\\\" di Pantelleria | Il Dammuso\",\"isPartOf\":{\"@id\":\"https:\\\/\\\/www.ildammuso.com\\\/it\\\/#website\"},\"primaryImageOfPage\":{\"@id\":\"https:\\\/\\\/www.ildammuso.com\\\/it\\\/il-ginocchio-sbucciato-il-tattoo-di-pantelleria\\\/#primaryimage\"},\"image\":{\"@id\":\"https:\\\/\\\/www.ildammuso.com\\\/it\\\/il-ginocchio-sbucciato-il-tattoo-di-pantelleria\\\/#primaryimage\"},\"thumbnailUrl\":\"https:\\\/\\\/www.ildammuso.com\\\/wp-content\\\/uploads\\\/2023\\\/10\\\/ginocchia_sbucciate-scaled.jpg\",\"datePublished\":\"2023-10-04T17:27:04+00:00\",\"dateModified\":\"2023-10-04T17:27:07+00:00\",\"description\":\"\\\"Il ginocchio sbucciato, il tattoo di Pantelleria\\\": leggi l'articolo completo nel blog de Il Dammuso! Un pomeriggio a Cala tramontana\",\"breadcrumb\":{\"@id\":\"https:\\\/\\\/www.ildammuso.com\\\/it\\\/il-ginocchio-sbucciato-il-tattoo-di-pantelleria\\\/#breadcrumb\"},\"inLanguage\":\"it-IT\",\"potentialAction\":[{\"@type\":\"ReadAction\",\"target\":[\"https:\\\/\\\/www.ildammuso.com\\\/it\\\/il-ginocchio-sbucciato-il-tattoo-di-pantelleria\\\/\"]}]},{\"@type\":\"ImageObject\",\"inLanguage\":\"it-IT\",\"@id\":\"https:\\\/\\\/www.ildammuso.com\\\/it\\\/il-ginocchio-sbucciato-il-tattoo-di-pantelleria\\\/#primaryimage\",\"url\":\"https:\\\/\\\/www.ildammuso.com\\\/wp-content\\\/uploads\\\/2023\\\/10\\\/ginocchia_sbucciate-scaled.jpg\",\"contentUrl\":\"https:\\\/\\\/www.ildammuso.com\\\/wp-content\\\/uploads\\\/2023\\\/10\\\/ginocchia_sbucciate-scaled.jpg\",\"width\":2560,\"height\":1920},{\"@type\":\"BreadcrumbList\",\"@id\":\"https:\\\/\\\/www.ildammuso.com\\\/it\\\/il-ginocchio-sbucciato-il-tattoo-di-pantelleria\\\/#breadcrumb\",\"itemListElement\":[{\"@type\":\"ListItem\",\"position\":1,\"name\":\"Home\",\"item\":\"https:\\\/\\\/www.ildammuso.com\\\/it\\\/\"},{\"@type\":\"ListItem\",\"position\":2,\"name\":\"&nbsp;\"}]},{\"@type\":\"WebSite\",\"@id\":\"https:\\\/\\\/www.ildammuso.com\\\/it\\\/#website\",\"url\":\"https:\\\/\\\/www.ildammuso.com\\\/it\\\/\",\"name\":\"Il Dammuso\",\"description\":\"Il tuo Dammuso a Pantelleria\",\"publisher\":{\"@id\":\"https:\\\/\\\/www.ildammuso.com\\\/it\\\/#organization\"},\"potentialAction\":[{\"@type\":\"SearchAction\",\"target\":{\"@type\":\"EntryPoint\",\"urlTemplate\":\"https:\\\/\\\/www.ildammuso.com\\\/it\\\/?s={search_term_string}\"},\"query-input\":{\"@type\":\"PropertyValueSpecification\",\"valueRequired\":true,\"valueName\":\"search_term_string\"}}],\"inLanguage\":\"it-IT\"},{\"@type\":\"Organization\",\"@id\":\"https:\\\/\\\/www.ildammuso.com\\\/it\\\/#organization\",\"name\":\"Il Dammuso\",\"url\":\"https:\\\/\\\/www.ildammuso.com\\\/it\\\/\",\"logo\":{\"@type\":\"ImageObject\",\"inLanguage\":\"it-IT\",\"@id\":\"https:\\\/\\\/www.ildammuso.com\\\/it\\\/#\\\/schema\\\/logo\\\/image\\\/\",\"url\":\"https:\\\/\\\/www.ildammuso.com\\\/wp-content\\\/uploads\\\/2022\\\/06\\\/logo-ildammuso.jpg\",\"contentUrl\":\"https:\\\/\\\/www.ildammuso.com\\\/wp-content\\\/uploads\\\/2022\\\/06\\\/logo-ildammuso.jpg\",\"width\":426,\"height\":395,\"caption\":\"Il Dammuso\"},\"image\":{\"@id\":\"https:\\\/\\\/www.ildammuso.com\\\/it\\\/#\\\/schema\\\/logo\\\/image\\\/\"},\"sameAs\":[\"https:\\\/\\\/www.facebook.com\\\/ildammusodipantelleria\\\/\",\"https:\\\/\\\/www.instagram.com\\\/ildammusogram\\\/\"]},{\"@type\":\"Person\",\"@id\":\"https:\\\/\\\/www.ildammuso.com\\\/it\\\/#\\\/schema\\\/person\\\/a97bc2634c1ae772b6efbb07fef2b3a8\",\"name\":\"claudia\",\"image\":{\"@type\":\"ImageObject\",\"inLanguage\":\"it-IT\",\"@id\":\"https:\\\/\\\/secure.gravatar.com\\\/avatar\\\/bfa9e85032faeaffeaaafd48c7c09ad8da852ff133d8361db8721aff28093ebe?s=96&d=mm&r=g\",\"url\":\"https:\\\/\\\/secure.gravatar.com\\\/avatar\\\/bfa9e85032faeaffeaaafd48c7c09ad8da852ff133d8361db8721aff28093ebe?s=96&d=mm&r=g\",\"contentUrl\":\"https:\\\/\\\/secure.gravatar.com\\\/avatar\\\/bfa9e85032faeaffeaaafd48c7c09ad8da852ff133d8361db8721aff28093ebe?s=96&d=mm&r=g\",\"caption\":\"claudia\"}}]}<\/script>\n<!-- \/ Yoast SEO plugin. -->","yoast_head_json":{"title":"Il ginocchio sbucciato, il \"tattoo\" di Pantelleria | Il Dammuso","description":"\"Il ginocchio sbucciato, il tattoo di Pantelleria\": leggi l'articolo completo nel blog de Il Dammuso! Un pomeriggio a Cala tramontana","robots":{"index":"index","follow":"follow","max-snippet":"max-snippet:-1","max-image-preview":"max-image-preview:large","max-video-preview":"max-video-preview:-1"},"canonical":"https:\/\/www.ildammuso.com\/it\/il-ginocchio-sbucciato-il-tattoo-di-pantelleria\/","og_locale":"it_IT","og_type":"article","og_title":"Il ginocchio sbucciato, il \"tattoo\" di Pantelleria | Il Dammuso","og_description":"\"Il ginocchio sbucciato, il tattoo di Pantelleria\": leggi l'articolo completo nel blog de Il Dammuso! Un pomeriggio a Cala tramontana","og_url":"https:\/\/www.ildammuso.com\/it\/il-ginocchio-sbucciato-il-tattoo-di-pantelleria\/","og_site_name":"Il Dammuso","article_publisher":"https:\/\/www.facebook.com\/ildammusodipantelleria\/","article_published_time":"2023-10-04T17:27:04+00:00","article_modified_time":"2023-10-04T17:27:07+00:00","og_image":[{"width":2560,"height":1920,"url":"https:\/\/storage1254.cdn-immedia.net\/wp-content\/uploads\/2023\/10\/ginocchia_sbucciate-scaled.jpg","type":"image\/jpeg"}],"author":"claudia","twitter_card":"summary_large_image","twitter_misc":{"Scritto da":"claudia","Tempo di lettura stimato":"2 minuti"},"schema":{"@context":"https:\/\/schema.org","@graph":[{"@type":"Article","@id":"https:\/\/www.ildammuso.com\/it\/il-ginocchio-sbucciato-il-tattoo-di-pantelleria\/#article","isPartOf":{"@id":"https:\/\/www.ildammuso.com\/it\/il-ginocchio-sbucciato-il-tattoo-di-pantelleria\/"},"author":{"name":"claudia","@id":"https:\/\/www.ildammuso.com\/it\/#\/schema\/person\/a97bc2634c1ae772b6efbb07fef2b3a8"},"headline":"Il ginocchio sbucciato, il &#8220;tattoo&#8221; di Pantelleria","datePublished":"2023-10-04T17:27:04+00:00","dateModified":"2023-10-04T17:27:07+00:00","mainEntityOfPage":{"@id":"https:\/\/www.ildammuso.com\/it\/il-ginocchio-sbucciato-il-tattoo-di-pantelleria\/"},"wordCount":365,"publisher":{"@id":"https:\/\/www.ildammuso.com\/it\/#organization"},"image":{"@id":"https:\/\/www.ildammuso.com\/it\/il-ginocchio-sbucciato-il-tattoo-di-pantelleria\/#primaryimage"},"thumbnailUrl":"https:\/\/storage1254.cdn-immedia.net\/wp-content\/uploads\/2023\/10\/ginocchia_sbucciate-scaled.jpg","keywords":["kids","calalevante","calatramontana","bambini","ildammuso","pantelleria"],"articleSection":["Pantelleria, l'isola"],"inLanguage":"it-IT"},{"@type":"WebPage","@id":"https:\/\/www.ildammuso.com\/it\/il-ginocchio-sbucciato-il-tattoo-di-pantelleria\/","url":"https:\/\/www.ildammuso.com\/it\/il-ginocchio-sbucciato-il-tattoo-di-pantelleria\/","name":"Il ginocchio sbucciato, il \"tattoo\" di Pantelleria | Il Dammuso","isPartOf":{"@id":"https:\/\/www.ildammuso.com\/it\/#website"},"primaryImageOfPage":{"@id":"https:\/\/www.ildammuso.com\/it\/il-ginocchio-sbucciato-il-tattoo-di-pantelleria\/#primaryimage"},"image":{"@id":"https:\/\/www.ildammuso.com\/it\/il-ginocchio-sbucciato-il-tattoo-di-pantelleria\/#primaryimage"},"thumbnailUrl":"https:\/\/storage1254.cdn-immedia.net\/wp-content\/uploads\/2023\/10\/ginocchia_sbucciate-scaled.jpg","datePublished":"2023-10-04T17:27:04+00:00","dateModified":"2023-10-04T17:27:07+00:00","description":"\"Il ginocchio sbucciato, il tattoo di Pantelleria\": leggi l'articolo completo nel blog de Il Dammuso! Un pomeriggio a Cala tramontana","breadcrumb":{"@id":"https:\/\/www.ildammuso.com\/it\/il-ginocchio-sbucciato-il-tattoo-di-pantelleria\/#breadcrumb"},"inLanguage":"it-IT","potentialAction":[{"@type":"ReadAction","target":["https:\/\/www.ildammuso.com\/it\/il-ginocchio-sbucciato-il-tattoo-di-pantelleria\/"]}]},{"@type":"ImageObject","inLanguage":"it-IT","@id":"https:\/\/www.ildammuso.com\/it\/il-ginocchio-sbucciato-il-tattoo-di-pantelleria\/#primaryimage","url":"https:\/\/storage1254.cdn-immedia.net\/wp-content\/uploads\/2023\/10\/ginocchia_sbucciate-scaled.jpg","contentUrl":"https:\/\/storage1254.cdn-immedia.net\/wp-content\/uploads\/2023\/10\/ginocchia_sbucciate-scaled.jpg","width":2560,"height":1920},{"@type":"BreadcrumbList","@id":"https:\/\/www.ildammuso.com\/it\/il-ginocchio-sbucciato-il-tattoo-di-pantelleria\/#breadcrumb","itemListElement":[{"@type":"ListItem","position":1,"name":"Home","item":"https:\/\/www.ildammuso.com\/it\/"},{"@type":"ListItem","position":2,"name":"&nbsp;"}]},{"@type":"WebSite","@id":"https:\/\/www.ildammuso.com\/it\/#website","url":"https:\/\/www.ildammuso.com\/it\/","name":"Il Dammuso","description":"Il tuo Dammuso a Pantelleria","publisher":{"@id":"https:\/\/www.ildammuso.com\/it\/#organization"},"potentialAction":[{"@type":"SearchAction","target":{"@type":"EntryPoint","urlTemplate":"https:\/\/www.ildammuso.com\/it\/?s={search_term_string}"},"query-input":{"@type":"PropertyValueSpecification","valueRequired":true,"valueName":"search_term_string"}}],"inLanguage":"it-IT"},{"@type":"Organization","@id":"https:\/\/www.ildammuso.com\/it\/#organization","name":"Il Dammuso","url":"https:\/\/www.ildammuso.com\/it\/","logo":{"@type":"ImageObject","inLanguage":"it-IT","@id":"https:\/\/www.ildammuso.com\/it\/#\/schema\/logo\/image\/","url":"https:\/\/storage1254.cdn-immedia.net\/wp-content\/uploads\/2022\/06\/logo-ildammuso.jpg","contentUrl":"https:\/\/storage1254.cdn-immedia.net\/wp-content\/uploads\/2022\/06\/logo-ildammuso.jpg","width":426,"height":395,"caption":"Il Dammuso"},"image":{"@id":"https:\/\/www.ildammuso.com\/it\/#\/schema\/logo\/image\/"},"sameAs":["https:\/\/www.facebook.com\/ildammusodipantelleria\/","https:\/\/www.instagram.com\/ildammusogram\/"]},{"@type":"Person","@id":"https:\/\/www.ildammuso.com\/it\/#\/schema\/person\/a97bc2634c1ae772b6efbb07fef2b3a8","name":"claudia","image":{"@type":"ImageObject","inLanguage":"it-IT","@id":"https:\/\/secure.gravatar.com\/avatar\/bfa9e85032faeaffeaaafd48c7c09ad8da852ff133d8361db8721aff28093ebe?s=96&d=mm&r=g","url":"https:\/\/secure.gravatar.com\/avatar\/bfa9e85032faeaffeaaafd48c7c09ad8da852ff133d8361db8721aff28093ebe?s=96&d=mm&r=g","contentUrl":"https:\/\/secure.gravatar.com\/avatar\/bfa9e85032faeaffeaaafd48c7c09ad8da852ff133d8361db8721aff28093ebe?s=96&d=mm&r=g","caption":"claudia"}}]}},"_links":{"self":[{"href":"https:\/\/www.ildammuso.com\/it\/wp-json\/wp\/v2\/posts\/22367","targetHints":{"allow":["GET"]}}],"collection":[{"href":"https:\/\/www.ildammuso.com\/it\/wp-json\/wp\/v2\/posts"}],"about":[{"href":"https:\/\/www.ildammuso.com\/it\/wp-json\/wp\/v2\/types\/post"}],"author":[{"embeddable":true,"href":"https:\/\/www.ildammuso.com\/it\/wp-json\/wp\/v2\/users\/3"}],"replies":[{"embeddable":true,"href":"https:\/\/www.ildammuso.com\/it\/wp-json\/wp\/v2\/comments?post=22367"}],"version-history":[{"count":1,"href":"https:\/\/www.ildammuso.com\/it\/wp-json\/wp\/v2\/posts\/22367\/revisions"}],"predecessor-version":[{"id":22370,"href":"https:\/\/www.ildammuso.com\/it\/wp-json\/wp\/v2\/posts\/22367\/revisions\/22370"}],"wp:featuredmedia":[{"embeddable":true,"href":"https:\/\/www.ildammuso.com\/it\/wp-json\/wp\/v2\/media\/22368"}],"wp:attachment":[{"href":"https:\/\/www.ildammuso.com\/it\/wp-json\/wp\/v2\/media?parent=22367"}],"wp:term":[{"taxonomy":"category","embeddable":true,"href":"https:\/\/www.ildammuso.com\/it\/wp-json\/wp\/v2\/categories?post=22367"},{"taxonomy":"post_tag","embeddable":true,"href":"https:\/\/www.ildammuso.com\/it\/wp-json\/wp\/v2\/tags?post=22367"}],"curies":[{"name":"wp","href":"https:\/\/api.w.org\/{rel}","templated":true}]}}