{"id":22421,"date":"2023-10-16T19:01:40","date_gmt":"2023-10-16T17:01:40","guid":{"rendered":"https:\/\/www.ildammuso.com\/?p=22421"},"modified":"2023-10-16T19:01:42","modified_gmt":"2023-10-16T17:01:42","slug":"pantelleria-e-il-mio-mestiere-2","status":"publish","type":"post","link":"https:\/\/www.ildammuso.com\/it\/pantelleria-e-il-mio-mestiere-2\/","title":{"rendered":"&#8220;Pantelleria \u00e8 il mio mestiere&#8221;"},"content":{"rendered":"\n<p>\u00c8 il mio ricordo di fine stagione:<br>quando il sabato e la domenica voi siete al mare o in gita in campagna, quello \u00e8 il turno nostro.<br>Schegge impazzite dentro una Pantelleria morbida che fa da cuscinetto ai saluti di andata e ritorno.<br><\/p>\n\n\n\n<p>Dopo una settimana durante la quale abbiamo incasellato arrivi e partenze, riparato lampadine fulminate, cambiato bombole del gas ad improbabili orari, incontrato ospiti amici e aver fatto chiacchiera e \u201cgi\u00e0 che sei qui ti chiedo se riesci ad accendere la tv satellitare\u201d e \u201cper favore mi cambi la sdraio che mio marito si \u00e8 seduto a corpo morto e l\u2019ha distrutta\u201d.<br>Insomma dopo una settimana in cui il lavoro \u00e8 fatto di pc, improbabili interventi e programmazione.<br>Giornate ti regali bagno al mare al posto del pranzo, ma non puoi andare dietro l\u2019isola che l\u00ec il telefono non prende e allora scegli il mare che ti \u201c\u00e8 concesso\u201d e poi torni di fretta perch\u00e9 c\u2019\u00e8 da lavorare, ma quel bagno \u00e8 stato tra i pi\u00f9 belli della stagione (dici a te stesso) mentre percorri la strada che ti riporta davanti al tuo pc.<br>Estensione e prolungamento del braccio, dei tuoi pensieri e delle tue preoccupazioni.<br><br>Cos\u00ec poi arrivano il sabato e la domenica.<\/p>\n\n\n\n<p>Ed \u00e8 il momento in cui bisogna salutare chi parte e accogliere chi arriva.<br>Ciascuno di noi ha le sue scadenze che gli aerei ignorano.<br>E se nella tua scaletta hai previsto un arrivo per le dieci che si sposta alle undici sovrapponendosi a un saluto o ad un altro arrivo, hai due possibilit\u00e0: rompere le scatole ai tuoi compagni di lavoro (che probabilmente sono nelle tue stesse condizioni e gi\u00e0 lo sai perch\u00e9 conosci il loro \u201cpiano di lavoro\u201d) o decidi di fare i salti mortali per riuscire a fare l\u2019uno e l\u2019altro nel miglior modo possibile.<br>Giornate interminabili, fatte di attese, di scambi, di telefonate coi clienti che talvolta restano \u201csospesi\u201d in aeroporto, di abbracci con promesse di ritorno \u201ce questo inverno ci sentiamo, per\u00f2, vero?\u201d e \u201ccerto che ci sentiamo, ti scrivo, se posso vengo a trovarti e aspetto una tua telefonata\u201d, tutto questo mentre vai via.<br>e volti le spalle a chi \u00e8 diventato \u201camico\u201d, per qualche strana alchimia.<br>\u00c8 con questo stato d\u2019animo che vai incontro ad un nuovo ospite che non conosci, ma riconoscerai immediatamente, nell\u2019istante in cui le nostre auto si accosteranno e ne usciremo tutti sudati e festanti, loro perch\u00e9 sono giunti alla meta e noi perch\u00e9 alla meta siamo vicini.<\/p>\n\n\n\n<p>Non \u00e8 sempre un lavoro comodo il nostro.<br>Non posso neanche dire che sia scomodo.<br>Esiste una unica verit\u00e0, ineluttabile come il pervicace cappero che si arrampica sulla roccia, la fende e la vince, io amo questo lavoro.<br>Amo Pantelleria, questo viavai di storie e persone, i saluti da un\u2019auto all\u2019altra, il latte e caff\u00e8 che mi attende gi\u00e0 pronto al tavolo non appena la mia auto passa, la gente che, in un solo istante, passa da lontana a vicina, la quiete di certe sere e quel cielo che di stelle ne ha quasi troppe.<\/p>\n","protected":false},"excerpt":{"rendered":"<p>\u00c8 il mio ricordo di fine stagione:quando il sabato e [&hellip;]<\/p>\n","protected":false},"author":3,"featured_media":22422,"comment_status":"closed","ping_status":"closed","sticky":false,"template":"","format":"standard","meta":{"_acf_changed":false,"footnotes":""},"categories":[1,441],"tags":[1201,1202,1203,1204,903,901,902,228,150,91,749],"class_list":["post-22421","post","type-post","status-publish","format-standard","has-post-thumbnail","hentry","category-ildammuso-com","category-pippe","tag-andataeristorno","tag-saluti-2","tag-amicizia","tag-mestiere-2","tag-arrivi","tag-andata","tag-ritorno","tag-ildammuso","tag-lavoro","tag-pantelleria","tag-partenze-2"],"acf":[],"yoast_head":"<!-- This site is optimized with the Yoast SEO plugin v27.3 - https:\/\/yoast.com\/product\/yoast-seo-wordpress\/ -->\n<title>&quot;Pantelleria \u00e8 il mio mestiere&quot; | Il Dammuso<\/title>\n<meta name=\"description\" content=\"&quot;Pantelleria \u00e8 il mio mestiere&quot;: leggi l&#039;articolo completo nel blog de Il Dammuso! Pantelleria \u00e8 il mio lavoro, il pi\u00f9 bello del mondo\" \/>\n<meta name=\"robots\" content=\"index, follow, max-snippet:-1, max-image-preview:large, max-video-preview:-1\" \/>\n<link rel=\"canonical\" href=\"https:\/\/www.ildammuso.com\/it\/pantelleria-e-il-mio-mestiere-2\/\" \/>\n<meta property=\"og:locale\" content=\"it_IT\" \/>\n<meta property=\"og:type\" content=\"article\" \/>\n<meta property=\"og:title\" content=\"&quot;Pantelleria \u00e8 il mio mestiere&quot; | Il Dammuso\" \/>\n<meta property=\"og:description\" content=\"&quot;Pantelleria \u00e8 il mio mestiere&quot;: leggi l&#039;articolo completo nel blog de Il Dammuso! Pantelleria \u00e8 il mio lavoro, il pi\u00f9 bello del mondo\" \/>\n<meta property=\"og:url\" content=\"https:\/\/www.ildammuso.com\/it\/pantelleria-e-il-mio-mestiere-2\/\" \/>\n<meta property=\"og:site_name\" content=\"Il Dammuso\" \/>\n<meta property=\"article:publisher\" content=\"https:\/\/www.facebook.com\/ildammusodipantelleria\/\" \/>\n<meta property=\"article:published_time\" content=\"2023-10-16T17:01:40+00:00\" \/>\n<meta property=\"article:modified_time\" content=\"2023-10-16T17:01:42+00:00\" \/>\n<meta property=\"og:image\" content=\"https:\/\/storage1254.cdn-immedia.net\/wp-content\/uploads\/2023\/10\/ricordo-fine-stagione-scaled.jpg\" \/>\n\t<meta property=\"og:image:width\" content=\"1928\" \/>\n\t<meta property=\"og:image:height\" content=\"2560\" \/>\n\t<meta property=\"og:image:type\" content=\"image\/jpeg\" \/>\n<meta name=\"author\" content=\"claudia\" \/>\n<meta name=\"twitter:card\" content=\"summary_large_image\" \/>\n<meta name=\"twitter:label1\" content=\"Scritto da\" \/>\n\t<meta name=\"twitter:data1\" content=\"claudia\" \/>\n\t<meta name=\"twitter:label2\" content=\"Tempo di lettura stimato\" \/>\n\t<meta name=\"twitter:data2\" content=\"3 minuti\" \/>\n<script type=\"application\/ld+json\" class=\"yoast-schema-graph\">{\"@context\":\"https:\\\/\\\/schema.org\",\"@graph\":[{\"@type\":\"Article\",\"@id\":\"https:\\\/\\\/www.ildammuso.com\\\/it\\\/pantelleria-e-il-mio-mestiere-2\\\/#article\",\"isPartOf\":{\"@id\":\"https:\\\/\\\/www.ildammuso.com\\\/it\\\/pantelleria-e-il-mio-mestiere-2\\\/\"},\"author\":{\"name\":\"claudia\",\"@id\":\"https:\\\/\\\/www.ildammuso.com\\\/it\\\/#\\\/schema\\\/person\\\/a97bc2634c1ae772b6efbb07fef2b3a8\"},\"headline\":\"&#8220;Pantelleria \u00e8 il mio mestiere&#8221;\",\"datePublished\":\"2023-10-16T17:01:40+00:00\",\"dateModified\":\"2023-10-16T17:01:42+00:00\",\"mainEntityOfPage\":{\"@id\":\"https:\\\/\\\/www.ildammuso.com\\\/it\\\/pantelleria-e-il-mio-mestiere-2\\\/\"},\"wordCount\":512,\"publisher\":{\"@id\":\"https:\\\/\\\/www.ildammuso.com\\\/it\\\/#organization\"},\"image\":{\"@id\":\"https:\\\/\\\/www.ildammuso.com\\\/it\\\/pantelleria-e-il-mio-mestiere-2\\\/#primaryimage\"},\"thumbnailUrl\":\"https:\\\/\\\/www.ildammuso.com\\\/wp-content\\\/uploads\\\/2023\\\/10\\\/ricordo-fine-stagione-scaled.jpg\",\"keywords\":[\"andataeristorno\",\"saluti\",\"amicizia\",\"mestiere\",\"arrivi\",\"andata\",\"ritorno\",\"ildammuso\",\"lavoro\",\"pantelleria\",\"partenze\"],\"articleSection\":[\"ildammuso.com\",\"Pippe d'altura\"],\"inLanguage\":\"it-IT\"},{\"@type\":\"WebPage\",\"@id\":\"https:\\\/\\\/www.ildammuso.com\\\/it\\\/pantelleria-e-il-mio-mestiere-2\\\/\",\"url\":\"https:\\\/\\\/www.ildammuso.com\\\/it\\\/pantelleria-e-il-mio-mestiere-2\\\/\",\"name\":\"\\\"Pantelleria \u00e8 il mio mestiere\\\" | Il Dammuso\",\"isPartOf\":{\"@id\":\"https:\\\/\\\/www.ildammuso.com\\\/it\\\/#website\"},\"primaryImageOfPage\":{\"@id\":\"https:\\\/\\\/www.ildammuso.com\\\/it\\\/pantelleria-e-il-mio-mestiere-2\\\/#primaryimage\"},\"image\":{\"@id\":\"https:\\\/\\\/www.ildammuso.com\\\/it\\\/pantelleria-e-il-mio-mestiere-2\\\/#primaryimage\"},\"thumbnailUrl\":\"https:\\\/\\\/www.ildammuso.com\\\/wp-content\\\/uploads\\\/2023\\\/10\\\/ricordo-fine-stagione-scaled.jpg\",\"datePublished\":\"2023-10-16T17:01:40+00:00\",\"dateModified\":\"2023-10-16T17:01:42+00:00\",\"description\":\"\\\"Pantelleria \u00e8 il mio mestiere\\\": leggi l'articolo completo nel blog de Il Dammuso! Pantelleria \u00e8 il mio lavoro, il pi\u00f9 bello del mondo\",\"breadcrumb\":{\"@id\":\"https:\\\/\\\/www.ildammuso.com\\\/it\\\/pantelleria-e-il-mio-mestiere-2\\\/#breadcrumb\"},\"inLanguage\":\"it-IT\",\"potentialAction\":[{\"@type\":\"ReadAction\",\"target\":[\"https:\\\/\\\/www.ildammuso.com\\\/it\\\/pantelleria-e-il-mio-mestiere-2\\\/\"]}]},{\"@type\":\"ImageObject\",\"inLanguage\":\"it-IT\",\"@id\":\"https:\\\/\\\/www.ildammuso.com\\\/it\\\/pantelleria-e-il-mio-mestiere-2\\\/#primaryimage\",\"url\":\"https:\\\/\\\/www.ildammuso.com\\\/wp-content\\\/uploads\\\/2023\\\/10\\\/ricordo-fine-stagione-scaled.jpg\",\"contentUrl\":\"https:\\\/\\\/www.ildammuso.com\\\/wp-content\\\/uploads\\\/2023\\\/10\\\/ricordo-fine-stagione-scaled.jpg\",\"width\":1928,\"height\":2560},{\"@type\":\"BreadcrumbList\",\"@id\":\"https:\\\/\\\/www.ildammuso.com\\\/it\\\/pantelleria-e-il-mio-mestiere-2\\\/#breadcrumb\",\"itemListElement\":[{\"@type\":\"ListItem\",\"position\":1,\"name\":\"Home\",\"item\":\"https:\\\/\\\/www.ildammuso.com\\\/it\\\/\"},{\"@type\":\"ListItem\",\"position\":2,\"name\":\"&nbsp;\"}]},{\"@type\":\"WebSite\",\"@id\":\"https:\\\/\\\/www.ildammuso.com\\\/it\\\/#website\",\"url\":\"https:\\\/\\\/www.ildammuso.com\\\/it\\\/\",\"name\":\"Il Dammuso\",\"description\":\"Il tuo Dammuso a Pantelleria\",\"publisher\":{\"@id\":\"https:\\\/\\\/www.ildammuso.com\\\/it\\\/#organization\"},\"potentialAction\":[{\"@type\":\"SearchAction\",\"target\":{\"@type\":\"EntryPoint\",\"urlTemplate\":\"https:\\\/\\\/www.ildammuso.com\\\/it\\\/?s={search_term_string}\"},\"query-input\":{\"@type\":\"PropertyValueSpecification\",\"valueRequired\":true,\"valueName\":\"search_term_string\"}}],\"inLanguage\":\"it-IT\"},{\"@type\":\"Organization\",\"@id\":\"https:\\\/\\\/www.ildammuso.com\\\/it\\\/#organization\",\"name\":\"Il Dammuso\",\"url\":\"https:\\\/\\\/www.ildammuso.com\\\/it\\\/\",\"logo\":{\"@type\":\"ImageObject\",\"inLanguage\":\"it-IT\",\"@id\":\"https:\\\/\\\/www.ildammuso.com\\\/it\\\/#\\\/schema\\\/logo\\\/image\\\/\",\"url\":\"https:\\\/\\\/www.ildammuso.com\\\/wp-content\\\/uploads\\\/2022\\\/06\\\/logo-ildammuso.jpg\",\"contentUrl\":\"https:\\\/\\\/www.ildammuso.com\\\/wp-content\\\/uploads\\\/2022\\\/06\\\/logo-ildammuso.jpg\",\"width\":426,\"height\":395,\"caption\":\"Il Dammuso\"},\"image\":{\"@id\":\"https:\\\/\\\/www.ildammuso.com\\\/it\\\/#\\\/schema\\\/logo\\\/image\\\/\"},\"sameAs\":[\"https:\\\/\\\/www.facebook.com\\\/ildammusodipantelleria\\\/\",\"https:\\\/\\\/www.instagram.com\\\/ildammusogram\\\/\"]},{\"@type\":\"Person\",\"@id\":\"https:\\\/\\\/www.ildammuso.com\\\/it\\\/#\\\/schema\\\/person\\\/a97bc2634c1ae772b6efbb07fef2b3a8\",\"name\":\"claudia\",\"image\":{\"@type\":\"ImageObject\",\"inLanguage\":\"it-IT\",\"@id\":\"https:\\\/\\\/secure.gravatar.com\\\/avatar\\\/bfa9e85032faeaffeaaafd48c7c09ad8da852ff133d8361db8721aff28093ebe?s=96&d=mm&r=g\",\"url\":\"https:\\\/\\\/secure.gravatar.com\\\/avatar\\\/bfa9e85032faeaffeaaafd48c7c09ad8da852ff133d8361db8721aff28093ebe?s=96&d=mm&r=g\",\"contentUrl\":\"https:\\\/\\\/secure.gravatar.com\\\/avatar\\\/bfa9e85032faeaffeaaafd48c7c09ad8da852ff133d8361db8721aff28093ebe?s=96&d=mm&r=g\",\"caption\":\"claudia\"}}]}<\/script>\n<!-- \/ Yoast SEO plugin. -->","yoast_head_json":{"title":"\"Pantelleria \u00e8 il mio mestiere\" | Il Dammuso","description":"\"Pantelleria \u00e8 il mio mestiere\": leggi l'articolo completo nel blog de Il Dammuso! Pantelleria \u00e8 il mio lavoro, il pi\u00f9 bello del mondo","robots":{"index":"index","follow":"follow","max-snippet":"max-snippet:-1","max-image-preview":"max-image-preview:large","max-video-preview":"max-video-preview:-1"},"canonical":"https:\/\/www.ildammuso.com\/it\/pantelleria-e-il-mio-mestiere-2\/","og_locale":"it_IT","og_type":"article","og_title":"\"Pantelleria \u00e8 il mio mestiere\" | Il Dammuso","og_description":"\"Pantelleria \u00e8 il mio mestiere\": leggi l'articolo completo nel blog de Il Dammuso! Pantelleria \u00e8 il mio lavoro, il pi\u00f9 bello del mondo","og_url":"https:\/\/www.ildammuso.com\/it\/pantelleria-e-il-mio-mestiere-2\/","og_site_name":"Il Dammuso","article_publisher":"https:\/\/www.facebook.com\/ildammusodipantelleria\/","article_published_time":"2023-10-16T17:01:40+00:00","article_modified_time":"2023-10-16T17:01:42+00:00","og_image":[{"width":1928,"height":2560,"url":"https:\/\/storage1254.cdn-immedia.net\/wp-content\/uploads\/2023\/10\/ricordo-fine-stagione-scaled.jpg","type":"image\/jpeg"}],"author":"claudia","twitter_card":"summary_large_image","twitter_misc":{"Scritto da":"claudia","Tempo di lettura stimato":"3 minuti"},"schema":{"@context":"https:\/\/schema.org","@graph":[{"@type":"Article","@id":"https:\/\/www.ildammuso.com\/it\/pantelleria-e-il-mio-mestiere-2\/#article","isPartOf":{"@id":"https:\/\/www.ildammuso.com\/it\/pantelleria-e-il-mio-mestiere-2\/"},"author":{"name":"claudia","@id":"https:\/\/www.ildammuso.com\/it\/#\/schema\/person\/a97bc2634c1ae772b6efbb07fef2b3a8"},"headline":"&#8220;Pantelleria \u00e8 il mio mestiere&#8221;","datePublished":"2023-10-16T17:01:40+00:00","dateModified":"2023-10-16T17:01:42+00:00","mainEntityOfPage":{"@id":"https:\/\/www.ildammuso.com\/it\/pantelleria-e-il-mio-mestiere-2\/"},"wordCount":512,"publisher":{"@id":"https:\/\/www.ildammuso.com\/it\/#organization"},"image":{"@id":"https:\/\/www.ildammuso.com\/it\/pantelleria-e-il-mio-mestiere-2\/#primaryimage"},"thumbnailUrl":"https:\/\/storage1254.cdn-immedia.net\/wp-content\/uploads\/2023\/10\/ricordo-fine-stagione-scaled.jpg","keywords":["andataeristorno","saluti","amicizia","mestiere","arrivi","andata","ritorno","ildammuso","lavoro","pantelleria","partenze"],"articleSection":["ildammuso.com","Pippe d'altura"],"inLanguage":"it-IT"},{"@type":"WebPage","@id":"https:\/\/www.ildammuso.com\/it\/pantelleria-e-il-mio-mestiere-2\/","url":"https:\/\/www.ildammuso.com\/it\/pantelleria-e-il-mio-mestiere-2\/","name":"\"Pantelleria \u00e8 il mio mestiere\" | Il Dammuso","isPartOf":{"@id":"https:\/\/www.ildammuso.com\/it\/#website"},"primaryImageOfPage":{"@id":"https:\/\/www.ildammuso.com\/it\/pantelleria-e-il-mio-mestiere-2\/#primaryimage"},"image":{"@id":"https:\/\/www.ildammuso.com\/it\/pantelleria-e-il-mio-mestiere-2\/#primaryimage"},"thumbnailUrl":"https:\/\/storage1254.cdn-immedia.net\/wp-content\/uploads\/2023\/10\/ricordo-fine-stagione-scaled.jpg","datePublished":"2023-10-16T17:01:40+00:00","dateModified":"2023-10-16T17:01:42+00:00","description":"\"Pantelleria \u00e8 il mio mestiere\": leggi l'articolo completo nel blog de Il Dammuso! Pantelleria \u00e8 il mio lavoro, il pi\u00f9 bello del mondo","breadcrumb":{"@id":"https:\/\/www.ildammuso.com\/it\/pantelleria-e-il-mio-mestiere-2\/#breadcrumb"},"inLanguage":"it-IT","potentialAction":[{"@type":"ReadAction","target":["https:\/\/www.ildammuso.com\/it\/pantelleria-e-il-mio-mestiere-2\/"]}]},{"@type":"ImageObject","inLanguage":"it-IT","@id":"https:\/\/www.ildammuso.com\/it\/pantelleria-e-il-mio-mestiere-2\/#primaryimage","url":"https:\/\/storage1254.cdn-immedia.net\/wp-content\/uploads\/2023\/10\/ricordo-fine-stagione-scaled.jpg","contentUrl":"https:\/\/storage1254.cdn-immedia.net\/wp-content\/uploads\/2023\/10\/ricordo-fine-stagione-scaled.jpg","width":1928,"height":2560},{"@type":"BreadcrumbList","@id":"https:\/\/www.ildammuso.com\/it\/pantelleria-e-il-mio-mestiere-2\/#breadcrumb","itemListElement":[{"@type":"ListItem","position":1,"name":"Home","item":"https:\/\/www.ildammuso.com\/it\/"},{"@type":"ListItem","position":2,"name":"&nbsp;"}]},{"@type":"WebSite","@id":"https:\/\/www.ildammuso.com\/it\/#website","url":"https:\/\/www.ildammuso.com\/it\/","name":"Il Dammuso","description":"Il tuo Dammuso a Pantelleria","publisher":{"@id":"https:\/\/www.ildammuso.com\/it\/#organization"},"potentialAction":[{"@type":"SearchAction","target":{"@type":"EntryPoint","urlTemplate":"https:\/\/www.ildammuso.com\/it\/?s={search_term_string}"},"query-input":{"@type":"PropertyValueSpecification","valueRequired":true,"valueName":"search_term_string"}}],"inLanguage":"it-IT"},{"@type":"Organization","@id":"https:\/\/www.ildammuso.com\/it\/#organization","name":"Il Dammuso","url":"https:\/\/www.ildammuso.com\/it\/","logo":{"@type":"ImageObject","inLanguage":"it-IT","@id":"https:\/\/www.ildammuso.com\/it\/#\/schema\/logo\/image\/","url":"https:\/\/storage1254.cdn-immedia.net\/wp-content\/uploads\/2022\/06\/logo-ildammuso.jpg","contentUrl":"https:\/\/storage1254.cdn-immedia.net\/wp-content\/uploads\/2022\/06\/logo-ildammuso.jpg","width":426,"height":395,"caption":"Il Dammuso"},"image":{"@id":"https:\/\/www.ildammuso.com\/it\/#\/schema\/logo\/image\/"},"sameAs":["https:\/\/www.facebook.com\/ildammusodipantelleria\/","https:\/\/www.instagram.com\/ildammusogram\/"]},{"@type":"Person","@id":"https:\/\/www.ildammuso.com\/it\/#\/schema\/person\/a97bc2634c1ae772b6efbb07fef2b3a8","name":"claudia","image":{"@type":"ImageObject","inLanguage":"it-IT","@id":"https:\/\/secure.gravatar.com\/avatar\/bfa9e85032faeaffeaaafd48c7c09ad8da852ff133d8361db8721aff28093ebe?s=96&d=mm&r=g","url":"https:\/\/secure.gravatar.com\/avatar\/bfa9e85032faeaffeaaafd48c7c09ad8da852ff133d8361db8721aff28093ebe?s=96&d=mm&r=g","contentUrl":"https:\/\/secure.gravatar.com\/avatar\/bfa9e85032faeaffeaaafd48c7c09ad8da852ff133d8361db8721aff28093ebe?s=96&d=mm&r=g","caption":"claudia"}}]}},"_links":{"self":[{"href":"https:\/\/www.ildammuso.com\/it\/wp-json\/wp\/v2\/posts\/22421","targetHints":{"allow":["GET"]}}],"collection":[{"href":"https:\/\/www.ildammuso.com\/it\/wp-json\/wp\/v2\/posts"}],"about":[{"href":"https:\/\/www.ildammuso.com\/it\/wp-json\/wp\/v2\/types\/post"}],"author":[{"embeddable":true,"href":"https:\/\/www.ildammuso.com\/it\/wp-json\/wp\/v2\/users\/3"}],"replies":[{"embeddable":true,"href":"https:\/\/www.ildammuso.com\/it\/wp-json\/wp\/v2\/comments?post=22421"}],"version-history":[{"count":1,"href":"https:\/\/www.ildammuso.com\/it\/wp-json\/wp\/v2\/posts\/22421\/revisions"}],"predecessor-version":[{"id":22424,"href":"https:\/\/www.ildammuso.com\/it\/wp-json\/wp\/v2\/posts\/22421\/revisions\/22424"}],"wp:featuredmedia":[{"embeddable":true,"href":"https:\/\/www.ildammuso.com\/it\/wp-json\/wp\/v2\/media\/22422"}],"wp:attachment":[{"href":"https:\/\/www.ildammuso.com\/it\/wp-json\/wp\/v2\/media?parent=22421"}],"wp:term":[{"taxonomy":"category","embeddable":true,"href":"https:\/\/www.ildammuso.com\/it\/wp-json\/wp\/v2\/categories?post=22421"},{"taxonomy":"post_tag","embeddable":true,"href":"https:\/\/www.ildammuso.com\/it\/wp-json\/wp\/v2\/tags?post=22421"}],"curies":[{"name":"wp","href":"https:\/\/api.w.org\/{rel}","templated":true}]}}