{"id":22454,"date":"2023-10-25T11:46:55","date_gmt":"2023-10-25T09:46:55","guid":{"rendered":"https:\/\/www.ildammuso.com\/?p=22454"},"modified":"2024-04-15T15:19:56","modified_gmt":"2024-04-15T13:19:56","slug":"pantelleria-i-voli-per-lestate-2024","status":"publish","type":"post","link":"https:\/\/www.ildammuso.com\/it\/pantelleria-i-voli-per-lestate-2024\/","title":{"rendered":"Pantelleria, i voli per l&#8217;estate 2024"},"content":{"rendered":"\n<p>Si conclude una stagione e un\u2019altra bussa gi\u00e0 alle nostre porte.<br><a href=\"http:\/\/www.volotea.it\">Volotea<\/a> ha consegnato ai futuri viaggiatori per Pantelleria il suo calendario.<br><br>Per l\u2019estate 2024 sono previste quattro rotte: Bologna, Bergamo (Orio al Serio), Verona e Venezia.<br>Le tratte cominceranno tutte il primo di giugno che \u00e8 un sabato ma da Bologna, Bergamo e Verona si potr\u00e0 viaggiare anche la domenica, mentre da Venezia (ahinoi!) soltanto il sabato. La stagione dei voli per Pantelleria di Volotea si concluder\u00e0 per tutte le tratte sopraindicate il 6 ottobre, solo il Venezia finir\u00e0 le sue corse il 5 dello stesso mese.<br>I voli sono gi\u00e0 schedulati e pronti per essere acquistati sul sito di Volotea e, allo stato attuale, hanno ottimi prezzi.<br>Sembra, inoltre che Ita voglia dare avvio alla stagione prima del solito e chiuderla un po&#8217; pi\u00f9 tardi.<br>Cos\u00ec da Linate e Fiumicino <a href=\"http:\/\/www.ita-airways.com\">ITA<\/a>  comincia a collegare Linate e Fiumicino da fine maggio per concludere i primi di ottobre (consigliamo sempre di visionare i calendari delle compagnie aeree).<br>Inoltre \u00e8 arrivato un nuovo operatore, Go4sea che voler\u00e0 da Bari da sabato 13\/7 a sabato 14\/9.<br>L\u2019esortazione \u00e8: \u201cAndate a dare un\u2019occhiata!\u201d.<br><br>A servire l\u2019isola durante tutto l&#8217;anno rester\u00e0 la <a href=\"http:\/\/www.flydat.it\">Dat<\/a> che collega Palermo e Trapani ogni giorno, invece il Catania-Pantelleria \u00e8 disponibile solo due\/tre volte la settimana. Durante il periodo estivo la compagnia aerea aumenta di sostanza il numero di collegamenti.<br><br>In ultimo una notizia che avverr\u00e0 in un tempo un po\u2019 distante ma che \u00e8 particolarmente gradevole: la Fincantieri di Palermo si \u00e8 aggiudicata la realizzazione del nuovo traghetto che collegher\u00e0 la Sicilia con Pantelleria e Lampedusa.<br>Il progetto sar\u00e0 ultimato nel 2026 e la nave sar\u00e0 nuova e bella (lo scrivo con un pizzico di innocenza infantile) ma soprattutto avr\u00e0 un vago sapore \u201cgreen\u201d: grazie a dei pannelli fotovoltaici installati sulla nave la permanenza di quattro ore sul molo delle isole sar\u00e0 ad emissioni zero.<br><br>Piccoli passi verso un futuro migliore.<br>Intanto limitiamoci a programmare il nostro ritorno a Pantelleria per l\u2019estate 2024, il resto \u201cha da ven\u00ec\u201d.<\/p>\n","protected":false},"excerpt":{"rendered":"<p>Voli per Pantelleria con Volotea da Bologna, Milano, Verona e Venezia<\/p>\n","protected":false},"author":3,"featured_media":19481,"comment_status":"closed","ping_status":"closed","sticky":true,"template":"","format":"standard","meta":{"_acf_changed":false,"footnotes":""},"categories":[440,446],"tags":[1211,1212,1213,1210,900,176,228,91,77,78],"class_list":["post-22454","post","type-post","status-publish","format-standard","has-post-thumbnail","hentry","category-istruzioni-per-l-uso","category-pantelleria-lisola","tag-rotte","tag-estate2024","tag-calendario","tag-tratte","tag-aerei","tag-estate","tag-ildammuso","tag-pantelleria","tag-voli","tag-volotea"],"acf":[],"yoast_head":"<!-- This site is optimized with the Yoast SEO plugin v27.4 - https:\/\/yoast.com\/product\/yoast-seo-wordpress\/ -->\n<title>Pantelleria, i voli per l&#039;estate 2024 | Il Dammuso<\/title>\n<meta name=\"description\" content=\"&quot;Pantelleria, i voli per l&#039;estate 2024&quot;: leggi l&#039;articolo completo nel blog de Il Dammuso! I voli per Pantelleria per l&#039;estate 2024\" \/>\n<meta name=\"robots\" content=\"index, follow, max-snippet:-1, max-image-preview:large, max-video-preview:-1\" \/>\n<link rel=\"canonical\" href=\"https:\/\/www.ildammuso.com\/it\/pantelleria-i-voli-per-lestate-2024\/\" \/>\n<meta property=\"og:locale\" content=\"it_IT\" \/>\n<meta property=\"og:type\" content=\"article\" \/>\n<meta property=\"og:title\" content=\"Pantelleria, i voli per l&#039;estate 2024 | Il Dammuso\" \/>\n<meta property=\"og:description\" content=\"&quot;Pantelleria, i voli per l&#039;estate 2024&quot;: leggi l&#039;articolo completo nel blog de Il Dammuso! I voli per Pantelleria per l&#039;estate 2024\" \/>\n<meta property=\"og:url\" content=\"https:\/\/www.ildammuso.com\/it\/pantelleria-i-voli-per-lestate-2024\/\" \/>\n<meta property=\"og:site_name\" content=\"Il Dammuso\" \/>\n<meta property=\"article:publisher\" content=\"https:\/\/www.facebook.com\/ildammusodipantelleria\/\" \/>\n<meta property=\"article:published_time\" content=\"2023-10-25T09:46:55+00:00\" \/>\n<meta property=\"article:modified_time\" content=\"2024-04-15T13:19:56+00:00\" \/>\n<meta property=\"og:image\" content=\"https:\/\/storage1254.cdn-immedia.net\/wp-content\/uploads\/2023\/05\/marketing_ruffiano.jpeg\" \/>\n\t<meta property=\"og:image:width\" content=\"1280\" \/>\n\t<meta property=\"og:image:height\" content=\"853\" \/>\n\t<meta property=\"og:image:type\" content=\"image\/jpeg\" \/>\n<meta name=\"author\" content=\"claudia\" \/>\n<meta name=\"twitter:card\" content=\"summary_large_image\" \/>\n<meta name=\"twitter:label1\" content=\"Scritto da\" \/>\n\t<meta name=\"twitter:data1\" content=\"claudia\" \/>\n\t<meta name=\"twitter:label2\" content=\"Tempo di lettura stimato\" \/>\n\t<meta name=\"twitter:data2\" content=\"3 minuti\" \/>\n<script type=\"application\/ld+json\" class=\"yoast-schema-graph\">{\"@context\":\"https:\\\/\\\/schema.org\",\"@graph\":[{\"@type\":\"Article\",\"@id\":\"https:\\\/\\\/www.ildammuso.com\\\/it\\\/pantelleria-i-voli-per-lestate-2024\\\/#article\",\"isPartOf\":{\"@id\":\"https:\\\/\\\/www.ildammuso.com\\\/it\\\/pantelleria-i-voli-per-lestate-2024\\\/\"},\"author\":{\"name\":\"claudia\",\"@id\":\"https:\\\/\\\/www.ildammuso.com\\\/it\\\/#\\\/schema\\\/person\\\/a97bc2634c1ae772b6efbb07fef2b3a8\"},\"headline\":\"Pantelleria, i voli per l&#8217;estate 2024\",\"datePublished\":\"2023-10-25T09:46:55+00:00\",\"dateModified\":\"2024-04-15T13:19:56+00:00\",\"mainEntityOfPage\":{\"@id\":\"https:\\\/\\\/www.ildammuso.com\\\/it\\\/pantelleria-i-voli-per-lestate-2024\\\/\"},\"wordCount\":341,\"publisher\":{\"@id\":\"https:\\\/\\\/www.ildammuso.com\\\/it\\\/#organization\"},\"image\":{\"@id\":\"https:\\\/\\\/www.ildammuso.com\\\/it\\\/pantelleria-i-voli-per-lestate-2024\\\/#primaryimage\"},\"thumbnailUrl\":\"https:\\\/\\\/www.ildammuso.com\\\/wp-content\\\/uploads\\\/2023\\\/05\\\/marketing_ruffiano.jpeg\",\"keywords\":[\"rotte\",\"estate2024\",\"calendario\",\"tratte\",\"aerei\",\"estate\",\"ildammuso\",\"pantelleria\",\"voli\",\"volotea\"],\"articleSection\":[\"Istruzioni per l'uso\",\"Pantelleria, l'isola\"],\"inLanguage\":\"it-IT\"},{\"@type\":\"WebPage\",\"@id\":\"https:\\\/\\\/www.ildammuso.com\\\/it\\\/pantelleria-i-voli-per-lestate-2024\\\/\",\"url\":\"https:\\\/\\\/www.ildammuso.com\\\/it\\\/pantelleria-i-voli-per-lestate-2024\\\/\",\"name\":\"Pantelleria, i voli per l'estate 2024 | Il Dammuso\",\"isPartOf\":{\"@id\":\"https:\\\/\\\/www.ildammuso.com\\\/it\\\/#website\"},\"primaryImageOfPage\":{\"@id\":\"https:\\\/\\\/www.ildammuso.com\\\/it\\\/pantelleria-i-voli-per-lestate-2024\\\/#primaryimage\"},\"image\":{\"@id\":\"https:\\\/\\\/www.ildammuso.com\\\/it\\\/pantelleria-i-voli-per-lestate-2024\\\/#primaryimage\"},\"thumbnailUrl\":\"https:\\\/\\\/www.ildammuso.com\\\/wp-content\\\/uploads\\\/2023\\\/05\\\/marketing_ruffiano.jpeg\",\"datePublished\":\"2023-10-25T09:46:55+00:00\",\"dateModified\":\"2024-04-15T13:19:56+00:00\",\"description\":\"\\\"Pantelleria, i voli per l'estate 2024\\\": leggi l'articolo completo nel blog de Il Dammuso! I voli per Pantelleria per l'estate 2024\",\"breadcrumb\":{\"@id\":\"https:\\\/\\\/www.ildammuso.com\\\/it\\\/pantelleria-i-voli-per-lestate-2024\\\/#breadcrumb\"},\"inLanguage\":\"it-IT\",\"potentialAction\":[{\"@type\":\"ReadAction\",\"target\":[\"https:\\\/\\\/www.ildammuso.com\\\/it\\\/pantelleria-i-voli-per-lestate-2024\\\/\"]}]},{\"@type\":\"ImageObject\",\"inLanguage\":\"it-IT\",\"@id\":\"https:\\\/\\\/www.ildammuso.com\\\/it\\\/pantelleria-i-voli-per-lestate-2024\\\/#primaryimage\",\"url\":\"https:\\\/\\\/www.ildammuso.com\\\/wp-content\\\/uploads\\\/2023\\\/05\\\/marketing_ruffiano.jpeg\",\"contentUrl\":\"https:\\\/\\\/www.ildammuso.com\\\/wp-content\\\/uploads\\\/2023\\\/05\\\/marketing_ruffiano.jpeg\",\"width\":1280,\"height\":853,\"caption\":\"Voli per Pantelleria 2024\"},{\"@type\":\"BreadcrumbList\",\"@id\":\"https:\\\/\\\/www.ildammuso.com\\\/it\\\/pantelleria-i-voli-per-lestate-2024\\\/#breadcrumb\",\"itemListElement\":[{\"@type\":\"ListItem\",\"position\":1,\"name\":\"Home\",\"item\":\"https:\\\/\\\/www.ildammuso.com\\\/it\\\/\"},{\"@type\":\"ListItem\",\"position\":2,\"name\":\"&nbsp;\"}]},{\"@type\":\"WebSite\",\"@id\":\"https:\\\/\\\/www.ildammuso.com\\\/it\\\/#website\",\"url\":\"https:\\\/\\\/www.ildammuso.com\\\/it\\\/\",\"name\":\"Il Dammuso\",\"description\":\"Il tuo Dammuso a Pantelleria\",\"publisher\":{\"@id\":\"https:\\\/\\\/www.ildammuso.com\\\/it\\\/#organization\"},\"potentialAction\":[{\"@type\":\"SearchAction\",\"target\":{\"@type\":\"EntryPoint\",\"urlTemplate\":\"https:\\\/\\\/www.ildammuso.com\\\/it\\\/?s={search_term_string}\"},\"query-input\":{\"@type\":\"PropertyValueSpecification\",\"valueRequired\":true,\"valueName\":\"search_term_string\"}}],\"inLanguage\":\"it-IT\"},{\"@type\":\"Organization\",\"@id\":\"https:\\\/\\\/www.ildammuso.com\\\/it\\\/#organization\",\"name\":\"Il Dammuso\",\"url\":\"https:\\\/\\\/www.ildammuso.com\\\/it\\\/\",\"logo\":{\"@type\":\"ImageObject\",\"inLanguage\":\"it-IT\",\"@id\":\"https:\\\/\\\/www.ildammuso.com\\\/it\\\/#\\\/schema\\\/logo\\\/image\\\/\",\"url\":\"https:\\\/\\\/www.ildammuso.com\\\/wp-content\\\/uploads\\\/2022\\\/06\\\/logo-ildammuso.jpg\",\"contentUrl\":\"https:\\\/\\\/www.ildammuso.com\\\/wp-content\\\/uploads\\\/2022\\\/06\\\/logo-ildammuso.jpg\",\"width\":426,\"height\":395,\"caption\":\"Il Dammuso\"},\"image\":{\"@id\":\"https:\\\/\\\/www.ildammuso.com\\\/it\\\/#\\\/schema\\\/logo\\\/image\\\/\"},\"sameAs\":[\"https:\\\/\\\/www.facebook.com\\\/ildammusodipantelleria\\\/\",\"https:\\\/\\\/www.instagram.com\\\/ildammusogram\\\/\"]},{\"@type\":\"Person\",\"@id\":\"https:\\\/\\\/www.ildammuso.com\\\/it\\\/#\\\/schema\\\/person\\\/a97bc2634c1ae772b6efbb07fef2b3a8\",\"name\":\"claudia\",\"image\":{\"@type\":\"ImageObject\",\"inLanguage\":\"it-IT\",\"@id\":\"https:\\\/\\\/secure.gravatar.com\\\/avatar\\\/bfa9e85032faeaffeaaafd48c7c09ad8da852ff133d8361db8721aff28093ebe?s=96&d=mm&r=g\",\"url\":\"https:\\\/\\\/secure.gravatar.com\\\/avatar\\\/bfa9e85032faeaffeaaafd48c7c09ad8da852ff133d8361db8721aff28093ebe?s=96&d=mm&r=g\",\"contentUrl\":\"https:\\\/\\\/secure.gravatar.com\\\/avatar\\\/bfa9e85032faeaffeaaafd48c7c09ad8da852ff133d8361db8721aff28093ebe?s=96&d=mm&r=g\",\"caption\":\"claudia\"}}]}<\/script>\n<!-- \/ Yoast SEO plugin. -->","yoast_head_json":{"title":"Pantelleria, i voli per l'estate 2024 | Il Dammuso","description":"\"Pantelleria, i voli per l'estate 2024\": leggi l'articolo completo nel blog de Il Dammuso! I voli per Pantelleria per l'estate 2024","robots":{"index":"index","follow":"follow","max-snippet":"max-snippet:-1","max-image-preview":"max-image-preview:large","max-video-preview":"max-video-preview:-1"},"canonical":"https:\/\/www.ildammuso.com\/it\/pantelleria-i-voli-per-lestate-2024\/","og_locale":"it_IT","og_type":"article","og_title":"Pantelleria, i voli per l'estate 2024 | Il Dammuso","og_description":"\"Pantelleria, i voli per l'estate 2024\": leggi l'articolo completo nel blog de Il Dammuso! I voli per Pantelleria per l'estate 2024","og_url":"https:\/\/www.ildammuso.com\/it\/pantelleria-i-voli-per-lestate-2024\/","og_site_name":"Il Dammuso","article_publisher":"https:\/\/www.facebook.com\/ildammusodipantelleria\/","article_published_time":"2023-10-25T09:46:55+00:00","article_modified_time":"2024-04-15T13:19:56+00:00","og_image":[{"width":1280,"height":853,"url":"https:\/\/storage1254.cdn-immedia.net\/wp-content\/uploads\/2023\/05\/marketing_ruffiano.jpeg","type":"image\/jpeg"}],"author":"claudia","twitter_card":"summary_large_image","twitter_misc":{"Scritto da":"claudia","Tempo di lettura stimato":"3 minuti"},"schema":{"@context":"https:\/\/schema.org","@graph":[{"@type":"Article","@id":"https:\/\/www.ildammuso.com\/it\/pantelleria-i-voli-per-lestate-2024\/#article","isPartOf":{"@id":"https:\/\/www.ildammuso.com\/it\/pantelleria-i-voli-per-lestate-2024\/"},"author":{"name":"claudia","@id":"https:\/\/www.ildammuso.com\/it\/#\/schema\/person\/a97bc2634c1ae772b6efbb07fef2b3a8"},"headline":"Pantelleria, i voli per l&#8217;estate 2024","datePublished":"2023-10-25T09:46:55+00:00","dateModified":"2024-04-15T13:19:56+00:00","mainEntityOfPage":{"@id":"https:\/\/www.ildammuso.com\/it\/pantelleria-i-voli-per-lestate-2024\/"},"wordCount":341,"publisher":{"@id":"https:\/\/www.ildammuso.com\/it\/#organization"},"image":{"@id":"https:\/\/www.ildammuso.com\/it\/pantelleria-i-voli-per-lestate-2024\/#primaryimage"},"thumbnailUrl":"https:\/\/storage1254.cdn-immedia.net\/wp-content\/uploads\/2023\/05\/marketing_ruffiano.jpeg","keywords":["rotte","estate2024","calendario","tratte","aerei","estate","ildammuso","pantelleria","voli","volotea"],"articleSection":["Istruzioni per l'uso","Pantelleria, l'isola"],"inLanguage":"it-IT"},{"@type":"WebPage","@id":"https:\/\/www.ildammuso.com\/it\/pantelleria-i-voli-per-lestate-2024\/","url":"https:\/\/www.ildammuso.com\/it\/pantelleria-i-voli-per-lestate-2024\/","name":"Pantelleria, i voli per l'estate 2024 | Il Dammuso","isPartOf":{"@id":"https:\/\/www.ildammuso.com\/it\/#website"},"primaryImageOfPage":{"@id":"https:\/\/www.ildammuso.com\/it\/pantelleria-i-voli-per-lestate-2024\/#primaryimage"},"image":{"@id":"https:\/\/www.ildammuso.com\/it\/pantelleria-i-voli-per-lestate-2024\/#primaryimage"},"thumbnailUrl":"https:\/\/storage1254.cdn-immedia.net\/wp-content\/uploads\/2023\/05\/marketing_ruffiano.jpeg","datePublished":"2023-10-25T09:46:55+00:00","dateModified":"2024-04-15T13:19:56+00:00","description":"\"Pantelleria, i voli per l'estate 2024\": leggi l'articolo completo nel blog de Il Dammuso! I voli per Pantelleria per l'estate 2024","breadcrumb":{"@id":"https:\/\/www.ildammuso.com\/it\/pantelleria-i-voli-per-lestate-2024\/#breadcrumb"},"inLanguage":"it-IT","potentialAction":[{"@type":"ReadAction","target":["https:\/\/www.ildammuso.com\/it\/pantelleria-i-voli-per-lestate-2024\/"]}]},{"@type":"ImageObject","inLanguage":"it-IT","@id":"https:\/\/www.ildammuso.com\/it\/pantelleria-i-voli-per-lestate-2024\/#primaryimage","url":"https:\/\/storage1254.cdn-immedia.net\/wp-content\/uploads\/2023\/05\/marketing_ruffiano.jpeg","contentUrl":"https:\/\/storage1254.cdn-immedia.net\/wp-content\/uploads\/2023\/05\/marketing_ruffiano.jpeg","width":1280,"height":853,"caption":"Voli per Pantelleria 2024"},{"@type":"BreadcrumbList","@id":"https:\/\/www.ildammuso.com\/it\/pantelleria-i-voli-per-lestate-2024\/#breadcrumb","itemListElement":[{"@type":"ListItem","position":1,"name":"Home","item":"https:\/\/www.ildammuso.com\/it\/"},{"@type":"ListItem","position":2,"name":"&nbsp;"}]},{"@type":"WebSite","@id":"https:\/\/www.ildammuso.com\/it\/#website","url":"https:\/\/www.ildammuso.com\/it\/","name":"Il Dammuso","description":"Il tuo Dammuso a Pantelleria","publisher":{"@id":"https:\/\/www.ildammuso.com\/it\/#organization"},"potentialAction":[{"@type":"SearchAction","target":{"@type":"EntryPoint","urlTemplate":"https:\/\/www.ildammuso.com\/it\/?s={search_term_string}"},"query-input":{"@type":"PropertyValueSpecification","valueRequired":true,"valueName":"search_term_string"}}],"inLanguage":"it-IT"},{"@type":"Organization","@id":"https:\/\/www.ildammuso.com\/it\/#organization","name":"Il Dammuso","url":"https:\/\/www.ildammuso.com\/it\/","logo":{"@type":"ImageObject","inLanguage":"it-IT","@id":"https:\/\/www.ildammuso.com\/it\/#\/schema\/logo\/image\/","url":"https:\/\/storage1254.cdn-immedia.net\/wp-content\/uploads\/2022\/06\/logo-ildammuso.jpg","contentUrl":"https:\/\/storage1254.cdn-immedia.net\/wp-content\/uploads\/2022\/06\/logo-ildammuso.jpg","width":426,"height":395,"caption":"Il Dammuso"},"image":{"@id":"https:\/\/www.ildammuso.com\/it\/#\/schema\/logo\/image\/"},"sameAs":["https:\/\/www.facebook.com\/ildammusodipantelleria\/","https:\/\/www.instagram.com\/ildammusogram\/"]},{"@type":"Person","@id":"https:\/\/www.ildammuso.com\/it\/#\/schema\/person\/a97bc2634c1ae772b6efbb07fef2b3a8","name":"claudia","image":{"@type":"ImageObject","inLanguage":"it-IT","@id":"https:\/\/secure.gravatar.com\/avatar\/bfa9e85032faeaffeaaafd48c7c09ad8da852ff133d8361db8721aff28093ebe?s=96&d=mm&r=g","url":"https:\/\/secure.gravatar.com\/avatar\/bfa9e85032faeaffeaaafd48c7c09ad8da852ff133d8361db8721aff28093ebe?s=96&d=mm&r=g","contentUrl":"https:\/\/secure.gravatar.com\/avatar\/bfa9e85032faeaffeaaafd48c7c09ad8da852ff133d8361db8721aff28093ebe?s=96&d=mm&r=g","caption":"claudia"}}]}},"_links":{"self":[{"href":"https:\/\/www.ildammuso.com\/it\/wp-json\/wp\/v2\/posts\/22454","targetHints":{"allow":["GET"]}}],"collection":[{"href":"https:\/\/www.ildammuso.com\/it\/wp-json\/wp\/v2\/posts"}],"about":[{"href":"https:\/\/www.ildammuso.com\/it\/wp-json\/wp\/v2\/types\/post"}],"author":[{"embeddable":true,"href":"https:\/\/www.ildammuso.com\/it\/wp-json\/wp\/v2\/users\/3"}],"replies":[{"embeddable":true,"href":"https:\/\/www.ildammuso.com\/it\/wp-json\/wp\/v2\/comments?post=22454"}],"version-history":[{"count":4,"href":"https:\/\/www.ildammuso.com\/it\/wp-json\/wp\/v2\/posts\/22454\/revisions"}],"predecessor-version":[{"id":23831,"href":"https:\/\/www.ildammuso.com\/it\/wp-json\/wp\/v2\/posts\/22454\/revisions\/23831"}],"wp:featuredmedia":[{"embeddable":true,"href":"https:\/\/www.ildammuso.com\/it\/wp-json\/wp\/v2\/media\/19481"}],"wp:attachment":[{"href":"https:\/\/www.ildammuso.com\/it\/wp-json\/wp\/v2\/media?parent=22454"}],"wp:term":[{"taxonomy":"category","embeddable":true,"href":"https:\/\/www.ildammuso.com\/it\/wp-json\/wp\/v2\/categories?post=22454"},{"taxonomy":"post_tag","embeddable":true,"href":"https:\/\/www.ildammuso.com\/it\/wp-json\/wp\/v2\/tags?post=22454"}],"curies":[{"name":"wp","href":"https:\/\/api.w.org\/{rel}","templated":true}]}}