{"id":22515,"date":"2023-11-17T11:41:26","date_gmt":"2023-11-17T10:41:26","guid":{"rendered":"https:\/\/www.ildammuso.com\/?p=22515"},"modified":"2023-11-17T11:41:28","modified_gmt":"2023-11-17T10:41:28","slug":"pantelleria-se-la-fuga-e-salvezza","status":"publish","type":"post","link":"https:\/\/www.ildammuso.com\/it\/pantelleria-se-la-fuga-e-salvezza\/","title":{"rendered":"Pantelleria, se la fuga \u00e8 salvezza"},"content":{"rendered":"\n<p>Questa foto Giovanni l\u2019ha scattata i primi di settembre a Pantelleria.<br>Eravamo al porticciolo di Scauri quando ci siamo imbattuti in questa immagine, che poi \u00e8 una storia e che infine \u00e8 uno strazio.<br><br>Ci siamo avvicinati lentamente, come se camminassimo in punta di piedi e in silenzio, per non disturbare chiss\u00e0 chi o cosa.<br>Abbiamo girato attorno ai resti del gommone scorgendo, qui e l\u00ec, i resti delle speranze riposte l\u00ec dentro.<br>Solo dopo diversi minuti abbiamo avuto il coraggio di guardarci negli occhi.<br>Abbiamo avuto bisogno di un po&#8217; pi\u00f9 di tempo prima di riuscire a rivolgerci la parola.<br>Lo scatto \u00e8 stata la prima mossa che ci ha rianimati.<br>Immortalare per non perdere.<br>Per dare una \u201cchance\u201d alle nostre coscienze.<br><br>Perch\u00e9 ne scrivo solo oggi?<br>Perch\u00e9 ho avuto bisogno di metabolizzare quello che ho visto e tutto quello che ho immaginato o creduto di vedere.<br>In questo fotogramma risiedono cos\u00ec tanti pensieri che, ancora oggi, provare a metterli in ordine (anche sparso) resta per me una prova veramente dura.<br><br>Pubblicare certe immagini \u00e8 gi\u00e0 una grande assunzione di responsabilit\u00e0.<br>Commentarle o anche solo provare a trasmettere le proprie emozioni al fine di indurre in se stessi e negli altri spunti per una riflessione consapevole trovo sia un impegno ancora pi\u00f9 grande.<br>Impegno che dovrei a me stessa e a chi mi legger\u00e0.<br><br>La prima domanda che mi sono fatta vedendo quel che restava di un viaggio apparentemente portato a termine \u00e8 stata: quanti chilometri da \u201cpercorrere\u201d (migliaia) restavano alle persone che fino a quel momento avevano \u201csoltanto\u201d concluso una traversata?<br><br>Per quanto ci abbia provato non sono riuscita a immaginare i loro visi n\u00e9 quanti fossero, il che ha consentito al mio IO \u201cignavo\u201d di tirare un sospiro di sollievo.<br>Allo stesso tempo alla mia mancanza di coraggio hanno fatto buona compagnia un gran senso di disperazione e frustrazione.<br><\/p>\n\n\n\n<p>Mi sono posta domande banali: avranno mangiato?<br>Avranno avuto acqua a sufficienza?<br>Avranno patito il freddo?<br><br>Ho dato per scontato che fossero approdati tanti quanti fossero partiti.<br>Faceva bene alla mia coscienza.<br>Mi sono domandata dove fossero ora, come stessero e mi sono raccontata la favola di un mondo \u201cpietoso\u201d che li avrebbe accolti come uomini SALVI o da salvare.<br><br>Sul fondo di quel gommone sono rimaste delle tracce, non so se le vedete anche voi.<br>Sono sfocate ma se fate attenzione si intravedono.<br>Tra indumenti e coperte io scorgo la disperazione e il coraggio di chi ha compiuto questo viaggio, prepotente affiora la dignit\u00e0 della vita umana, qui e l\u00ec sparsi tra gli oggetti \u00e8 rimasta la paura, attorcigliata a quel telo mare vedo la via di fuga da una prigione, attorno, tutto attorno, fuori da quella imbarcazione risaltano tutte le ingiustizie del mondo.<br><br>In ultimo, sul pavimento di quella imbarcazione \u00e8 posata una scarpa.<br>Qualcuno l\u2019avr\u00e0 perduta.<br>\u00c8 una scarpa che ciascuno di noi dovrebbe fare lo sforzo supremo di provare a indossare.<br>Uno sforzo di immaginazione.<br>Ed \u00e8 in questa tensione, in questo stramaledetto tentativo di \u201ccalzare quella scarpa\u201d che il mio pensiero si perde.<br><br>Cos\u00ec il mare smette di essere blu per diventare tutto nero.<\/p>\n","protected":false},"excerpt":{"rendered":"<p>Questa foto Giovanni l\u2019ha scattata i primi di settembre a [&hellip;]<\/p>\n","protected":false},"author":3,"featured_media":22516,"comment_status":"closed","ping_status":"closed","sticky":false,"template":"","format":"standard","meta":{"_acf_changed":false,"footnotes":""},"categories":[439],"tags":[1226,1227,1228,1229,1230,1231,228,91,173],"class_list":["post-22515","post","type-post","status-publish","format-standard","has-post-thumbnail","hentry","category-riflessioni-da-pantelleria","tag-migranti","tag-fuga","tag-gommone-2","tag-salvezza","tag-guerra","tag-prigione","tag-ildammuso","tag-pantelleria","tag-scauri"],"acf":[],"yoast_head":"<!-- This site is optimized with the Yoast SEO plugin v27.4 - https:\/\/yoast.com\/product\/yoast-seo-wordpress\/ -->\n<title>Pantelleria, se la fuga \u00e8 salvezza | Il Dammuso<\/title>\n<meta name=\"description\" content=\"&quot;Pantelleria, se la fuga \u00e8 salvezza&quot;: leggi l&#039;articolo completo nel blog de Il Dammuso! Quando il mare da blu diventa nero\" \/>\n<meta name=\"robots\" content=\"index, follow, max-snippet:-1, max-image-preview:large, max-video-preview:-1\" \/>\n<link rel=\"canonical\" href=\"https:\/\/www.ildammuso.com\/it\/pantelleria-se-la-fuga-e-salvezza\/\" \/>\n<meta property=\"og:locale\" content=\"it_IT\" \/>\n<meta property=\"og:type\" content=\"article\" \/>\n<meta property=\"og:title\" content=\"Pantelleria, se la fuga \u00e8 salvezza | Il Dammuso\" \/>\n<meta property=\"og:description\" content=\"&quot;Pantelleria, se la fuga \u00e8 salvezza&quot;: leggi l&#039;articolo completo nel blog de Il Dammuso! Quando il mare da blu diventa nero\" \/>\n<meta property=\"og:url\" content=\"https:\/\/www.ildammuso.com\/it\/pantelleria-se-la-fuga-e-salvezza\/\" \/>\n<meta property=\"og:site_name\" content=\"Il Dammuso\" \/>\n<meta property=\"article:publisher\" content=\"https:\/\/www.facebook.com\/ildammusodipantelleria\/\" \/>\n<meta property=\"article:published_time\" content=\"2023-11-17T10:41:26+00:00\" \/>\n<meta property=\"article:modified_time\" content=\"2023-11-17T10:41:28+00:00\" \/>\n<meta property=\"og:image\" content=\"https:\/\/storage1254.cdn-immedia.net\/wp-content\/uploads\/2023\/11\/migranti-scauri.jpg\" \/>\n\t<meta property=\"og:image:width\" content=\"719\" \/>\n\t<meta property=\"og:image:height\" content=\"1600\" \/>\n\t<meta property=\"og:image:type\" content=\"image\/jpeg\" \/>\n<meta name=\"author\" content=\"claudia\" \/>\n<meta name=\"twitter:card\" content=\"summary_large_image\" \/>\n<meta name=\"twitter:label1\" content=\"Scritto da\" \/>\n\t<meta name=\"twitter:data1\" content=\"claudia\" \/>\n\t<meta name=\"twitter:label2\" content=\"Tempo di lettura stimato\" \/>\n\t<meta name=\"twitter:data2\" content=\"3 minuti\" \/>\n<script type=\"application\/ld+json\" class=\"yoast-schema-graph\">{\"@context\":\"https:\\\/\\\/schema.org\",\"@graph\":[{\"@type\":\"Article\",\"@id\":\"https:\\\/\\\/www.ildammuso.com\\\/it\\\/pantelleria-se-la-fuga-e-salvezza\\\/#article\",\"isPartOf\":{\"@id\":\"https:\\\/\\\/www.ildammuso.com\\\/it\\\/pantelleria-se-la-fuga-e-salvezza\\\/\"},\"author\":{\"name\":\"claudia\",\"@id\":\"https:\\\/\\\/www.ildammuso.com\\\/it\\\/#\\\/schema\\\/person\\\/a97bc2634c1ae772b6efbb07fef2b3a8\"},\"headline\":\"Pantelleria, se la fuga \u00e8 salvezza\",\"datePublished\":\"2023-11-17T10:41:26+00:00\",\"dateModified\":\"2023-11-17T10:41:28+00:00\",\"mainEntityOfPage\":{\"@id\":\"https:\\\/\\\/www.ildammuso.com\\\/it\\\/pantelleria-se-la-fuga-e-salvezza\\\/\"},\"wordCount\":519,\"publisher\":{\"@id\":\"https:\\\/\\\/www.ildammuso.com\\\/it\\\/#organization\"},\"image\":{\"@id\":\"https:\\\/\\\/www.ildammuso.com\\\/it\\\/pantelleria-se-la-fuga-e-salvezza\\\/#primaryimage\"},\"thumbnailUrl\":\"https:\\\/\\\/www.ildammuso.com\\\/wp-content\\\/uploads\\\/2023\\\/11\\\/migranti-scauri.jpg\",\"keywords\":[\"migranti\",\"fuga\",\"gommone\",\"salvezza\",\"guerra\",\"prigione\",\"ildammuso\",\"pantelleria\",\"scauri\"],\"articleSection\":[\"Riflessioni da Pantelleria\"],\"inLanguage\":\"it-IT\"},{\"@type\":\"WebPage\",\"@id\":\"https:\\\/\\\/www.ildammuso.com\\\/it\\\/pantelleria-se-la-fuga-e-salvezza\\\/\",\"url\":\"https:\\\/\\\/www.ildammuso.com\\\/it\\\/pantelleria-se-la-fuga-e-salvezza\\\/\",\"name\":\"Pantelleria, se la fuga \u00e8 salvezza | Il Dammuso\",\"isPartOf\":{\"@id\":\"https:\\\/\\\/www.ildammuso.com\\\/it\\\/#website\"},\"primaryImageOfPage\":{\"@id\":\"https:\\\/\\\/www.ildammuso.com\\\/it\\\/pantelleria-se-la-fuga-e-salvezza\\\/#primaryimage\"},\"image\":{\"@id\":\"https:\\\/\\\/www.ildammuso.com\\\/it\\\/pantelleria-se-la-fuga-e-salvezza\\\/#primaryimage\"},\"thumbnailUrl\":\"https:\\\/\\\/www.ildammuso.com\\\/wp-content\\\/uploads\\\/2023\\\/11\\\/migranti-scauri.jpg\",\"datePublished\":\"2023-11-17T10:41:26+00:00\",\"dateModified\":\"2023-11-17T10:41:28+00:00\",\"description\":\"\\\"Pantelleria, se la fuga \u00e8 salvezza\\\": leggi l'articolo completo nel blog de Il Dammuso! Quando il mare da blu diventa nero\",\"breadcrumb\":{\"@id\":\"https:\\\/\\\/www.ildammuso.com\\\/it\\\/pantelleria-se-la-fuga-e-salvezza\\\/#breadcrumb\"},\"inLanguage\":\"it-IT\",\"potentialAction\":[{\"@type\":\"ReadAction\",\"target\":[\"https:\\\/\\\/www.ildammuso.com\\\/it\\\/pantelleria-se-la-fuga-e-salvezza\\\/\"]}]},{\"@type\":\"ImageObject\",\"inLanguage\":\"it-IT\",\"@id\":\"https:\\\/\\\/www.ildammuso.com\\\/it\\\/pantelleria-se-la-fuga-e-salvezza\\\/#primaryimage\",\"url\":\"https:\\\/\\\/www.ildammuso.com\\\/wp-content\\\/uploads\\\/2023\\\/11\\\/migranti-scauri.jpg\",\"contentUrl\":\"https:\\\/\\\/www.ildammuso.com\\\/wp-content\\\/uploads\\\/2023\\\/11\\\/migranti-scauri.jpg\",\"width\":719,\"height\":1600},{\"@type\":\"BreadcrumbList\",\"@id\":\"https:\\\/\\\/www.ildammuso.com\\\/it\\\/pantelleria-se-la-fuga-e-salvezza\\\/#breadcrumb\",\"itemListElement\":[{\"@type\":\"ListItem\",\"position\":1,\"name\":\"Home\",\"item\":\"https:\\\/\\\/www.ildammuso.com\\\/it\\\/\"},{\"@type\":\"ListItem\",\"position\":2,\"name\":\"&nbsp;\"}]},{\"@type\":\"WebSite\",\"@id\":\"https:\\\/\\\/www.ildammuso.com\\\/it\\\/#website\",\"url\":\"https:\\\/\\\/www.ildammuso.com\\\/it\\\/\",\"name\":\"Il Dammuso\",\"description\":\"Il tuo Dammuso a Pantelleria\",\"publisher\":{\"@id\":\"https:\\\/\\\/www.ildammuso.com\\\/it\\\/#organization\"},\"potentialAction\":[{\"@type\":\"SearchAction\",\"target\":{\"@type\":\"EntryPoint\",\"urlTemplate\":\"https:\\\/\\\/www.ildammuso.com\\\/it\\\/?s={search_term_string}\"},\"query-input\":{\"@type\":\"PropertyValueSpecification\",\"valueRequired\":true,\"valueName\":\"search_term_string\"}}],\"inLanguage\":\"it-IT\"},{\"@type\":\"Organization\",\"@id\":\"https:\\\/\\\/www.ildammuso.com\\\/it\\\/#organization\",\"name\":\"Il Dammuso\",\"url\":\"https:\\\/\\\/www.ildammuso.com\\\/it\\\/\",\"logo\":{\"@type\":\"ImageObject\",\"inLanguage\":\"it-IT\",\"@id\":\"https:\\\/\\\/www.ildammuso.com\\\/it\\\/#\\\/schema\\\/logo\\\/image\\\/\",\"url\":\"https:\\\/\\\/www.ildammuso.com\\\/wp-content\\\/uploads\\\/2022\\\/06\\\/logo-ildammuso.jpg\",\"contentUrl\":\"https:\\\/\\\/www.ildammuso.com\\\/wp-content\\\/uploads\\\/2022\\\/06\\\/logo-ildammuso.jpg\",\"width\":426,\"height\":395,\"caption\":\"Il Dammuso\"},\"image\":{\"@id\":\"https:\\\/\\\/www.ildammuso.com\\\/it\\\/#\\\/schema\\\/logo\\\/image\\\/\"},\"sameAs\":[\"https:\\\/\\\/www.facebook.com\\\/ildammusodipantelleria\\\/\",\"https:\\\/\\\/www.instagram.com\\\/ildammusogram\\\/\"]},{\"@type\":\"Person\",\"@id\":\"https:\\\/\\\/www.ildammuso.com\\\/it\\\/#\\\/schema\\\/person\\\/a97bc2634c1ae772b6efbb07fef2b3a8\",\"name\":\"claudia\",\"image\":{\"@type\":\"ImageObject\",\"inLanguage\":\"it-IT\",\"@id\":\"https:\\\/\\\/secure.gravatar.com\\\/avatar\\\/bfa9e85032faeaffeaaafd48c7c09ad8da852ff133d8361db8721aff28093ebe?s=96&d=mm&r=g\",\"url\":\"https:\\\/\\\/secure.gravatar.com\\\/avatar\\\/bfa9e85032faeaffeaaafd48c7c09ad8da852ff133d8361db8721aff28093ebe?s=96&d=mm&r=g\",\"contentUrl\":\"https:\\\/\\\/secure.gravatar.com\\\/avatar\\\/bfa9e85032faeaffeaaafd48c7c09ad8da852ff133d8361db8721aff28093ebe?s=96&d=mm&r=g\",\"caption\":\"claudia\"}}]}<\/script>\n<!-- \/ Yoast SEO plugin. -->","yoast_head_json":{"title":"Pantelleria, se la fuga \u00e8 salvezza | Il Dammuso","description":"\"Pantelleria, se la fuga \u00e8 salvezza\": leggi l'articolo completo nel blog de Il Dammuso! Quando il mare da blu diventa nero","robots":{"index":"index","follow":"follow","max-snippet":"max-snippet:-1","max-image-preview":"max-image-preview:large","max-video-preview":"max-video-preview:-1"},"canonical":"https:\/\/www.ildammuso.com\/it\/pantelleria-se-la-fuga-e-salvezza\/","og_locale":"it_IT","og_type":"article","og_title":"Pantelleria, se la fuga \u00e8 salvezza | Il Dammuso","og_description":"\"Pantelleria, se la fuga \u00e8 salvezza\": leggi l'articolo completo nel blog de Il Dammuso! Quando il mare da blu diventa nero","og_url":"https:\/\/www.ildammuso.com\/it\/pantelleria-se-la-fuga-e-salvezza\/","og_site_name":"Il Dammuso","article_publisher":"https:\/\/www.facebook.com\/ildammusodipantelleria\/","article_published_time":"2023-11-17T10:41:26+00:00","article_modified_time":"2023-11-17T10:41:28+00:00","og_image":[{"width":719,"height":1600,"url":"https:\/\/storage1254.cdn-immedia.net\/wp-content\/uploads\/2023\/11\/migranti-scauri.jpg","type":"image\/jpeg"}],"author":"claudia","twitter_card":"summary_large_image","twitter_misc":{"Scritto da":"claudia","Tempo di lettura stimato":"3 minuti"},"schema":{"@context":"https:\/\/schema.org","@graph":[{"@type":"Article","@id":"https:\/\/www.ildammuso.com\/it\/pantelleria-se-la-fuga-e-salvezza\/#article","isPartOf":{"@id":"https:\/\/www.ildammuso.com\/it\/pantelleria-se-la-fuga-e-salvezza\/"},"author":{"name":"claudia","@id":"https:\/\/www.ildammuso.com\/it\/#\/schema\/person\/a97bc2634c1ae772b6efbb07fef2b3a8"},"headline":"Pantelleria, se la fuga \u00e8 salvezza","datePublished":"2023-11-17T10:41:26+00:00","dateModified":"2023-11-17T10:41:28+00:00","mainEntityOfPage":{"@id":"https:\/\/www.ildammuso.com\/it\/pantelleria-se-la-fuga-e-salvezza\/"},"wordCount":519,"publisher":{"@id":"https:\/\/www.ildammuso.com\/it\/#organization"},"image":{"@id":"https:\/\/www.ildammuso.com\/it\/pantelleria-se-la-fuga-e-salvezza\/#primaryimage"},"thumbnailUrl":"https:\/\/storage1254.cdn-immedia.net\/wp-content\/uploads\/2023\/11\/migranti-scauri.jpg","keywords":["migranti","fuga","gommone","salvezza","guerra","prigione","ildammuso","pantelleria","scauri"],"articleSection":["Riflessioni da Pantelleria"],"inLanguage":"it-IT"},{"@type":"WebPage","@id":"https:\/\/www.ildammuso.com\/it\/pantelleria-se-la-fuga-e-salvezza\/","url":"https:\/\/www.ildammuso.com\/it\/pantelleria-se-la-fuga-e-salvezza\/","name":"Pantelleria, se la fuga \u00e8 salvezza | Il Dammuso","isPartOf":{"@id":"https:\/\/www.ildammuso.com\/it\/#website"},"primaryImageOfPage":{"@id":"https:\/\/www.ildammuso.com\/it\/pantelleria-se-la-fuga-e-salvezza\/#primaryimage"},"image":{"@id":"https:\/\/www.ildammuso.com\/it\/pantelleria-se-la-fuga-e-salvezza\/#primaryimage"},"thumbnailUrl":"https:\/\/storage1254.cdn-immedia.net\/wp-content\/uploads\/2023\/11\/migranti-scauri.jpg","datePublished":"2023-11-17T10:41:26+00:00","dateModified":"2023-11-17T10:41:28+00:00","description":"\"Pantelleria, se la fuga \u00e8 salvezza\": leggi l'articolo completo nel blog de Il Dammuso! Quando il mare da blu diventa nero","breadcrumb":{"@id":"https:\/\/www.ildammuso.com\/it\/pantelleria-se-la-fuga-e-salvezza\/#breadcrumb"},"inLanguage":"it-IT","potentialAction":[{"@type":"ReadAction","target":["https:\/\/www.ildammuso.com\/it\/pantelleria-se-la-fuga-e-salvezza\/"]}]},{"@type":"ImageObject","inLanguage":"it-IT","@id":"https:\/\/www.ildammuso.com\/it\/pantelleria-se-la-fuga-e-salvezza\/#primaryimage","url":"https:\/\/storage1254.cdn-immedia.net\/wp-content\/uploads\/2023\/11\/migranti-scauri.jpg","contentUrl":"https:\/\/storage1254.cdn-immedia.net\/wp-content\/uploads\/2023\/11\/migranti-scauri.jpg","width":719,"height":1600},{"@type":"BreadcrumbList","@id":"https:\/\/www.ildammuso.com\/it\/pantelleria-se-la-fuga-e-salvezza\/#breadcrumb","itemListElement":[{"@type":"ListItem","position":1,"name":"Home","item":"https:\/\/www.ildammuso.com\/it\/"},{"@type":"ListItem","position":2,"name":"&nbsp;"}]},{"@type":"WebSite","@id":"https:\/\/www.ildammuso.com\/it\/#website","url":"https:\/\/www.ildammuso.com\/it\/","name":"Il Dammuso","description":"Il tuo Dammuso a Pantelleria","publisher":{"@id":"https:\/\/www.ildammuso.com\/it\/#organization"},"potentialAction":[{"@type":"SearchAction","target":{"@type":"EntryPoint","urlTemplate":"https:\/\/www.ildammuso.com\/it\/?s={search_term_string}"},"query-input":{"@type":"PropertyValueSpecification","valueRequired":true,"valueName":"search_term_string"}}],"inLanguage":"it-IT"},{"@type":"Organization","@id":"https:\/\/www.ildammuso.com\/it\/#organization","name":"Il Dammuso","url":"https:\/\/www.ildammuso.com\/it\/","logo":{"@type":"ImageObject","inLanguage":"it-IT","@id":"https:\/\/www.ildammuso.com\/it\/#\/schema\/logo\/image\/","url":"https:\/\/storage1254.cdn-immedia.net\/wp-content\/uploads\/2022\/06\/logo-ildammuso.jpg","contentUrl":"https:\/\/storage1254.cdn-immedia.net\/wp-content\/uploads\/2022\/06\/logo-ildammuso.jpg","width":426,"height":395,"caption":"Il Dammuso"},"image":{"@id":"https:\/\/www.ildammuso.com\/it\/#\/schema\/logo\/image\/"},"sameAs":["https:\/\/www.facebook.com\/ildammusodipantelleria\/","https:\/\/www.instagram.com\/ildammusogram\/"]},{"@type":"Person","@id":"https:\/\/www.ildammuso.com\/it\/#\/schema\/person\/a97bc2634c1ae772b6efbb07fef2b3a8","name":"claudia","image":{"@type":"ImageObject","inLanguage":"it-IT","@id":"https:\/\/secure.gravatar.com\/avatar\/bfa9e85032faeaffeaaafd48c7c09ad8da852ff133d8361db8721aff28093ebe?s=96&d=mm&r=g","url":"https:\/\/secure.gravatar.com\/avatar\/bfa9e85032faeaffeaaafd48c7c09ad8da852ff133d8361db8721aff28093ebe?s=96&d=mm&r=g","contentUrl":"https:\/\/secure.gravatar.com\/avatar\/bfa9e85032faeaffeaaafd48c7c09ad8da852ff133d8361db8721aff28093ebe?s=96&d=mm&r=g","caption":"claudia"}}]}},"_links":{"self":[{"href":"https:\/\/www.ildammuso.com\/it\/wp-json\/wp\/v2\/posts\/22515","targetHints":{"allow":["GET"]}}],"collection":[{"href":"https:\/\/www.ildammuso.com\/it\/wp-json\/wp\/v2\/posts"}],"about":[{"href":"https:\/\/www.ildammuso.com\/it\/wp-json\/wp\/v2\/types\/post"}],"author":[{"embeddable":true,"href":"https:\/\/www.ildammuso.com\/it\/wp-json\/wp\/v2\/users\/3"}],"replies":[{"embeddable":true,"href":"https:\/\/www.ildammuso.com\/it\/wp-json\/wp\/v2\/comments?post=22515"}],"version-history":[{"count":1,"href":"https:\/\/www.ildammuso.com\/it\/wp-json\/wp\/v2\/posts\/22515\/revisions"}],"predecessor-version":[{"id":22518,"href":"https:\/\/www.ildammuso.com\/it\/wp-json\/wp\/v2\/posts\/22515\/revisions\/22518"}],"wp:featuredmedia":[{"embeddable":true,"href":"https:\/\/www.ildammuso.com\/it\/wp-json\/wp\/v2\/media\/22516"}],"wp:attachment":[{"href":"https:\/\/www.ildammuso.com\/it\/wp-json\/wp\/v2\/media?parent=22515"}],"wp:term":[{"taxonomy":"category","embeddable":true,"href":"https:\/\/www.ildammuso.com\/it\/wp-json\/wp\/v2\/categories?post=22515"},{"taxonomy":"post_tag","embeddable":true,"href":"https:\/\/www.ildammuso.com\/it\/wp-json\/wp\/v2\/tags?post=22515"}],"curies":[{"name":"wp","href":"https:\/\/api.w.org\/{rel}","templated":true}]}}