{"id":22546,"date":"2023-11-25T13:24:23","date_gmt":"2023-11-25T12:24:23","guid":{"rendered":"https:\/\/www.ildammuso.com\/?p=22546"},"modified":"2023-11-25T13:24:26","modified_gmt":"2023-11-25T12:24:26","slug":"siba-il-villaggio-montano-di-pantelleria","status":"publish","type":"post","link":"https:\/\/www.ildammuso.com\/it\/siba-il-villaggio-montano-di-pantelleria\/","title":{"rendered":"Sib\u00e0, il &#8220;villaggio montano&#8221; di Pantelleria"},"content":{"rendered":"\n<p>Se un giorno dovessi decidere di mettermi a riposo e di lasciare che il tempo trascorra in una misura pensata per un essere umano io gi\u00e0 avrei trovato il mio \u201cposto\u201d.<br>Si chiama Sib\u00e0 e si trova a Pantelleria (questa precisazione \u00e8 per i neofiti).<br>\u00c8 un paesino (lo stesso che definire New York una cittadina) alle pendici di <a href=\"https:\/\/www.ildammuso.com\/it\/pantelleria\/montagna-grande-pantelleria\/\">Montagna Grande<\/a>.<br>In verit\u00e0 \u00e8 quello che potremmo definire una contrada o una frazione (ma frazione di cosa?).<br><br>Anche se, a pensarci bene, \u00e8 proprio \u201cuna frazione\u201d di un mondo che ha fatto della \u201cdisappartenenza\u201d la cifra di tutto.<br>Sib\u00e0, a guardarlo, nel suo minuscolo esistere \u00e8 una gemma preziosa.<br>Se vi risiedi lo fai da uomo e non da numero.<br>Trecento metri sul livello del mare, un alimentari che conserva il sapore di un mondo antico e perduto, pieno di cose perfettamente inutili o di primaria necessita esposte tutte come se avessero uguale importanza.<br>Perch\u00e9 \u00e8 vero, che in questo luogo che non \u00e8 lontano ma sembra lontanissimo da quella che siamo usi chiamare \u201ccivilt\u00e0\u201d tutto ha uguale importanza.<br>E poi un tabacchi, il contadino che vende il vino e il formaggio, quello da cui puoi andare per acquistare gli ortaggi o la signora che fa pasticciotti e biscotti.<br>Nessuna insegna luminosa e un buio avvolgente che ti insegna a riconoscere la curva a gomito e il sasso che precede la trazzera.<br><br>Sib\u00e0 non \u00e8 un luogo dimenticato dal tempo, al contrario \u00e8 quella \u201cfrazione\u201d letteraria e umana che la dimensione del tempo te la restituisce.<br>Lo fa in granelli.<br>Piccole porzioni.<br>\u00c8 la frazione di una umanit\u00e0 che vive di interi e multipli e che ha dimenticato certi minuscoli insiemi.<br>Sib\u00e0 non cede il passo al ricordo ma lo mantiene.<br>Si divide equamente tra mare e montagna, come non volere fare dispetto a nessuno dei due.<br>Direi che potrebbe essere la meta perfetta di chi ha un bisogno che molti di noi non sanno pi\u00f9 compensare, quello che attiene alla necessit\u00e0 di moltiplicare se stessi per soddisfare la volont\u00e0 di essere riconosciuti in un luogo nel quale ci siamo persi.<br><br>Se fosse \u201cfrazione\u201d direi soltanto che Sib\u00e0 potrebbe essere, semplicemente, la met\u00e0 di tutto.\u00a0\u00a0<\/p>\n","protected":false},"excerpt":{"rendered":"<p>Se un giorno dovessi decidere di mettermi a riposo e [&hellip;]<\/p>\n","protected":false},"author":3,"featured_media":22547,"comment_status":"closed","ping_status":"closed","sticky":false,"template":"","format":"standard","meta":{"_acf_changed":false,"footnotes":""},"categories":[446],"tags":[1232,1233,1234,1235,1047,228,752,91],"class_list":["post-22546","post","type-post","status-publish","format-standard","has-post-thumbnail","hentry","category-pantelleria-lisola","tag-villaggio","tag-uomo","tag-frazione","tag-misura","tag-siba-2","tag-ildammuso","tag-montagnagrande","tag-pantelleria"],"acf":[],"yoast_head":"<!-- This site is optimized with the Yoast SEO plugin v27.3 - https:\/\/yoast.com\/product\/yoast-seo-wordpress\/ -->\n<title>Sib\u00e0, il &quot;villaggio montano&quot; di Pantelleria | Il Dammuso<\/title>\n<meta name=\"description\" content=\"&quot;Sib\u00e0, il &quot;villaggio montano&quot; di Pantelleria&quot;: leggi l&#039;articolo completo nel blog de Il Dammuso!\" \/>\n<meta name=\"robots\" content=\"index, follow, max-snippet:-1, max-image-preview:large, max-video-preview:-1\" \/>\n<link rel=\"canonical\" href=\"https:\/\/www.ildammuso.com\/it\/siba-il-villaggio-montano-di-pantelleria\/\" \/>\n<meta property=\"og:locale\" content=\"it_IT\" \/>\n<meta property=\"og:type\" content=\"article\" \/>\n<meta property=\"og:title\" content=\"Sib\u00e0, il &quot;villaggio montano&quot; di Pantelleria | Il Dammuso\" \/>\n<meta property=\"og:description\" content=\"&quot;Sib\u00e0, il &quot;villaggio montano&quot; di Pantelleria&quot;: leggi l&#039;articolo completo nel blog de Il Dammuso!\" \/>\n<meta property=\"og:url\" content=\"https:\/\/www.ildammuso.com\/it\/siba-il-villaggio-montano-di-pantelleria\/\" \/>\n<meta property=\"og:site_name\" content=\"Il Dammuso\" \/>\n<meta property=\"article:publisher\" content=\"https:\/\/www.facebook.com\/ildammusodipantelleria\/\" \/>\n<meta property=\"article:published_time\" content=\"2023-11-25T12:24:23+00:00\" \/>\n<meta property=\"article:modified_time\" content=\"2023-11-25T12:24:26+00:00\" \/>\n<meta property=\"og:image\" content=\"https:\/\/storage1254.cdn-immedia.net\/wp-content\/uploads\/2023\/11\/Siba-la-meta-di-tutto-scaled.jpg\" \/>\n\t<meta property=\"og:image:width\" content=\"2560\" \/>\n\t<meta property=\"og:image:height\" content=\"1920\" \/>\n\t<meta property=\"og:image:type\" content=\"image\/jpeg\" \/>\n<meta name=\"author\" content=\"claudia\" \/>\n<meta name=\"twitter:card\" content=\"summary_large_image\" \/>\n<meta name=\"twitter:label1\" content=\"Scritto da\" \/>\n\t<meta name=\"twitter:data1\" content=\"claudia\" \/>\n\t<meta name=\"twitter:label2\" content=\"Tempo di lettura stimato\" \/>\n\t<meta name=\"twitter:data2\" content=\"2 minuti\" \/>\n<script type=\"application\/ld+json\" class=\"yoast-schema-graph\">{\"@context\":\"https:\\\/\\\/schema.org\",\"@graph\":[{\"@type\":\"Article\",\"@id\":\"https:\\\/\\\/www.ildammuso.com\\\/it\\\/siba-il-villaggio-montano-di-pantelleria\\\/#article\",\"isPartOf\":{\"@id\":\"https:\\\/\\\/www.ildammuso.com\\\/it\\\/siba-il-villaggio-montano-di-pantelleria\\\/\"},\"author\":{\"name\":\"claudia\",\"@id\":\"https:\\\/\\\/www.ildammuso.com\\\/it\\\/#\\\/schema\\\/person\\\/a97bc2634c1ae772b6efbb07fef2b3a8\"},\"headline\":\"Sib\u00e0, il &#8220;villaggio montano&#8221; di Pantelleria\",\"datePublished\":\"2023-11-25T12:24:23+00:00\",\"dateModified\":\"2023-11-25T12:24:26+00:00\",\"mainEntityOfPage\":{\"@id\":\"https:\\\/\\\/www.ildammuso.com\\\/it\\\/siba-il-villaggio-montano-di-pantelleria\\\/\"},\"wordCount\":361,\"publisher\":{\"@id\":\"https:\\\/\\\/www.ildammuso.com\\\/it\\\/#organization\"},\"image\":{\"@id\":\"https:\\\/\\\/www.ildammuso.com\\\/it\\\/siba-il-villaggio-montano-di-pantelleria\\\/#primaryimage\"},\"thumbnailUrl\":\"https:\\\/\\\/www.ildammuso.com\\\/wp-content\\\/uploads\\\/2023\\\/11\\\/Siba-la-meta-di-tutto-scaled.jpg\",\"keywords\":[\"villaggio\",\"uomo\",\"frazione\",\"misura\",\"sib\u00e0\",\"ildammuso\",\"montagnagrande\",\"pantelleria\"],\"articleSection\":[\"Pantelleria, l'isola\"],\"inLanguage\":\"it-IT\"},{\"@type\":\"WebPage\",\"@id\":\"https:\\\/\\\/www.ildammuso.com\\\/it\\\/siba-il-villaggio-montano-di-pantelleria\\\/\",\"url\":\"https:\\\/\\\/www.ildammuso.com\\\/it\\\/siba-il-villaggio-montano-di-pantelleria\\\/\",\"name\":\"Sib\u00e0, il \\\"villaggio montano\\\" di Pantelleria | Il Dammuso\",\"isPartOf\":{\"@id\":\"https:\\\/\\\/www.ildammuso.com\\\/it\\\/#website\"},\"primaryImageOfPage\":{\"@id\":\"https:\\\/\\\/www.ildammuso.com\\\/it\\\/siba-il-villaggio-montano-di-pantelleria\\\/#primaryimage\"},\"image\":{\"@id\":\"https:\\\/\\\/www.ildammuso.com\\\/it\\\/siba-il-villaggio-montano-di-pantelleria\\\/#primaryimage\"},\"thumbnailUrl\":\"https:\\\/\\\/www.ildammuso.com\\\/wp-content\\\/uploads\\\/2023\\\/11\\\/Siba-la-meta-di-tutto-scaled.jpg\",\"datePublished\":\"2023-11-25T12:24:23+00:00\",\"dateModified\":\"2023-11-25T12:24:26+00:00\",\"description\":\"\\\"Sib\u00e0, il \\\"villaggio montano\\\" di Pantelleria\\\": leggi l'articolo completo nel blog de Il Dammuso!\",\"breadcrumb\":{\"@id\":\"https:\\\/\\\/www.ildammuso.com\\\/it\\\/siba-il-villaggio-montano-di-pantelleria\\\/#breadcrumb\"},\"inLanguage\":\"it-IT\",\"potentialAction\":[{\"@type\":\"ReadAction\",\"target\":[\"https:\\\/\\\/www.ildammuso.com\\\/it\\\/siba-il-villaggio-montano-di-pantelleria\\\/\"]}]},{\"@type\":\"ImageObject\",\"inLanguage\":\"it-IT\",\"@id\":\"https:\\\/\\\/www.ildammuso.com\\\/it\\\/siba-il-villaggio-montano-di-pantelleria\\\/#primaryimage\",\"url\":\"https:\\\/\\\/www.ildammuso.com\\\/wp-content\\\/uploads\\\/2023\\\/11\\\/Siba-la-meta-di-tutto-scaled.jpg\",\"contentUrl\":\"https:\\\/\\\/www.ildammuso.com\\\/wp-content\\\/uploads\\\/2023\\\/11\\\/Siba-la-meta-di-tutto-scaled.jpg\",\"width\":2560,\"height\":1920,\"caption\":\"OLYMPUS DIGITAL CAMERA\"},{\"@type\":\"BreadcrumbList\",\"@id\":\"https:\\\/\\\/www.ildammuso.com\\\/it\\\/siba-il-villaggio-montano-di-pantelleria\\\/#breadcrumb\",\"itemListElement\":[{\"@type\":\"ListItem\",\"position\":1,\"name\":\"Home\",\"item\":\"https:\\\/\\\/www.ildammuso.com\\\/it\\\/\"},{\"@type\":\"ListItem\",\"position\":2,\"name\":\"&nbsp;\"}]},{\"@type\":\"WebSite\",\"@id\":\"https:\\\/\\\/www.ildammuso.com\\\/it\\\/#website\",\"url\":\"https:\\\/\\\/www.ildammuso.com\\\/it\\\/\",\"name\":\"Il Dammuso\",\"description\":\"Il tuo Dammuso a Pantelleria\",\"publisher\":{\"@id\":\"https:\\\/\\\/www.ildammuso.com\\\/it\\\/#organization\"},\"potentialAction\":[{\"@type\":\"SearchAction\",\"target\":{\"@type\":\"EntryPoint\",\"urlTemplate\":\"https:\\\/\\\/www.ildammuso.com\\\/it\\\/?s={search_term_string}\"},\"query-input\":{\"@type\":\"PropertyValueSpecification\",\"valueRequired\":true,\"valueName\":\"search_term_string\"}}],\"inLanguage\":\"it-IT\"},{\"@type\":\"Organization\",\"@id\":\"https:\\\/\\\/www.ildammuso.com\\\/it\\\/#organization\",\"name\":\"Il Dammuso\",\"url\":\"https:\\\/\\\/www.ildammuso.com\\\/it\\\/\",\"logo\":{\"@type\":\"ImageObject\",\"inLanguage\":\"it-IT\",\"@id\":\"https:\\\/\\\/www.ildammuso.com\\\/it\\\/#\\\/schema\\\/logo\\\/image\\\/\",\"url\":\"https:\\\/\\\/www.ildammuso.com\\\/wp-content\\\/uploads\\\/2022\\\/06\\\/logo-ildammuso.jpg\",\"contentUrl\":\"https:\\\/\\\/www.ildammuso.com\\\/wp-content\\\/uploads\\\/2022\\\/06\\\/logo-ildammuso.jpg\",\"width\":426,\"height\":395,\"caption\":\"Il Dammuso\"},\"image\":{\"@id\":\"https:\\\/\\\/www.ildammuso.com\\\/it\\\/#\\\/schema\\\/logo\\\/image\\\/\"},\"sameAs\":[\"https:\\\/\\\/www.facebook.com\\\/ildammusodipantelleria\\\/\",\"https:\\\/\\\/www.instagram.com\\\/ildammusogram\\\/\"]},{\"@type\":\"Person\",\"@id\":\"https:\\\/\\\/www.ildammuso.com\\\/it\\\/#\\\/schema\\\/person\\\/a97bc2634c1ae772b6efbb07fef2b3a8\",\"name\":\"claudia\",\"image\":{\"@type\":\"ImageObject\",\"inLanguage\":\"it-IT\",\"@id\":\"https:\\\/\\\/secure.gravatar.com\\\/avatar\\\/bfa9e85032faeaffeaaafd48c7c09ad8da852ff133d8361db8721aff28093ebe?s=96&d=mm&r=g\",\"url\":\"https:\\\/\\\/secure.gravatar.com\\\/avatar\\\/bfa9e85032faeaffeaaafd48c7c09ad8da852ff133d8361db8721aff28093ebe?s=96&d=mm&r=g\",\"contentUrl\":\"https:\\\/\\\/secure.gravatar.com\\\/avatar\\\/bfa9e85032faeaffeaaafd48c7c09ad8da852ff133d8361db8721aff28093ebe?s=96&d=mm&r=g\",\"caption\":\"claudia\"}}]}<\/script>\n<!-- \/ Yoast SEO plugin. -->","yoast_head_json":{"title":"Sib\u00e0, il \"villaggio montano\" di Pantelleria | Il Dammuso","description":"\"Sib\u00e0, il \"villaggio montano\" di Pantelleria\": leggi l'articolo completo nel blog de Il Dammuso!","robots":{"index":"index","follow":"follow","max-snippet":"max-snippet:-1","max-image-preview":"max-image-preview:large","max-video-preview":"max-video-preview:-1"},"canonical":"https:\/\/www.ildammuso.com\/it\/siba-il-villaggio-montano-di-pantelleria\/","og_locale":"it_IT","og_type":"article","og_title":"Sib\u00e0, il \"villaggio montano\" di Pantelleria | Il Dammuso","og_description":"\"Sib\u00e0, il \"villaggio montano\" di Pantelleria\": leggi l'articolo completo nel blog de Il Dammuso!","og_url":"https:\/\/www.ildammuso.com\/it\/siba-il-villaggio-montano-di-pantelleria\/","og_site_name":"Il Dammuso","article_publisher":"https:\/\/www.facebook.com\/ildammusodipantelleria\/","article_published_time":"2023-11-25T12:24:23+00:00","article_modified_time":"2023-11-25T12:24:26+00:00","og_image":[{"width":2560,"height":1920,"url":"https:\/\/storage1254.cdn-immedia.net\/wp-content\/uploads\/2023\/11\/Siba-la-meta-di-tutto-scaled.jpg","type":"image\/jpeg"}],"author":"claudia","twitter_card":"summary_large_image","twitter_misc":{"Scritto da":"claudia","Tempo di lettura stimato":"2 minuti"},"schema":{"@context":"https:\/\/schema.org","@graph":[{"@type":"Article","@id":"https:\/\/www.ildammuso.com\/it\/siba-il-villaggio-montano-di-pantelleria\/#article","isPartOf":{"@id":"https:\/\/www.ildammuso.com\/it\/siba-il-villaggio-montano-di-pantelleria\/"},"author":{"name":"claudia","@id":"https:\/\/www.ildammuso.com\/it\/#\/schema\/person\/a97bc2634c1ae772b6efbb07fef2b3a8"},"headline":"Sib\u00e0, il &#8220;villaggio montano&#8221; di Pantelleria","datePublished":"2023-11-25T12:24:23+00:00","dateModified":"2023-11-25T12:24:26+00:00","mainEntityOfPage":{"@id":"https:\/\/www.ildammuso.com\/it\/siba-il-villaggio-montano-di-pantelleria\/"},"wordCount":361,"publisher":{"@id":"https:\/\/www.ildammuso.com\/it\/#organization"},"image":{"@id":"https:\/\/www.ildammuso.com\/it\/siba-il-villaggio-montano-di-pantelleria\/#primaryimage"},"thumbnailUrl":"https:\/\/storage1254.cdn-immedia.net\/wp-content\/uploads\/2023\/11\/Siba-la-meta-di-tutto-scaled.jpg","keywords":["villaggio","uomo","frazione","misura","sib\u00e0","ildammuso","montagnagrande","pantelleria"],"articleSection":["Pantelleria, l'isola"],"inLanguage":"it-IT"},{"@type":"WebPage","@id":"https:\/\/www.ildammuso.com\/it\/siba-il-villaggio-montano-di-pantelleria\/","url":"https:\/\/www.ildammuso.com\/it\/siba-il-villaggio-montano-di-pantelleria\/","name":"Sib\u00e0, il \"villaggio montano\" di Pantelleria | Il Dammuso","isPartOf":{"@id":"https:\/\/www.ildammuso.com\/it\/#website"},"primaryImageOfPage":{"@id":"https:\/\/www.ildammuso.com\/it\/siba-il-villaggio-montano-di-pantelleria\/#primaryimage"},"image":{"@id":"https:\/\/www.ildammuso.com\/it\/siba-il-villaggio-montano-di-pantelleria\/#primaryimage"},"thumbnailUrl":"https:\/\/storage1254.cdn-immedia.net\/wp-content\/uploads\/2023\/11\/Siba-la-meta-di-tutto-scaled.jpg","datePublished":"2023-11-25T12:24:23+00:00","dateModified":"2023-11-25T12:24:26+00:00","description":"\"Sib\u00e0, il \"villaggio montano\" di Pantelleria\": leggi l'articolo completo nel blog de Il Dammuso!","breadcrumb":{"@id":"https:\/\/www.ildammuso.com\/it\/siba-il-villaggio-montano-di-pantelleria\/#breadcrumb"},"inLanguage":"it-IT","potentialAction":[{"@type":"ReadAction","target":["https:\/\/www.ildammuso.com\/it\/siba-il-villaggio-montano-di-pantelleria\/"]}]},{"@type":"ImageObject","inLanguage":"it-IT","@id":"https:\/\/www.ildammuso.com\/it\/siba-il-villaggio-montano-di-pantelleria\/#primaryimage","url":"https:\/\/storage1254.cdn-immedia.net\/wp-content\/uploads\/2023\/11\/Siba-la-meta-di-tutto-scaled.jpg","contentUrl":"https:\/\/storage1254.cdn-immedia.net\/wp-content\/uploads\/2023\/11\/Siba-la-meta-di-tutto-scaled.jpg","width":2560,"height":1920,"caption":"OLYMPUS DIGITAL CAMERA"},{"@type":"BreadcrumbList","@id":"https:\/\/www.ildammuso.com\/it\/siba-il-villaggio-montano-di-pantelleria\/#breadcrumb","itemListElement":[{"@type":"ListItem","position":1,"name":"Home","item":"https:\/\/www.ildammuso.com\/it\/"},{"@type":"ListItem","position":2,"name":"&nbsp;"}]},{"@type":"WebSite","@id":"https:\/\/www.ildammuso.com\/it\/#website","url":"https:\/\/www.ildammuso.com\/it\/","name":"Il Dammuso","description":"Il tuo Dammuso a Pantelleria","publisher":{"@id":"https:\/\/www.ildammuso.com\/it\/#organization"},"potentialAction":[{"@type":"SearchAction","target":{"@type":"EntryPoint","urlTemplate":"https:\/\/www.ildammuso.com\/it\/?s={search_term_string}"},"query-input":{"@type":"PropertyValueSpecification","valueRequired":true,"valueName":"search_term_string"}}],"inLanguage":"it-IT"},{"@type":"Organization","@id":"https:\/\/www.ildammuso.com\/it\/#organization","name":"Il Dammuso","url":"https:\/\/www.ildammuso.com\/it\/","logo":{"@type":"ImageObject","inLanguage":"it-IT","@id":"https:\/\/www.ildammuso.com\/it\/#\/schema\/logo\/image\/","url":"https:\/\/storage1254.cdn-immedia.net\/wp-content\/uploads\/2022\/06\/logo-ildammuso.jpg","contentUrl":"https:\/\/storage1254.cdn-immedia.net\/wp-content\/uploads\/2022\/06\/logo-ildammuso.jpg","width":426,"height":395,"caption":"Il Dammuso"},"image":{"@id":"https:\/\/www.ildammuso.com\/it\/#\/schema\/logo\/image\/"},"sameAs":["https:\/\/www.facebook.com\/ildammusodipantelleria\/","https:\/\/www.instagram.com\/ildammusogram\/"]},{"@type":"Person","@id":"https:\/\/www.ildammuso.com\/it\/#\/schema\/person\/a97bc2634c1ae772b6efbb07fef2b3a8","name":"claudia","image":{"@type":"ImageObject","inLanguage":"it-IT","@id":"https:\/\/secure.gravatar.com\/avatar\/bfa9e85032faeaffeaaafd48c7c09ad8da852ff133d8361db8721aff28093ebe?s=96&d=mm&r=g","url":"https:\/\/secure.gravatar.com\/avatar\/bfa9e85032faeaffeaaafd48c7c09ad8da852ff133d8361db8721aff28093ebe?s=96&d=mm&r=g","contentUrl":"https:\/\/secure.gravatar.com\/avatar\/bfa9e85032faeaffeaaafd48c7c09ad8da852ff133d8361db8721aff28093ebe?s=96&d=mm&r=g","caption":"claudia"}}]}},"_links":{"self":[{"href":"https:\/\/www.ildammuso.com\/it\/wp-json\/wp\/v2\/posts\/22546","targetHints":{"allow":["GET"]}}],"collection":[{"href":"https:\/\/www.ildammuso.com\/it\/wp-json\/wp\/v2\/posts"}],"about":[{"href":"https:\/\/www.ildammuso.com\/it\/wp-json\/wp\/v2\/types\/post"}],"author":[{"embeddable":true,"href":"https:\/\/www.ildammuso.com\/it\/wp-json\/wp\/v2\/users\/3"}],"replies":[{"embeddable":true,"href":"https:\/\/www.ildammuso.com\/it\/wp-json\/wp\/v2\/comments?post=22546"}],"version-history":[{"count":1,"href":"https:\/\/www.ildammuso.com\/it\/wp-json\/wp\/v2\/posts\/22546\/revisions"}],"predecessor-version":[{"id":22549,"href":"https:\/\/www.ildammuso.com\/it\/wp-json\/wp\/v2\/posts\/22546\/revisions\/22549"}],"wp:featuredmedia":[{"embeddable":true,"href":"https:\/\/www.ildammuso.com\/it\/wp-json\/wp\/v2\/media\/22547"}],"wp:attachment":[{"href":"https:\/\/www.ildammuso.com\/it\/wp-json\/wp\/v2\/media?parent=22546"}],"wp:term":[{"taxonomy":"category","embeddable":true,"href":"https:\/\/www.ildammuso.com\/it\/wp-json\/wp\/v2\/categories?post=22546"},{"taxonomy":"post_tag","embeddable":true,"href":"https:\/\/www.ildammuso.com\/it\/wp-json\/wp\/v2\/tags?post=22546"}],"curies":[{"name":"wp","href":"https:\/\/api.w.org\/{rel}","templated":true}]}}