{"id":22645,"date":"2023-12-14T19:08:04","date_gmt":"2023-12-14T18:08:04","guid":{"rendered":"https:\/\/www.ildammuso.com\/?p=22645"},"modified":"2023-12-14T19:08:06","modified_gmt":"2023-12-14T18:08:06","slug":"lavvento-pantesco","status":"publish","type":"post","link":"https:\/\/www.ildammuso.com\/it\/lavvento-pantesco\/","title":{"rendered":"L&#8217;avvento pantesco"},"content":{"rendered":"\n<p>Avete presente il calendario dell\u2019Avvento?<br>Quello con le finestrelle che si aprono giorno dopo giorno dal 3 dicembre fino al 24?<br>Ne esistono di ogni genere: quelli con gli aforismi, quelli per i devoti, quelli per gli innamorati o quelli fatti in casa da genitori pazienti per cui ad ogni giorno corrisponde un piccolo pensiero, che sia un libro, una frase, una barretta di cioccolata o una banale ricarica telefonica.<br><br>Io vi regalo un calendario dell\u2019avvento del tutto innovativo.<br>Ad ogni finestra corrisponder\u00e0 una immagine descrittiva dell\u2019isola di Pantelleria.<br>In tutto ventuno immagini, fotografie scolpite nella mente che qualcuno riconoscer\u00e0 e che altri si sforzeranno di riconoscere o conoscere in un domani che sar\u00e0 fra sei mesi esatti.<br><br>Procedo in ordine sparso:<br>il caff\u00e8 al mattino mentre osservi la direzione delle creste bianche del mare;<br>l\u2019edicola votiva dopo la discesa scarificata sotto il negozio di Angelina a Rekhale;<br>le cassatelle fritte del <a href=\"https:\/\/www.facebook.com\/utrattu\/\">Bar U Trattu;<\/a><br>il riccio avvinghiato allo scoglio;<br>la murena che fa capolino tra la roccia e il muschio di Gadir;<br>il cappereto di <a href=\"https:\/\/aziendabonomopantelleria.it\/\">Bonomo<\/a>;<br>la GRANDE <a href=\"https:\/\/www.ildammuso.com\/it\/il-dammuso-benimingallo-e\/\">Serraglia<\/a>;<br>la muffura che sale piano dal mare fino a lambire <a href=\"https:\/\/www.ildammuso.com\/it\/pantelleria\/montagna-grande-pantelleria\/\">Montagna Grande<\/a>;<br>il <a href=\"https:\/\/www.ildammuso.com\/it\/il-bosco-delle-fate\/\">Bosco delle Fate<\/a>;<br>il caldo umido del <a href=\"https:\/\/www.ildammuso.com\/it\/la-grotta-di-benikula\/\">Bagno Asciutto<\/a> di Benikul\u00e0;<br>i capelli scompigliati dal vento;<br>la doccia all\u2019aria aperta;<br>il miracolo della costa di <a href=\"https:\/\/www.ildammuso.com\/it\/cala-levante-e-larco-dellelefante\/\">Levante<\/a>;<br>tutti i sentieri che tessono Pantelleria;<br>il latte di mandorla col caff\u00e8 del <a href=\"https:\/\/www.ufriscupantelleria.it\/\">U Friscu<\/a> a met\u00e0 mattinata;<br>i guardiani del Parco;<br>il <a href=\"https:\/\/www.parconazionalepantelleria.it\/\">Parco Nazionale di Pantelleria<\/a>;<br><a href=\"https:\/\/www.ildammuso.com\/it\/lasinello-di-pantelleria\/\">l\u2019asinello pantesco<\/a>;<br>tutti i tramonti della costa di sud est;<br>il vento che increspa il <a href=\"https:\/\/www.ildammuso.com\/it\/pantelleria\/lago-specchio-di-venere\/\">Lago di Venere<\/a>;<br>il cappero, la vite e l\u2019ulivo;<br>il gelato della gelateria <a href=\"https:\/\/www.facebook.com\/IlGelatoDiUlisse\/\">Ulisse<\/a>.<br><br>E se tutto questo non dovesse sembrarvi sufficiente, aggiungete pure una finestrella dietro l\u2019altra.<br>Nessuno se ne avr\u00e0 a male.<br>Esiste un avvento pagano e durer\u00e0 sei mesi, fino al primo giugno, quando Pantelleria torner\u00e0 ad essere l\u2019ISOLA.<\/p>\n","protected":false},"excerpt":{"rendered":"<p>Avete presente il calendario dell\u2019Avvento?Quello con le finestrelle che si [&hellip;]<\/p>\n","protected":false},"author":3,"featured_media":22628,"comment_status":"closed","ping_status":"closed","sticky":false,"template":"","format":"standard","meta":{"_acf_changed":false,"footnotes":""},"categories":[447,446],"tags":[1242,1243,1244,1245,1213,984,841,837,84,228,91,173,300],"class_list":["post-22645","post","type-post","status-publish","format-standard","has-post-thumbnail","hentry","category-corsi-e-ricorsi","category-pantelleria-lisola","tag-avvento-2","tag-levante","tag-parconazionaleisoladipantelleria","tag-viteadalberello","tag-calendario","tag-lagodivenere","tag-cappero-2","tag-gadir-2","tag-capperi","tag-ildammuso","tag-pantelleria","tag-scauri","tag-ulivo"],"acf":[],"yoast_head":"<!-- This site is optimized with the Yoast SEO plugin v27.4 - https:\/\/yoast.com\/product\/yoast-seo-wordpress\/ -->\n<title>L&#039;avvento pantesco | Il Dammuso<\/title>\n<meta name=\"description\" content=\"&quot;L&#039;avvento pantesco&quot;: leggi l&#039;articolo completo nel blog de Il Dammuso!\" \/>\n<meta name=\"robots\" content=\"index, follow, max-snippet:-1, max-image-preview:large, max-video-preview:-1\" \/>\n<link rel=\"canonical\" href=\"https:\/\/www.ildammuso.com\/it\/lavvento-pantesco\/\" \/>\n<meta property=\"og:locale\" content=\"it_IT\" \/>\n<meta property=\"og:type\" content=\"article\" \/>\n<meta property=\"og:title\" content=\"L&#039;avvento pantesco | Il Dammuso\" \/>\n<meta property=\"og:description\" content=\"&quot;L&#039;avvento pantesco&quot;: leggi l&#039;articolo completo nel blog de Il Dammuso!\" \/>\n<meta property=\"og:url\" content=\"https:\/\/www.ildammuso.com\/it\/lavvento-pantesco\/\" \/>\n<meta property=\"og:site_name\" content=\"Il Dammuso\" \/>\n<meta property=\"article:publisher\" content=\"https:\/\/www.facebook.com\/ildammusodipantelleria\/\" \/>\n<meta property=\"article:published_time\" content=\"2023-12-14T18:08:04+00:00\" \/>\n<meta property=\"article:modified_time\" content=\"2023-12-14T18:08:06+00:00\" \/>\n<meta property=\"og:image\" content=\"https:\/\/storage1254.cdn-immedia.net\/wp-content\/uploads\/2023\/12\/FULL_MOON_PANTELLERIA-from-mac-pro-ssd.jpg\" \/>\n\t<meta property=\"og:image:width\" content=\"2425\" \/>\n\t<meta property=\"og:image:height\" content=\"1617\" \/>\n\t<meta property=\"og:image:type\" content=\"image\/jpeg\" \/>\n<meta name=\"author\" content=\"claudia\" \/>\n<meta name=\"twitter:card\" content=\"summary_large_image\" \/>\n<meta name=\"twitter:label1\" content=\"Scritto da\" \/>\n\t<meta name=\"twitter:data1\" content=\"claudia\" \/>\n\t<meta name=\"twitter:label2\" content=\"Tempo di lettura stimato\" \/>\n\t<meta name=\"twitter:data2\" content=\"2 minuti\" \/>\n<script type=\"application\/ld+json\" class=\"yoast-schema-graph\">{\"@context\":\"https:\\\/\\\/schema.org\",\"@graph\":[{\"@type\":\"Article\",\"@id\":\"https:\\\/\\\/www.ildammuso.com\\\/it\\\/lavvento-pantesco\\\/#article\",\"isPartOf\":{\"@id\":\"https:\\\/\\\/www.ildammuso.com\\\/it\\\/lavvento-pantesco\\\/\"},\"author\":{\"name\":\"claudia\",\"@id\":\"https:\\\/\\\/www.ildammuso.com\\\/it\\\/#\\\/schema\\\/person\\\/a97bc2634c1ae772b6efbb07fef2b3a8\"},\"headline\":\"L&#8217;avvento pantesco\",\"datePublished\":\"2023-12-14T18:08:04+00:00\",\"dateModified\":\"2023-12-14T18:08:06+00:00\",\"mainEntityOfPage\":{\"@id\":\"https:\\\/\\\/www.ildammuso.com\\\/it\\\/lavvento-pantesco\\\/\"},\"wordCount\":323,\"publisher\":{\"@id\":\"https:\\\/\\\/www.ildammuso.com\\\/it\\\/#organization\"},\"image\":{\"@id\":\"https:\\\/\\\/www.ildammuso.com\\\/it\\\/lavvento-pantesco\\\/#primaryimage\"},\"thumbnailUrl\":\"https:\\\/\\\/www.ildammuso.com\\\/wp-content\\\/uploads\\\/2023\\\/12\\\/FULL_MOON_PANTELLERIA-from-mac-pro-ssd.jpg\",\"keywords\":[\"avvento\",\"levante\",\"parconazionaleisoladipantelleria\",\"viteadalberello\",\"calendario\",\"lagodivenere\",\"cappero\",\"gadir\",\"capperi\",\"ildammuso\",\"pantelleria\",\"scauri\",\"ulivo\"],\"articleSection\":[\"Corsi e ricorsi\",\"Pantelleria, l'isola\"],\"inLanguage\":\"it-IT\"},{\"@type\":\"WebPage\",\"@id\":\"https:\\\/\\\/www.ildammuso.com\\\/it\\\/lavvento-pantesco\\\/\",\"url\":\"https:\\\/\\\/www.ildammuso.com\\\/it\\\/lavvento-pantesco\\\/\",\"name\":\"L'avvento pantesco | Il Dammuso\",\"isPartOf\":{\"@id\":\"https:\\\/\\\/www.ildammuso.com\\\/it\\\/#website\"},\"primaryImageOfPage\":{\"@id\":\"https:\\\/\\\/www.ildammuso.com\\\/it\\\/lavvento-pantesco\\\/#primaryimage\"},\"image\":{\"@id\":\"https:\\\/\\\/www.ildammuso.com\\\/it\\\/lavvento-pantesco\\\/#primaryimage\"},\"thumbnailUrl\":\"https:\\\/\\\/www.ildammuso.com\\\/wp-content\\\/uploads\\\/2023\\\/12\\\/FULL_MOON_PANTELLERIA-from-mac-pro-ssd.jpg\",\"datePublished\":\"2023-12-14T18:08:04+00:00\",\"dateModified\":\"2023-12-14T18:08:06+00:00\",\"description\":\"\\\"L'avvento pantesco\\\": leggi l'articolo completo nel blog de Il Dammuso!\",\"breadcrumb\":{\"@id\":\"https:\\\/\\\/www.ildammuso.com\\\/it\\\/lavvento-pantesco\\\/#breadcrumb\"},\"inLanguage\":\"it-IT\",\"potentialAction\":[{\"@type\":\"ReadAction\",\"target\":[\"https:\\\/\\\/www.ildammuso.com\\\/it\\\/lavvento-pantesco\\\/\"]}]},{\"@type\":\"ImageObject\",\"inLanguage\":\"it-IT\",\"@id\":\"https:\\\/\\\/www.ildammuso.com\\\/it\\\/lavvento-pantesco\\\/#primaryimage\",\"url\":\"https:\\\/\\\/www.ildammuso.com\\\/wp-content\\\/uploads\\\/2023\\\/12\\\/FULL_MOON_PANTELLERIA-from-mac-pro-ssd.jpg\",\"contentUrl\":\"https:\\\/\\\/www.ildammuso.com\\\/wp-content\\\/uploads\\\/2023\\\/12\\\/FULL_MOON_PANTELLERIA-from-mac-pro-ssd.jpg\",\"width\":2425,\"height\":1617,\"caption\":\"super full moon a pantelleria sopra l\u2019arco dell\u2019elefante\"},{\"@type\":\"BreadcrumbList\",\"@id\":\"https:\\\/\\\/www.ildammuso.com\\\/it\\\/lavvento-pantesco\\\/#breadcrumb\",\"itemListElement\":[{\"@type\":\"ListItem\",\"position\":1,\"name\":\"Home\",\"item\":\"https:\\\/\\\/www.ildammuso.com\\\/it\\\/\"},{\"@type\":\"ListItem\",\"position\":2,\"name\":\"&nbsp;\"}]},{\"@type\":\"WebSite\",\"@id\":\"https:\\\/\\\/www.ildammuso.com\\\/it\\\/#website\",\"url\":\"https:\\\/\\\/www.ildammuso.com\\\/it\\\/\",\"name\":\"Il Dammuso\",\"description\":\"Il tuo Dammuso a Pantelleria\",\"publisher\":{\"@id\":\"https:\\\/\\\/www.ildammuso.com\\\/it\\\/#organization\"},\"potentialAction\":[{\"@type\":\"SearchAction\",\"target\":{\"@type\":\"EntryPoint\",\"urlTemplate\":\"https:\\\/\\\/www.ildammuso.com\\\/it\\\/?s={search_term_string}\"},\"query-input\":{\"@type\":\"PropertyValueSpecification\",\"valueRequired\":true,\"valueName\":\"search_term_string\"}}],\"inLanguage\":\"it-IT\"},{\"@type\":\"Organization\",\"@id\":\"https:\\\/\\\/www.ildammuso.com\\\/it\\\/#organization\",\"name\":\"Il Dammuso\",\"url\":\"https:\\\/\\\/www.ildammuso.com\\\/it\\\/\",\"logo\":{\"@type\":\"ImageObject\",\"inLanguage\":\"it-IT\",\"@id\":\"https:\\\/\\\/www.ildammuso.com\\\/it\\\/#\\\/schema\\\/logo\\\/image\\\/\",\"url\":\"https:\\\/\\\/www.ildammuso.com\\\/wp-content\\\/uploads\\\/2022\\\/06\\\/logo-ildammuso.jpg\",\"contentUrl\":\"https:\\\/\\\/www.ildammuso.com\\\/wp-content\\\/uploads\\\/2022\\\/06\\\/logo-ildammuso.jpg\",\"width\":426,\"height\":395,\"caption\":\"Il Dammuso\"},\"image\":{\"@id\":\"https:\\\/\\\/www.ildammuso.com\\\/it\\\/#\\\/schema\\\/logo\\\/image\\\/\"},\"sameAs\":[\"https:\\\/\\\/www.facebook.com\\\/ildammusodipantelleria\\\/\",\"https:\\\/\\\/www.instagram.com\\\/ildammusogram\\\/\"]},{\"@type\":\"Person\",\"@id\":\"https:\\\/\\\/www.ildammuso.com\\\/it\\\/#\\\/schema\\\/person\\\/a97bc2634c1ae772b6efbb07fef2b3a8\",\"name\":\"claudia\",\"image\":{\"@type\":\"ImageObject\",\"inLanguage\":\"it-IT\",\"@id\":\"https:\\\/\\\/secure.gravatar.com\\\/avatar\\\/bfa9e85032faeaffeaaafd48c7c09ad8da852ff133d8361db8721aff28093ebe?s=96&d=mm&r=g\",\"url\":\"https:\\\/\\\/secure.gravatar.com\\\/avatar\\\/bfa9e85032faeaffeaaafd48c7c09ad8da852ff133d8361db8721aff28093ebe?s=96&d=mm&r=g\",\"contentUrl\":\"https:\\\/\\\/secure.gravatar.com\\\/avatar\\\/bfa9e85032faeaffeaaafd48c7c09ad8da852ff133d8361db8721aff28093ebe?s=96&d=mm&r=g\",\"caption\":\"claudia\"}}]}<\/script>\n<!-- \/ Yoast SEO plugin. -->","yoast_head_json":{"title":"L'avvento pantesco | Il Dammuso","description":"\"L'avvento pantesco\": leggi l'articolo completo nel blog de Il Dammuso!","robots":{"index":"index","follow":"follow","max-snippet":"max-snippet:-1","max-image-preview":"max-image-preview:large","max-video-preview":"max-video-preview:-1"},"canonical":"https:\/\/www.ildammuso.com\/it\/lavvento-pantesco\/","og_locale":"it_IT","og_type":"article","og_title":"L'avvento pantesco | Il Dammuso","og_description":"\"L'avvento pantesco\": leggi l'articolo completo nel blog de Il Dammuso!","og_url":"https:\/\/www.ildammuso.com\/it\/lavvento-pantesco\/","og_site_name":"Il Dammuso","article_publisher":"https:\/\/www.facebook.com\/ildammusodipantelleria\/","article_published_time":"2023-12-14T18:08:04+00:00","article_modified_time":"2023-12-14T18:08:06+00:00","og_image":[{"width":2425,"height":1617,"url":"https:\/\/storage1254.cdn-immedia.net\/wp-content\/uploads\/2023\/12\/FULL_MOON_PANTELLERIA-from-mac-pro-ssd.jpg","type":"image\/jpeg"}],"author":"claudia","twitter_card":"summary_large_image","twitter_misc":{"Scritto da":"claudia","Tempo di lettura stimato":"2 minuti"},"schema":{"@context":"https:\/\/schema.org","@graph":[{"@type":"Article","@id":"https:\/\/www.ildammuso.com\/it\/lavvento-pantesco\/#article","isPartOf":{"@id":"https:\/\/www.ildammuso.com\/it\/lavvento-pantesco\/"},"author":{"name":"claudia","@id":"https:\/\/www.ildammuso.com\/it\/#\/schema\/person\/a97bc2634c1ae772b6efbb07fef2b3a8"},"headline":"L&#8217;avvento pantesco","datePublished":"2023-12-14T18:08:04+00:00","dateModified":"2023-12-14T18:08:06+00:00","mainEntityOfPage":{"@id":"https:\/\/www.ildammuso.com\/it\/lavvento-pantesco\/"},"wordCount":323,"publisher":{"@id":"https:\/\/www.ildammuso.com\/it\/#organization"},"image":{"@id":"https:\/\/www.ildammuso.com\/it\/lavvento-pantesco\/#primaryimage"},"thumbnailUrl":"https:\/\/storage1254.cdn-immedia.net\/wp-content\/uploads\/2023\/12\/FULL_MOON_PANTELLERIA-from-mac-pro-ssd.jpg","keywords":["avvento","levante","parconazionaleisoladipantelleria","viteadalberello","calendario","lagodivenere","cappero","gadir","capperi","ildammuso","pantelleria","scauri","ulivo"],"articleSection":["Corsi e ricorsi","Pantelleria, l'isola"],"inLanguage":"it-IT"},{"@type":"WebPage","@id":"https:\/\/www.ildammuso.com\/it\/lavvento-pantesco\/","url":"https:\/\/www.ildammuso.com\/it\/lavvento-pantesco\/","name":"L'avvento pantesco | Il Dammuso","isPartOf":{"@id":"https:\/\/www.ildammuso.com\/it\/#website"},"primaryImageOfPage":{"@id":"https:\/\/www.ildammuso.com\/it\/lavvento-pantesco\/#primaryimage"},"image":{"@id":"https:\/\/www.ildammuso.com\/it\/lavvento-pantesco\/#primaryimage"},"thumbnailUrl":"https:\/\/storage1254.cdn-immedia.net\/wp-content\/uploads\/2023\/12\/FULL_MOON_PANTELLERIA-from-mac-pro-ssd.jpg","datePublished":"2023-12-14T18:08:04+00:00","dateModified":"2023-12-14T18:08:06+00:00","description":"\"L'avvento pantesco\": leggi l'articolo completo nel blog de Il Dammuso!","breadcrumb":{"@id":"https:\/\/www.ildammuso.com\/it\/lavvento-pantesco\/#breadcrumb"},"inLanguage":"it-IT","potentialAction":[{"@type":"ReadAction","target":["https:\/\/www.ildammuso.com\/it\/lavvento-pantesco\/"]}]},{"@type":"ImageObject","inLanguage":"it-IT","@id":"https:\/\/www.ildammuso.com\/it\/lavvento-pantesco\/#primaryimage","url":"https:\/\/storage1254.cdn-immedia.net\/wp-content\/uploads\/2023\/12\/FULL_MOON_PANTELLERIA-from-mac-pro-ssd.jpg","contentUrl":"https:\/\/storage1254.cdn-immedia.net\/wp-content\/uploads\/2023\/12\/FULL_MOON_PANTELLERIA-from-mac-pro-ssd.jpg","width":2425,"height":1617,"caption":"super full moon a pantelleria sopra l\u2019arco dell\u2019elefante"},{"@type":"BreadcrumbList","@id":"https:\/\/www.ildammuso.com\/it\/lavvento-pantesco\/#breadcrumb","itemListElement":[{"@type":"ListItem","position":1,"name":"Home","item":"https:\/\/www.ildammuso.com\/it\/"},{"@type":"ListItem","position":2,"name":"&nbsp;"}]},{"@type":"WebSite","@id":"https:\/\/www.ildammuso.com\/it\/#website","url":"https:\/\/www.ildammuso.com\/it\/","name":"Il Dammuso","description":"Il tuo Dammuso a Pantelleria","publisher":{"@id":"https:\/\/www.ildammuso.com\/it\/#organization"},"potentialAction":[{"@type":"SearchAction","target":{"@type":"EntryPoint","urlTemplate":"https:\/\/www.ildammuso.com\/it\/?s={search_term_string}"},"query-input":{"@type":"PropertyValueSpecification","valueRequired":true,"valueName":"search_term_string"}}],"inLanguage":"it-IT"},{"@type":"Organization","@id":"https:\/\/www.ildammuso.com\/it\/#organization","name":"Il Dammuso","url":"https:\/\/www.ildammuso.com\/it\/","logo":{"@type":"ImageObject","inLanguage":"it-IT","@id":"https:\/\/www.ildammuso.com\/it\/#\/schema\/logo\/image\/","url":"https:\/\/storage1254.cdn-immedia.net\/wp-content\/uploads\/2022\/06\/logo-ildammuso.jpg","contentUrl":"https:\/\/storage1254.cdn-immedia.net\/wp-content\/uploads\/2022\/06\/logo-ildammuso.jpg","width":426,"height":395,"caption":"Il Dammuso"},"image":{"@id":"https:\/\/www.ildammuso.com\/it\/#\/schema\/logo\/image\/"},"sameAs":["https:\/\/www.facebook.com\/ildammusodipantelleria\/","https:\/\/www.instagram.com\/ildammusogram\/"]},{"@type":"Person","@id":"https:\/\/www.ildammuso.com\/it\/#\/schema\/person\/a97bc2634c1ae772b6efbb07fef2b3a8","name":"claudia","image":{"@type":"ImageObject","inLanguage":"it-IT","@id":"https:\/\/secure.gravatar.com\/avatar\/bfa9e85032faeaffeaaafd48c7c09ad8da852ff133d8361db8721aff28093ebe?s=96&d=mm&r=g","url":"https:\/\/secure.gravatar.com\/avatar\/bfa9e85032faeaffeaaafd48c7c09ad8da852ff133d8361db8721aff28093ebe?s=96&d=mm&r=g","contentUrl":"https:\/\/secure.gravatar.com\/avatar\/bfa9e85032faeaffeaaafd48c7c09ad8da852ff133d8361db8721aff28093ebe?s=96&d=mm&r=g","caption":"claudia"}}]}},"_links":{"self":[{"href":"https:\/\/www.ildammuso.com\/it\/wp-json\/wp\/v2\/posts\/22645","targetHints":{"allow":["GET"]}}],"collection":[{"href":"https:\/\/www.ildammuso.com\/it\/wp-json\/wp\/v2\/posts"}],"about":[{"href":"https:\/\/www.ildammuso.com\/it\/wp-json\/wp\/v2\/types\/post"}],"author":[{"embeddable":true,"href":"https:\/\/www.ildammuso.com\/it\/wp-json\/wp\/v2\/users\/3"}],"replies":[{"embeddable":true,"href":"https:\/\/www.ildammuso.com\/it\/wp-json\/wp\/v2\/comments?post=22645"}],"version-history":[{"count":1,"href":"https:\/\/www.ildammuso.com\/it\/wp-json\/wp\/v2\/posts\/22645\/revisions"}],"predecessor-version":[{"id":22646,"href":"https:\/\/www.ildammuso.com\/it\/wp-json\/wp\/v2\/posts\/22645\/revisions\/22646"}],"wp:featuredmedia":[{"embeddable":true,"href":"https:\/\/www.ildammuso.com\/it\/wp-json\/wp\/v2\/media\/22628"}],"wp:attachment":[{"href":"https:\/\/www.ildammuso.com\/it\/wp-json\/wp\/v2\/media?parent=22645"}],"wp:term":[{"taxonomy":"category","embeddable":true,"href":"https:\/\/www.ildammuso.com\/it\/wp-json\/wp\/v2\/categories?post=22645"},{"taxonomy":"post_tag","embeddable":true,"href":"https:\/\/www.ildammuso.com\/it\/wp-json\/wp\/v2\/tags?post=22645"}],"curies":[{"name":"wp","href":"https:\/\/api.w.org\/{rel}","templated":true}]}}