{"id":22674,"date":"2023-12-28T20:18:16","date_gmt":"2023-12-28T19:18:16","guid":{"rendered":"https:\/\/www.ildammuso.com\/?p=22674"},"modified":"2023-12-28T20:18:19","modified_gmt":"2023-12-28T19:18:19","slug":"avvistata-una-renna-a-pantelleria","status":"publish","type":"post","link":"https:\/\/www.ildammuso.com\/it\/avvistata-una-renna-a-pantelleria\/","title":{"rendered":"Avvistata una renna a Pantelleria"},"content":{"rendered":"\n<p>A Rekhale, contrada a sud ovest di Pantelleria, c\u2019\u00e8 una famiglia che tiene in bella mostra una renna con relativa slitta per tutto l\u2019anno.<br>Anche nei mesi estivi, s\u00ec.<br>Una di quelle che a Natale si riempiono di tante piccole lucine.<br>Da l\u00ec passo almeno due volte al giorno, se non di pi\u00f9 e vi confesso che la mia invidia (altrimenti pi\u00f9 bonariamente detta \u201caspirazione infelice\u201d) raggiunge le massime vette tutte le volte che ammiro l\u2019installazione.<\/p>\n\n\n\n<p>Le ragioni del mio malcontento sono semplici e sono tre: ho cercato la RENNA a ricarica solare e non la fanno e io la vorrei energeticamente \u201cpulita\u201d (ognuno ha le sue fissazioni), a Natale non sono mai a Pantelleria e non l\u2019ho mai vista accesa e a Palermo non avrei nemmeno dove esporla (che sia \u201cgreen\u201d o meno).<br>Se per voi \u00e8 poco lo capisco, su di me la frustrazione raggiunge livelli inaccettabili.<br>Capisco che il mondo \u00e8 afflitto da problematiche infinitamente pi\u00f9 serie e comprendo pure che una Renna a Pantelleria o a Palermo non sarebbe nel suo habitat naturale.<br>Ma la fascinazione di un oggetto talvolta non dipende n\u00e9 dalla sua utilit\u00e0 n\u00e9 dal bene sociale che ne ricaviamo.<\/p>\n\n\n\n<p>Io so soltanto che anche quest\u2019anno i miei amici di Pantelleria l\u2019avranno vista illuminarsi per tutti i giorni di dicembre e oltre ancora fino al compimento delle feste natalizie.<br>A me tocca vederla spenta, come reliquia dei giorni di festa, dentro le estati pantesche durante le quali sei fortunato se vedi una stella cadente o una stella marina.<br>E di questo non riesco a farmene una ragione.<\/p>\n\n\n\n<p>Il Babbo Natale che si arrampica sul balcone potrei pure metterlo, non fosse che lo trovo invadente e inquietante.<br>Non ho un surrogato altrettanto ambito.<br>Anche l\u2019albero di Natale riesce a rendermi insofferente: se fosse un abete vero \u00e8 come se mi facessi consegnare una renna dalla Lapponia, quello finto (in dotazione) sparge insopportabili pagliuzze verdi che ritrovo per casa fino a maggio che \u00e8 il periodo in cui trovo la forza di volont\u00e0 per smontarlo.<\/p>\n\n\n\n<p>Insomma, cos\u2019altro dovrei aggiungere?<br>Che sono una donna ambiziosa e capricciosa?<\/p>\n\n\n\n<p>Tutto questo solo per dirvi che, talvolta, bisogna nutrirsi di desideri stupidi e innocui.<br>Perch\u00e9 l\u2019attorno \u00e8 fatto da gente travestita da Babbo Natale che porta in dono desideri \u201cmartoriati\u201d e aspirazioni \u201cfrustrate\u201d.<\/p>\n\n\n\n<p>Vi auguro un Natale di desideri innocenti.<br>E sappiate che una \u201cRenna a Pantelleria non fa solo Natale\u201d, ma riesce anche a fare Ferragosto.<\/p>\n\n\n\n<p>Un sereno Natale a tutti voi da Barbara, Giovanni e Claudia.<\/p>\n","protected":false},"excerpt":{"rendered":"<p>A Rekhale, contrada a sud ovest di Pantelleria, c\u2019\u00e8 una [&hellip;]<\/p>\n","protected":false},"author":3,"featured_media":22675,"comment_status":"closed","ping_status":"closed","sticky":false,"template":"","format":"standard","meta":{"_acf_changed":false,"footnotes":""},"categories":[447],"tags":[1246,1247,1248,1249,1250,1251,1252,801,228,91,214],"class_list":["post-22674","post","type-post","status-publish","format-standard","has-post-thumbnail","hentry","category-corsi-e-ricorsi","tag-renna","tag-green","tag-buonnatale","tag-merrychristmas","tag-babbonatale","tag-luce","tag-light","tag-auguri-2","tag-ildammuso","tag-pantelleria","tag-rekhale"],"acf":[],"yoast_head":"<!-- This site is optimized with the Yoast SEO plugin v27.5 - https:\/\/yoast.com\/product\/yoast-seo-wordpress\/ -->\n<title>Avvistata una renna a Pantelleria | Il Dammuso<\/title>\n<meta name=\"description\" content=\"&quot;Avvistata una renna a Pantelleria&quot;: leggi l&#039;articolo completo nel blog de Il Dammuso! Una Renna a Pantelleria non fa solo Natale\" \/>\n<meta name=\"robots\" content=\"index, follow, max-snippet:-1, max-image-preview:large, max-video-preview:-1\" \/>\n<link rel=\"canonical\" href=\"https:\/\/www.ildammuso.com\/it\/avvistata-una-renna-a-pantelleria\/\" \/>\n<meta property=\"og:locale\" content=\"it_IT\" \/>\n<meta property=\"og:type\" content=\"article\" \/>\n<meta property=\"og:title\" content=\"Avvistata una renna a Pantelleria | Il Dammuso\" \/>\n<meta property=\"og:description\" content=\"&quot;Avvistata una renna a Pantelleria&quot;: leggi l&#039;articolo completo nel blog de Il Dammuso! Una Renna a Pantelleria non fa solo Natale\" \/>\n<meta property=\"og:url\" content=\"https:\/\/www.ildammuso.com\/it\/avvistata-una-renna-a-pantelleria\/\" \/>\n<meta property=\"og:site_name\" content=\"Il Dammuso\" \/>\n<meta property=\"article:publisher\" content=\"https:\/\/www.facebook.com\/ildammusodipantelleria\/\" \/>\n<meta property=\"article:published_time\" content=\"2023-12-28T19:18:16+00:00\" \/>\n<meta property=\"article:modified_time\" content=\"2023-12-28T19:18:19+00:00\" \/>\n<meta property=\"og:image\" content=\"https:\/\/storage1254.cdn-immedia.net\/wp-content\/uploads\/2023\/12\/levete-scaled.jpg\" \/>\n\t<meta property=\"og:image:width\" content=\"2560\" \/>\n\t<meta property=\"og:image:height\" content=\"1840\" \/>\n\t<meta property=\"og:image:type\" content=\"image\/jpeg\" \/>\n<meta name=\"author\" content=\"claudia\" \/>\n<meta name=\"twitter:card\" content=\"summary_large_image\" \/>\n<meta name=\"twitter:label1\" content=\"Scritto da\" \/>\n\t<meta name=\"twitter:data1\" content=\"claudia\" \/>\n\t<meta name=\"twitter:label2\" content=\"Tempo di lettura stimato\" \/>\n\t<meta name=\"twitter:data2\" content=\"3 minuti\" \/>\n<script type=\"application\/ld+json\" class=\"yoast-schema-graph\">{\"@context\":\"https:\\\/\\\/schema.org\",\"@graph\":[{\"@type\":\"Article\",\"@id\":\"https:\\\/\\\/www.ildammuso.com\\\/it\\\/avvistata-una-renna-a-pantelleria\\\/#article\",\"isPartOf\":{\"@id\":\"https:\\\/\\\/www.ildammuso.com\\\/it\\\/avvistata-una-renna-a-pantelleria\\\/\"},\"author\":{\"name\":\"claudia\",\"@id\":\"https:\\\/\\\/www.ildammuso.com\\\/it\\\/#\\\/schema\\\/person\\\/a97bc2634c1ae772b6efbb07fef2b3a8\"},\"headline\":\"Avvistata una renna a Pantelleria\",\"datePublished\":\"2023-12-28T19:18:16+00:00\",\"dateModified\":\"2023-12-28T19:18:19+00:00\",\"mainEntityOfPage\":{\"@id\":\"https:\\\/\\\/www.ildammuso.com\\\/it\\\/avvistata-una-renna-a-pantelleria\\\/\"},\"wordCount\":427,\"publisher\":{\"@id\":\"https:\\\/\\\/www.ildammuso.com\\\/it\\\/#organization\"},\"image\":{\"@id\":\"https:\\\/\\\/www.ildammuso.com\\\/it\\\/avvistata-una-renna-a-pantelleria\\\/#primaryimage\"},\"thumbnailUrl\":\"https:\\\/\\\/www.ildammuso.com\\\/wp-content\\\/uploads\\\/2023\\\/12\\\/levete-scaled.jpg\",\"keywords\":[\"renna\",\"green\",\"buonnatale\",\"merrychristmas\",\"babbonatale\",\"luce\",\"light\",\"auguri\",\"ildammuso\",\"pantelleria\",\"Rekhale\"],\"articleSection\":[\"Corsi e ricorsi\"],\"inLanguage\":\"it-IT\"},{\"@type\":\"WebPage\",\"@id\":\"https:\\\/\\\/www.ildammuso.com\\\/it\\\/avvistata-una-renna-a-pantelleria\\\/\",\"url\":\"https:\\\/\\\/www.ildammuso.com\\\/it\\\/avvistata-una-renna-a-pantelleria\\\/\",\"name\":\"Avvistata una renna a Pantelleria | Il Dammuso\",\"isPartOf\":{\"@id\":\"https:\\\/\\\/www.ildammuso.com\\\/it\\\/#website\"},\"primaryImageOfPage\":{\"@id\":\"https:\\\/\\\/www.ildammuso.com\\\/it\\\/avvistata-una-renna-a-pantelleria\\\/#primaryimage\"},\"image\":{\"@id\":\"https:\\\/\\\/www.ildammuso.com\\\/it\\\/avvistata-una-renna-a-pantelleria\\\/#primaryimage\"},\"thumbnailUrl\":\"https:\\\/\\\/www.ildammuso.com\\\/wp-content\\\/uploads\\\/2023\\\/12\\\/levete-scaled.jpg\",\"datePublished\":\"2023-12-28T19:18:16+00:00\",\"dateModified\":\"2023-12-28T19:18:19+00:00\",\"description\":\"\\\"Avvistata una renna a Pantelleria\\\": leggi l'articolo completo nel blog de Il Dammuso! Una Renna a Pantelleria non fa solo Natale\",\"breadcrumb\":{\"@id\":\"https:\\\/\\\/www.ildammuso.com\\\/it\\\/avvistata-una-renna-a-pantelleria\\\/#breadcrumb\"},\"inLanguage\":\"it-IT\",\"potentialAction\":[{\"@type\":\"ReadAction\",\"target\":[\"https:\\\/\\\/www.ildammuso.com\\\/it\\\/avvistata-una-renna-a-pantelleria\\\/\"]}]},{\"@type\":\"ImageObject\",\"inLanguage\":\"it-IT\",\"@id\":\"https:\\\/\\\/www.ildammuso.com\\\/it\\\/avvistata-una-renna-a-pantelleria\\\/#primaryimage\",\"url\":\"https:\\\/\\\/www.ildammuso.com\\\/wp-content\\\/uploads\\\/2023\\\/12\\\/levete-scaled.jpg\",\"contentUrl\":\"https:\\\/\\\/www.ildammuso.com\\\/wp-content\\\/uploads\\\/2023\\\/12\\\/levete-scaled.jpg\",\"width\":2560,\"height\":1840},{\"@type\":\"BreadcrumbList\",\"@id\":\"https:\\\/\\\/www.ildammuso.com\\\/it\\\/avvistata-una-renna-a-pantelleria\\\/#breadcrumb\",\"itemListElement\":[{\"@type\":\"ListItem\",\"position\":1,\"name\":\"Home\",\"item\":\"https:\\\/\\\/www.ildammuso.com\\\/it\\\/\"},{\"@type\":\"ListItem\",\"position\":2,\"name\":\"&nbsp;\"}]},{\"@type\":\"WebSite\",\"@id\":\"https:\\\/\\\/www.ildammuso.com\\\/it\\\/#website\",\"url\":\"https:\\\/\\\/www.ildammuso.com\\\/it\\\/\",\"name\":\"Il Dammuso\",\"description\":\"Il tuo Dammuso a Pantelleria\",\"publisher\":{\"@id\":\"https:\\\/\\\/www.ildammuso.com\\\/it\\\/#organization\"},\"potentialAction\":[{\"@type\":\"SearchAction\",\"target\":{\"@type\":\"EntryPoint\",\"urlTemplate\":\"https:\\\/\\\/www.ildammuso.com\\\/it\\\/?s={search_term_string}\"},\"query-input\":{\"@type\":\"PropertyValueSpecification\",\"valueRequired\":true,\"valueName\":\"search_term_string\"}}],\"inLanguage\":\"it-IT\"},{\"@type\":\"Organization\",\"@id\":\"https:\\\/\\\/www.ildammuso.com\\\/it\\\/#organization\",\"name\":\"Il Dammuso\",\"url\":\"https:\\\/\\\/www.ildammuso.com\\\/it\\\/\",\"logo\":{\"@type\":\"ImageObject\",\"inLanguage\":\"it-IT\",\"@id\":\"https:\\\/\\\/www.ildammuso.com\\\/it\\\/#\\\/schema\\\/logo\\\/image\\\/\",\"url\":\"https:\\\/\\\/www.ildammuso.com\\\/wp-content\\\/uploads\\\/2022\\\/06\\\/logo-ildammuso.jpg\",\"contentUrl\":\"https:\\\/\\\/www.ildammuso.com\\\/wp-content\\\/uploads\\\/2022\\\/06\\\/logo-ildammuso.jpg\",\"width\":426,\"height\":395,\"caption\":\"Il Dammuso\"},\"image\":{\"@id\":\"https:\\\/\\\/www.ildammuso.com\\\/it\\\/#\\\/schema\\\/logo\\\/image\\\/\"},\"sameAs\":[\"https:\\\/\\\/www.facebook.com\\\/ildammusodipantelleria\\\/\",\"https:\\\/\\\/www.instagram.com\\\/ildammusogram\\\/\"]},{\"@type\":\"Person\",\"@id\":\"https:\\\/\\\/www.ildammuso.com\\\/it\\\/#\\\/schema\\\/person\\\/a97bc2634c1ae772b6efbb07fef2b3a8\",\"name\":\"claudia\",\"image\":{\"@type\":\"ImageObject\",\"inLanguage\":\"it-IT\",\"@id\":\"https:\\\/\\\/secure.gravatar.com\\\/avatar\\\/bfa9e85032faeaffeaaafd48c7c09ad8da852ff133d8361db8721aff28093ebe?s=96&d=mm&r=g\",\"url\":\"https:\\\/\\\/secure.gravatar.com\\\/avatar\\\/bfa9e85032faeaffeaaafd48c7c09ad8da852ff133d8361db8721aff28093ebe?s=96&d=mm&r=g\",\"contentUrl\":\"https:\\\/\\\/secure.gravatar.com\\\/avatar\\\/bfa9e85032faeaffeaaafd48c7c09ad8da852ff133d8361db8721aff28093ebe?s=96&d=mm&r=g\",\"caption\":\"claudia\"}}]}<\/script>\n<!-- \/ Yoast SEO plugin. -->","yoast_head_json":{"title":"Avvistata una renna a Pantelleria | Il Dammuso","description":"\"Avvistata una renna a Pantelleria\": leggi l'articolo completo nel blog de Il Dammuso! Una Renna a Pantelleria non fa solo Natale","robots":{"index":"index","follow":"follow","max-snippet":"max-snippet:-1","max-image-preview":"max-image-preview:large","max-video-preview":"max-video-preview:-1"},"canonical":"https:\/\/www.ildammuso.com\/it\/avvistata-una-renna-a-pantelleria\/","og_locale":"it_IT","og_type":"article","og_title":"Avvistata una renna a Pantelleria | Il Dammuso","og_description":"\"Avvistata una renna a Pantelleria\": leggi l'articolo completo nel blog de Il Dammuso! Una Renna a Pantelleria non fa solo Natale","og_url":"https:\/\/www.ildammuso.com\/it\/avvistata-una-renna-a-pantelleria\/","og_site_name":"Il Dammuso","article_publisher":"https:\/\/www.facebook.com\/ildammusodipantelleria\/","article_published_time":"2023-12-28T19:18:16+00:00","article_modified_time":"2023-12-28T19:18:19+00:00","og_image":[{"width":2560,"height":1840,"url":"https:\/\/storage1254.cdn-immedia.net\/wp-content\/uploads\/2023\/12\/levete-scaled.jpg","type":"image\/jpeg"}],"author":"claudia","twitter_card":"summary_large_image","twitter_misc":{"Scritto da":"claudia","Tempo di lettura stimato":"3 minuti"},"schema":{"@context":"https:\/\/schema.org","@graph":[{"@type":"Article","@id":"https:\/\/www.ildammuso.com\/it\/avvistata-una-renna-a-pantelleria\/#article","isPartOf":{"@id":"https:\/\/www.ildammuso.com\/it\/avvistata-una-renna-a-pantelleria\/"},"author":{"name":"claudia","@id":"https:\/\/www.ildammuso.com\/it\/#\/schema\/person\/a97bc2634c1ae772b6efbb07fef2b3a8"},"headline":"Avvistata una renna a Pantelleria","datePublished":"2023-12-28T19:18:16+00:00","dateModified":"2023-12-28T19:18:19+00:00","mainEntityOfPage":{"@id":"https:\/\/www.ildammuso.com\/it\/avvistata-una-renna-a-pantelleria\/"},"wordCount":427,"publisher":{"@id":"https:\/\/www.ildammuso.com\/it\/#organization"},"image":{"@id":"https:\/\/www.ildammuso.com\/it\/avvistata-una-renna-a-pantelleria\/#primaryimage"},"thumbnailUrl":"https:\/\/storage1254.cdn-immedia.net\/wp-content\/uploads\/2023\/12\/levete-scaled.jpg","keywords":["renna","green","buonnatale","merrychristmas","babbonatale","luce","light","auguri","ildammuso","pantelleria","Rekhale"],"articleSection":["Corsi e ricorsi"],"inLanguage":"it-IT"},{"@type":"WebPage","@id":"https:\/\/www.ildammuso.com\/it\/avvistata-una-renna-a-pantelleria\/","url":"https:\/\/www.ildammuso.com\/it\/avvistata-una-renna-a-pantelleria\/","name":"Avvistata una renna a Pantelleria | Il Dammuso","isPartOf":{"@id":"https:\/\/www.ildammuso.com\/it\/#website"},"primaryImageOfPage":{"@id":"https:\/\/www.ildammuso.com\/it\/avvistata-una-renna-a-pantelleria\/#primaryimage"},"image":{"@id":"https:\/\/www.ildammuso.com\/it\/avvistata-una-renna-a-pantelleria\/#primaryimage"},"thumbnailUrl":"https:\/\/storage1254.cdn-immedia.net\/wp-content\/uploads\/2023\/12\/levete-scaled.jpg","datePublished":"2023-12-28T19:18:16+00:00","dateModified":"2023-12-28T19:18:19+00:00","description":"\"Avvistata una renna a Pantelleria\": leggi l'articolo completo nel blog de Il Dammuso! Una Renna a Pantelleria non fa solo Natale","breadcrumb":{"@id":"https:\/\/www.ildammuso.com\/it\/avvistata-una-renna-a-pantelleria\/#breadcrumb"},"inLanguage":"it-IT","potentialAction":[{"@type":"ReadAction","target":["https:\/\/www.ildammuso.com\/it\/avvistata-una-renna-a-pantelleria\/"]}]},{"@type":"ImageObject","inLanguage":"it-IT","@id":"https:\/\/www.ildammuso.com\/it\/avvistata-una-renna-a-pantelleria\/#primaryimage","url":"https:\/\/storage1254.cdn-immedia.net\/wp-content\/uploads\/2023\/12\/levete-scaled.jpg","contentUrl":"https:\/\/storage1254.cdn-immedia.net\/wp-content\/uploads\/2023\/12\/levete-scaled.jpg","width":2560,"height":1840},{"@type":"BreadcrumbList","@id":"https:\/\/www.ildammuso.com\/it\/avvistata-una-renna-a-pantelleria\/#breadcrumb","itemListElement":[{"@type":"ListItem","position":1,"name":"Home","item":"https:\/\/www.ildammuso.com\/it\/"},{"@type":"ListItem","position":2,"name":"&nbsp;"}]},{"@type":"WebSite","@id":"https:\/\/www.ildammuso.com\/it\/#website","url":"https:\/\/www.ildammuso.com\/it\/","name":"Il Dammuso","description":"Il tuo Dammuso a Pantelleria","publisher":{"@id":"https:\/\/www.ildammuso.com\/it\/#organization"},"potentialAction":[{"@type":"SearchAction","target":{"@type":"EntryPoint","urlTemplate":"https:\/\/www.ildammuso.com\/it\/?s={search_term_string}"},"query-input":{"@type":"PropertyValueSpecification","valueRequired":true,"valueName":"search_term_string"}}],"inLanguage":"it-IT"},{"@type":"Organization","@id":"https:\/\/www.ildammuso.com\/it\/#organization","name":"Il Dammuso","url":"https:\/\/www.ildammuso.com\/it\/","logo":{"@type":"ImageObject","inLanguage":"it-IT","@id":"https:\/\/www.ildammuso.com\/it\/#\/schema\/logo\/image\/","url":"https:\/\/storage1254.cdn-immedia.net\/wp-content\/uploads\/2022\/06\/logo-ildammuso.jpg","contentUrl":"https:\/\/storage1254.cdn-immedia.net\/wp-content\/uploads\/2022\/06\/logo-ildammuso.jpg","width":426,"height":395,"caption":"Il Dammuso"},"image":{"@id":"https:\/\/www.ildammuso.com\/it\/#\/schema\/logo\/image\/"},"sameAs":["https:\/\/www.facebook.com\/ildammusodipantelleria\/","https:\/\/www.instagram.com\/ildammusogram\/"]},{"@type":"Person","@id":"https:\/\/www.ildammuso.com\/it\/#\/schema\/person\/a97bc2634c1ae772b6efbb07fef2b3a8","name":"claudia","image":{"@type":"ImageObject","inLanguage":"it-IT","@id":"https:\/\/secure.gravatar.com\/avatar\/bfa9e85032faeaffeaaafd48c7c09ad8da852ff133d8361db8721aff28093ebe?s=96&d=mm&r=g","url":"https:\/\/secure.gravatar.com\/avatar\/bfa9e85032faeaffeaaafd48c7c09ad8da852ff133d8361db8721aff28093ebe?s=96&d=mm&r=g","contentUrl":"https:\/\/secure.gravatar.com\/avatar\/bfa9e85032faeaffeaaafd48c7c09ad8da852ff133d8361db8721aff28093ebe?s=96&d=mm&r=g","caption":"claudia"}}]}},"_links":{"self":[{"href":"https:\/\/www.ildammuso.com\/it\/wp-json\/wp\/v2\/posts\/22674","targetHints":{"allow":["GET"]}}],"collection":[{"href":"https:\/\/www.ildammuso.com\/it\/wp-json\/wp\/v2\/posts"}],"about":[{"href":"https:\/\/www.ildammuso.com\/it\/wp-json\/wp\/v2\/types\/post"}],"author":[{"embeddable":true,"href":"https:\/\/www.ildammuso.com\/it\/wp-json\/wp\/v2\/users\/3"}],"replies":[{"embeddable":true,"href":"https:\/\/www.ildammuso.com\/it\/wp-json\/wp\/v2\/comments?post=22674"}],"version-history":[{"count":1,"href":"https:\/\/www.ildammuso.com\/it\/wp-json\/wp\/v2\/posts\/22674\/revisions"}],"predecessor-version":[{"id":22677,"href":"https:\/\/www.ildammuso.com\/it\/wp-json\/wp\/v2\/posts\/22674\/revisions\/22677"}],"wp:featuredmedia":[{"embeddable":true,"href":"https:\/\/www.ildammuso.com\/it\/wp-json\/wp\/v2\/media\/22675"}],"wp:attachment":[{"href":"https:\/\/www.ildammuso.com\/it\/wp-json\/wp\/v2\/media?parent=22674"}],"wp:term":[{"taxonomy":"category","embeddable":true,"href":"https:\/\/www.ildammuso.com\/it\/wp-json\/wp\/v2\/categories?post=22674"},{"taxonomy":"post_tag","embeddable":true,"href":"https:\/\/www.ildammuso.com\/it\/wp-json\/wp\/v2\/tags?post=22674"}],"curies":[{"name":"wp","href":"https:\/\/api.w.org\/{rel}","templated":true}]}}