{"id":22720,"date":"2024-01-06T13:50:07","date_gmt":"2024-01-06T12:50:07","guid":{"rendered":"https:\/\/www.ildammuso.com\/?p=22720"},"modified":"2024-01-06T13:50:10","modified_gmt":"2024-01-06T12:50:10","slug":"una-befana-al-bacio-pantesco","status":"publish","type":"post","link":"https:\/\/www.ildammuso.com\/it\/una-befana-al-bacio-pantesco\/","title":{"rendered":"Una Befana al bacio (pantesco)"},"content":{"rendered":"\n<p>Fosse vero che la befana cammina con le scarpe rotte sarebbe per lei davvero difficile muoversi a Pantelleria.<br>Pianori, salite e discese.<br>Strade, stradine e trazzere, basolati, terra e sterrato.<br>Sterpaglia fitta, lava, rovi, piante, alberi ad altezza uomo.<br><br>Ma la befana si muove anche con l\u2019ausilio di una scopa e allora bisogna che scansi le \u201cvolte\u201d tutte le volte che si abbassa in volo per andare a lasciare pasticciotti o carbone ai bambini panteschi.<br>Deve stare bene attenta ai giardini fatti di mura spesse e antiche per non incapparci nel buio della notte.<br><br>La natura non sorprende con altezze: alberi piccoli per vocazione o \u201caddestramento\u201d.<br>Monte Gibele e Montagna Grande danno un bel da fare alla nostra vecchia signora carica di sacchi di iuta, ma ci auguriamo, che se anche non si fosse dotata di un paio di sneaker dalla suola ben aderente, che quanto meno possegga un cellulare che le indichi rotte, luoghi e posizioni.<br><br>Certo \u00e8 che il suo \u00e8 un lavoro duro: \u00e8 notturno ma a Pantelleria pu\u00f2 fare a meno di temere la criminalit\u00e0.<br>Deve muoversi di soppiatto perch\u00e9 i bambini di Pantelleria durante le feste sanno fare tardi e se la spassano tra strade e giardini.<br>Camminando o volando tra bacche e fogliame vario al mattino rischia di tornare a casa che sembra un albero di Natale pi\u00f9 che una befana.<br><br>Speriamo solo che anche se sporca di poco di carbone questo basti a renderla invisibile.<br>Sicch\u00e9 nessun bambino dell\u2019isola si accorga della sua presenza.<br>Pu\u00f2 solo esserci un unico grande intoppo: se oggi ci sar\u00e0 una bella giornata, compiuto il suo dovere e imbrattata di fuliggine e fogliame, sono certa che non resister\u00e0 alla tentazione di andarsi a tuffare a Balata dei Turchi.<br><br>Lei sa.<br>Lo sa che quello \u00e8 il giorno perfetto per incontrare i suoi amici delfini.<br>Chiss\u00e0 che qualcuno, a quel punto, non l\u2019avvisti.<br>Ma di nero vestita, sono certa, sar\u00e0 abile a nascondersi tra lava e ossidiana.<br><br>Befana, buon lavoro e tanti Baci Panteschi!<\/p>\n","protected":false},"excerpt":{"rendered":"<p>Fosse vero che la befana cammina con le scarpe rotte [&hellip;]<\/p>\n","protected":false},"author":3,"featured_media":22721,"comment_status":"closed","ping_status":"closed","sticky":false,"template":"","format":"standard","meta":{"_acf_changed":false,"footnotes":""},"categories":[447],"tags":[1261,1262,1263,1264,1260,1256,1135,228,807,91],"class_list":["post-22720","post","type-post","status-publish","format-standard","has-post-thumbnail","hentry","category-corsi-e-ricorsi","tag-befana-2","tag-lava","tag-carbone-2","tag-pasticciotti","tag-labefana","tag-boscodellefate","tag-baciopantesco-2","tag-ildammuso","tag-ossidiana","tag-pantelleria"],"acf":[],"yoast_head":"<!-- This site is optimized with the Yoast SEO plugin v27.5 - https:\/\/yoast.com\/product\/yoast-seo-wordpress\/ -->\n<title>Una Befana al bacio (pantesco) | Il Dammuso<\/title>\n<meta name=\"description\" content=\"&quot;Una befana al bacio (pantesco)&quot;: leggi l&#039;articolo completo nel blog de Il Dammuso! La befana a Pantelleria\" \/>\n<meta name=\"robots\" content=\"index, follow, max-snippet:-1, max-image-preview:large, max-video-preview:-1\" \/>\n<link rel=\"canonical\" href=\"https:\/\/www.ildammuso.com\/it\/una-befana-al-bacio-pantesco\/\" \/>\n<meta property=\"og:locale\" content=\"it_IT\" \/>\n<meta property=\"og:type\" content=\"article\" \/>\n<meta property=\"og:title\" content=\"Una Befana al bacio (pantesco) | Il Dammuso\" \/>\n<meta property=\"og:description\" content=\"&quot;Una befana al bacio (pantesco)&quot;: leggi l&#039;articolo completo nel blog de Il Dammuso! La befana a Pantelleria\" \/>\n<meta property=\"og:url\" content=\"https:\/\/www.ildammuso.com\/it\/una-befana-al-bacio-pantesco\/\" \/>\n<meta property=\"og:site_name\" content=\"Il Dammuso\" \/>\n<meta property=\"article:publisher\" content=\"https:\/\/www.facebook.com\/ildammusodipantelleria\/\" \/>\n<meta property=\"article:published_time\" content=\"2024-01-06T12:50:07+00:00\" \/>\n<meta property=\"article:modified_time\" content=\"2024-01-06T12:50:10+00:00\" \/>\n<meta property=\"og:image\" content=\"https:\/\/storage1254.cdn-immedia.net\/wp-content\/uploads\/2024\/01\/befana-2024-scaled.jpg\" \/>\n\t<meta property=\"og:image:width\" content=\"1922\" \/>\n\t<meta property=\"og:image:height\" content=\"2560\" \/>\n\t<meta property=\"og:image:type\" content=\"image\/jpeg\" \/>\n<meta name=\"author\" content=\"claudia\" \/>\n<meta name=\"twitter:card\" content=\"summary_large_image\" \/>\n<meta name=\"twitter:label1\" content=\"Scritto da\" \/>\n\t<meta name=\"twitter:data1\" content=\"claudia\" \/>\n\t<meta name=\"twitter:label2\" content=\"Tempo di lettura stimato\" \/>\n\t<meta name=\"twitter:data2\" content=\"2 minuti\" \/>\n<script type=\"application\/ld+json\" class=\"yoast-schema-graph\">{\"@context\":\"https:\\\/\\\/schema.org\",\"@graph\":[{\"@type\":\"Article\",\"@id\":\"https:\\\/\\\/www.ildammuso.com\\\/it\\\/una-befana-al-bacio-pantesco\\\/#article\",\"isPartOf\":{\"@id\":\"https:\\\/\\\/www.ildammuso.com\\\/it\\\/una-befana-al-bacio-pantesco\\\/\"},\"author\":{\"name\":\"claudia\",\"@id\":\"https:\\\/\\\/www.ildammuso.com\\\/it\\\/#\\\/schema\\\/person\\\/a97bc2634c1ae772b6efbb07fef2b3a8\"},\"headline\":\"Una Befana al bacio (pantesco)\",\"datePublished\":\"2024-01-06T12:50:07+00:00\",\"dateModified\":\"2024-01-06T12:50:10+00:00\",\"mainEntityOfPage\":{\"@id\":\"https:\\\/\\\/www.ildammuso.com\\\/it\\\/una-befana-al-bacio-pantesco\\\/\"},\"wordCount\":339,\"publisher\":{\"@id\":\"https:\\\/\\\/www.ildammuso.com\\\/it\\\/#organization\"},\"image\":{\"@id\":\"https:\\\/\\\/www.ildammuso.com\\\/it\\\/una-befana-al-bacio-pantesco\\\/#primaryimage\"},\"thumbnailUrl\":\"https:\\\/\\\/www.ildammuso.com\\\/wp-content\\\/uploads\\\/2024\\\/01\\\/befana-2024-scaled.jpg\",\"keywords\":[\"befana\",\"lava\",\"carbone\",\"pasticciotti\",\"labefana\",\"boscodellefate\",\"baciopantesco\",\"ildammuso\",\"ossidiana\",\"pantelleria\"],\"articleSection\":[\"Corsi e ricorsi\"],\"inLanguage\":\"it-IT\"},{\"@type\":\"WebPage\",\"@id\":\"https:\\\/\\\/www.ildammuso.com\\\/it\\\/una-befana-al-bacio-pantesco\\\/\",\"url\":\"https:\\\/\\\/www.ildammuso.com\\\/it\\\/una-befana-al-bacio-pantesco\\\/\",\"name\":\"Una Befana al bacio (pantesco) | Il Dammuso\",\"isPartOf\":{\"@id\":\"https:\\\/\\\/www.ildammuso.com\\\/it\\\/#website\"},\"primaryImageOfPage\":{\"@id\":\"https:\\\/\\\/www.ildammuso.com\\\/it\\\/una-befana-al-bacio-pantesco\\\/#primaryimage\"},\"image\":{\"@id\":\"https:\\\/\\\/www.ildammuso.com\\\/it\\\/una-befana-al-bacio-pantesco\\\/#primaryimage\"},\"thumbnailUrl\":\"https:\\\/\\\/www.ildammuso.com\\\/wp-content\\\/uploads\\\/2024\\\/01\\\/befana-2024-scaled.jpg\",\"datePublished\":\"2024-01-06T12:50:07+00:00\",\"dateModified\":\"2024-01-06T12:50:10+00:00\",\"description\":\"\\\"Una befana al bacio (pantesco)\\\": leggi l'articolo completo nel blog de Il Dammuso! La befana a Pantelleria\",\"breadcrumb\":{\"@id\":\"https:\\\/\\\/www.ildammuso.com\\\/it\\\/una-befana-al-bacio-pantesco\\\/#breadcrumb\"},\"inLanguage\":\"it-IT\",\"potentialAction\":[{\"@type\":\"ReadAction\",\"target\":[\"https:\\\/\\\/www.ildammuso.com\\\/it\\\/una-befana-al-bacio-pantesco\\\/\"]}]},{\"@type\":\"ImageObject\",\"inLanguage\":\"it-IT\",\"@id\":\"https:\\\/\\\/www.ildammuso.com\\\/it\\\/una-befana-al-bacio-pantesco\\\/#primaryimage\",\"url\":\"https:\\\/\\\/www.ildammuso.com\\\/wp-content\\\/uploads\\\/2024\\\/01\\\/befana-2024-scaled.jpg\",\"contentUrl\":\"https:\\\/\\\/www.ildammuso.com\\\/wp-content\\\/uploads\\\/2024\\\/01\\\/befana-2024-scaled.jpg\",\"width\":1922,\"height\":2560,\"caption\":\"bosco delle fate a Pantelleria\"},{\"@type\":\"BreadcrumbList\",\"@id\":\"https:\\\/\\\/www.ildammuso.com\\\/it\\\/una-befana-al-bacio-pantesco\\\/#breadcrumb\",\"itemListElement\":[{\"@type\":\"ListItem\",\"position\":1,\"name\":\"Home\",\"item\":\"https:\\\/\\\/www.ildammuso.com\\\/it\\\/\"},{\"@type\":\"ListItem\",\"position\":2,\"name\":\"&nbsp;\"}]},{\"@type\":\"WebSite\",\"@id\":\"https:\\\/\\\/www.ildammuso.com\\\/it\\\/#website\",\"url\":\"https:\\\/\\\/www.ildammuso.com\\\/it\\\/\",\"name\":\"Il Dammuso\",\"description\":\"Il tuo Dammuso a Pantelleria\",\"publisher\":{\"@id\":\"https:\\\/\\\/www.ildammuso.com\\\/it\\\/#organization\"},\"potentialAction\":[{\"@type\":\"SearchAction\",\"target\":{\"@type\":\"EntryPoint\",\"urlTemplate\":\"https:\\\/\\\/www.ildammuso.com\\\/it\\\/?s={search_term_string}\"},\"query-input\":{\"@type\":\"PropertyValueSpecification\",\"valueRequired\":true,\"valueName\":\"search_term_string\"}}],\"inLanguage\":\"it-IT\"},{\"@type\":\"Organization\",\"@id\":\"https:\\\/\\\/www.ildammuso.com\\\/it\\\/#organization\",\"name\":\"Il Dammuso\",\"url\":\"https:\\\/\\\/www.ildammuso.com\\\/it\\\/\",\"logo\":{\"@type\":\"ImageObject\",\"inLanguage\":\"it-IT\",\"@id\":\"https:\\\/\\\/www.ildammuso.com\\\/it\\\/#\\\/schema\\\/logo\\\/image\\\/\",\"url\":\"https:\\\/\\\/www.ildammuso.com\\\/wp-content\\\/uploads\\\/2022\\\/06\\\/logo-ildammuso.jpg\",\"contentUrl\":\"https:\\\/\\\/www.ildammuso.com\\\/wp-content\\\/uploads\\\/2022\\\/06\\\/logo-ildammuso.jpg\",\"width\":426,\"height\":395,\"caption\":\"Il Dammuso\"},\"image\":{\"@id\":\"https:\\\/\\\/www.ildammuso.com\\\/it\\\/#\\\/schema\\\/logo\\\/image\\\/\"},\"sameAs\":[\"https:\\\/\\\/www.facebook.com\\\/ildammusodipantelleria\\\/\",\"https:\\\/\\\/www.instagram.com\\\/ildammusogram\\\/\"]},{\"@type\":\"Person\",\"@id\":\"https:\\\/\\\/www.ildammuso.com\\\/it\\\/#\\\/schema\\\/person\\\/a97bc2634c1ae772b6efbb07fef2b3a8\",\"name\":\"claudia\",\"image\":{\"@type\":\"ImageObject\",\"inLanguage\":\"it-IT\",\"@id\":\"https:\\\/\\\/secure.gravatar.com\\\/avatar\\\/bfa9e85032faeaffeaaafd48c7c09ad8da852ff133d8361db8721aff28093ebe?s=96&d=mm&r=g\",\"url\":\"https:\\\/\\\/secure.gravatar.com\\\/avatar\\\/bfa9e85032faeaffeaaafd48c7c09ad8da852ff133d8361db8721aff28093ebe?s=96&d=mm&r=g\",\"contentUrl\":\"https:\\\/\\\/secure.gravatar.com\\\/avatar\\\/bfa9e85032faeaffeaaafd48c7c09ad8da852ff133d8361db8721aff28093ebe?s=96&d=mm&r=g\",\"caption\":\"claudia\"}}]}<\/script>\n<!-- \/ Yoast SEO plugin. -->","yoast_head_json":{"title":"Una Befana al bacio (pantesco) | Il Dammuso","description":"\"Una befana al bacio (pantesco)\": leggi l'articolo completo nel blog de Il Dammuso! La befana a Pantelleria","robots":{"index":"index","follow":"follow","max-snippet":"max-snippet:-1","max-image-preview":"max-image-preview:large","max-video-preview":"max-video-preview:-1"},"canonical":"https:\/\/www.ildammuso.com\/it\/una-befana-al-bacio-pantesco\/","og_locale":"it_IT","og_type":"article","og_title":"Una Befana al bacio (pantesco) | Il Dammuso","og_description":"\"Una befana al bacio (pantesco)\": leggi l'articolo completo nel blog de Il Dammuso! La befana a Pantelleria","og_url":"https:\/\/www.ildammuso.com\/it\/una-befana-al-bacio-pantesco\/","og_site_name":"Il Dammuso","article_publisher":"https:\/\/www.facebook.com\/ildammusodipantelleria\/","article_published_time":"2024-01-06T12:50:07+00:00","article_modified_time":"2024-01-06T12:50:10+00:00","og_image":[{"width":1922,"height":2560,"url":"https:\/\/storage1254.cdn-immedia.net\/wp-content\/uploads\/2024\/01\/befana-2024-scaled.jpg","type":"image\/jpeg"}],"author":"claudia","twitter_card":"summary_large_image","twitter_misc":{"Scritto da":"claudia","Tempo di lettura stimato":"2 minuti"},"schema":{"@context":"https:\/\/schema.org","@graph":[{"@type":"Article","@id":"https:\/\/www.ildammuso.com\/it\/una-befana-al-bacio-pantesco\/#article","isPartOf":{"@id":"https:\/\/www.ildammuso.com\/it\/una-befana-al-bacio-pantesco\/"},"author":{"name":"claudia","@id":"https:\/\/www.ildammuso.com\/it\/#\/schema\/person\/a97bc2634c1ae772b6efbb07fef2b3a8"},"headline":"Una Befana al bacio (pantesco)","datePublished":"2024-01-06T12:50:07+00:00","dateModified":"2024-01-06T12:50:10+00:00","mainEntityOfPage":{"@id":"https:\/\/www.ildammuso.com\/it\/una-befana-al-bacio-pantesco\/"},"wordCount":339,"publisher":{"@id":"https:\/\/www.ildammuso.com\/it\/#organization"},"image":{"@id":"https:\/\/www.ildammuso.com\/it\/una-befana-al-bacio-pantesco\/#primaryimage"},"thumbnailUrl":"https:\/\/storage1254.cdn-immedia.net\/wp-content\/uploads\/2024\/01\/befana-2024-scaled.jpg","keywords":["befana","lava","carbone","pasticciotti","labefana","boscodellefate","baciopantesco","ildammuso","ossidiana","pantelleria"],"articleSection":["Corsi e ricorsi"],"inLanguage":"it-IT"},{"@type":"WebPage","@id":"https:\/\/www.ildammuso.com\/it\/una-befana-al-bacio-pantesco\/","url":"https:\/\/www.ildammuso.com\/it\/una-befana-al-bacio-pantesco\/","name":"Una Befana al bacio (pantesco) | Il Dammuso","isPartOf":{"@id":"https:\/\/www.ildammuso.com\/it\/#website"},"primaryImageOfPage":{"@id":"https:\/\/www.ildammuso.com\/it\/una-befana-al-bacio-pantesco\/#primaryimage"},"image":{"@id":"https:\/\/www.ildammuso.com\/it\/una-befana-al-bacio-pantesco\/#primaryimage"},"thumbnailUrl":"https:\/\/storage1254.cdn-immedia.net\/wp-content\/uploads\/2024\/01\/befana-2024-scaled.jpg","datePublished":"2024-01-06T12:50:07+00:00","dateModified":"2024-01-06T12:50:10+00:00","description":"\"Una befana al bacio (pantesco)\": leggi l'articolo completo nel blog de Il Dammuso! La befana a Pantelleria","breadcrumb":{"@id":"https:\/\/www.ildammuso.com\/it\/una-befana-al-bacio-pantesco\/#breadcrumb"},"inLanguage":"it-IT","potentialAction":[{"@type":"ReadAction","target":["https:\/\/www.ildammuso.com\/it\/una-befana-al-bacio-pantesco\/"]}]},{"@type":"ImageObject","inLanguage":"it-IT","@id":"https:\/\/www.ildammuso.com\/it\/una-befana-al-bacio-pantesco\/#primaryimage","url":"https:\/\/storage1254.cdn-immedia.net\/wp-content\/uploads\/2024\/01\/befana-2024-scaled.jpg","contentUrl":"https:\/\/storage1254.cdn-immedia.net\/wp-content\/uploads\/2024\/01\/befana-2024-scaled.jpg","width":1922,"height":2560,"caption":"bosco delle fate a Pantelleria"},{"@type":"BreadcrumbList","@id":"https:\/\/www.ildammuso.com\/it\/una-befana-al-bacio-pantesco\/#breadcrumb","itemListElement":[{"@type":"ListItem","position":1,"name":"Home","item":"https:\/\/www.ildammuso.com\/it\/"},{"@type":"ListItem","position":2,"name":"&nbsp;"}]},{"@type":"WebSite","@id":"https:\/\/www.ildammuso.com\/it\/#website","url":"https:\/\/www.ildammuso.com\/it\/","name":"Il Dammuso","description":"Il tuo Dammuso a Pantelleria","publisher":{"@id":"https:\/\/www.ildammuso.com\/it\/#organization"},"potentialAction":[{"@type":"SearchAction","target":{"@type":"EntryPoint","urlTemplate":"https:\/\/www.ildammuso.com\/it\/?s={search_term_string}"},"query-input":{"@type":"PropertyValueSpecification","valueRequired":true,"valueName":"search_term_string"}}],"inLanguage":"it-IT"},{"@type":"Organization","@id":"https:\/\/www.ildammuso.com\/it\/#organization","name":"Il Dammuso","url":"https:\/\/www.ildammuso.com\/it\/","logo":{"@type":"ImageObject","inLanguage":"it-IT","@id":"https:\/\/www.ildammuso.com\/it\/#\/schema\/logo\/image\/","url":"https:\/\/storage1254.cdn-immedia.net\/wp-content\/uploads\/2022\/06\/logo-ildammuso.jpg","contentUrl":"https:\/\/storage1254.cdn-immedia.net\/wp-content\/uploads\/2022\/06\/logo-ildammuso.jpg","width":426,"height":395,"caption":"Il Dammuso"},"image":{"@id":"https:\/\/www.ildammuso.com\/it\/#\/schema\/logo\/image\/"},"sameAs":["https:\/\/www.facebook.com\/ildammusodipantelleria\/","https:\/\/www.instagram.com\/ildammusogram\/"]},{"@type":"Person","@id":"https:\/\/www.ildammuso.com\/it\/#\/schema\/person\/a97bc2634c1ae772b6efbb07fef2b3a8","name":"claudia","image":{"@type":"ImageObject","inLanguage":"it-IT","@id":"https:\/\/secure.gravatar.com\/avatar\/bfa9e85032faeaffeaaafd48c7c09ad8da852ff133d8361db8721aff28093ebe?s=96&d=mm&r=g","url":"https:\/\/secure.gravatar.com\/avatar\/bfa9e85032faeaffeaaafd48c7c09ad8da852ff133d8361db8721aff28093ebe?s=96&d=mm&r=g","contentUrl":"https:\/\/secure.gravatar.com\/avatar\/bfa9e85032faeaffeaaafd48c7c09ad8da852ff133d8361db8721aff28093ebe?s=96&d=mm&r=g","caption":"claudia"}}]}},"_links":{"self":[{"href":"https:\/\/www.ildammuso.com\/it\/wp-json\/wp\/v2\/posts\/22720","targetHints":{"allow":["GET"]}}],"collection":[{"href":"https:\/\/www.ildammuso.com\/it\/wp-json\/wp\/v2\/posts"}],"about":[{"href":"https:\/\/www.ildammuso.com\/it\/wp-json\/wp\/v2\/types\/post"}],"author":[{"embeddable":true,"href":"https:\/\/www.ildammuso.com\/it\/wp-json\/wp\/v2\/users\/3"}],"replies":[{"embeddable":true,"href":"https:\/\/www.ildammuso.com\/it\/wp-json\/wp\/v2\/comments?post=22720"}],"version-history":[{"count":1,"href":"https:\/\/www.ildammuso.com\/it\/wp-json\/wp\/v2\/posts\/22720\/revisions"}],"predecessor-version":[{"id":22723,"href":"https:\/\/www.ildammuso.com\/it\/wp-json\/wp\/v2\/posts\/22720\/revisions\/22723"}],"wp:featuredmedia":[{"embeddable":true,"href":"https:\/\/www.ildammuso.com\/it\/wp-json\/wp\/v2\/media\/22721"}],"wp:attachment":[{"href":"https:\/\/www.ildammuso.com\/it\/wp-json\/wp\/v2\/media?parent=22720"}],"wp:term":[{"taxonomy":"category","embeddable":true,"href":"https:\/\/www.ildammuso.com\/it\/wp-json\/wp\/v2\/categories?post=22720"},{"taxonomy":"post_tag","embeddable":true,"href":"https:\/\/www.ildammuso.com\/it\/wp-json\/wp\/v2\/tags?post=22720"}],"curies":[{"name":"wp","href":"https:\/\/api.w.org\/{rel}","templated":true}]}}