{"id":22930,"date":"2024-01-12T14:23:39","date_gmt":"2024-01-12T13:23:39","guid":{"rendered":"https:\/\/www.ildammuso.com\/?p=22930"},"modified":"2024-01-12T14:23:42","modified_gmt":"2024-01-12T13:23:42","slug":"pantelleria-escursione-a-cuddia-mida","status":"publish","type":"post","link":"https:\/\/www.ildammuso.com\/it\/pantelleria-escursione-a-cuddia-mida\/","title":{"rendered":"Pantelleria, escursione a Cuddia Mida"},"content":{"rendered":"\n<p>4 luglio 2023<\/p>\n\n\n\n<p>I miei piedi si conoscono da cinquantaquattro anni ma non sono mai andati d\u2019accordo.<br>Credo sia la ragione per cui mi \u00e8 pi\u00f9 congeniale il mare della montagna.<br>Ho ritrovato, per un caso fortuito a Pantelleria Anna Maria Cusimano, una mia amica oggi guida ambientale dell\u2019Ente Parco Nazionale di Pantelleria.<br>\u201cGioved\u00ec guido una escursione a Cuddia Mida, dai vieni\u201d, mi ha detto prima che io potessi trovare una scusa che facesse vagamente appella alla verosimiglianza.<br>La verit\u00e0 \u00e8 che mi \u00e8 rimasto un solo legamento alla caviglia destra (ci sar\u00e0 un motivo se dico di avere uno scarso equilibrio, ma la domanda \u00e8 \u201cnasce prima l\u2019uovo o la gallina\u201d) e poi negli ultimi anni ho fatto pi\u00f9 ernie di quanto prima si facessero figli.<br>Ho risposto con un S\u00cc ma cos\u00ec assertivo che ho avuto paura di me stessa.<br><br>Il giorno deputato all\u2019escursione, ho pensato a sessantasette scuse diverse per non andare.<br>Alle undici ero su internet per comprare tutti i paramenti per il gioco dell\u2019hockey su ghiaccio mazza compresa, l\u2019avrei usata come bastone da trekking, a mezzogiorno ho capito che prima di dodici giorni non avrei ricevuto neanche il casco. Ho pensato di acquistare un\u2019armatura medievale ma poi ho pensato che avrei dovuto toglierla per il caldo e trascinarla come De Niro nel film <a href=\"https:\/\/www.youtube.com\/watch?v=mnXN-mRFoPI\">MISSION<\/a>.<br>Alle 13.00 viaggiavo a met\u00e0 tra la resa incondizionata e la ribellione.<br>Ho finto con me stessa di avere la febbre ma alle 13.30 (l\u2019escursione era alle 18.30) ero gi\u00e0 vestita da perfetta escursionista e lo zaino era pronto.<\/p>\n\n\n\n<p>Alle sei e mezza del pomeriggio ero a <a href=\"https:\/\/www.ildammuso.com\/it\/siba-il-villaggio-montano-di-pantelleria\/\">Sib\u00e0<\/a>, luogo dell\u2019appuntamento.<br>Lo confesso, arrivata l\u00ec la mia ansia si \u00e8 quietata. Alla chetichella sono arrivati i compagni di escursione e Annamaria.<br>Parcheggiata l\u2019auto a Sib\u00e0 alta abbiamo intrapreso il nostro cammino in salita.<br>Annamaria ad un tratto si \u00e8 voltata a guardarmi e mi ha chiesto: \u201cLo hai spezzato il fiato?\u201d<br>Le ho risposto secca: \u201cVediamo cosa spezzo prima, se il fiato o una gamba\u201d.<br>Da l\u00ec in poi \u00e8 successo ci\u00f2 che da troppo tempo avevo dimenticato, ho smesso di pensare e ho cominciato a misurare il passo dentro un sentiero stretto bordato da corbezzoli, lentischio, mirto, rosmarino.<br>Avevo anche scordato la strana magia che accade quando fai un\u2019escursione assieme a gente che hai conosciuto l\u2019attimo prima e dieci minuti dopo ci si ritrova a far chiacchiera come se ci conoscesse da sempre.<br>Sono stati quattrocento metri di dislivello ma il terreno accompagnava il passo, Annamaria, sosteneva le menti, indicava con calma cosa e dove soffermarsi con lo sguardo.<br>Tra meraviglia e stupore siamo arrivati alle prime fumarole, ciascuno a mettere la mano dentro quel calore che proviene da chiss\u00e0 dove.<br>Immersi nella sorpresa di chi, come me e, immagina di sentire il fiato di quest\u2019isola verdissima.<br>Il lago \u00e8 stranamente grigio perch\u00e9 coperto da una coltre di nubi.<br>Pi\u00f9 in alto in mezzo alla nebbia la sagoma del Gelfiser e il mare di Punta Spadillo.<br>La sensazione, a met\u00e0 tra l\u2019incredulit\u00e0 umana e la scintilla divina, \u00e8 stata quella di possedere l\u2019isola con un solo sguardo.<br>La conca di Cuddia Mida con i suoi alberi l\u00ec, alti e eretti, intenti a sgomitare per \u201cfarsi\u201d luce.<br>Giocano a chi cresce primo, a chi si fa pi\u00f9 alto, a chi \u201cregala\u201d pi\u00f9 ossigeno.<br>Giunti alla favara, un muro circolare in pietra e un tetto fatto di canne e sterpi siamo entrati uno a uno in silenzio come si fa in certi luoghi di culto.<br>All\u2019uscita Anna ci attendeva, aveva apparecchiato su una roccia piatta aperta a noi come un vassoio.<br>Su questa una bottiglia di <a href=\"https:\/\/www.ildammuso.com\/it\/pantelleria\/vigneto-monastero\/\">passito<\/a>, mandorle e biscotti.<br>Abbiamo gustato tanta bont\u00e0 in mezzo ad una quantit\u00e0 di belt\u00e0 da annebbiare la vista (o forse \u00e8 stato il passito).<br>La discesa, una parola dietro l\u2019altra (come i passi) \u00e8 stata troppo breve e il sole era gi\u00e0 calato.<\/p>\n","protected":false},"excerpt":{"rendered":"<p>4 luglio 2023 I miei piedi si conoscono da cinquantaquattro [&hellip;]<\/p>\n","protected":false},"author":3,"featured_media":22931,"comment_status":"closed","ping_status":"closed","sticky":false,"template":"","format":"standard","meta":{"_acf_changed":false,"footnotes":""},"categories":[446],"tags":[1265,1266,1267,984,928,228,96,91,213],"class_list":["post-22930","post","type-post","status-publish","format-standard","has-post-thumbnail","hentry","category-pantelleria-lisola","tag-escursione","tag-passeggiare","tag-escursionismo","tag-lagodivenere","tag-favare","tag-ildammuso","tag-mare","tag-pantelleria","tag-zaino"],"acf":[],"yoast_head":"<!-- This site is optimized with the Yoast SEO plugin v27.3 - https:\/\/yoast.com\/product\/yoast-seo-wordpress\/ -->\n<title>Pantelleria, escursione a Cuddia Mida | Il Dammuso<\/title>\n<meta name=\"description\" content=\"&quot;Pantelleria, escursione a Cuddia Mida&quot;: leggi l&#039;articolo completo nel blog de Il Dammuso! Trekking a Pantelleria.\" \/>\n<meta name=\"robots\" content=\"index, follow, max-snippet:-1, max-image-preview:large, max-video-preview:-1\" \/>\n<link rel=\"canonical\" href=\"https:\/\/www.ildammuso.com\/it\/pantelleria-escursione-a-cuddia-mida\/\" \/>\n<meta property=\"og:locale\" content=\"it_IT\" \/>\n<meta property=\"og:type\" content=\"article\" \/>\n<meta property=\"og:title\" content=\"Pantelleria, escursione a Cuddia Mida | Il Dammuso\" \/>\n<meta property=\"og:description\" content=\"&quot;Pantelleria, escursione a Cuddia Mida&quot;: leggi l&#039;articolo completo nel blog de Il Dammuso! Trekking a Pantelleria.\" \/>\n<meta property=\"og:url\" content=\"https:\/\/www.ildammuso.com\/it\/pantelleria-escursione-a-cuddia-mida\/\" \/>\n<meta property=\"og:site_name\" content=\"Il Dammuso\" \/>\n<meta property=\"article:publisher\" content=\"https:\/\/www.facebook.com\/ildammusodipantelleria\/\" \/>\n<meta property=\"article:published_time\" content=\"2024-01-12T13:23:39+00:00\" \/>\n<meta property=\"article:modified_time\" content=\"2024-01-12T13:23:42+00:00\" \/>\n<meta property=\"og:image\" content=\"https:\/\/storage1254.cdn-immedia.net\/wp-content\/uploads\/2024\/01\/Escursione-Cuddia-Mida-scaled.jpg\" \/>\n\t<meta property=\"og:image:width\" content=\"2560\" \/>\n\t<meta property=\"og:image:height\" content=\"1928\" \/>\n\t<meta property=\"og:image:type\" content=\"image\/jpeg\" \/>\n<meta name=\"author\" content=\"claudia\" \/>\n<meta name=\"twitter:card\" content=\"summary_large_image\" \/>\n<meta name=\"twitter:label1\" content=\"Scritto da\" \/>\n\t<meta name=\"twitter:data1\" content=\"claudia\" \/>\n\t<meta name=\"twitter:label2\" content=\"Tempo di lettura stimato\" \/>\n\t<meta name=\"twitter:data2\" content=\"4 minuti\" \/>\n<script type=\"application\/ld+json\" class=\"yoast-schema-graph\">{\"@context\":\"https:\\\/\\\/schema.org\",\"@graph\":[{\"@type\":\"Article\",\"@id\":\"https:\\\/\\\/www.ildammuso.com\\\/it\\\/pantelleria-escursione-a-cuddia-mida\\\/#article\",\"isPartOf\":{\"@id\":\"https:\\\/\\\/www.ildammuso.com\\\/it\\\/pantelleria-escursione-a-cuddia-mida\\\/\"},\"author\":{\"name\":\"claudia\",\"@id\":\"https:\\\/\\\/www.ildammuso.com\\\/it\\\/#\\\/schema\\\/person\\\/a97bc2634c1ae772b6efbb07fef2b3a8\"},\"headline\":\"Pantelleria, escursione a Cuddia Mida\",\"datePublished\":\"2024-01-12T13:23:39+00:00\",\"dateModified\":\"2024-01-12T13:23:42+00:00\",\"mainEntityOfPage\":{\"@id\":\"https:\\\/\\\/www.ildammuso.com\\\/it\\\/pantelleria-escursione-a-cuddia-mida\\\/\"},\"wordCount\":653,\"publisher\":{\"@id\":\"https:\\\/\\\/www.ildammuso.com\\\/it\\\/#organization\"},\"image\":{\"@id\":\"https:\\\/\\\/www.ildammuso.com\\\/it\\\/pantelleria-escursione-a-cuddia-mida\\\/#primaryimage\"},\"thumbnailUrl\":\"https:\\\/\\\/www.ildammuso.com\\\/wp-content\\\/uploads\\\/2024\\\/01\\\/Escursione-Cuddia-Mida-scaled.jpg\",\"keywords\":[\"escursione\",\"passeggiare\",\"escursionismo\",\"lagodivenere\",\"favare\",\"ildammuso\",\"mare\",\"pantelleria\",\"zaino\"],\"articleSection\":[\"Pantelleria, l'isola\"],\"inLanguage\":\"it-IT\"},{\"@type\":\"WebPage\",\"@id\":\"https:\\\/\\\/www.ildammuso.com\\\/it\\\/pantelleria-escursione-a-cuddia-mida\\\/\",\"url\":\"https:\\\/\\\/www.ildammuso.com\\\/it\\\/pantelleria-escursione-a-cuddia-mida\\\/\",\"name\":\"Pantelleria, escursione a Cuddia Mida | Il Dammuso\",\"isPartOf\":{\"@id\":\"https:\\\/\\\/www.ildammuso.com\\\/it\\\/#website\"},\"primaryImageOfPage\":{\"@id\":\"https:\\\/\\\/www.ildammuso.com\\\/it\\\/pantelleria-escursione-a-cuddia-mida\\\/#primaryimage\"},\"image\":{\"@id\":\"https:\\\/\\\/www.ildammuso.com\\\/it\\\/pantelleria-escursione-a-cuddia-mida\\\/#primaryimage\"},\"thumbnailUrl\":\"https:\\\/\\\/www.ildammuso.com\\\/wp-content\\\/uploads\\\/2024\\\/01\\\/Escursione-Cuddia-Mida-scaled.jpg\",\"datePublished\":\"2024-01-12T13:23:39+00:00\",\"dateModified\":\"2024-01-12T13:23:42+00:00\",\"description\":\"\\\"Pantelleria, escursione a Cuddia Mida\\\": leggi l'articolo completo nel blog de Il Dammuso! Trekking a Pantelleria.\",\"breadcrumb\":{\"@id\":\"https:\\\/\\\/www.ildammuso.com\\\/it\\\/pantelleria-escursione-a-cuddia-mida\\\/#breadcrumb\"},\"inLanguage\":\"it-IT\",\"potentialAction\":[{\"@type\":\"ReadAction\",\"target\":[\"https:\\\/\\\/www.ildammuso.com\\\/it\\\/pantelleria-escursione-a-cuddia-mida\\\/\"]}]},{\"@type\":\"ImageObject\",\"inLanguage\":\"it-IT\",\"@id\":\"https:\\\/\\\/www.ildammuso.com\\\/it\\\/pantelleria-escursione-a-cuddia-mida\\\/#primaryimage\",\"url\":\"https:\\\/\\\/www.ildammuso.com\\\/wp-content\\\/uploads\\\/2024\\\/01\\\/Escursione-Cuddia-Mida-scaled.jpg\",\"contentUrl\":\"https:\\\/\\\/www.ildammuso.com\\\/wp-content\\\/uploads\\\/2024\\\/01\\\/Escursione-Cuddia-Mida-scaled.jpg\",\"width\":2560,\"height\":1928},{\"@type\":\"BreadcrumbList\",\"@id\":\"https:\\\/\\\/www.ildammuso.com\\\/it\\\/pantelleria-escursione-a-cuddia-mida\\\/#breadcrumb\",\"itemListElement\":[{\"@type\":\"ListItem\",\"position\":1,\"name\":\"Home\",\"item\":\"https:\\\/\\\/www.ildammuso.com\\\/it\\\/\"},{\"@type\":\"ListItem\",\"position\":2,\"name\":\"&nbsp;\"}]},{\"@type\":\"WebSite\",\"@id\":\"https:\\\/\\\/www.ildammuso.com\\\/it\\\/#website\",\"url\":\"https:\\\/\\\/www.ildammuso.com\\\/it\\\/\",\"name\":\"Il Dammuso\",\"description\":\"Il tuo Dammuso a Pantelleria\",\"publisher\":{\"@id\":\"https:\\\/\\\/www.ildammuso.com\\\/it\\\/#organization\"},\"potentialAction\":[{\"@type\":\"SearchAction\",\"target\":{\"@type\":\"EntryPoint\",\"urlTemplate\":\"https:\\\/\\\/www.ildammuso.com\\\/it\\\/?s={search_term_string}\"},\"query-input\":{\"@type\":\"PropertyValueSpecification\",\"valueRequired\":true,\"valueName\":\"search_term_string\"}}],\"inLanguage\":\"it-IT\"},{\"@type\":\"Organization\",\"@id\":\"https:\\\/\\\/www.ildammuso.com\\\/it\\\/#organization\",\"name\":\"Il Dammuso\",\"url\":\"https:\\\/\\\/www.ildammuso.com\\\/it\\\/\",\"logo\":{\"@type\":\"ImageObject\",\"inLanguage\":\"it-IT\",\"@id\":\"https:\\\/\\\/www.ildammuso.com\\\/it\\\/#\\\/schema\\\/logo\\\/image\\\/\",\"url\":\"https:\\\/\\\/www.ildammuso.com\\\/wp-content\\\/uploads\\\/2022\\\/06\\\/logo-ildammuso.jpg\",\"contentUrl\":\"https:\\\/\\\/www.ildammuso.com\\\/wp-content\\\/uploads\\\/2022\\\/06\\\/logo-ildammuso.jpg\",\"width\":426,\"height\":395,\"caption\":\"Il Dammuso\"},\"image\":{\"@id\":\"https:\\\/\\\/www.ildammuso.com\\\/it\\\/#\\\/schema\\\/logo\\\/image\\\/\"},\"sameAs\":[\"https:\\\/\\\/www.facebook.com\\\/ildammusodipantelleria\\\/\",\"https:\\\/\\\/www.instagram.com\\\/ildammusogram\\\/\"]},{\"@type\":\"Person\",\"@id\":\"https:\\\/\\\/www.ildammuso.com\\\/it\\\/#\\\/schema\\\/person\\\/a97bc2634c1ae772b6efbb07fef2b3a8\",\"name\":\"claudia\",\"image\":{\"@type\":\"ImageObject\",\"inLanguage\":\"it-IT\",\"@id\":\"https:\\\/\\\/secure.gravatar.com\\\/avatar\\\/bfa9e85032faeaffeaaafd48c7c09ad8da852ff133d8361db8721aff28093ebe?s=96&d=mm&r=g\",\"url\":\"https:\\\/\\\/secure.gravatar.com\\\/avatar\\\/bfa9e85032faeaffeaaafd48c7c09ad8da852ff133d8361db8721aff28093ebe?s=96&d=mm&r=g\",\"contentUrl\":\"https:\\\/\\\/secure.gravatar.com\\\/avatar\\\/bfa9e85032faeaffeaaafd48c7c09ad8da852ff133d8361db8721aff28093ebe?s=96&d=mm&r=g\",\"caption\":\"claudia\"}}]}<\/script>\n<!-- \/ Yoast SEO plugin. -->","yoast_head_json":{"title":"Pantelleria, escursione a Cuddia Mida | Il Dammuso","description":"\"Pantelleria, escursione a Cuddia Mida\": leggi l'articolo completo nel blog de Il Dammuso! Trekking a Pantelleria.","robots":{"index":"index","follow":"follow","max-snippet":"max-snippet:-1","max-image-preview":"max-image-preview:large","max-video-preview":"max-video-preview:-1"},"canonical":"https:\/\/www.ildammuso.com\/it\/pantelleria-escursione-a-cuddia-mida\/","og_locale":"it_IT","og_type":"article","og_title":"Pantelleria, escursione a Cuddia Mida | Il Dammuso","og_description":"\"Pantelleria, escursione a Cuddia Mida\": leggi l'articolo completo nel blog de Il Dammuso! Trekking a Pantelleria.","og_url":"https:\/\/www.ildammuso.com\/it\/pantelleria-escursione-a-cuddia-mida\/","og_site_name":"Il Dammuso","article_publisher":"https:\/\/www.facebook.com\/ildammusodipantelleria\/","article_published_time":"2024-01-12T13:23:39+00:00","article_modified_time":"2024-01-12T13:23:42+00:00","og_image":[{"width":2560,"height":1928,"url":"https:\/\/storage1254.cdn-immedia.net\/wp-content\/uploads\/2024\/01\/Escursione-Cuddia-Mida-scaled.jpg","type":"image\/jpeg"}],"author":"claudia","twitter_card":"summary_large_image","twitter_misc":{"Scritto da":"claudia","Tempo di lettura stimato":"4 minuti"},"schema":{"@context":"https:\/\/schema.org","@graph":[{"@type":"Article","@id":"https:\/\/www.ildammuso.com\/it\/pantelleria-escursione-a-cuddia-mida\/#article","isPartOf":{"@id":"https:\/\/www.ildammuso.com\/it\/pantelleria-escursione-a-cuddia-mida\/"},"author":{"name":"claudia","@id":"https:\/\/www.ildammuso.com\/it\/#\/schema\/person\/a97bc2634c1ae772b6efbb07fef2b3a8"},"headline":"Pantelleria, escursione a Cuddia Mida","datePublished":"2024-01-12T13:23:39+00:00","dateModified":"2024-01-12T13:23:42+00:00","mainEntityOfPage":{"@id":"https:\/\/www.ildammuso.com\/it\/pantelleria-escursione-a-cuddia-mida\/"},"wordCount":653,"publisher":{"@id":"https:\/\/www.ildammuso.com\/it\/#organization"},"image":{"@id":"https:\/\/www.ildammuso.com\/it\/pantelleria-escursione-a-cuddia-mida\/#primaryimage"},"thumbnailUrl":"https:\/\/storage1254.cdn-immedia.net\/wp-content\/uploads\/2024\/01\/Escursione-Cuddia-Mida-scaled.jpg","keywords":["escursione","passeggiare","escursionismo","lagodivenere","favare","ildammuso","mare","pantelleria","zaino"],"articleSection":["Pantelleria, l'isola"],"inLanguage":"it-IT"},{"@type":"WebPage","@id":"https:\/\/www.ildammuso.com\/it\/pantelleria-escursione-a-cuddia-mida\/","url":"https:\/\/www.ildammuso.com\/it\/pantelleria-escursione-a-cuddia-mida\/","name":"Pantelleria, escursione a Cuddia Mida | Il Dammuso","isPartOf":{"@id":"https:\/\/www.ildammuso.com\/it\/#website"},"primaryImageOfPage":{"@id":"https:\/\/www.ildammuso.com\/it\/pantelleria-escursione-a-cuddia-mida\/#primaryimage"},"image":{"@id":"https:\/\/www.ildammuso.com\/it\/pantelleria-escursione-a-cuddia-mida\/#primaryimage"},"thumbnailUrl":"https:\/\/storage1254.cdn-immedia.net\/wp-content\/uploads\/2024\/01\/Escursione-Cuddia-Mida-scaled.jpg","datePublished":"2024-01-12T13:23:39+00:00","dateModified":"2024-01-12T13:23:42+00:00","description":"\"Pantelleria, escursione a Cuddia Mida\": leggi l'articolo completo nel blog de Il Dammuso! Trekking a Pantelleria.","breadcrumb":{"@id":"https:\/\/www.ildammuso.com\/it\/pantelleria-escursione-a-cuddia-mida\/#breadcrumb"},"inLanguage":"it-IT","potentialAction":[{"@type":"ReadAction","target":["https:\/\/www.ildammuso.com\/it\/pantelleria-escursione-a-cuddia-mida\/"]}]},{"@type":"ImageObject","inLanguage":"it-IT","@id":"https:\/\/www.ildammuso.com\/it\/pantelleria-escursione-a-cuddia-mida\/#primaryimage","url":"https:\/\/storage1254.cdn-immedia.net\/wp-content\/uploads\/2024\/01\/Escursione-Cuddia-Mida-scaled.jpg","contentUrl":"https:\/\/storage1254.cdn-immedia.net\/wp-content\/uploads\/2024\/01\/Escursione-Cuddia-Mida-scaled.jpg","width":2560,"height":1928},{"@type":"BreadcrumbList","@id":"https:\/\/www.ildammuso.com\/it\/pantelleria-escursione-a-cuddia-mida\/#breadcrumb","itemListElement":[{"@type":"ListItem","position":1,"name":"Home","item":"https:\/\/www.ildammuso.com\/it\/"},{"@type":"ListItem","position":2,"name":"&nbsp;"}]},{"@type":"WebSite","@id":"https:\/\/www.ildammuso.com\/it\/#website","url":"https:\/\/www.ildammuso.com\/it\/","name":"Il Dammuso","description":"Il tuo Dammuso a Pantelleria","publisher":{"@id":"https:\/\/www.ildammuso.com\/it\/#organization"},"potentialAction":[{"@type":"SearchAction","target":{"@type":"EntryPoint","urlTemplate":"https:\/\/www.ildammuso.com\/it\/?s={search_term_string}"},"query-input":{"@type":"PropertyValueSpecification","valueRequired":true,"valueName":"search_term_string"}}],"inLanguage":"it-IT"},{"@type":"Organization","@id":"https:\/\/www.ildammuso.com\/it\/#organization","name":"Il Dammuso","url":"https:\/\/www.ildammuso.com\/it\/","logo":{"@type":"ImageObject","inLanguage":"it-IT","@id":"https:\/\/www.ildammuso.com\/it\/#\/schema\/logo\/image\/","url":"https:\/\/storage1254.cdn-immedia.net\/wp-content\/uploads\/2022\/06\/logo-ildammuso.jpg","contentUrl":"https:\/\/storage1254.cdn-immedia.net\/wp-content\/uploads\/2022\/06\/logo-ildammuso.jpg","width":426,"height":395,"caption":"Il Dammuso"},"image":{"@id":"https:\/\/www.ildammuso.com\/it\/#\/schema\/logo\/image\/"},"sameAs":["https:\/\/www.facebook.com\/ildammusodipantelleria\/","https:\/\/www.instagram.com\/ildammusogram\/"]},{"@type":"Person","@id":"https:\/\/www.ildammuso.com\/it\/#\/schema\/person\/a97bc2634c1ae772b6efbb07fef2b3a8","name":"claudia","image":{"@type":"ImageObject","inLanguage":"it-IT","@id":"https:\/\/secure.gravatar.com\/avatar\/bfa9e85032faeaffeaaafd48c7c09ad8da852ff133d8361db8721aff28093ebe?s=96&d=mm&r=g","url":"https:\/\/secure.gravatar.com\/avatar\/bfa9e85032faeaffeaaafd48c7c09ad8da852ff133d8361db8721aff28093ebe?s=96&d=mm&r=g","contentUrl":"https:\/\/secure.gravatar.com\/avatar\/bfa9e85032faeaffeaaafd48c7c09ad8da852ff133d8361db8721aff28093ebe?s=96&d=mm&r=g","caption":"claudia"}}]}},"_links":{"self":[{"href":"https:\/\/www.ildammuso.com\/it\/wp-json\/wp\/v2\/posts\/22930","targetHints":{"allow":["GET"]}}],"collection":[{"href":"https:\/\/www.ildammuso.com\/it\/wp-json\/wp\/v2\/posts"}],"about":[{"href":"https:\/\/www.ildammuso.com\/it\/wp-json\/wp\/v2\/types\/post"}],"author":[{"embeddable":true,"href":"https:\/\/www.ildammuso.com\/it\/wp-json\/wp\/v2\/users\/3"}],"replies":[{"embeddable":true,"href":"https:\/\/www.ildammuso.com\/it\/wp-json\/wp\/v2\/comments?post=22930"}],"version-history":[{"count":1,"href":"https:\/\/www.ildammuso.com\/it\/wp-json\/wp\/v2\/posts\/22930\/revisions"}],"predecessor-version":[{"id":22933,"href":"https:\/\/www.ildammuso.com\/it\/wp-json\/wp\/v2\/posts\/22930\/revisions\/22933"}],"wp:featuredmedia":[{"embeddable":true,"href":"https:\/\/www.ildammuso.com\/it\/wp-json\/wp\/v2\/media\/22931"}],"wp:attachment":[{"href":"https:\/\/www.ildammuso.com\/it\/wp-json\/wp\/v2\/media?parent=22930"}],"wp:term":[{"taxonomy":"category","embeddable":true,"href":"https:\/\/www.ildammuso.com\/it\/wp-json\/wp\/v2\/categories?post=22930"},{"taxonomy":"post_tag","embeddable":true,"href":"https:\/\/www.ildammuso.com\/it\/wp-json\/wp\/v2\/tags?post=22930"}],"curies":[{"name":"wp","href":"https:\/\/api.w.org\/{rel}","templated":true}]}}