{"id":23371,"date":"2024-03-08T11:54:58","date_gmt":"2024-03-08T10:54:58","guid":{"rendered":"https:\/\/www.ildammuso.com\/?p=23371"},"modified":"2024-03-08T11:55:02","modified_gmt":"2024-03-08T10:55:02","slug":"pantelleria-e-femmina","status":"publish","type":"post","link":"https:\/\/www.ildammuso.com\/it\/pantelleria-e-femmina\/","title":{"rendered":"Pantelleria \u00e8 femmina"},"content":{"rendered":"\n<p>Pantelleria \u00e8 FEMMINA.<br>Sfido chiunque a sostenere il contrario.<br>In primo luogo \u00e8 un\u2019isola, sostantivo femminile.<br>Altrimenti detta Cossira&nbsp;(gr. \u039a\u03bf\u03c3\u03c3\u03cd\u03c1\u03b1, lat. Cossyra) e anche in questo caso il nome \u00e8 al femminile.<br>Poeticamente chiamata anche la \u201cPerla Nera\u201d o la \u201cVenere Nera\u201d.<br>Insomma, la tesi pu\u00f2 essere confutabile ma le apparenze lasciano pensare che se volessimo attribuire un\u2019identit\u00e0 sessuale a questa terra tutto ci indurrebbe a immaginarla femmina.<br>D\u2019altronde quando la gente dell\u2019isola parla di questa minuscola porzione di mondo la chiama \u201cIDDA\u201d, che nella lingua siciliana significa letteralmente \u201cLEI\u201d.<br><br>Al di l\u00e0 delle mie speculazioni, pi\u00f9 o meno serie, sembra davvero che l\u2019isola venga cos\u00ec percepita.<br>Ma \u00e8 ben chiaro dove io oggi voglia andare a parare.<br>Oggi \u00e8 l\u2019otto marzo, un giorno diventato simbolo e ricorrenza, data che dovrebbe \u201cfesteggiare\u201d le donne.<br>Io ne estenderei il significato: mi piacerebbe che fosse un giorno in cui si possa celebrare, ricordare e proteggere \u201cil femminile\u201d, nella sua accezione pi\u00f9 ampia.<br>Non solo come identit\u00e0 di genere ma come espressione di cultura, modo di pensare e atteggiamento rivolto alla vita.<br><br>La donna \u00e8 (ma non sempre e non \u00e8 il suo unico attributo) \u201cgeneratrice\u201d.<br>Alle donne \u00e8 stata data la \u201cfacolt\u00e0\u201d di procreare.<br>Estendo ancora una volta il concetto e elimino il prefisso \u201cpro\u201d e mantengo, custodisco e esalto la capacit\u00e0 creativa del mondo femminile.<br><br>Ma proseguo per step.<br>Su questa pagina difficilmente \u00e8 stato dato spazio a tematiche di ordine politico o sociale.<br>Abbiamo sempre ritenuto che non fosse il luogo adatto per questo genere di informazioni o speculazioni.<br>Abbiamo dato voce a tematiche ambientali per il semplice fatto che Pantelleria, da questo punto di vista, ha un patrimonio unico che merita di essere valorizzato e protetto.<br>Dopodich\u00e9, da quando esiste questa paginai, ci siamo concessi il \u201clusso\u201d di commemorare SEMPRE questa giornata.<br><\/p>\n\n\n\n<p>Cos\u00ec anche quest\u2019anno mi accingo a farlo.<br>Lo faccio con un senso di responsabilit\u00e0 maggiore a causa delle violenze perpetrate, in questi anni, ai danni delle donne.<br>Tragedie che dovrebbero indurre noi tutti a una riflessione pi\u00f9 profonda e intima.<br>E mi soffermo a dedicare questo \u201cspazio\u201d, intriso di parole, al \u201cfemminile\u201d mortificato, offeso e ucciso ogni giorno.<br>Vorrei che questo breve scritto entrasse a far parte di quel coro unico di chi si dissocia dagli abusi, dalle prepotenze e dalle violenze che molte donne, in tutto il mondo, ancora oggi subiscono.<br>Vorrei che questa voce, l\u2019insieme di questi fonemi, non restasse ISOLATO.<br>Ma che fosse \u201ccanto\u201d, contemporaneamente espressione di amore e dissenso, che si leva unico.<br>Un concerto a pi\u00f9 voci, che all\u2019unisono si alzi, da ogni luogo della terra e che risuoni alto e invincibile.<br>Direttore di questo coro, la \u201cnostra\u201d isola.<br>Pantelleria.<br><br><\/p>\n","protected":false},"excerpt":{"rendered":"<p>Pantelleria \u00e8 FEMMINA.Sfido chiunque a sostenere il contrario.In primo luogo [&hellip;]<\/p>\n","protected":false},"author":3,"featured_media":23372,"comment_status":"closed","ping_status":"closed","sticky":false,"template":"","format":"standard","meta":{"_acf_changed":false,"footnotes":""},"categories":[447],"tags":[1315,1316,1318,1319,1320,1313,1314,1309,860,855,228,92,91,98],"class_list":["post-23371","post","type-post","status-publish","format-standard","has-post-thumbnail","hentry","category-corsi-e-ricorsi","tag-woman","tag-celebrating","tag-musica-2","tag-islandvibes-2","tag-tourism","tag-ottomarzo-2","tag-noallaviolenzasulledonne","tag-armonia","tag-turismo","tag-festadelladonna","tag-ildammuso","tag-isola","tag-pantelleria","tag-viaggi"],"acf":[],"yoast_head":"<!-- This site is optimized with the Yoast SEO plugin v27.4 - https:\/\/yoast.com\/product\/yoast-seo-wordpress\/ -->\n<title>Pantelleria \u00e8 femmina | Il Dammuso<\/title>\n<meta name=\"description\" content=\"&quot;Pantelleria \u00e8 femmina&quot;: leggi l&#039;articolo completo nel blog de Il Dammuso! Un omaggio alle donne per l&#039;8 marzo\" \/>\n<meta name=\"robots\" content=\"index, follow, max-snippet:-1, max-image-preview:large, max-video-preview:-1\" \/>\n<link rel=\"canonical\" href=\"https:\/\/www.ildammuso.com\/it\/pantelleria-e-femmina\/\" \/>\n<meta property=\"og:locale\" content=\"it_IT\" \/>\n<meta property=\"og:type\" content=\"article\" \/>\n<meta property=\"og:title\" content=\"Pantelleria \u00e8 femmina | Il Dammuso\" \/>\n<meta property=\"og:description\" content=\"&quot;Pantelleria \u00e8 femmina&quot;: leggi l&#039;articolo completo nel blog de Il Dammuso! Un omaggio alle donne per l&#039;8 marzo\" \/>\n<meta property=\"og:url\" content=\"https:\/\/www.ildammuso.com\/it\/pantelleria-e-femmina\/\" \/>\n<meta property=\"og:site_name\" content=\"Il Dammuso\" \/>\n<meta property=\"article:publisher\" content=\"https:\/\/www.facebook.com\/ildammusodipantelleria\/\" \/>\n<meta property=\"article:published_time\" content=\"2024-03-08T10:54:58+00:00\" \/>\n<meta property=\"article:modified_time\" content=\"2024-03-08T10:55:02+00:00\" \/>\n<meta property=\"og:image\" content=\"https:\/\/storage1254.cdn-immedia.net\/wp-content\/uploads\/2024\/03\/Pantelleria-femmina-scaled.jpg\" \/>\n\t<meta property=\"og:image:width\" content=\"2560\" \/>\n\t<meta property=\"og:image:height\" content=\"1920\" \/>\n\t<meta property=\"og:image:type\" content=\"image\/jpeg\" \/>\n<meta name=\"author\" content=\"claudia\" \/>\n<meta name=\"twitter:card\" content=\"summary_large_image\" \/>\n<meta name=\"twitter:label1\" content=\"Scritto da\" \/>\n\t<meta name=\"twitter:data1\" content=\"claudia\" \/>\n\t<meta name=\"twitter:label2\" content=\"Tempo di lettura stimato\" \/>\n\t<meta name=\"twitter:data2\" content=\"3 minuti\" \/>\n<script type=\"application\/ld+json\" class=\"yoast-schema-graph\">{\"@context\":\"https:\\\/\\\/schema.org\",\"@graph\":[{\"@type\":\"Article\",\"@id\":\"https:\\\/\\\/www.ildammuso.com\\\/it\\\/pantelleria-e-femmina\\\/#article\",\"isPartOf\":{\"@id\":\"https:\\\/\\\/www.ildammuso.com\\\/it\\\/pantelleria-e-femmina\\\/\"},\"author\":{\"name\":\"claudia\",\"@id\":\"https:\\\/\\\/www.ildammuso.com\\\/it\\\/#\\\/schema\\\/person\\\/a97bc2634c1ae772b6efbb07fef2b3a8\"},\"headline\":\"Pantelleria \u00e8 femmina\",\"datePublished\":\"2024-03-08T10:54:58+00:00\",\"dateModified\":\"2024-03-08T10:55:02+00:00\",\"mainEntityOfPage\":{\"@id\":\"https:\\\/\\\/www.ildammuso.com\\\/it\\\/pantelleria-e-femmina\\\/\"},\"wordCount\":451,\"publisher\":{\"@id\":\"https:\\\/\\\/www.ildammuso.com\\\/it\\\/#organization\"},\"image\":{\"@id\":\"https:\\\/\\\/www.ildammuso.com\\\/it\\\/pantelleria-e-femmina\\\/#primaryimage\"},\"thumbnailUrl\":\"https:\\\/\\\/www.ildammuso.com\\\/wp-content\\\/uploads\\\/2024\\\/03\\\/Pantelleria-femmina-scaled.jpg\",\"keywords\":[\"woman\",\"celebrating\",\"musica\",\"islandvibes\",\"tourism\",\"ottomarzo\",\"noallaviolenzasulledonne\",\"armonia\",\"turismo\",\"festadelladonna\",\"ildammuso\",\"isola\",\"pantelleria\",\"viaggi\"],\"articleSection\":[\"Corsi e ricorsi\"],\"inLanguage\":\"it-IT\"},{\"@type\":\"WebPage\",\"@id\":\"https:\\\/\\\/www.ildammuso.com\\\/it\\\/pantelleria-e-femmina\\\/\",\"url\":\"https:\\\/\\\/www.ildammuso.com\\\/it\\\/pantelleria-e-femmina\\\/\",\"name\":\"Pantelleria \u00e8 femmina | Il Dammuso\",\"isPartOf\":{\"@id\":\"https:\\\/\\\/www.ildammuso.com\\\/it\\\/#website\"},\"primaryImageOfPage\":{\"@id\":\"https:\\\/\\\/www.ildammuso.com\\\/it\\\/pantelleria-e-femmina\\\/#primaryimage\"},\"image\":{\"@id\":\"https:\\\/\\\/www.ildammuso.com\\\/it\\\/pantelleria-e-femmina\\\/#primaryimage\"},\"thumbnailUrl\":\"https:\\\/\\\/www.ildammuso.com\\\/wp-content\\\/uploads\\\/2024\\\/03\\\/Pantelleria-femmina-scaled.jpg\",\"datePublished\":\"2024-03-08T10:54:58+00:00\",\"dateModified\":\"2024-03-08T10:55:02+00:00\",\"description\":\"\\\"Pantelleria \u00e8 femmina\\\": leggi l'articolo completo nel blog de Il Dammuso! Un omaggio alle donne per l'8 marzo\",\"breadcrumb\":{\"@id\":\"https:\\\/\\\/www.ildammuso.com\\\/it\\\/pantelleria-e-femmina\\\/#breadcrumb\"},\"inLanguage\":\"it-IT\",\"potentialAction\":[{\"@type\":\"ReadAction\",\"target\":[\"https:\\\/\\\/www.ildammuso.com\\\/it\\\/pantelleria-e-femmina\\\/\"]}]},{\"@type\":\"ImageObject\",\"inLanguage\":\"it-IT\",\"@id\":\"https:\\\/\\\/www.ildammuso.com\\\/it\\\/pantelleria-e-femmina\\\/#primaryimage\",\"url\":\"https:\\\/\\\/www.ildammuso.com\\\/wp-content\\\/uploads\\\/2024\\\/03\\\/Pantelleria-femmina-scaled.jpg\",\"contentUrl\":\"https:\\\/\\\/www.ildammuso.com\\\/wp-content\\\/uploads\\\/2024\\\/03\\\/Pantelleria-femmina-scaled.jpg\",\"width\":2560,\"height\":1920,\"caption\":\"DCIM100MEDIADJI_0141.JPG\"},{\"@type\":\"BreadcrumbList\",\"@id\":\"https:\\\/\\\/www.ildammuso.com\\\/it\\\/pantelleria-e-femmina\\\/#breadcrumb\",\"itemListElement\":[{\"@type\":\"ListItem\",\"position\":1,\"name\":\"Home\",\"item\":\"https:\\\/\\\/www.ildammuso.com\\\/it\\\/\"},{\"@type\":\"ListItem\",\"position\":2,\"name\":\"&nbsp;\"}]},{\"@type\":\"WebSite\",\"@id\":\"https:\\\/\\\/www.ildammuso.com\\\/it\\\/#website\",\"url\":\"https:\\\/\\\/www.ildammuso.com\\\/it\\\/\",\"name\":\"Il Dammuso\",\"description\":\"Il tuo Dammuso a Pantelleria\",\"publisher\":{\"@id\":\"https:\\\/\\\/www.ildammuso.com\\\/it\\\/#organization\"},\"potentialAction\":[{\"@type\":\"SearchAction\",\"target\":{\"@type\":\"EntryPoint\",\"urlTemplate\":\"https:\\\/\\\/www.ildammuso.com\\\/it\\\/?s={search_term_string}\"},\"query-input\":{\"@type\":\"PropertyValueSpecification\",\"valueRequired\":true,\"valueName\":\"search_term_string\"}}],\"inLanguage\":\"it-IT\"},{\"@type\":\"Organization\",\"@id\":\"https:\\\/\\\/www.ildammuso.com\\\/it\\\/#organization\",\"name\":\"Il Dammuso\",\"url\":\"https:\\\/\\\/www.ildammuso.com\\\/it\\\/\",\"logo\":{\"@type\":\"ImageObject\",\"inLanguage\":\"it-IT\",\"@id\":\"https:\\\/\\\/www.ildammuso.com\\\/it\\\/#\\\/schema\\\/logo\\\/image\\\/\",\"url\":\"https:\\\/\\\/www.ildammuso.com\\\/wp-content\\\/uploads\\\/2022\\\/06\\\/logo-ildammuso.jpg\",\"contentUrl\":\"https:\\\/\\\/www.ildammuso.com\\\/wp-content\\\/uploads\\\/2022\\\/06\\\/logo-ildammuso.jpg\",\"width\":426,\"height\":395,\"caption\":\"Il Dammuso\"},\"image\":{\"@id\":\"https:\\\/\\\/www.ildammuso.com\\\/it\\\/#\\\/schema\\\/logo\\\/image\\\/\"},\"sameAs\":[\"https:\\\/\\\/www.facebook.com\\\/ildammusodipantelleria\\\/\",\"https:\\\/\\\/www.instagram.com\\\/ildammusogram\\\/\"]},{\"@type\":\"Person\",\"@id\":\"https:\\\/\\\/www.ildammuso.com\\\/it\\\/#\\\/schema\\\/person\\\/a97bc2634c1ae772b6efbb07fef2b3a8\",\"name\":\"claudia\",\"image\":{\"@type\":\"ImageObject\",\"inLanguage\":\"it-IT\",\"@id\":\"https:\\\/\\\/secure.gravatar.com\\\/avatar\\\/bfa9e85032faeaffeaaafd48c7c09ad8da852ff133d8361db8721aff28093ebe?s=96&d=mm&r=g\",\"url\":\"https:\\\/\\\/secure.gravatar.com\\\/avatar\\\/bfa9e85032faeaffeaaafd48c7c09ad8da852ff133d8361db8721aff28093ebe?s=96&d=mm&r=g\",\"contentUrl\":\"https:\\\/\\\/secure.gravatar.com\\\/avatar\\\/bfa9e85032faeaffeaaafd48c7c09ad8da852ff133d8361db8721aff28093ebe?s=96&d=mm&r=g\",\"caption\":\"claudia\"}}]}<\/script>\n<!-- \/ Yoast SEO plugin. -->","yoast_head_json":{"title":"Pantelleria \u00e8 femmina | Il Dammuso","description":"\"Pantelleria \u00e8 femmina\": leggi l'articolo completo nel blog de Il Dammuso! Un omaggio alle donne per l'8 marzo","robots":{"index":"index","follow":"follow","max-snippet":"max-snippet:-1","max-image-preview":"max-image-preview:large","max-video-preview":"max-video-preview:-1"},"canonical":"https:\/\/www.ildammuso.com\/it\/pantelleria-e-femmina\/","og_locale":"it_IT","og_type":"article","og_title":"Pantelleria \u00e8 femmina | Il Dammuso","og_description":"\"Pantelleria \u00e8 femmina\": leggi l'articolo completo nel blog de Il Dammuso! Un omaggio alle donne per l'8 marzo","og_url":"https:\/\/www.ildammuso.com\/it\/pantelleria-e-femmina\/","og_site_name":"Il Dammuso","article_publisher":"https:\/\/www.facebook.com\/ildammusodipantelleria\/","article_published_time":"2024-03-08T10:54:58+00:00","article_modified_time":"2024-03-08T10:55:02+00:00","og_image":[{"width":2560,"height":1920,"url":"https:\/\/storage1254.cdn-immedia.net\/wp-content\/uploads\/2024\/03\/Pantelleria-femmina-scaled.jpg","type":"image\/jpeg"}],"author":"claudia","twitter_card":"summary_large_image","twitter_misc":{"Scritto da":"claudia","Tempo di lettura stimato":"3 minuti"},"schema":{"@context":"https:\/\/schema.org","@graph":[{"@type":"Article","@id":"https:\/\/www.ildammuso.com\/it\/pantelleria-e-femmina\/#article","isPartOf":{"@id":"https:\/\/www.ildammuso.com\/it\/pantelleria-e-femmina\/"},"author":{"name":"claudia","@id":"https:\/\/www.ildammuso.com\/it\/#\/schema\/person\/a97bc2634c1ae772b6efbb07fef2b3a8"},"headline":"Pantelleria \u00e8 femmina","datePublished":"2024-03-08T10:54:58+00:00","dateModified":"2024-03-08T10:55:02+00:00","mainEntityOfPage":{"@id":"https:\/\/www.ildammuso.com\/it\/pantelleria-e-femmina\/"},"wordCount":451,"publisher":{"@id":"https:\/\/www.ildammuso.com\/it\/#organization"},"image":{"@id":"https:\/\/www.ildammuso.com\/it\/pantelleria-e-femmina\/#primaryimage"},"thumbnailUrl":"https:\/\/storage1254.cdn-immedia.net\/wp-content\/uploads\/2024\/03\/Pantelleria-femmina-scaled.jpg","keywords":["woman","celebrating","musica","islandvibes","tourism","ottomarzo","noallaviolenzasulledonne","armonia","turismo","festadelladonna","ildammuso","isola","pantelleria","viaggi"],"articleSection":["Corsi e ricorsi"],"inLanguage":"it-IT"},{"@type":"WebPage","@id":"https:\/\/www.ildammuso.com\/it\/pantelleria-e-femmina\/","url":"https:\/\/www.ildammuso.com\/it\/pantelleria-e-femmina\/","name":"Pantelleria \u00e8 femmina | Il Dammuso","isPartOf":{"@id":"https:\/\/www.ildammuso.com\/it\/#website"},"primaryImageOfPage":{"@id":"https:\/\/www.ildammuso.com\/it\/pantelleria-e-femmina\/#primaryimage"},"image":{"@id":"https:\/\/www.ildammuso.com\/it\/pantelleria-e-femmina\/#primaryimage"},"thumbnailUrl":"https:\/\/storage1254.cdn-immedia.net\/wp-content\/uploads\/2024\/03\/Pantelleria-femmina-scaled.jpg","datePublished":"2024-03-08T10:54:58+00:00","dateModified":"2024-03-08T10:55:02+00:00","description":"\"Pantelleria \u00e8 femmina\": leggi l'articolo completo nel blog de Il Dammuso! Un omaggio alle donne per l'8 marzo","breadcrumb":{"@id":"https:\/\/www.ildammuso.com\/it\/pantelleria-e-femmina\/#breadcrumb"},"inLanguage":"it-IT","potentialAction":[{"@type":"ReadAction","target":["https:\/\/www.ildammuso.com\/it\/pantelleria-e-femmina\/"]}]},{"@type":"ImageObject","inLanguage":"it-IT","@id":"https:\/\/www.ildammuso.com\/it\/pantelleria-e-femmina\/#primaryimage","url":"https:\/\/storage1254.cdn-immedia.net\/wp-content\/uploads\/2024\/03\/Pantelleria-femmina-scaled.jpg","contentUrl":"https:\/\/storage1254.cdn-immedia.net\/wp-content\/uploads\/2024\/03\/Pantelleria-femmina-scaled.jpg","width":2560,"height":1920,"caption":"DCIM100MEDIADJI_0141.JPG"},{"@type":"BreadcrumbList","@id":"https:\/\/www.ildammuso.com\/it\/pantelleria-e-femmina\/#breadcrumb","itemListElement":[{"@type":"ListItem","position":1,"name":"Home","item":"https:\/\/www.ildammuso.com\/it\/"},{"@type":"ListItem","position":2,"name":"&nbsp;"}]},{"@type":"WebSite","@id":"https:\/\/www.ildammuso.com\/it\/#website","url":"https:\/\/www.ildammuso.com\/it\/","name":"Il Dammuso","description":"Il tuo Dammuso a Pantelleria","publisher":{"@id":"https:\/\/www.ildammuso.com\/it\/#organization"},"potentialAction":[{"@type":"SearchAction","target":{"@type":"EntryPoint","urlTemplate":"https:\/\/www.ildammuso.com\/it\/?s={search_term_string}"},"query-input":{"@type":"PropertyValueSpecification","valueRequired":true,"valueName":"search_term_string"}}],"inLanguage":"it-IT"},{"@type":"Organization","@id":"https:\/\/www.ildammuso.com\/it\/#organization","name":"Il Dammuso","url":"https:\/\/www.ildammuso.com\/it\/","logo":{"@type":"ImageObject","inLanguage":"it-IT","@id":"https:\/\/www.ildammuso.com\/it\/#\/schema\/logo\/image\/","url":"https:\/\/storage1254.cdn-immedia.net\/wp-content\/uploads\/2022\/06\/logo-ildammuso.jpg","contentUrl":"https:\/\/storage1254.cdn-immedia.net\/wp-content\/uploads\/2022\/06\/logo-ildammuso.jpg","width":426,"height":395,"caption":"Il Dammuso"},"image":{"@id":"https:\/\/www.ildammuso.com\/it\/#\/schema\/logo\/image\/"},"sameAs":["https:\/\/www.facebook.com\/ildammusodipantelleria\/","https:\/\/www.instagram.com\/ildammusogram\/"]},{"@type":"Person","@id":"https:\/\/www.ildammuso.com\/it\/#\/schema\/person\/a97bc2634c1ae772b6efbb07fef2b3a8","name":"claudia","image":{"@type":"ImageObject","inLanguage":"it-IT","@id":"https:\/\/secure.gravatar.com\/avatar\/bfa9e85032faeaffeaaafd48c7c09ad8da852ff133d8361db8721aff28093ebe?s=96&d=mm&r=g","url":"https:\/\/secure.gravatar.com\/avatar\/bfa9e85032faeaffeaaafd48c7c09ad8da852ff133d8361db8721aff28093ebe?s=96&d=mm&r=g","contentUrl":"https:\/\/secure.gravatar.com\/avatar\/bfa9e85032faeaffeaaafd48c7c09ad8da852ff133d8361db8721aff28093ebe?s=96&d=mm&r=g","caption":"claudia"}}]}},"_links":{"self":[{"href":"https:\/\/www.ildammuso.com\/it\/wp-json\/wp\/v2\/posts\/23371","targetHints":{"allow":["GET"]}}],"collection":[{"href":"https:\/\/www.ildammuso.com\/it\/wp-json\/wp\/v2\/posts"}],"about":[{"href":"https:\/\/www.ildammuso.com\/it\/wp-json\/wp\/v2\/types\/post"}],"author":[{"embeddable":true,"href":"https:\/\/www.ildammuso.com\/it\/wp-json\/wp\/v2\/users\/3"}],"replies":[{"embeddable":true,"href":"https:\/\/www.ildammuso.com\/it\/wp-json\/wp\/v2\/comments?post=23371"}],"version-history":[{"count":1,"href":"https:\/\/www.ildammuso.com\/it\/wp-json\/wp\/v2\/posts\/23371\/revisions"}],"predecessor-version":[{"id":23374,"href":"https:\/\/www.ildammuso.com\/it\/wp-json\/wp\/v2\/posts\/23371\/revisions\/23374"}],"wp:featuredmedia":[{"embeddable":true,"href":"https:\/\/www.ildammuso.com\/it\/wp-json\/wp\/v2\/media\/23372"}],"wp:attachment":[{"href":"https:\/\/www.ildammuso.com\/it\/wp-json\/wp\/v2\/media?parent=23371"}],"wp:term":[{"taxonomy":"category","embeddable":true,"href":"https:\/\/www.ildammuso.com\/it\/wp-json\/wp\/v2\/categories?post=23371"},{"taxonomy":"post_tag","embeddable":true,"href":"https:\/\/www.ildammuso.com\/it\/wp-json\/wp\/v2\/tags?post=23371"}],"curies":[{"name":"wp","href":"https:\/\/api.w.org\/{rel}","templated":true}]}}