{"id":23523,"date":"2024-03-26T13:04:05","date_gmt":"2024-03-26T12:04:05","guid":{"rendered":"https:\/\/www.ildammuso.com\/?p=23523"},"modified":"2024-03-26T13:08:30","modified_gmt":"2024-03-26T12:08:30","slug":"il-bagaglio-per-pantelleria-che-sia-leggero","status":"publish","type":"post","link":"https:\/\/www.ildammuso.com\/it\/il-bagaglio-per-pantelleria-che-sia-leggero\/","title":{"rendered":"Il bagaglio per Pantelleria? Che sia leggero&#8230;"},"content":{"rendered":"\n<p>Uso e abuso di indumenti per le vacanze a Pantelleria<\/p>\n\n\n\n<p>Io non sono una persona che ama la mondanit\u00e0, io a Pantelleria lavoro e tutto questo fa s\u00ec che, comunque, nella mia valigia io debba per ragioni \u201csociali\u201d mettere almeno due capi per le serate di \u201crappresentanza\u201d.<br><br>L\u2019isola \u00e8 un luogo godereccio.<br>Anche in questi due anni difficili non sono mai mancati momenti, a circuito ristretto, di buona e selezionata mondanit\u00e0.<br>Inoltre, alcuni ristoranti, richiedono un certo \u201cbon ton\u201d nell\u2019abbigliamento.<br>Ma, ormai, sento di potere dire di conoscere quello che in linguaggio social si chiama il mio \u201cbuyer persona\u201d, ossia il mio cliente medio.<br>Ovviamente, la statistica ti tradisce come il piu infido dei tacchi a spillo e tra insospettabili mi \u00e8 capitato di incontrare chi anche per un aperitivo o, anche solo un bagno al mare, \u00e8 capace di indossare capi di haute couture.<br>Scelte rispettabilissime, se non apprezzabili.<br><br>Ma la maggior parte delle persone che approda su questa isola, mediamente \u00e8 alla ricerca di qualcos\u2019altro.<br>Ciascuno ama un luogo (o una persona) per particolari che per qualcuno sarebbero insignificanti mentre per altri sono il perno attorno al quale ruota la fascinazione.<br><br>Questo mio scritto, probabilmente, \u00e8 viziato dal mio modo di vivere e intendere Pantelleria ma io lo ascrivo alla categoria \u201cprescrizioni e modi d\u2019uso\u201d.<br>Questa isola \u00e8 un luogo selvaggio, ma lo dico davvero, e questa \u00e8 la ragione per la quale VIP e gente comune vi ha trovato la sua dimensione.<br>Pantelleria spariglia le carte, \u00e8 trasversale, perch\u00e9\u2019 in un modo o in un altro ti rende libero.<br><br>E ora arriviamo al dunque, che spero sia conclusivo (soprattutto per voi che state leggendo questa solfa senza, ragionevolemte, intendere dove io voglia andare a parare): il bagaglio per pantelleria deve essere leggero.<br>In primo luogo dovete svuotarlo di tutti i pensieri che vi danno il tormento, poi vi invito a mettervi dentro l\u2019essenziale (che possa anche essere \u201cinvisibile agli occhi\u201d perche\u2019 a Pantelleria, in alcuni luoghi ed in determinate ore, fare il bagno nudi \u00e8 liberatorio}.<br>Basta poco: un paio di costuni, t shirt, canottiere,una o due camicie, pantaloncini, minigonne, un paio di pull di cotone o due felpe, un paio di jeans, il sotto di una tuta, delle scarpe da tennis, un paio di sandali e le immancabili scarpe da scoglio ed un abito dentro il quale sentirsi \u201cfighi\u201d.<br><br>Il resto lasciatelo a casa, al bisogno potra pensarci il commerciante astuto.<br>Quanto al resto ci sta gi\u00e0 pensando Pantelleria.<\/p>\n","protected":false},"excerpt":{"rendered":"<p>Uso e abuso di indumenti per le vacanze a Pantelleria [&hellip;]<\/p>\n","protected":false},"author":3,"featured_media":23524,"comment_status":"closed","ping_status":"closed","sticky":false,"template":"","format":"standard","meta":{"_acf_changed":false,"footnotes":""},"categories":[440],"tags":[1336,1331,1332,1333,1334,1335,1319,1116,228,91],"class_list":["post-23523","post","type-post","status-publish","format-standard","has-post-thumbnail","hentry","category-istruzioni-per-l-uso","tag-vacanza-island","tag-bagaglio-2","tag-luggage","tag-volare","tag-viaggiareleggeri","tag-estate2024-vacanze2024-quitelife","tag-islandvibes-2","tag-slowlife","tag-ildammuso","tag-pantelleria"],"acf":[],"yoast_head":"<!-- This site is optimized with the Yoast SEO plugin v27.3 - https:\/\/yoast.com\/product\/yoast-seo-wordpress\/ -->\n<title>Il bagaglio per Pantelleria? Che sia leggero... | Il Dammuso<\/title>\n<meta name=\"description\" content=\"&quot;Il bagaglio per Pantelleria? Che sia leggero&quot;: leggi l&#039;articolo completo nel blog de Il Dammuso! Pochi indumenti e pochissimi pensieri\" \/>\n<meta name=\"robots\" content=\"index, follow, max-snippet:-1, max-image-preview:large, max-video-preview:-1\" \/>\n<link rel=\"canonical\" href=\"https:\/\/www.ildammuso.com\/it\/il-bagaglio-per-pantelleria-che-sia-leggero\/\" \/>\n<meta property=\"og:locale\" content=\"it_IT\" \/>\n<meta property=\"og:type\" content=\"article\" \/>\n<meta property=\"og:title\" content=\"Il bagaglio per Pantelleria? Che sia leggero... | Il Dammuso\" \/>\n<meta property=\"og:description\" content=\"&quot;Il bagaglio per Pantelleria? Che sia leggero&quot;: leggi l&#039;articolo completo nel blog de Il Dammuso! Pochi indumenti e pochissimi pensieri\" \/>\n<meta property=\"og:url\" content=\"https:\/\/www.ildammuso.com\/it\/il-bagaglio-per-pantelleria-che-sia-leggero\/\" \/>\n<meta property=\"og:site_name\" content=\"Il Dammuso\" \/>\n<meta property=\"article:publisher\" content=\"https:\/\/www.facebook.com\/ildammusodipantelleria\/\" \/>\n<meta property=\"article:published_time\" content=\"2024-03-26T12:04:05+00:00\" \/>\n<meta property=\"article:modified_time\" content=\"2024-03-26T12:08:30+00:00\" \/>\n<meta property=\"og:image\" content=\"https:\/\/storage1254.cdn-immedia.net\/wp-content\/uploads\/2024\/03\/viaggiate-leggeri-reyazul-zannat-reya-scaled.jpg\" \/>\n\t<meta property=\"og:image:width\" content=\"1440\" \/>\n\t<meta property=\"og:image:height\" content=\"2560\" \/>\n\t<meta property=\"og:image:type\" content=\"image\/jpeg\" \/>\n<meta name=\"author\" content=\"claudia\" \/>\n<meta name=\"twitter:card\" content=\"summary_large_image\" \/>\n<meta name=\"twitter:label1\" content=\"Scritto da\" \/>\n\t<meta name=\"twitter:data1\" content=\"claudia\" \/>\n\t<meta name=\"twitter:label2\" content=\"Tempo di lettura stimato\" \/>\n\t<meta name=\"twitter:data2\" content=\"3 minuti\" \/>\n<script type=\"application\/ld+json\" class=\"yoast-schema-graph\">{\"@context\":\"https:\\\/\\\/schema.org\",\"@graph\":[{\"@type\":\"Article\",\"@id\":\"https:\\\/\\\/www.ildammuso.com\\\/it\\\/il-bagaglio-per-pantelleria-che-sia-leggero\\\/#article\",\"isPartOf\":{\"@id\":\"https:\\\/\\\/www.ildammuso.com\\\/it\\\/il-bagaglio-per-pantelleria-che-sia-leggero\\\/\"},\"author\":{\"name\":\"claudia\",\"@id\":\"https:\\\/\\\/www.ildammuso.com\\\/it\\\/#\\\/schema\\\/person\\\/a97bc2634c1ae772b6efbb07fef2b3a8\"},\"headline\":\"Il bagaglio per Pantelleria? Che sia leggero&#8230;\",\"datePublished\":\"2024-03-26T12:04:05+00:00\",\"dateModified\":\"2024-03-26T12:08:30+00:00\",\"mainEntityOfPage\":{\"@id\":\"https:\\\/\\\/www.ildammuso.com\\\/it\\\/il-bagaglio-per-pantelleria-che-sia-leggero\\\/\"},\"wordCount\":417,\"publisher\":{\"@id\":\"https:\\\/\\\/www.ildammuso.com\\\/it\\\/#organization\"},\"image\":{\"@id\":\"https:\\\/\\\/www.ildammuso.com\\\/it\\\/il-bagaglio-per-pantelleria-che-sia-leggero\\\/#primaryimage\"},\"thumbnailUrl\":\"https:\\\/\\\/www.ildammuso.com\\\/wp-content\\\/uploads\\\/2024\\\/03\\\/viaggiate-leggeri-reyazul-zannat-reya-scaled.jpg\",\"keywords\":[\"vacanza island\",\"bagaglio\",\"luggage\",\"volare\",\"viaggiareleggeri\",\"estate2024 vacanze2024 quitelife\",\"islandvibes\",\"slowlife\",\"ildammuso\",\"pantelleria\"],\"articleSection\":[\"Istruzioni per l'uso\"],\"inLanguage\":\"it-IT\"},{\"@type\":\"WebPage\",\"@id\":\"https:\\\/\\\/www.ildammuso.com\\\/it\\\/il-bagaglio-per-pantelleria-che-sia-leggero\\\/\",\"url\":\"https:\\\/\\\/www.ildammuso.com\\\/it\\\/il-bagaglio-per-pantelleria-che-sia-leggero\\\/\",\"name\":\"Il bagaglio per Pantelleria? Che sia leggero... | Il Dammuso\",\"isPartOf\":{\"@id\":\"https:\\\/\\\/www.ildammuso.com\\\/it\\\/#website\"},\"primaryImageOfPage\":{\"@id\":\"https:\\\/\\\/www.ildammuso.com\\\/it\\\/il-bagaglio-per-pantelleria-che-sia-leggero\\\/#primaryimage\"},\"image\":{\"@id\":\"https:\\\/\\\/www.ildammuso.com\\\/it\\\/il-bagaglio-per-pantelleria-che-sia-leggero\\\/#primaryimage\"},\"thumbnailUrl\":\"https:\\\/\\\/www.ildammuso.com\\\/wp-content\\\/uploads\\\/2024\\\/03\\\/viaggiate-leggeri-reyazul-zannat-reya-scaled.jpg\",\"datePublished\":\"2024-03-26T12:04:05+00:00\",\"dateModified\":\"2024-03-26T12:08:30+00:00\",\"description\":\"\\\"Il bagaglio per Pantelleria? Che sia leggero\\\": leggi l'articolo completo nel blog de Il Dammuso! Pochi indumenti e pochissimi pensieri\",\"breadcrumb\":{\"@id\":\"https:\\\/\\\/www.ildammuso.com\\\/it\\\/il-bagaglio-per-pantelleria-che-sia-leggero\\\/#breadcrumb\"},\"inLanguage\":\"it-IT\",\"potentialAction\":[{\"@type\":\"ReadAction\",\"target\":[\"https:\\\/\\\/www.ildammuso.com\\\/it\\\/il-bagaglio-per-pantelleria-che-sia-leggero\\\/\"]}]},{\"@type\":\"ImageObject\",\"inLanguage\":\"it-IT\",\"@id\":\"https:\\\/\\\/www.ildammuso.com\\\/it\\\/il-bagaglio-per-pantelleria-che-sia-leggero\\\/#primaryimage\",\"url\":\"https:\\\/\\\/www.ildammuso.com\\\/wp-content\\\/uploads\\\/2024\\\/03\\\/viaggiate-leggeri-reyazul-zannat-reya-scaled.jpg\",\"contentUrl\":\"https:\\\/\\\/www.ildammuso.com\\\/wp-content\\\/uploads\\\/2024\\\/03\\\/viaggiate-leggeri-reyazul-zannat-reya-scaled.jpg\",\"width\":1440,\"height\":2560},{\"@type\":\"BreadcrumbList\",\"@id\":\"https:\\\/\\\/www.ildammuso.com\\\/it\\\/il-bagaglio-per-pantelleria-che-sia-leggero\\\/#breadcrumb\",\"itemListElement\":[{\"@type\":\"ListItem\",\"position\":1,\"name\":\"Home\",\"item\":\"https:\\\/\\\/www.ildammuso.com\\\/it\\\/\"},{\"@type\":\"ListItem\",\"position\":2,\"name\":\"&nbsp;\"}]},{\"@type\":\"WebSite\",\"@id\":\"https:\\\/\\\/www.ildammuso.com\\\/it\\\/#website\",\"url\":\"https:\\\/\\\/www.ildammuso.com\\\/it\\\/\",\"name\":\"Il Dammuso\",\"description\":\"Il tuo Dammuso a Pantelleria\",\"publisher\":{\"@id\":\"https:\\\/\\\/www.ildammuso.com\\\/it\\\/#organization\"},\"potentialAction\":[{\"@type\":\"SearchAction\",\"target\":{\"@type\":\"EntryPoint\",\"urlTemplate\":\"https:\\\/\\\/www.ildammuso.com\\\/it\\\/?s={search_term_string}\"},\"query-input\":{\"@type\":\"PropertyValueSpecification\",\"valueRequired\":true,\"valueName\":\"search_term_string\"}}],\"inLanguage\":\"it-IT\"},{\"@type\":\"Organization\",\"@id\":\"https:\\\/\\\/www.ildammuso.com\\\/it\\\/#organization\",\"name\":\"Il Dammuso\",\"url\":\"https:\\\/\\\/www.ildammuso.com\\\/it\\\/\",\"logo\":{\"@type\":\"ImageObject\",\"inLanguage\":\"it-IT\",\"@id\":\"https:\\\/\\\/www.ildammuso.com\\\/it\\\/#\\\/schema\\\/logo\\\/image\\\/\",\"url\":\"https:\\\/\\\/www.ildammuso.com\\\/wp-content\\\/uploads\\\/2022\\\/06\\\/logo-ildammuso.jpg\",\"contentUrl\":\"https:\\\/\\\/www.ildammuso.com\\\/wp-content\\\/uploads\\\/2022\\\/06\\\/logo-ildammuso.jpg\",\"width\":426,\"height\":395,\"caption\":\"Il Dammuso\"},\"image\":{\"@id\":\"https:\\\/\\\/www.ildammuso.com\\\/it\\\/#\\\/schema\\\/logo\\\/image\\\/\"},\"sameAs\":[\"https:\\\/\\\/www.facebook.com\\\/ildammusodipantelleria\\\/\",\"https:\\\/\\\/www.instagram.com\\\/ildammusogram\\\/\"]},{\"@type\":\"Person\",\"@id\":\"https:\\\/\\\/www.ildammuso.com\\\/it\\\/#\\\/schema\\\/person\\\/a97bc2634c1ae772b6efbb07fef2b3a8\",\"name\":\"claudia\",\"image\":{\"@type\":\"ImageObject\",\"inLanguage\":\"it-IT\",\"@id\":\"https:\\\/\\\/secure.gravatar.com\\\/avatar\\\/bfa9e85032faeaffeaaafd48c7c09ad8da852ff133d8361db8721aff28093ebe?s=96&d=mm&r=g\",\"url\":\"https:\\\/\\\/secure.gravatar.com\\\/avatar\\\/bfa9e85032faeaffeaaafd48c7c09ad8da852ff133d8361db8721aff28093ebe?s=96&d=mm&r=g\",\"contentUrl\":\"https:\\\/\\\/secure.gravatar.com\\\/avatar\\\/bfa9e85032faeaffeaaafd48c7c09ad8da852ff133d8361db8721aff28093ebe?s=96&d=mm&r=g\",\"caption\":\"claudia\"}}]}<\/script>\n<!-- \/ Yoast SEO plugin. -->","yoast_head_json":{"title":"Il bagaglio per Pantelleria? Che sia leggero... | Il Dammuso","description":"\"Il bagaglio per Pantelleria? Che sia leggero\": leggi l'articolo completo nel blog de Il Dammuso! Pochi indumenti e pochissimi pensieri","robots":{"index":"index","follow":"follow","max-snippet":"max-snippet:-1","max-image-preview":"max-image-preview:large","max-video-preview":"max-video-preview:-1"},"canonical":"https:\/\/www.ildammuso.com\/it\/il-bagaglio-per-pantelleria-che-sia-leggero\/","og_locale":"it_IT","og_type":"article","og_title":"Il bagaglio per Pantelleria? Che sia leggero... | Il Dammuso","og_description":"\"Il bagaglio per Pantelleria? Che sia leggero\": leggi l'articolo completo nel blog de Il Dammuso! Pochi indumenti e pochissimi pensieri","og_url":"https:\/\/www.ildammuso.com\/it\/il-bagaglio-per-pantelleria-che-sia-leggero\/","og_site_name":"Il Dammuso","article_publisher":"https:\/\/www.facebook.com\/ildammusodipantelleria\/","article_published_time":"2024-03-26T12:04:05+00:00","article_modified_time":"2024-03-26T12:08:30+00:00","og_image":[{"width":1440,"height":2560,"url":"https:\/\/storage1254.cdn-immedia.net\/wp-content\/uploads\/2024\/03\/viaggiate-leggeri-reyazul-zannat-reya-scaled.jpg","type":"image\/jpeg"}],"author":"claudia","twitter_card":"summary_large_image","twitter_misc":{"Scritto da":"claudia","Tempo di lettura stimato":"3 minuti"},"schema":{"@context":"https:\/\/schema.org","@graph":[{"@type":"Article","@id":"https:\/\/www.ildammuso.com\/it\/il-bagaglio-per-pantelleria-che-sia-leggero\/#article","isPartOf":{"@id":"https:\/\/www.ildammuso.com\/it\/il-bagaglio-per-pantelleria-che-sia-leggero\/"},"author":{"name":"claudia","@id":"https:\/\/www.ildammuso.com\/it\/#\/schema\/person\/a97bc2634c1ae772b6efbb07fef2b3a8"},"headline":"Il bagaglio per Pantelleria? Che sia leggero&#8230;","datePublished":"2024-03-26T12:04:05+00:00","dateModified":"2024-03-26T12:08:30+00:00","mainEntityOfPage":{"@id":"https:\/\/www.ildammuso.com\/it\/il-bagaglio-per-pantelleria-che-sia-leggero\/"},"wordCount":417,"publisher":{"@id":"https:\/\/www.ildammuso.com\/it\/#organization"},"image":{"@id":"https:\/\/www.ildammuso.com\/it\/il-bagaglio-per-pantelleria-che-sia-leggero\/#primaryimage"},"thumbnailUrl":"https:\/\/storage1254.cdn-immedia.net\/wp-content\/uploads\/2024\/03\/viaggiate-leggeri-reyazul-zannat-reya-scaled.jpg","keywords":["vacanza island","bagaglio","luggage","volare","viaggiareleggeri","estate2024 vacanze2024 quitelife","islandvibes","slowlife","ildammuso","pantelleria"],"articleSection":["Istruzioni per l'uso"],"inLanguage":"it-IT"},{"@type":"WebPage","@id":"https:\/\/www.ildammuso.com\/it\/il-bagaglio-per-pantelleria-che-sia-leggero\/","url":"https:\/\/www.ildammuso.com\/it\/il-bagaglio-per-pantelleria-che-sia-leggero\/","name":"Il bagaglio per Pantelleria? Che sia leggero... | Il Dammuso","isPartOf":{"@id":"https:\/\/www.ildammuso.com\/it\/#website"},"primaryImageOfPage":{"@id":"https:\/\/www.ildammuso.com\/it\/il-bagaglio-per-pantelleria-che-sia-leggero\/#primaryimage"},"image":{"@id":"https:\/\/www.ildammuso.com\/it\/il-bagaglio-per-pantelleria-che-sia-leggero\/#primaryimage"},"thumbnailUrl":"https:\/\/storage1254.cdn-immedia.net\/wp-content\/uploads\/2024\/03\/viaggiate-leggeri-reyazul-zannat-reya-scaled.jpg","datePublished":"2024-03-26T12:04:05+00:00","dateModified":"2024-03-26T12:08:30+00:00","description":"\"Il bagaglio per Pantelleria? Che sia leggero\": leggi l'articolo completo nel blog de Il Dammuso! Pochi indumenti e pochissimi pensieri","breadcrumb":{"@id":"https:\/\/www.ildammuso.com\/it\/il-bagaglio-per-pantelleria-che-sia-leggero\/#breadcrumb"},"inLanguage":"it-IT","potentialAction":[{"@type":"ReadAction","target":["https:\/\/www.ildammuso.com\/it\/il-bagaglio-per-pantelleria-che-sia-leggero\/"]}]},{"@type":"ImageObject","inLanguage":"it-IT","@id":"https:\/\/www.ildammuso.com\/it\/il-bagaglio-per-pantelleria-che-sia-leggero\/#primaryimage","url":"https:\/\/storage1254.cdn-immedia.net\/wp-content\/uploads\/2024\/03\/viaggiate-leggeri-reyazul-zannat-reya-scaled.jpg","contentUrl":"https:\/\/storage1254.cdn-immedia.net\/wp-content\/uploads\/2024\/03\/viaggiate-leggeri-reyazul-zannat-reya-scaled.jpg","width":1440,"height":2560},{"@type":"BreadcrumbList","@id":"https:\/\/www.ildammuso.com\/it\/il-bagaglio-per-pantelleria-che-sia-leggero\/#breadcrumb","itemListElement":[{"@type":"ListItem","position":1,"name":"Home","item":"https:\/\/www.ildammuso.com\/it\/"},{"@type":"ListItem","position":2,"name":"&nbsp;"}]},{"@type":"WebSite","@id":"https:\/\/www.ildammuso.com\/it\/#website","url":"https:\/\/www.ildammuso.com\/it\/","name":"Il Dammuso","description":"Il tuo Dammuso a Pantelleria","publisher":{"@id":"https:\/\/www.ildammuso.com\/it\/#organization"},"potentialAction":[{"@type":"SearchAction","target":{"@type":"EntryPoint","urlTemplate":"https:\/\/www.ildammuso.com\/it\/?s={search_term_string}"},"query-input":{"@type":"PropertyValueSpecification","valueRequired":true,"valueName":"search_term_string"}}],"inLanguage":"it-IT"},{"@type":"Organization","@id":"https:\/\/www.ildammuso.com\/it\/#organization","name":"Il Dammuso","url":"https:\/\/www.ildammuso.com\/it\/","logo":{"@type":"ImageObject","inLanguage":"it-IT","@id":"https:\/\/www.ildammuso.com\/it\/#\/schema\/logo\/image\/","url":"https:\/\/storage1254.cdn-immedia.net\/wp-content\/uploads\/2022\/06\/logo-ildammuso.jpg","contentUrl":"https:\/\/storage1254.cdn-immedia.net\/wp-content\/uploads\/2022\/06\/logo-ildammuso.jpg","width":426,"height":395,"caption":"Il Dammuso"},"image":{"@id":"https:\/\/www.ildammuso.com\/it\/#\/schema\/logo\/image\/"},"sameAs":["https:\/\/www.facebook.com\/ildammusodipantelleria\/","https:\/\/www.instagram.com\/ildammusogram\/"]},{"@type":"Person","@id":"https:\/\/www.ildammuso.com\/it\/#\/schema\/person\/a97bc2634c1ae772b6efbb07fef2b3a8","name":"claudia","image":{"@type":"ImageObject","inLanguage":"it-IT","@id":"https:\/\/secure.gravatar.com\/avatar\/bfa9e85032faeaffeaaafd48c7c09ad8da852ff133d8361db8721aff28093ebe?s=96&d=mm&r=g","url":"https:\/\/secure.gravatar.com\/avatar\/bfa9e85032faeaffeaaafd48c7c09ad8da852ff133d8361db8721aff28093ebe?s=96&d=mm&r=g","contentUrl":"https:\/\/secure.gravatar.com\/avatar\/bfa9e85032faeaffeaaafd48c7c09ad8da852ff133d8361db8721aff28093ebe?s=96&d=mm&r=g","caption":"claudia"}}]}},"_links":{"self":[{"href":"https:\/\/www.ildammuso.com\/it\/wp-json\/wp\/v2\/posts\/23523","targetHints":{"allow":["GET"]}}],"collection":[{"href":"https:\/\/www.ildammuso.com\/it\/wp-json\/wp\/v2\/posts"}],"about":[{"href":"https:\/\/www.ildammuso.com\/it\/wp-json\/wp\/v2\/types\/post"}],"author":[{"embeddable":true,"href":"https:\/\/www.ildammuso.com\/it\/wp-json\/wp\/v2\/users\/3"}],"replies":[{"embeddable":true,"href":"https:\/\/www.ildammuso.com\/it\/wp-json\/wp\/v2\/comments?post=23523"}],"version-history":[{"count":1,"href":"https:\/\/www.ildammuso.com\/it\/wp-json\/wp\/v2\/posts\/23523\/revisions"}],"predecessor-version":[{"id":23526,"href":"https:\/\/www.ildammuso.com\/it\/wp-json\/wp\/v2\/posts\/23523\/revisions\/23526"}],"wp:featuredmedia":[{"embeddable":true,"href":"https:\/\/www.ildammuso.com\/it\/wp-json\/wp\/v2\/media\/23524"}],"wp:attachment":[{"href":"https:\/\/www.ildammuso.com\/it\/wp-json\/wp\/v2\/media?parent=23523"}],"wp:term":[{"taxonomy":"category","embeddable":true,"href":"https:\/\/www.ildammuso.com\/it\/wp-json\/wp\/v2\/categories?post=23523"},{"taxonomy":"post_tag","embeddable":true,"href":"https:\/\/www.ildammuso.com\/it\/wp-json\/wp\/v2\/tags?post=23523"}],"curies":[{"name":"wp","href":"https:\/\/api.w.org\/{rel}","templated":true}]}}