{"id":23547,"date":"2024-03-29T12:37:02","date_gmt":"2024-03-29T11:37:02","guid":{"rendered":"https:\/\/www.ildammuso.com\/?p=23547"},"modified":"2024-03-29T12:37:06","modified_gmt":"2024-03-29T11:37:06","slug":"ricordo-di-una-pasqua-a-pantelleria","status":"publish","type":"post","link":"https:\/\/www.ildammuso.com\/it\/ricordo-di-una-pasqua-a-pantelleria\/","title":{"rendered":"Ricordo di una Pasqua a Pantelleria"},"content":{"rendered":"\n<p>Solomon era nato nel 1886, da una famiglia ebrea, a Mosca.<br>Era un giornalista quando il suo redattore capo, per un caso, si accorse della prodigiosa memoria di quest\u2019uomo.<br>Incuriosito dal fatto che Salomon fosse capace di memorizzare, parola per parola, le frasi di un discorso e colpito dalla facilit\u00e0 di questi nell\u2019immagazzinare fatti, date e circostanze lo invi\u00f2 da un suo amico psicologo che, altrettanto impressionato, ne volle studiare il caso.<br>Solomon non dimenticava.<br>Un\u2019ottima memoria, una buona dose di immaginazione (che si traduceva in capacit\u00e0 sinestesiche) facevano di lui l&#8217;uomo che non riusciva a dimenticare\u201d.<br>L\u00ec dove il ricordo \u201cmeccanico\u201d non lo supportava, subentrava questa sua capacit\u00e0, detta sinestesia, di associare a persone o episodi di vita a sua volta un colore, un brano musicale e financo sensazioni tattili o sapori.<br><br>Curioso incipit il mio.<br>Lo so.<br>Ma se io non fossi assistita da un certo grado di sinestesia non ricorderei quasi nulla.<br>Io dimentico con troppa facilit\u00e0.<br>Perch\u00e9 dalla memoria, talvolta, bisogna difendersi.<br>Cos\u00ec nella vita mi sono adattata.<br><br>Tutto questo per raccontarvi di una mia Pasqua a Pantelleria, l\u00ec dove i visi sono come pixellati da un tempo che riduce e sfoca certa materia, ma sono rimaste vivide alcune sensazioni.<br>La mia sveglia presto al mattino, la musica di sottofondo mentre cucino un timballo di riso con verdure e l\u2019odore del soffritto che invade la casa.<br>\u201cLe tre madri\u201d di De Andr\u00e9 in sottofondo.<br>La luce che entra in cucina \u00e8 appena dorata e il riso tosta assieme al brodo spargendo nell\u2019aria un odore appena caramellato.<br>Il ricordo netto di una doccia fatta fuori e della pelle che friggeva insieme alle verdure.<br>I miei abiti assemblati come pezzi di lego dai mille colori, indossati uno sopra l\u2019altro manco fossero pagine di un libro.<br>Il percorso in macchina fino a Cala Tramontana che il sole \u00e8 gi\u00e0 alto e l\u2019aria che entra dal finestrino mentre cerco di sfilarmi il giubbotto tenendo il volante con una mano, col ginocchio o col mento.<br><br>E poi gli amici che mi vengono incontro per togliermi le vivande dalle mani e la tovaglia colorata.<br>L\u2019odore salato della posidonia depositata sugli scogli e io che ad uno ad uno sfilo prima il pullover, poi la maglia di cotone e quando infine resto in top sento il sole caldo che si posa su braccia e viso.<br>Ricordo il sapore del vino che sapeva di taleggio e muschio.<br>E poi le voci, tante voci e le risate.<br>Quelle dei bambini simili a certi \u201cacchiappasogni\u201d mossi dal vento.<br>D\u2019un tratto senza alcun preavviso sono semi nuda sotto la passerella di legno.<br>Il mare \u00e8 blu \u201cazolo\u201d.<br>Senza nemmeno averlo pensato il mio tuffo dentro un mare gelato, il formicolio agli arti e alla coscienza.<br>Gli amici che mi tirano su mentre ridono e mi danno della matta.<br>Poi avvolta dentro una seconda tovaglia da tavola tutta fiori e odore di cibo mi stendo sulle assi di legno.<br>Il sole, mentre socchiudo gli occhi, mi regala una pioggia di macchie variopinte.<br><br>Tornata a casa, viso accaldato e qualche brivido.<br>Infine il ricordo di una febbre che tra sonno e veglia mi avrebbe serenamente accompagnata per i successivi tre giorni.<br>Talvolta, per certi bei ricordi, si paga un prezzo.<br>Questa volta piccolo, delirante e sudato.<\/p>\n","protected":false},"excerpt":{"rendered":"<p>Solomon era nato nel 1886, da una famiglia ebrea, a [&hellip;]<\/p>\n","protected":false},"author":3,"featured_media":23548,"comment_status":"closed","ping_status":"closed","sticky":false,"template":"","format":"standard","meta":{"_acf_changed":false,"footnotes":""},"categories":[447,446],"tags":[1340,1337,1339,1322,1212,1116,1117,889,892,827,181,228,92,91],"class_list":["post-23547","post","type-post","status-publish","format-standard","has-post-thumbnail","hentry","category-corsi-e-ricorsi","category-pantelleria-lisola","tag-spring","tag-ricordi","tag-summer","tag-vacanze2024","tag-estate2024","tag-slowlife","tag-quitelife","tag-easter","tag-vacation","tag-sicilia","tag-emozioni","tag-ildammuso","tag-isola","tag-pantelleria"],"acf":[],"yoast_head":"<!-- This site is optimized with the Yoast SEO plugin v27.4 - https:\/\/yoast.com\/product\/yoast-seo-wordpress\/ -->\n<title>Ricordo di una Pasqua a Pantelleria | Il Dammuso<\/title>\n<meta name=\"description\" content=\"&quot;Ricordo di una Pasqua a Pantelleria&quot;: leggi l&#039;articolo completo nel blog de Il Dammuso! Emozioni e sensazioni di una Pasqua a Pantelleria\" \/>\n<meta name=\"robots\" content=\"index, follow, max-snippet:-1, max-image-preview:large, max-video-preview:-1\" \/>\n<link rel=\"canonical\" href=\"https:\/\/www.ildammuso.com\/it\/ricordo-di-una-pasqua-a-pantelleria\/\" \/>\n<meta property=\"og:locale\" content=\"it_IT\" \/>\n<meta property=\"og:type\" content=\"article\" \/>\n<meta property=\"og:title\" content=\"Ricordo di una Pasqua a Pantelleria | Il Dammuso\" \/>\n<meta property=\"og:description\" content=\"&quot;Ricordo di una Pasqua a Pantelleria&quot;: leggi l&#039;articolo completo nel blog de Il Dammuso! Emozioni e sensazioni di una Pasqua a Pantelleria\" \/>\n<meta property=\"og:url\" content=\"https:\/\/www.ildammuso.com\/it\/ricordo-di-una-pasqua-a-pantelleria\/\" \/>\n<meta property=\"og:site_name\" content=\"Il Dammuso\" \/>\n<meta property=\"article:publisher\" content=\"https:\/\/www.facebook.com\/ildammusodipantelleria\/\" \/>\n<meta property=\"article:published_time\" content=\"2024-03-29T11:37:02+00:00\" \/>\n<meta property=\"article:modified_time\" content=\"2024-03-29T11:37:06+00:00\" \/>\n<meta property=\"og:image\" content=\"https:\/\/storage1254.cdn-immedia.net\/wp-content\/uploads\/2024\/03\/Pasqua-2024-scaled.jpg\" \/>\n\t<meta property=\"og:image:width\" content=\"2560\" \/>\n\t<meta property=\"og:image:height\" content=\"1920\" \/>\n\t<meta property=\"og:image:type\" content=\"image\/jpeg\" \/>\n<meta name=\"author\" content=\"claudia\" \/>\n<meta name=\"twitter:card\" content=\"summary_large_image\" \/>\n<meta name=\"twitter:label1\" content=\"Scritto da\" \/>\n\t<meta name=\"twitter:data1\" content=\"claudia\" \/>\n\t<meta name=\"twitter:label2\" content=\"Tempo di lettura stimato\" \/>\n\t<meta name=\"twitter:data2\" content=\"4 minuti\" \/>\n<script type=\"application\/ld+json\" class=\"yoast-schema-graph\">{\"@context\":\"https:\\\/\\\/schema.org\",\"@graph\":[{\"@type\":\"Article\",\"@id\":\"https:\\\/\\\/www.ildammuso.com\\\/it\\\/ricordo-di-una-pasqua-a-pantelleria\\\/#article\",\"isPartOf\":{\"@id\":\"https:\\\/\\\/www.ildammuso.com\\\/it\\\/ricordo-di-una-pasqua-a-pantelleria\\\/\"},\"author\":{\"name\":\"claudia\",\"@id\":\"https:\\\/\\\/www.ildammuso.com\\\/it\\\/#\\\/schema\\\/person\\\/a97bc2634c1ae772b6efbb07fef2b3a8\"},\"headline\":\"Ricordo di una Pasqua a Pantelleria\",\"datePublished\":\"2024-03-29T11:37:02+00:00\",\"dateModified\":\"2024-03-29T11:37:06+00:00\",\"mainEntityOfPage\":{\"@id\":\"https:\\\/\\\/www.ildammuso.com\\\/it\\\/ricordo-di-una-pasqua-a-pantelleria\\\/\"},\"wordCount\":559,\"publisher\":{\"@id\":\"https:\\\/\\\/www.ildammuso.com\\\/it\\\/#organization\"},\"image\":{\"@id\":\"https:\\\/\\\/www.ildammuso.com\\\/it\\\/ricordo-di-una-pasqua-a-pantelleria\\\/#primaryimage\"},\"thumbnailUrl\":\"https:\\\/\\\/www.ildammuso.com\\\/wp-content\\\/uploads\\\/2024\\\/03\\\/Pasqua-2024-scaled.jpg\",\"keywords\":[\"spring\",\"ricordi\",\"summer\",\"vacanze2024\",\"estate2024\",\"slowlife\",\"quitelife\",\"easter\",\"vacation\",\"sicilia\",\"emozioni\",\"ildammuso\",\"isola\",\"pantelleria\"],\"articleSection\":[\"Corsi e ricorsi\",\"Pantelleria, l'isola\"],\"inLanguage\":\"it-IT\"},{\"@type\":\"WebPage\",\"@id\":\"https:\\\/\\\/www.ildammuso.com\\\/it\\\/ricordo-di-una-pasqua-a-pantelleria\\\/\",\"url\":\"https:\\\/\\\/www.ildammuso.com\\\/it\\\/ricordo-di-una-pasqua-a-pantelleria\\\/\",\"name\":\"Ricordo di una Pasqua a Pantelleria | Il Dammuso\",\"isPartOf\":{\"@id\":\"https:\\\/\\\/www.ildammuso.com\\\/it\\\/#website\"},\"primaryImageOfPage\":{\"@id\":\"https:\\\/\\\/www.ildammuso.com\\\/it\\\/ricordo-di-una-pasqua-a-pantelleria\\\/#primaryimage\"},\"image\":{\"@id\":\"https:\\\/\\\/www.ildammuso.com\\\/it\\\/ricordo-di-una-pasqua-a-pantelleria\\\/#primaryimage\"},\"thumbnailUrl\":\"https:\\\/\\\/www.ildammuso.com\\\/wp-content\\\/uploads\\\/2024\\\/03\\\/Pasqua-2024-scaled.jpg\",\"datePublished\":\"2024-03-29T11:37:02+00:00\",\"dateModified\":\"2024-03-29T11:37:06+00:00\",\"description\":\"\\\"Ricordo di una Pasqua a Pantelleria\\\": leggi l'articolo completo nel blog de Il Dammuso! Emozioni e sensazioni di una Pasqua a Pantelleria\",\"breadcrumb\":{\"@id\":\"https:\\\/\\\/www.ildammuso.com\\\/it\\\/ricordo-di-una-pasqua-a-pantelleria\\\/#breadcrumb\"},\"inLanguage\":\"it-IT\",\"potentialAction\":[{\"@type\":\"ReadAction\",\"target\":[\"https:\\\/\\\/www.ildammuso.com\\\/it\\\/ricordo-di-una-pasqua-a-pantelleria\\\/\"]}]},{\"@type\":\"ImageObject\",\"inLanguage\":\"it-IT\",\"@id\":\"https:\\\/\\\/www.ildammuso.com\\\/it\\\/ricordo-di-una-pasqua-a-pantelleria\\\/#primaryimage\",\"url\":\"https:\\\/\\\/www.ildammuso.com\\\/wp-content\\\/uploads\\\/2024\\\/03\\\/Pasqua-2024-scaled.jpg\",\"contentUrl\":\"https:\\\/\\\/www.ildammuso.com\\\/wp-content\\\/uploads\\\/2024\\\/03\\\/Pasqua-2024-scaled.jpg\",\"width\":2560,\"height\":1920},{\"@type\":\"BreadcrumbList\",\"@id\":\"https:\\\/\\\/www.ildammuso.com\\\/it\\\/ricordo-di-una-pasqua-a-pantelleria\\\/#breadcrumb\",\"itemListElement\":[{\"@type\":\"ListItem\",\"position\":1,\"name\":\"Home\",\"item\":\"https:\\\/\\\/www.ildammuso.com\\\/it\\\/\"},{\"@type\":\"ListItem\",\"position\":2,\"name\":\"&nbsp;\"}]},{\"@type\":\"WebSite\",\"@id\":\"https:\\\/\\\/www.ildammuso.com\\\/it\\\/#website\",\"url\":\"https:\\\/\\\/www.ildammuso.com\\\/it\\\/\",\"name\":\"Il Dammuso\",\"description\":\"Il tuo Dammuso a Pantelleria\",\"publisher\":{\"@id\":\"https:\\\/\\\/www.ildammuso.com\\\/it\\\/#organization\"},\"potentialAction\":[{\"@type\":\"SearchAction\",\"target\":{\"@type\":\"EntryPoint\",\"urlTemplate\":\"https:\\\/\\\/www.ildammuso.com\\\/it\\\/?s={search_term_string}\"},\"query-input\":{\"@type\":\"PropertyValueSpecification\",\"valueRequired\":true,\"valueName\":\"search_term_string\"}}],\"inLanguage\":\"it-IT\"},{\"@type\":\"Organization\",\"@id\":\"https:\\\/\\\/www.ildammuso.com\\\/it\\\/#organization\",\"name\":\"Il Dammuso\",\"url\":\"https:\\\/\\\/www.ildammuso.com\\\/it\\\/\",\"logo\":{\"@type\":\"ImageObject\",\"inLanguage\":\"it-IT\",\"@id\":\"https:\\\/\\\/www.ildammuso.com\\\/it\\\/#\\\/schema\\\/logo\\\/image\\\/\",\"url\":\"https:\\\/\\\/www.ildammuso.com\\\/wp-content\\\/uploads\\\/2022\\\/06\\\/logo-ildammuso.jpg\",\"contentUrl\":\"https:\\\/\\\/www.ildammuso.com\\\/wp-content\\\/uploads\\\/2022\\\/06\\\/logo-ildammuso.jpg\",\"width\":426,\"height\":395,\"caption\":\"Il Dammuso\"},\"image\":{\"@id\":\"https:\\\/\\\/www.ildammuso.com\\\/it\\\/#\\\/schema\\\/logo\\\/image\\\/\"},\"sameAs\":[\"https:\\\/\\\/www.facebook.com\\\/ildammusodipantelleria\\\/\",\"https:\\\/\\\/www.instagram.com\\\/ildammusogram\\\/\"]},{\"@type\":\"Person\",\"@id\":\"https:\\\/\\\/www.ildammuso.com\\\/it\\\/#\\\/schema\\\/person\\\/a97bc2634c1ae772b6efbb07fef2b3a8\",\"name\":\"claudia\",\"image\":{\"@type\":\"ImageObject\",\"inLanguage\":\"it-IT\",\"@id\":\"https:\\\/\\\/secure.gravatar.com\\\/avatar\\\/bfa9e85032faeaffeaaafd48c7c09ad8da852ff133d8361db8721aff28093ebe?s=96&d=mm&r=g\",\"url\":\"https:\\\/\\\/secure.gravatar.com\\\/avatar\\\/bfa9e85032faeaffeaaafd48c7c09ad8da852ff133d8361db8721aff28093ebe?s=96&d=mm&r=g\",\"contentUrl\":\"https:\\\/\\\/secure.gravatar.com\\\/avatar\\\/bfa9e85032faeaffeaaafd48c7c09ad8da852ff133d8361db8721aff28093ebe?s=96&d=mm&r=g\",\"caption\":\"claudia\"}}]}<\/script>\n<!-- \/ Yoast SEO plugin. -->","yoast_head_json":{"title":"Ricordo di una Pasqua a Pantelleria | Il Dammuso","description":"\"Ricordo di una Pasqua a Pantelleria\": leggi l'articolo completo nel blog de Il Dammuso! Emozioni e sensazioni di una Pasqua a Pantelleria","robots":{"index":"index","follow":"follow","max-snippet":"max-snippet:-1","max-image-preview":"max-image-preview:large","max-video-preview":"max-video-preview:-1"},"canonical":"https:\/\/www.ildammuso.com\/it\/ricordo-di-una-pasqua-a-pantelleria\/","og_locale":"it_IT","og_type":"article","og_title":"Ricordo di una Pasqua a Pantelleria | Il Dammuso","og_description":"\"Ricordo di una Pasqua a Pantelleria\": leggi l'articolo completo nel blog de Il Dammuso! Emozioni e sensazioni di una Pasqua a Pantelleria","og_url":"https:\/\/www.ildammuso.com\/it\/ricordo-di-una-pasqua-a-pantelleria\/","og_site_name":"Il Dammuso","article_publisher":"https:\/\/www.facebook.com\/ildammusodipantelleria\/","article_published_time":"2024-03-29T11:37:02+00:00","article_modified_time":"2024-03-29T11:37:06+00:00","og_image":[{"width":2560,"height":1920,"url":"https:\/\/storage1254.cdn-immedia.net\/wp-content\/uploads\/2024\/03\/Pasqua-2024-scaled.jpg","type":"image\/jpeg"}],"author":"claudia","twitter_card":"summary_large_image","twitter_misc":{"Scritto da":"claudia","Tempo di lettura stimato":"4 minuti"},"schema":{"@context":"https:\/\/schema.org","@graph":[{"@type":"Article","@id":"https:\/\/www.ildammuso.com\/it\/ricordo-di-una-pasqua-a-pantelleria\/#article","isPartOf":{"@id":"https:\/\/www.ildammuso.com\/it\/ricordo-di-una-pasqua-a-pantelleria\/"},"author":{"name":"claudia","@id":"https:\/\/www.ildammuso.com\/it\/#\/schema\/person\/a97bc2634c1ae772b6efbb07fef2b3a8"},"headline":"Ricordo di una Pasqua a Pantelleria","datePublished":"2024-03-29T11:37:02+00:00","dateModified":"2024-03-29T11:37:06+00:00","mainEntityOfPage":{"@id":"https:\/\/www.ildammuso.com\/it\/ricordo-di-una-pasqua-a-pantelleria\/"},"wordCount":559,"publisher":{"@id":"https:\/\/www.ildammuso.com\/it\/#organization"},"image":{"@id":"https:\/\/www.ildammuso.com\/it\/ricordo-di-una-pasqua-a-pantelleria\/#primaryimage"},"thumbnailUrl":"https:\/\/storage1254.cdn-immedia.net\/wp-content\/uploads\/2024\/03\/Pasqua-2024-scaled.jpg","keywords":["spring","ricordi","summer","vacanze2024","estate2024","slowlife","quitelife","easter","vacation","sicilia","emozioni","ildammuso","isola","pantelleria"],"articleSection":["Corsi e ricorsi","Pantelleria, l'isola"],"inLanguage":"it-IT"},{"@type":"WebPage","@id":"https:\/\/www.ildammuso.com\/it\/ricordo-di-una-pasqua-a-pantelleria\/","url":"https:\/\/www.ildammuso.com\/it\/ricordo-di-una-pasqua-a-pantelleria\/","name":"Ricordo di una Pasqua a Pantelleria | Il Dammuso","isPartOf":{"@id":"https:\/\/www.ildammuso.com\/it\/#website"},"primaryImageOfPage":{"@id":"https:\/\/www.ildammuso.com\/it\/ricordo-di-una-pasqua-a-pantelleria\/#primaryimage"},"image":{"@id":"https:\/\/www.ildammuso.com\/it\/ricordo-di-una-pasqua-a-pantelleria\/#primaryimage"},"thumbnailUrl":"https:\/\/storage1254.cdn-immedia.net\/wp-content\/uploads\/2024\/03\/Pasqua-2024-scaled.jpg","datePublished":"2024-03-29T11:37:02+00:00","dateModified":"2024-03-29T11:37:06+00:00","description":"\"Ricordo di una Pasqua a Pantelleria\": leggi l'articolo completo nel blog de Il Dammuso! Emozioni e sensazioni di una Pasqua a Pantelleria","breadcrumb":{"@id":"https:\/\/www.ildammuso.com\/it\/ricordo-di-una-pasqua-a-pantelleria\/#breadcrumb"},"inLanguage":"it-IT","potentialAction":[{"@type":"ReadAction","target":["https:\/\/www.ildammuso.com\/it\/ricordo-di-una-pasqua-a-pantelleria\/"]}]},{"@type":"ImageObject","inLanguage":"it-IT","@id":"https:\/\/www.ildammuso.com\/it\/ricordo-di-una-pasqua-a-pantelleria\/#primaryimage","url":"https:\/\/storage1254.cdn-immedia.net\/wp-content\/uploads\/2024\/03\/Pasqua-2024-scaled.jpg","contentUrl":"https:\/\/storage1254.cdn-immedia.net\/wp-content\/uploads\/2024\/03\/Pasqua-2024-scaled.jpg","width":2560,"height":1920},{"@type":"BreadcrumbList","@id":"https:\/\/www.ildammuso.com\/it\/ricordo-di-una-pasqua-a-pantelleria\/#breadcrumb","itemListElement":[{"@type":"ListItem","position":1,"name":"Home","item":"https:\/\/www.ildammuso.com\/it\/"},{"@type":"ListItem","position":2,"name":"&nbsp;"}]},{"@type":"WebSite","@id":"https:\/\/www.ildammuso.com\/it\/#website","url":"https:\/\/www.ildammuso.com\/it\/","name":"Il Dammuso","description":"Il tuo Dammuso a Pantelleria","publisher":{"@id":"https:\/\/www.ildammuso.com\/it\/#organization"},"potentialAction":[{"@type":"SearchAction","target":{"@type":"EntryPoint","urlTemplate":"https:\/\/www.ildammuso.com\/it\/?s={search_term_string}"},"query-input":{"@type":"PropertyValueSpecification","valueRequired":true,"valueName":"search_term_string"}}],"inLanguage":"it-IT"},{"@type":"Organization","@id":"https:\/\/www.ildammuso.com\/it\/#organization","name":"Il Dammuso","url":"https:\/\/www.ildammuso.com\/it\/","logo":{"@type":"ImageObject","inLanguage":"it-IT","@id":"https:\/\/www.ildammuso.com\/it\/#\/schema\/logo\/image\/","url":"https:\/\/storage1254.cdn-immedia.net\/wp-content\/uploads\/2022\/06\/logo-ildammuso.jpg","contentUrl":"https:\/\/storage1254.cdn-immedia.net\/wp-content\/uploads\/2022\/06\/logo-ildammuso.jpg","width":426,"height":395,"caption":"Il Dammuso"},"image":{"@id":"https:\/\/www.ildammuso.com\/it\/#\/schema\/logo\/image\/"},"sameAs":["https:\/\/www.facebook.com\/ildammusodipantelleria\/","https:\/\/www.instagram.com\/ildammusogram\/"]},{"@type":"Person","@id":"https:\/\/www.ildammuso.com\/it\/#\/schema\/person\/a97bc2634c1ae772b6efbb07fef2b3a8","name":"claudia","image":{"@type":"ImageObject","inLanguage":"it-IT","@id":"https:\/\/secure.gravatar.com\/avatar\/bfa9e85032faeaffeaaafd48c7c09ad8da852ff133d8361db8721aff28093ebe?s=96&d=mm&r=g","url":"https:\/\/secure.gravatar.com\/avatar\/bfa9e85032faeaffeaaafd48c7c09ad8da852ff133d8361db8721aff28093ebe?s=96&d=mm&r=g","contentUrl":"https:\/\/secure.gravatar.com\/avatar\/bfa9e85032faeaffeaaafd48c7c09ad8da852ff133d8361db8721aff28093ebe?s=96&d=mm&r=g","caption":"claudia"}}]}},"_links":{"self":[{"href":"https:\/\/www.ildammuso.com\/it\/wp-json\/wp\/v2\/posts\/23547","targetHints":{"allow":["GET"]}}],"collection":[{"href":"https:\/\/www.ildammuso.com\/it\/wp-json\/wp\/v2\/posts"}],"about":[{"href":"https:\/\/www.ildammuso.com\/it\/wp-json\/wp\/v2\/types\/post"}],"author":[{"embeddable":true,"href":"https:\/\/www.ildammuso.com\/it\/wp-json\/wp\/v2\/users\/3"}],"replies":[{"embeddable":true,"href":"https:\/\/www.ildammuso.com\/it\/wp-json\/wp\/v2\/comments?post=23547"}],"version-history":[{"count":1,"href":"https:\/\/www.ildammuso.com\/it\/wp-json\/wp\/v2\/posts\/23547\/revisions"}],"predecessor-version":[{"id":23550,"href":"https:\/\/www.ildammuso.com\/it\/wp-json\/wp\/v2\/posts\/23547\/revisions\/23550"}],"wp:featuredmedia":[{"embeddable":true,"href":"https:\/\/www.ildammuso.com\/it\/wp-json\/wp\/v2\/media\/23548"}],"wp:attachment":[{"href":"https:\/\/www.ildammuso.com\/it\/wp-json\/wp\/v2\/media?parent=23547"}],"wp:term":[{"taxonomy":"category","embeddable":true,"href":"https:\/\/www.ildammuso.com\/it\/wp-json\/wp\/v2\/categories?post=23547"},{"taxonomy":"post_tag","embeddable":true,"href":"https:\/\/www.ildammuso.com\/it\/wp-json\/wp\/v2\/tags?post=23547"}],"curies":[{"name":"wp","href":"https:\/\/api.w.org\/{rel}","templated":true}]}}