{"id":2361,"date":"2017-05-25T12:21:17","date_gmt":"2017-05-25T10:21:17","guid":{"rendered":"https:\/\/www.ildammuso.com\/?p=2361"},"modified":"2022-09-08T12:51:53","modified_gmt":"2022-09-08T10:51:53","slug":"pantelleria-2017-avanti-tutta","status":"publish","type":"post","link":"https:\/\/www.ildammuso.com\/it\/pantelleria-2017-avanti-tutta\/","title":{"rendered":"Pantelleria 2017: avanti tutta!"},"content":{"rendered":"<p><span style=\"font-weight: 400;\">Sono da poco rientrato a Palermo dopo una decina di giorni trascorsi a Pantelleria.<\/span><\/p>\n<p><span style=\"font-weight: 400;\">Sono partito qualche giorno prima di Pasqua per iniziare, insieme a Barbara ed Enzo, le operazioni sul campo che danno il via alla nuova stagione.<\/span><\/p>\n<p><span style=\"font-weight: 400;\">Abbiamo avuto i primi <strong>clienti-viaggiatori che hanno creduto nella primavera<\/strong> per scoprire il fascino di Pantelleria, <strong>un piccolo grande paradiso botanico<\/strong> con la solita tempesta di colori e profumi. La primavera \u00e8 il periodo pi\u00f9 bello &#8211; opinione assolutamente personale &#8211; per visitare le isole del Mediterraneo e rendersi conto che <strong>il mare \u00e8 complementare alla ricchezza cromatica dei paesaggi<\/strong>.<\/span><\/p>\n<p><span style=\"font-weight: 400;\">Un territorio come quello di <strong>Pantelleria scuote le emozioni, riempie gli occhi di una luce unica<\/strong> e ci restituisce delle immagini di naturalezza difficilmente riscontrabili in qualunque altra parte del Mare nostrum.<\/span><\/p>\n<p><span style=\"font-weight: 400;\">Tuttavia, pochissimi hanno la voglia e la curiosit\u00e0 di scoprire Pantelleria fuori dai canonici mesi estivi. Non parlate di assenza di voli diretti o che non \u00e8 possibile fare il bagno a mare. La curiosit\u00e0, l&#8217;arte del sapere, non accetta scuse simili. La curiosit\u00e0 ci direbbe, per esempio, che non potendo fare il bagno a mare, ci si pu\u00f2 immergere nelle <strong>acque calde di Gadir<\/strong>. Ci spingerebbe su per i fantastici <strong>sentieri di Montagna Grande<\/strong> o semplicemente ci farebbe passeggiare per le contrade dell&#8217;isola dove il tempo assume un valore sconosciuto a molti.<\/span><\/p>\n<p><span style=\"font-weight: 400;\">Manca poco prima che arrivi l&#8217;estate, siete pronti a lasciarvi incantare dalle meraviglie di Pantelleria?<\/span><\/p>\n","protected":false},"excerpt":{"rendered":"<p>Sono da poco rientrato a Palermo dopo una decina di [&hellip;]<\/p>\n","protected":false},"author":1,"featured_media":11897,"comment_status":"open","ping_status":"open","sticky":false,"template":"","format":"standard","meta":{"_acf_changed":false,"footnotes":""},"categories":[1],"tags":[],"class_list":["post-2361","post","type-post","status-publish","format-standard","has-post-thumbnail","hentry","category-ildammuso-com"],"acf":[],"yoast_head":"<!-- This site is optimized with the Yoast SEO plugin v27.5 - https:\/\/yoast.com\/product\/yoast-seo-wordpress\/ -->\n<title>Pantelleria 2017: avanti tutta! | Il Dammuso<\/title>\n<meta name=\"description\" content=\"La primavera \u00e8 il periodo pi\u00f9 bello per visitare Pantelleria e rendersi conto che il mare \u00e8 complementare alla ricchezza cromatica dei paesaggi.\" \/>\n<meta name=\"robots\" content=\"index, follow, max-snippet:-1, max-image-preview:large, max-video-preview:-1\" \/>\n<link rel=\"canonical\" href=\"https:\/\/www.ildammuso.com\/it\/pantelleria-2017-avanti-tutta\/\" \/>\n<meta property=\"og:locale\" content=\"it_IT\" \/>\n<meta property=\"og:type\" content=\"article\" \/>\n<meta property=\"og:title\" content=\"Pantelleria 2017: avanti tutta! | Il Dammuso\" \/>\n<meta property=\"og:description\" content=\"La primavera \u00e8 il periodo pi\u00f9 bello per visitare Pantelleria e rendersi conto che il mare \u00e8 complementare alla ricchezza cromatica dei paesaggi.\" \/>\n<meta property=\"og:url\" content=\"https:\/\/www.ildammuso.com\/it\/pantelleria-2017-avanti-tutta\/\" \/>\n<meta property=\"og:site_name\" content=\"Il Dammuso\" \/>\n<meta property=\"article:publisher\" content=\"https:\/\/www.facebook.com\/ildammusodipantelleria\/\" \/>\n<meta property=\"article:published_time\" content=\"2017-05-25T10:21:17+00:00\" \/>\n<meta property=\"article:modified_time\" content=\"2022-09-08T10:51:53+00:00\" \/>\n<meta property=\"og:image\" content=\"https:\/\/storage1254.cdn-immedia.net\/wp-content\/uploads\/2017\/05\/dammuso-oleandro.jpeg\" \/>\n\t<meta property=\"og:image:width\" content=\"495\" \/>\n\t<meta property=\"og:image:height\" content=\"371\" \/>\n\t<meta property=\"og:image:type\" content=\"image\/jpeg\" \/>\n<meta name=\"author\" content=\"ildammuso-com\" \/>\n<meta name=\"twitter:card\" content=\"summary_large_image\" \/>\n<meta name=\"twitter:label1\" content=\"Scritto da\" \/>\n\t<meta name=\"twitter:data1\" content=\"ildammuso-com\" \/>\n\t<meta name=\"twitter:label2\" content=\"Tempo di lettura stimato\" \/>\n\t<meta name=\"twitter:data2\" content=\"2 minuti\" \/>\n<script type=\"application\/ld+json\" class=\"yoast-schema-graph\">{\"@context\":\"https:\\\/\\\/schema.org\",\"@graph\":[{\"@type\":\"Article\",\"@id\":\"https:\\\/\\\/www.ildammuso.com\\\/it\\\/pantelleria-2017-avanti-tutta\\\/#article\",\"isPartOf\":{\"@id\":\"https:\\\/\\\/www.ildammuso.com\\\/it\\\/pantelleria-2017-avanti-tutta\\\/\"},\"author\":{\"name\":\"ildammuso-com\",\"@id\":\"https:\\\/\\\/www.ildammuso.com\\\/it\\\/#\\\/schema\\\/person\\\/d0a909ca6406e22888ca8d8dfcd59d1f\"},\"headline\":\"Pantelleria 2017: avanti tutta!\",\"datePublished\":\"2017-05-25T10:21:17+00:00\",\"dateModified\":\"2022-09-08T10:51:53+00:00\",\"mainEntityOfPage\":{\"@id\":\"https:\\\/\\\/www.ildammuso.com\\\/it\\\/pantelleria-2017-avanti-tutta\\\/\"},\"wordCount\":242,\"commentCount\":0,\"publisher\":{\"@id\":\"https:\\\/\\\/www.ildammuso.com\\\/it\\\/#organization\"},\"image\":{\"@id\":\"https:\\\/\\\/www.ildammuso.com\\\/it\\\/pantelleria-2017-avanti-tutta\\\/#primaryimage\"},\"thumbnailUrl\":\"https:\\\/\\\/www.ildammuso.com\\\/wp-content\\\/uploads\\\/2017\\\/05\\\/dammuso-oleandro.jpeg\",\"articleSection\":[\"ildammuso.com\"],\"inLanguage\":\"it-IT\",\"potentialAction\":[{\"@type\":\"CommentAction\",\"name\":\"Comment\",\"target\":[\"https:\\\/\\\/www.ildammuso.com\\\/it\\\/pantelleria-2017-avanti-tutta\\\/#respond\"]}]},{\"@type\":\"WebPage\",\"@id\":\"https:\\\/\\\/www.ildammuso.com\\\/it\\\/pantelleria-2017-avanti-tutta\\\/\",\"url\":\"https:\\\/\\\/www.ildammuso.com\\\/it\\\/pantelleria-2017-avanti-tutta\\\/\",\"name\":\"Pantelleria 2017: avanti tutta! | Il Dammuso\",\"isPartOf\":{\"@id\":\"https:\\\/\\\/www.ildammuso.com\\\/it\\\/#website\"},\"primaryImageOfPage\":{\"@id\":\"https:\\\/\\\/www.ildammuso.com\\\/it\\\/pantelleria-2017-avanti-tutta\\\/#primaryimage\"},\"image\":{\"@id\":\"https:\\\/\\\/www.ildammuso.com\\\/it\\\/pantelleria-2017-avanti-tutta\\\/#primaryimage\"},\"thumbnailUrl\":\"https:\\\/\\\/www.ildammuso.com\\\/wp-content\\\/uploads\\\/2017\\\/05\\\/dammuso-oleandro.jpeg\",\"datePublished\":\"2017-05-25T10:21:17+00:00\",\"dateModified\":\"2022-09-08T10:51:53+00:00\",\"description\":\"La primavera \u00e8 il periodo pi\u00f9 bello per visitare Pantelleria e rendersi conto che il mare \u00e8 complementare alla ricchezza cromatica dei paesaggi.\",\"breadcrumb\":{\"@id\":\"https:\\\/\\\/www.ildammuso.com\\\/it\\\/pantelleria-2017-avanti-tutta\\\/#breadcrumb\"},\"inLanguage\":\"it-IT\",\"potentialAction\":[{\"@type\":\"ReadAction\",\"target\":[\"https:\\\/\\\/www.ildammuso.com\\\/it\\\/pantelleria-2017-avanti-tutta\\\/\"]}]},{\"@type\":\"ImageObject\",\"inLanguage\":\"it-IT\",\"@id\":\"https:\\\/\\\/www.ildammuso.com\\\/it\\\/pantelleria-2017-avanti-tutta\\\/#primaryimage\",\"url\":\"https:\\\/\\\/www.ildammuso.com\\\/wp-content\\\/uploads\\\/2017\\\/05\\\/dammuso-oleandro.jpeg\",\"contentUrl\":\"https:\\\/\\\/www.ildammuso.com\\\/wp-content\\\/uploads\\\/2017\\\/05\\\/dammuso-oleandro.jpeg\",\"width\":495,\"height\":371,\"caption\":\"Dammuso Oleandro\"},{\"@type\":\"BreadcrumbList\",\"@id\":\"https:\\\/\\\/www.ildammuso.com\\\/it\\\/pantelleria-2017-avanti-tutta\\\/#breadcrumb\",\"itemListElement\":[{\"@type\":\"ListItem\",\"position\":1,\"name\":\"Home\",\"item\":\"https:\\\/\\\/www.ildammuso.com\\\/it\\\/\"},{\"@type\":\"ListItem\",\"position\":2,\"name\":\"&nbsp;\"}]},{\"@type\":\"WebSite\",\"@id\":\"https:\\\/\\\/www.ildammuso.com\\\/it\\\/#website\",\"url\":\"https:\\\/\\\/www.ildammuso.com\\\/it\\\/\",\"name\":\"Il Dammuso\",\"description\":\"Il tuo Dammuso a Pantelleria\",\"publisher\":{\"@id\":\"https:\\\/\\\/www.ildammuso.com\\\/it\\\/#organization\"},\"potentialAction\":[{\"@type\":\"SearchAction\",\"target\":{\"@type\":\"EntryPoint\",\"urlTemplate\":\"https:\\\/\\\/www.ildammuso.com\\\/it\\\/?s={search_term_string}\"},\"query-input\":{\"@type\":\"PropertyValueSpecification\",\"valueRequired\":true,\"valueName\":\"search_term_string\"}}],\"inLanguage\":\"it-IT\"},{\"@type\":\"Organization\",\"@id\":\"https:\\\/\\\/www.ildammuso.com\\\/it\\\/#organization\",\"name\":\"Il Dammuso\",\"url\":\"https:\\\/\\\/www.ildammuso.com\\\/it\\\/\",\"logo\":{\"@type\":\"ImageObject\",\"inLanguage\":\"it-IT\",\"@id\":\"https:\\\/\\\/www.ildammuso.com\\\/it\\\/#\\\/schema\\\/logo\\\/image\\\/\",\"url\":\"https:\\\/\\\/www.ildammuso.com\\\/wp-content\\\/uploads\\\/2022\\\/06\\\/logo-ildammuso.jpg\",\"contentUrl\":\"https:\\\/\\\/www.ildammuso.com\\\/wp-content\\\/uploads\\\/2022\\\/06\\\/logo-ildammuso.jpg\",\"width\":426,\"height\":395,\"caption\":\"Il Dammuso\"},\"image\":{\"@id\":\"https:\\\/\\\/www.ildammuso.com\\\/it\\\/#\\\/schema\\\/logo\\\/image\\\/\"},\"sameAs\":[\"https:\\\/\\\/www.facebook.com\\\/ildammusodipantelleria\\\/\",\"https:\\\/\\\/www.instagram.com\\\/ildammusogram\\\/\"]},{\"@type\":\"Person\",\"@id\":\"https:\\\/\\\/www.ildammuso.com\\\/it\\\/#\\\/schema\\\/person\\\/d0a909ca6406e22888ca8d8dfcd59d1f\",\"name\":\"ildammuso-com\",\"image\":{\"@type\":\"ImageObject\",\"inLanguage\":\"it-IT\",\"@id\":\"https:\\\/\\\/secure.gravatar.com\\\/avatar\\\/98cbd846e82532f860b5a0cfe7f6120b4319f5a17ecbd5bb0b839b62429b0fc2?s=96&d=mm&r=g\",\"url\":\"https:\\\/\\\/secure.gravatar.com\\\/avatar\\\/98cbd846e82532f860b5a0cfe7f6120b4319f5a17ecbd5bb0b839b62429b0fc2?s=96&d=mm&r=g\",\"contentUrl\":\"https:\\\/\\\/secure.gravatar.com\\\/avatar\\\/98cbd846e82532f860b5a0cfe7f6120b4319f5a17ecbd5bb0b839b62429b0fc2?s=96&d=mm&r=g\",\"caption\":\"ildammuso-com\"},\"sameAs\":[\"https:\\\/\\\/www.ildammuso.com\"]}]}<\/script>\n<!-- \/ Yoast SEO plugin. -->","yoast_head_json":{"title":"Pantelleria 2017: avanti tutta! | Il Dammuso","description":"La primavera \u00e8 il periodo pi\u00f9 bello per visitare Pantelleria e rendersi conto che il mare \u00e8 complementare alla ricchezza cromatica dei paesaggi.","robots":{"index":"index","follow":"follow","max-snippet":"max-snippet:-1","max-image-preview":"max-image-preview:large","max-video-preview":"max-video-preview:-1"},"canonical":"https:\/\/www.ildammuso.com\/it\/pantelleria-2017-avanti-tutta\/","og_locale":"it_IT","og_type":"article","og_title":"Pantelleria 2017: avanti tutta! | Il Dammuso","og_description":"La primavera \u00e8 il periodo pi\u00f9 bello per visitare Pantelleria e rendersi conto che il mare \u00e8 complementare alla ricchezza cromatica dei paesaggi.","og_url":"https:\/\/www.ildammuso.com\/it\/pantelleria-2017-avanti-tutta\/","og_site_name":"Il Dammuso","article_publisher":"https:\/\/www.facebook.com\/ildammusodipantelleria\/","article_published_time":"2017-05-25T10:21:17+00:00","article_modified_time":"2022-09-08T10:51:53+00:00","og_image":[{"width":495,"height":371,"url":"https:\/\/storage1254.cdn-immedia.net\/wp-content\/uploads\/2017\/05\/dammuso-oleandro.jpeg","type":"image\/jpeg"}],"author":"ildammuso-com","twitter_card":"summary_large_image","twitter_misc":{"Scritto da":"ildammuso-com","Tempo di lettura stimato":"2 minuti"},"schema":{"@context":"https:\/\/schema.org","@graph":[{"@type":"Article","@id":"https:\/\/www.ildammuso.com\/it\/pantelleria-2017-avanti-tutta\/#article","isPartOf":{"@id":"https:\/\/www.ildammuso.com\/it\/pantelleria-2017-avanti-tutta\/"},"author":{"name":"ildammuso-com","@id":"https:\/\/www.ildammuso.com\/it\/#\/schema\/person\/d0a909ca6406e22888ca8d8dfcd59d1f"},"headline":"Pantelleria 2017: avanti tutta!","datePublished":"2017-05-25T10:21:17+00:00","dateModified":"2022-09-08T10:51:53+00:00","mainEntityOfPage":{"@id":"https:\/\/www.ildammuso.com\/it\/pantelleria-2017-avanti-tutta\/"},"wordCount":242,"commentCount":0,"publisher":{"@id":"https:\/\/www.ildammuso.com\/it\/#organization"},"image":{"@id":"https:\/\/www.ildammuso.com\/it\/pantelleria-2017-avanti-tutta\/#primaryimage"},"thumbnailUrl":"https:\/\/storage1254.cdn-immedia.net\/wp-content\/uploads\/2017\/05\/dammuso-oleandro.jpeg","articleSection":["ildammuso.com"],"inLanguage":"it-IT","potentialAction":[{"@type":"CommentAction","name":"Comment","target":["https:\/\/www.ildammuso.com\/it\/pantelleria-2017-avanti-tutta\/#respond"]}]},{"@type":"WebPage","@id":"https:\/\/www.ildammuso.com\/it\/pantelleria-2017-avanti-tutta\/","url":"https:\/\/www.ildammuso.com\/it\/pantelleria-2017-avanti-tutta\/","name":"Pantelleria 2017: avanti tutta! | Il Dammuso","isPartOf":{"@id":"https:\/\/www.ildammuso.com\/it\/#website"},"primaryImageOfPage":{"@id":"https:\/\/www.ildammuso.com\/it\/pantelleria-2017-avanti-tutta\/#primaryimage"},"image":{"@id":"https:\/\/www.ildammuso.com\/it\/pantelleria-2017-avanti-tutta\/#primaryimage"},"thumbnailUrl":"https:\/\/storage1254.cdn-immedia.net\/wp-content\/uploads\/2017\/05\/dammuso-oleandro.jpeg","datePublished":"2017-05-25T10:21:17+00:00","dateModified":"2022-09-08T10:51:53+00:00","description":"La primavera \u00e8 il periodo pi\u00f9 bello per visitare Pantelleria e rendersi conto che il mare \u00e8 complementare alla ricchezza cromatica dei paesaggi.","breadcrumb":{"@id":"https:\/\/www.ildammuso.com\/it\/pantelleria-2017-avanti-tutta\/#breadcrumb"},"inLanguage":"it-IT","potentialAction":[{"@type":"ReadAction","target":["https:\/\/www.ildammuso.com\/it\/pantelleria-2017-avanti-tutta\/"]}]},{"@type":"ImageObject","inLanguage":"it-IT","@id":"https:\/\/www.ildammuso.com\/it\/pantelleria-2017-avanti-tutta\/#primaryimage","url":"https:\/\/storage1254.cdn-immedia.net\/wp-content\/uploads\/2017\/05\/dammuso-oleandro.jpeg","contentUrl":"https:\/\/storage1254.cdn-immedia.net\/wp-content\/uploads\/2017\/05\/dammuso-oleandro.jpeg","width":495,"height":371,"caption":"Dammuso Oleandro"},{"@type":"BreadcrumbList","@id":"https:\/\/www.ildammuso.com\/it\/pantelleria-2017-avanti-tutta\/#breadcrumb","itemListElement":[{"@type":"ListItem","position":1,"name":"Home","item":"https:\/\/www.ildammuso.com\/it\/"},{"@type":"ListItem","position":2,"name":"&nbsp;"}]},{"@type":"WebSite","@id":"https:\/\/www.ildammuso.com\/it\/#website","url":"https:\/\/www.ildammuso.com\/it\/","name":"Il Dammuso","description":"Il tuo Dammuso a Pantelleria","publisher":{"@id":"https:\/\/www.ildammuso.com\/it\/#organization"},"potentialAction":[{"@type":"SearchAction","target":{"@type":"EntryPoint","urlTemplate":"https:\/\/www.ildammuso.com\/it\/?s={search_term_string}"},"query-input":{"@type":"PropertyValueSpecification","valueRequired":true,"valueName":"search_term_string"}}],"inLanguage":"it-IT"},{"@type":"Organization","@id":"https:\/\/www.ildammuso.com\/it\/#organization","name":"Il Dammuso","url":"https:\/\/www.ildammuso.com\/it\/","logo":{"@type":"ImageObject","inLanguage":"it-IT","@id":"https:\/\/www.ildammuso.com\/it\/#\/schema\/logo\/image\/","url":"https:\/\/storage1254.cdn-immedia.net\/wp-content\/uploads\/2022\/06\/logo-ildammuso.jpg","contentUrl":"https:\/\/storage1254.cdn-immedia.net\/wp-content\/uploads\/2022\/06\/logo-ildammuso.jpg","width":426,"height":395,"caption":"Il Dammuso"},"image":{"@id":"https:\/\/www.ildammuso.com\/it\/#\/schema\/logo\/image\/"},"sameAs":["https:\/\/www.facebook.com\/ildammusodipantelleria\/","https:\/\/www.instagram.com\/ildammusogram\/"]},{"@type":"Person","@id":"https:\/\/www.ildammuso.com\/it\/#\/schema\/person\/d0a909ca6406e22888ca8d8dfcd59d1f","name":"ildammuso-com","image":{"@type":"ImageObject","inLanguage":"it-IT","@id":"https:\/\/secure.gravatar.com\/avatar\/98cbd846e82532f860b5a0cfe7f6120b4319f5a17ecbd5bb0b839b62429b0fc2?s=96&d=mm&r=g","url":"https:\/\/secure.gravatar.com\/avatar\/98cbd846e82532f860b5a0cfe7f6120b4319f5a17ecbd5bb0b839b62429b0fc2?s=96&d=mm&r=g","contentUrl":"https:\/\/secure.gravatar.com\/avatar\/98cbd846e82532f860b5a0cfe7f6120b4319f5a17ecbd5bb0b839b62429b0fc2?s=96&d=mm&r=g","caption":"ildammuso-com"},"sameAs":["https:\/\/www.ildammuso.com"]}]}},"_links":{"self":[{"href":"https:\/\/www.ildammuso.com\/it\/wp-json\/wp\/v2\/posts\/2361","targetHints":{"allow":["GET"]}}],"collection":[{"href":"https:\/\/www.ildammuso.com\/it\/wp-json\/wp\/v2\/posts"}],"about":[{"href":"https:\/\/www.ildammuso.com\/it\/wp-json\/wp\/v2\/types\/post"}],"author":[{"embeddable":true,"href":"https:\/\/www.ildammuso.com\/it\/wp-json\/wp\/v2\/users\/1"}],"replies":[{"embeddable":true,"href":"https:\/\/www.ildammuso.com\/it\/wp-json\/wp\/v2\/comments?post=2361"}],"version-history":[{"count":1,"href":"https:\/\/www.ildammuso.com\/it\/wp-json\/wp\/v2\/posts\/2361\/revisions"}],"predecessor-version":[{"id":11899,"href":"https:\/\/www.ildammuso.com\/it\/wp-json\/wp\/v2\/posts\/2361\/revisions\/11899"}],"wp:featuredmedia":[{"embeddable":true,"href":"https:\/\/www.ildammuso.com\/it\/wp-json\/wp\/v2\/media\/11897"}],"wp:attachment":[{"href":"https:\/\/www.ildammuso.com\/it\/wp-json\/wp\/v2\/media?parent=2361"}],"wp:term":[{"taxonomy":"category","embeddable":true,"href":"https:\/\/www.ildammuso.com\/it\/wp-json\/wp\/v2\/categories?post=2361"},{"taxonomy":"post_tag","embeddable":true,"href":"https:\/\/www.ildammuso.com\/it\/wp-json\/wp\/v2\/tags?post=2361"}],"curies":[{"name":"wp","href":"https:\/\/api.w.org\/{rel}","templated":true}]}}