{"id":24101,"date":"2024-05-03T11:23:54","date_gmt":"2024-05-03T09:23:54","guid":{"rendered":"https:\/\/www.ildammuso.com\/?p=24101"},"modified":"2024-05-03T11:23:56","modified_gmt":"2024-05-03T09:23:56","slug":"pantelleria-e-lutilizzo-dellacqua","status":"publish","type":"post","link":"https:\/\/www.ildammuso.com\/it\/pantelleria-e-lutilizzo-dellacqua\/","title":{"rendered":"Pantelleria e l&#8217;utilizzo dell&#8217;acqua"},"content":{"rendered":"\n<p>Come pi\u00f9 volte detto a Pantelleria la raccolta dell\u2019acqua avviene in tre diversi modi: per erogazione da parte del comune (che dissala e rifornisce le case con allaccio esterno), raccolta di acqua piovana (se e quando piove), acquisto di autobotti che si recano fin nei posti pi\u00f9 reconditi dell\u2019isola e vendono l\u2019acqua (naturalmente dissalata) a seconda del fabbisogno del Dammuso.<br><br>Tutto ci\u00f2 ha sempre e comunque costi ben pi\u00f9 elevati della media e fa s\u00ec che l\u2019acqua (che di per s\u00e9 \u00e8 un bene prezioso) a Pantelleria lo sia ancora di pi\u00f9.<br>Da qui le mie ultra-raccomandazioni agli ospiti quando li accolgo nel Dammuso che sar\u00e0 la loro \u201ccasa\u201d nei giorni di permanenza sull\u2019isola.<br><br>Il primo semestre che ho trascorso a Pantelleria ricordo che, sebbene io prendessi tutte le necessarie precauzioni per evitare sciupii, la cisterna era sempre mezza vuota.<br>Ovviamente, ho pagato il \u201cdazio\u201d.<br>\u201cClaudia non sa fare docce veloci\u201d.<br>\u201cClaudia, sciupa un sacco di acqua mentre fa i piatti.<br>\u201cClaudia, fa troppe docce\u201d.<br>\u201cClaudia mette troppe lavatrici\u201d.<br>Mentre io, nella mia assoluta pazzia e nel tentativo di dimostrare che fossi parca, ero arrivata all\u2019escamotage (che poi divenne farsa) di farmi la doccia vestita cos\u00ec da prendere due piccioni con una fava: pulizia personale lavaggio biancheria.<br><br>L\u2019anno successivo, tornata a Pantelleria, notai che sebbene non avesse piovuto da tempo, proprio in prossimit\u00e0 della cisterna c\u2019era una pianta di cappero che aveva il terreno sempre umido.<br>Come Eta Beta mi si accese la lampadina e pensai che avrei avuto la \u201cragione\u201d da tempo attesa.<br>Pertanto chiamai il MITICO Maestro Rocco che mi conferm\u00f2 una perdita su quel versante della cisterna.<br>Vittoriosa mi sembrava che il problema fosse prossimo alla soluzione.<br>Ma Pantelleria \u00e8 un luogo che ti insegna SEMPRE a non sprecare.<br>Per quanto si possa essere abituati alla vita di citt\u00e0 LEI ti educa e vince.<br><br>Cos\u00ec il Maestro Rocco per prima cosa ha dovuto aprire il \u201cgranitico\u201d tappo\u00a0di cemento armato.<br>Aveva portato con s\u00e9 una pompa di aspirazione e dei grandi contenitori nei quali travasare l\u2019acqua rimasta nella cisterna, perch\u00e9 MAI andasse perduta.<br>Una volta svuotata questa, con tanto di caschetto e di luce (n\u00e9 pi\u00f9 e n\u00e9 meno come uno speleologo) prima ha rimosso ci\u00f2 che, nel tempo, si era depositato sul fondo della vasca, poi ha trovato la fessura dentro la quale il cappero si era infiltrato e altre piccole fenditure dalle quali possibilmente si disperdeva il prezioso liquido e ha richiuso le lesioni.<br>Ma il lavoro non era ancora terminato.<br>E io, nei giorni che sono serviti a far s\u00ec che il lavoro fosse fatto \u201ccome Dio comanda\u201d (perch\u00e9, altrimenti Rocco non sarebbe un Maestro), ho sperimentato la bellezza e la fatica della doccia col secchio.<br>Era maggio e faceva freschetto ma tutto questo mi faceva vivere una stupidissima emozione che mi induceva a sentirmi a met\u00e0 tra un\u2019eroina della vita selvaggia e una donna di altri tempi.<br><br>Quando Rocco \u00e8 stato certo che la cisterna fosse ben asciutta e capace di contenere l\u2019acqua, ha riversato il contenuto conservato nelle vasche al suo interno e io tronfia, sono andata a comprare quel che bastava perch\u00e9 la mia vasca fosse piena.<br>Infine ho misurato la capienza con le due canne allungate a periscopio e mi sono detta soddisfatta dell\u2019impresa compiuta.<br><br>L\u2019acqua, questa volta, \u00e8 durata pi\u00f9 di due mesi e nessuno ha osato dire che facessi sciupii da \u201ccittadina maleducata\u201d e io ho gongolato per tutta l\u2019estate.<br>Ma voi sapete che per tenere le cisterne pulite prima vi si mettevano le anguille dentro?<br>Beh, questo ve lo racconto un\u2019altra volta.<\/p>\n\n\n\n<p>Foto di Giovanni Matta<br><\/p>\n","protected":false},"excerpt":{"rendered":"<p>Come pi\u00f9 volte detto a Pantelleria la raccolta dell\u2019acqua avviene [&hellip;]<\/p>\n","protected":false},"author":3,"featured_media":24102,"comment_status":"closed","ping_status":"closed","sticky":false,"template":"","format":"standard","meta":{"_acf_changed":false,"footnotes":""},"categories":[440,446],"tags":[1376,1377,1350,1351,1324,1116,1117,1107,1108,941,891,892,744,228,61,91,114],"class_list":["post-24101","post","type-post","status-publish","format-standard","has-post-thumbnail","hentry","category-istruzioni-per-l-uso","category-pantelleria-lisola","tag-siccita","tag-isola-island","tag-sapienza","tag-ingegno","tag-travelling","tag-slowlife","tag-quitelife","tag-cisterna","tag-acqua-2","tag-pioggia","tag-enjoy","tag-vacation","tag-cielo","tag-ildammuso","tag-nuvole","tag-pantelleria","tag-vacanza"],"acf":[],"yoast_head":"<!-- This site is optimized with the Yoast SEO plugin v27.3 - https:\/\/yoast.com\/product\/yoast-seo-wordpress\/ -->\n<title>Pantelleria e l&#039;utilizzo dell&#039;acqua | Il Dammuso<\/title>\n<meta name=\"description\" content=\"&quot;Pantelleria e l&#039;utilizzo dell&#039;acqua&quot;: leggi l&#039;articolo completo nel blog de Il Dammuso!\" \/>\n<meta name=\"robots\" content=\"index, follow, max-snippet:-1, max-image-preview:large, max-video-preview:-1\" \/>\n<link rel=\"canonical\" href=\"https:\/\/www.ildammuso.com\/it\/pantelleria-e-lutilizzo-dellacqua\/\" \/>\n<meta property=\"og:locale\" content=\"it_IT\" \/>\n<meta property=\"og:type\" content=\"article\" \/>\n<meta property=\"og:title\" content=\"Pantelleria e l&#039;utilizzo dell&#039;acqua | Il Dammuso\" \/>\n<meta property=\"og:description\" content=\"&quot;Pantelleria e l&#039;utilizzo dell&#039;acqua&quot;: leggi l&#039;articolo completo nel blog de Il Dammuso!\" \/>\n<meta property=\"og:url\" content=\"https:\/\/www.ildammuso.com\/it\/pantelleria-e-lutilizzo-dellacqua\/\" \/>\n<meta property=\"og:site_name\" content=\"Il Dammuso\" \/>\n<meta property=\"article:publisher\" content=\"https:\/\/www.facebook.com\/ildammusodipantelleria\/\" \/>\n<meta property=\"article:published_time\" content=\"2024-05-03T09:23:54+00:00\" \/>\n<meta property=\"article:modified_time\" content=\"2024-05-03T09:23:56+00:00\" \/>\n<meta property=\"og:image\" content=\"https:\/\/storage1254.cdn-immedia.net\/wp-content\/uploads\/2024\/05\/la-doccia-esterna.jpg\" \/>\n\t<meta property=\"og:image:width\" content=\"1201\" \/>\n\t<meta property=\"og:image:height\" content=\"1600\" \/>\n\t<meta property=\"og:image:type\" content=\"image\/jpeg\" \/>\n<meta name=\"author\" content=\"claudia\" \/>\n<meta name=\"twitter:card\" content=\"summary_large_image\" \/>\n<meta name=\"twitter:label1\" content=\"Scritto da\" \/>\n\t<meta name=\"twitter:data1\" content=\"claudia\" \/>\n\t<meta name=\"twitter:label2\" content=\"Tempo di lettura stimato\" \/>\n\t<meta name=\"twitter:data2\" content=\"4 minuti\" \/>\n<script type=\"application\/ld+json\" class=\"yoast-schema-graph\">{\"@context\":\"https:\\\/\\\/schema.org\",\"@graph\":[{\"@type\":\"Article\",\"@id\":\"https:\\\/\\\/www.ildammuso.com\\\/it\\\/pantelleria-e-lutilizzo-dellacqua\\\/#article\",\"isPartOf\":{\"@id\":\"https:\\\/\\\/www.ildammuso.com\\\/it\\\/pantelleria-e-lutilizzo-dellacqua\\\/\"},\"author\":{\"name\":\"claudia\",\"@id\":\"https:\\\/\\\/www.ildammuso.com\\\/it\\\/#\\\/schema\\\/person\\\/a97bc2634c1ae772b6efbb07fef2b3a8\"},\"headline\":\"Pantelleria e l&#8217;utilizzo dell&#8217;acqua\",\"datePublished\":\"2024-05-03T09:23:54+00:00\",\"dateModified\":\"2024-05-03T09:23:56+00:00\",\"mainEntityOfPage\":{\"@id\":\"https:\\\/\\\/www.ildammuso.com\\\/it\\\/pantelleria-e-lutilizzo-dellacqua\\\/\"},\"wordCount\":616,\"publisher\":{\"@id\":\"https:\\\/\\\/www.ildammuso.com\\\/it\\\/#organization\"},\"image\":{\"@id\":\"https:\\\/\\\/www.ildammuso.com\\\/it\\\/pantelleria-e-lutilizzo-dellacqua\\\/#primaryimage\"},\"thumbnailUrl\":\"https:\\\/\\\/www.ildammuso.com\\\/wp-content\\\/uploads\\\/2024\\\/05\\\/la-doccia-esterna.jpg\",\"keywords\":[\"siccit\u00e0\",\"isola island\",\"sapienza\",\"ingegno\",\"travelling\",\"slowlife\",\"quitelife\",\"cisterna\",\"acqua\",\"pioggia\",\"enjoy\",\"vacation\",\"cielo\",\"ildammuso\",\"nuvole\",\"pantelleria\",\"vacanza\"],\"articleSection\":[\"Istruzioni per l'uso\",\"Pantelleria, l'isola\"],\"inLanguage\":\"it-IT\"},{\"@type\":\"WebPage\",\"@id\":\"https:\\\/\\\/www.ildammuso.com\\\/it\\\/pantelleria-e-lutilizzo-dellacqua\\\/\",\"url\":\"https:\\\/\\\/www.ildammuso.com\\\/it\\\/pantelleria-e-lutilizzo-dellacqua\\\/\",\"name\":\"Pantelleria e l'utilizzo dell'acqua | Il Dammuso\",\"isPartOf\":{\"@id\":\"https:\\\/\\\/www.ildammuso.com\\\/it\\\/#website\"},\"primaryImageOfPage\":{\"@id\":\"https:\\\/\\\/www.ildammuso.com\\\/it\\\/pantelleria-e-lutilizzo-dellacqua\\\/#primaryimage\"},\"image\":{\"@id\":\"https:\\\/\\\/www.ildammuso.com\\\/it\\\/pantelleria-e-lutilizzo-dellacqua\\\/#primaryimage\"},\"thumbnailUrl\":\"https:\\\/\\\/www.ildammuso.com\\\/wp-content\\\/uploads\\\/2024\\\/05\\\/la-doccia-esterna.jpg\",\"datePublished\":\"2024-05-03T09:23:54+00:00\",\"dateModified\":\"2024-05-03T09:23:56+00:00\",\"description\":\"\\\"Pantelleria e l'utilizzo dell'acqua\\\": leggi l'articolo completo nel blog de Il Dammuso!\",\"breadcrumb\":{\"@id\":\"https:\\\/\\\/www.ildammuso.com\\\/it\\\/pantelleria-e-lutilizzo-dellacqua\\\/#breadcrumb\"},\"inLanguage\":\"it-IT\",\"potentialAction\":[{\"@type\":\"ReadAction\",\"target\":[\"https:\\\/\\\/www.ildammuso.com\\\/it\\\/pantelleria-e-lutilizzo-dellacqua\\\/\"]}]},{\"@type\":\"ImageObject\",\"inLanguage\":\"it-IT\",\"@id\":\"https:\\\/\\\/www.ildammuso.com\\\/it\\\/pantelleria-e-lutilizzo-dellacqua\\\/#primaryimage\",\"url\":\"https:\\\/\\\/www.ildammuso.com\\\/wp-content\\\/uploads\\\/2024\\\/05\\\/la-doccia-esterna.jpg\",\"contentUrl\":\"https:\\\/\\\/www.ildammuso.com\\\/wp-content\\\/uploads\\\/2024\\\/05\\\/la-doccia-esterna.jpg\",\"width\":1201,\"height\":1600},{\"@type\":\"BreadcrumbList\",\"@id\":\"https:\\\/\\\/www.ildammuso.com\\\/it\\\/pantelleria-e-lutilizzo-dellacqua\\\/#breadcrumb\",\"itemListElement\":[{\"@type\":\"ListItem\",\"position\":1,\"name\":\"Home\",\"item\":\"https:\\\/\\\/www.ildammuso.com\\\/it\\\/\"},{\"@type\":\"ListItem\",\"position\":2,\"name\":\"&nbsp;\"}]},{\"@type\":\"WebSite\",\"@id\":\"https:\\\/\\\/www.ildammuso.com\\\/it\\\/#website\",\"url\":\"https:\\\/\\\/www.ildammuso.com\\\/it\\\/\",\"name\":\"Il Dammuso\",\"description\":\"Il tuo Dammuso a Pantelleria\",\"publisher\":{\"@id\":\"https:\\\/\\\/www.ildammuso.com\\\/it\\\/#organization\"},\"potentialAction\":[{\"@type\":\"SearchAction\",\"target\":{\"@type\":\"EntryPoint\",\"urlTemplate\":\"https:\\\/\\\/www.ildammuso.com\\\/it\\\/?s={search_term_string}\"},\"query-input\":{\"@type\":\"PropertyValueSpecification\",\"valueRequired\":true,\"valueName\":\"search_term_string\"}}],\"inLanguage\":\"it-IT\"},{\"@type\":\"Organization\",\"@id\":\"https:\\\/\\\/www.ildammuso.com\\\/it\\\/#organization\",\"name\":\"Il Dammuso\",\"url\":\"https:\\\/\\\/www.ildammuso.com\\\/it\\\/\",\"logo\":{\"@type\":\"ImageObject\",\"inLanguage\":\"it-IT\",\"@id\":\"https:\\\/\\\/www.ildammuso.com\\\/it\\\/#\\\/schema\\\/logo\\\/image\\\/\",\"url\":\"https:\\\/\\\/www.ildammuso.com\\\/wp-content\\\/uploads\\\/2022\\\/06\\\/logo-ildammuso.jpg\",\"contentUrl\":\"https:\\\/\\\/www.ildammuso.com\\\/wp-content\\\/uploads\\\/2022\\\/06\\\/logo-ildammuso.jpg\",\"width\":426,\"height\":395,\"caption\":\"Il Dammuso\"},\"image\":{\"@id\":\"https:\\\/\\\/www.ildammuso.com\\\/it\\\/#\\\/schema\\\/logo\\\/image\\\/\"},\"sameAs\":[\"https:\\\/\\\/www.facebook.com\\\/ildammusodipantelleria\\\/\",\"https:\\\/\\\/www.instagram.com\\\/ildammusogram\\\/\"]},{\"@type\":\"Person\",\"@id\":\"https:\\\/\\\/www.ildammuso.com\\\/it\\\/#\\\/schema\\\/person\\\/a97bc2634c1ae772b6efbb07fef2b3a8\",\"name\":\"claudia\",\"image\":{\"@type\":\"ImageObject\",\"inLanguage\":\"it-IT\",\"@id\":\"https:\\\/\\\/secure.gravatar.com\\\/avatar\\\/bfa9e85032faeaffeaaafd48c7c09ad8da852ff133d8361db8721aff28093ebe?s=96&d=mm&r=g\",\"url\":\"https:\\\/\\\/secure.gravatar.com\\\/avatar\\\/bfa9e85032faeaffeaaafd48c7c09ad8da852ff133d8361db8721aff28093ebe?s=96&d=mm&r=g\",\"contentUrl\":\"https:\\\/\\\/secure.gravatar.com\\\/avatar\\\/bfa9e85032faeaffeaaafd48c7c09ad8da852ff133d8361db8721aff28093ebe?s=96&d=mm&r=g\",\"caption\":\"claudia\"}}]}<\/script>\n<!-- \/ Yoast SEO plugin. -->","yoast_head_json":{"title":"Pantelleria e l'utilizzo dell'acqua | Il Dammuso","description":"\"Pantelleria e l'utilizzo dell'acqua\": leggi l'articolo completo nel blog de Il Dammuso!","robots":{"index":"index","follow":"follow","max-snippet":"max-snippet:-1","max-image-preview":"max-image-preview:large","max-video-preview":"max-video-preview:-1"},"canonical":"https:\/\/www.ildammuso.com\/it\/pantelleria-e-lutilizzo-dellacqua\/","og_locale":"it_IT","og_type":"article","og_title":"Pantelleria e l'utilizzo dell'acqua | Il Dammuso","og_description":"\"Pantelleria e l'utilizzo dell'acqua\": leggi l'articolo completo nel blog de Il Dammuso!","og_url":"https:\/\/www.ildammuso.com\/it\/pantelleria-e-lutilizzo-dellacqua\/","og_site_name":"Il Dammuso","article_publisher":"https:\/\/www.facebook.com\/ildammusodipantelleria\/","article_published_time":"2024-05-03T09:23:54+00:00","article_modified_time":"2024-05-03T09:23:56+00:00","og_image":[{"width":1201,"height":1600,"url":"https:\/\/storage1254.cdn-immedia.net\/wp-content\/uploads\/2024\/05\/la-doccia-esterna.jpg","type":"image\/jpeg"}],"author":"claudia","twitter_card":"summary_large_image","twitter_misc":{"Scritto da":"claudia","Tempo di lettura stimato":"4 minuti"},"schema":{"@context":"https:\/\/schema.org","@graph":[{"@type":"Article","@id":"https:\/\/www.ildammuso.com\/it\/pantelleria-e-lutilizzo-dellacqua\/#article","isPartOf":{"@id":"https:\/\/www.ildammuso.com\/it\/pantelleria-e-lutilizzo-dellacqua\/"},"author":{"name":"claudia","@id":"https:\/\/www.ildammuso.com\/it\/#\/schema\/person\/a97bc2634c1ae772b6efbb07fef2b3a8"},"headline":"Pantelleria e l&#8217;utilizzo dell&#8217;acqua","datePublished":"2024-05-03T09:23:54+00:00","dateModified":"2024-05-03T09:23:56+00:00","mainEntityOfPage":{"@id":"https:\/\/www.ildammuso.com\/it\/pantelleria-e-lutilizzo-dellacqua\/"},"wordCount":616,"publisher":{"@id":"https:\/\/www.ildammuso.com\/it\/#organization"},"image":{"@id":"https:\/\/www.ildammuso.com\/it\/pantelleria-e-lutilizzo-dellacqua\/#primaryimage"},"thumbnailUrl":"https:\/\/storage1254.cdn-immedia.net\/wp-content\/uploads\/2024\/05\/la-doccia-esterna.jpg","keywords":["siccit\u00e0","isola island","sapienza","ingegno","travelling","slowlife","quitelife","cisterna","acqua","pioggia","enjoy","vacation","cielo","ildammuso","nuvole","pantelleria","vacanza"],"articleSection":["Istruzioni per l'uso","Pantelleria, l'isola"],"inLanguage":"it-IT"},{"@type":"WebPage","@id":"https:\/\/www.ildammuso.com\/it\/pantelleria-e-lutilizzo-dellacqua\/","url":"https:\/\/www.ildammuso.com\/it\/pantelleria-e-lutilizzo-dellacqua\/","name":"Pantelleria e l'utilizzo dell'acqua | Il Dammuso","isPartOf":{"@id":"https:\/\/www.ildammuso.com\/it\/#website"},"primaryImageOfPage":{"@id":"https:\/\/www.ildammuso.com\/it\/pantelleria-e-lutilizzo-dellacqua\/#primaryimage"},"image":{"@id":"https:\/\/www.ildammuso.com\/it\/pantelleria-e-lutilizzo-dellacqua\/#primaryimage"},"thumbnailUrl":"https:\/\/storage1254.cdn-immedia.net\/wp-content\/uploads\/2024\/05\/la-doccia-esterna.jpg","datePublished":"2024-05-03T09:23:54+00:00","dateModified":"2024-05-03T09:23:56+00:00","description":"\"Pantelleria e l'utilizzo dell'acqua\": leggi l'articolo completo nel blog de Il Dammuso!","breadcrumb":{"@id":"https:\/\/www.ildammuso.com\/it\/pantelleria-e-lutilizzo-dellacqua\/#breadcrumb"},"inLanguage":"it-IT","potentialAction":[{"@type":"ReadAction","target":["https:\/\/www.ildammuso.com\/it\/pantelleria-e-lutilizzo-dellacqua\/"]}]},{"@type":"ImageObject","inLanguage":"it-IT","@id":"https:\/\/www.ildammuso.com\/it\/pantelleria-e-lutilizzo-dellacqua\/#primaryimage","url":"https:\/\/storage1254.cdn-immedia.net\/wp-content\/uploads\/2024\/05\/la-doccia-esterna.jpg","contentUrl":"https:\/\/storage1254.cdn-immedia.net\/wp-content\/uploads\/2024\/05\/la-doccia-esterna.jpg","width":1201,"height":1600},{"@type":"BreadcrumbList","@id":"https:\/\/www.ildammuso.com\/it\/pantelleria-e-lutilizzo-dellacqua\/#breadcrumb","itemListElement":[{"@type":"ListItem","position":1,"name":"Home","item":"https:\/\/www.ildammuso.com\/it\/"},{"@type":"ListItem","position":2,"name":"&nbsp;"}]},{"@type":"WebSite","@id":"https:\/\/www.ildammuso.com\/it\/#website","url":"https:\/\/www.ildammuso.com\/it\/","name":"Il Dammuso","description":"Il tuo Dammuso a Pantelleria","publisher":{"@id":"https:\/\/www.ildammuso.com\/it\/#organization"},"potentialAction":[{"@type":"SearchAction","target":{"@type":"EntryPoint","urlTemplate":"https:\/\/www.ildammuso.com\/it\/?s={search_term_string}"},"query-input":{"@type":"PropertyValueSpecification","valueRequired":true,"valueName":"search_term_string"}}],"inLanguage":"it-IT"},{"@type":"Organization","@id":"https:\/\/www.ildammuso.com\/it\/#organization","name":"Il Dammuso","url":"https:\/\/www.ildammuso.com\/it\/","logo":{"@type":"ImageObject","inLanguage":"it-IT","@id":"https:\/\/www.ildammuso.com\/it\/#\/schema\/logo\/image\/","url":"https:\/\/storage1254.cdn-immedia.net\/wp-content\/uploads\/2022\/06\/logo-ildammuso.jpg","contentUrl":"https:\/\/storage1254.cdn-immedia.net\/wp-content\/uploads\/2022\/06\/logo-ildammuso.jpg","width":426,"height":395,"caption":"Il Dammuso"},"image":{"@id":"https:\/\/www.ildammuso.com\/it\/#\/schema\/logo\/image\/"},"sameAs":["https:\/\/www.facebook.com\/ildammusodipantelleria\/","https:\/\/www.instagram.com\/ildammusogram\/"]},{"@type":"Person","@id":"https:\/\/www.ildammuso.com\/it\/#\/schema\/person\/a97bc2634c1ae772b6efbb07fef2b3a8","name":"claudia","image":{"@type":"ImageObject","inLanguage":"it-IT","@id":"https:\/\/secure.gravatar.com\/avatar\/bfa9e85032faeaffeaaafd48c7c09ad8da852ff133d8361db8721aff28093ebe?s=96&d=mm&r=g","url":"https:\/\/secure.gravatar.com\/avatar\/bfa9e85032faeaffeaaafd48c7c09ad8da852ff133d8361db8721aff28093ebe?s=96&d=mm&r=g","contentUrl":"https:\/\/secure.gravatar.com\/avatar\/bfa9e85032faeaffeaaafd48c7c09ad8da852ff133d8361db8721aff28093ebe?s=96&d=mm&r=g","caption":"claudia"}}]}},"_links":{"self":[{"href":"https:\/\/www.ildammuso.com\/it\/wp-json\/wp\/v2\/posts\/24101","targetHints":{"allow":["GET"]}}],"collection":[{"href":"https:\/\/www.ildammuso.com\/it\/wp-json\/wp\/v2\/posts"}],"about":[{"href":"https:\/\/www.ildammuso.com\/it\/wp-json\/wp\/v2\/types\/post"}],"author":[{"embeddable":true,"href":"https:\/\/www.ildammuso.com\/it\/wp-json\/wp\/v2\/users\/3"}],"replies":[{"embeddable":true,"href":"https:\/\/www.ildammuso.com\/it\/wp-json\/wp\/v2\/comments?post=24101"}],"version-history":[{"count":1,"href":"https:\/\/www.ildammuso.com\/it\/wp-json\/wp\/v2\/posts\/24101\/revisions"}],"predecessor-version":[{"id":24104,"href":"https:\/\/www.ildammuso.com\/it\/wp-json\/wp\/v2\/posts\/24101\/revisions\/24104"}],"wp:featuredmedia":[{"embeddable":true,"href":"https:\/\/www.ildammuso.com\/it\/wp-json\/wp\/v2\/media\/24102"}],"wp:attachment":[{"href":"https:\/\/www.ildammuso.com\/it\/wp-json\/wp\/v2\/media?parent=24101"}],"wp:term":[{"taxonomy":"category","embeddable":true,"href":"https:\/\/www.ildammuso.com\/it\/wp-json\/wp\/v2\/categories?post=24101"},{"taxonomy":"post_tag","embeddable":true,"href":"https:\/\/www.ildammuso.com\/it\/wp-json\/wp\/v2\/tags?post=24101"}],"curies":[{"name":"wp","href":"https:\/\/api.w.org\/{rel}","templated":true}]}}