{"id":24580,"date":"2024-05-31T10:55:09","date_gmt":"2024-05-31T08:55:09","guid":{"rendered":"https:\/\/www.ildammuso.com\/?p=24580"},"modified":"2024-05-31T10:55:11","modified_gmt":"2024-05-31T08:55:11","slug":"scoprire-pantelleria-dallalba-in-montagna-al-tuffo-nel-mare","status":"publish","type":"post","link":"https:\/\/www.ildammuso.com\/it\/scoprire-pantelleria-dallalba-in-montagna-al-tuffo-nel-mare\/","title":{"rendered":"Scoprire Pantelleria: dall&#8217;alba in montagna al tuffo nel mare"},"content":{"rendered":"\n<p>Decidi di andare al mare e, caspita, quando ti ricapita.<br>Sei a Pantelleria!<br>La montagna l\u2019hai sempre vicina, il mare lo vedi da lontano.<br>Anzi no, non lo vedi proprio.<br>Allora \u00e8 chiaro, \u00e8 tutto deciso fin dalla sera prima: domani si va a fare il bagno a <a href=\"https:\/\/www.ildammuso.com\/it\/pantelleria-e-i-cinque-luoghi-di-mare-da-vivere\/\">Punta Spadillo<\/a>.<br>Sveglia presto mi raccomando, che c\u2019\u00e8 un po\u2019 di strada e poi il mare \u00e8 bello nelle prime ore.<br>Suvvia, tutti a letto presto che domani sguazzeremo tra le onde.<br><br>Esterno, mattina, prime luci dell\u2019alba.<br>Che alba!<br>Si capisce subito dal vento leggero che soffia che non sar\u00e0 una di quelle giornate afose.<br>Ci si guarda negli occhi, io e lui e si ha insieme un tentennamento.<br>La domanda \u00e8?<br>Ma la nostra montagna, i nostri sentieri assomigliano a quelli di questa isola per met\u00e0 italiana e per l\u2019altra africana?<br>Cosa ne sappiamo noi di questa terra che <a href=\"https:\/\/www.ildammuso.com\/it\/pantelleria-escursione-a-cuddia-mida\/\">emana vapori<\/a>, che profuma di bosco che nemmeno te lo immagini, la cui macchia profuma di <a href=\"https:\/\/www.ildammuso.com\/it\/lorigano-di-pantelleria\/\">origano<\/a> e aromi di cui neanche conosciamo i nomi?<br><br>Esterno, giorno: il sole \u00e8 a met\u00e0 strada tra ci\u00f2 che ci impone il nostro vivere in una terra senza il mare e la voglia di andare a conoscere i vapori che esalano dalla roccia e camminare in mezzo ad una vegetazione mediterranea che non conosciamo.<br><br>Il mare pu\u00f2 aspettare.<br><br>Sar\u00e0 pomeriggio, quando stanchi e affannati da una camminata che ha rinsaldato la nostra volont\u00e0 di esistere, decideremo di andare a fare un tuffo.<br>E la giornata giusta \u00e8 quella che disfa un programma.<br>Come, generalmente, osa fare la vita a nostro dispetto.<\/p>\n\n\n\n<p>Foto di Barbara Monteleone<\/p>\n","protected":false},"excerpt":{"rendered":"<p>Decidi di andare al mare e, caspita, quando ti ricapita.Sei [&hellip;]<\/p>\n","protected":false},"author":3,"featured_media":24581,"comment_status":"closed","ping_status":"closed","sticky":false,"template":"","format":"standard","meta":{"_acf_changed":false,"footnotes":""},"categories":[446],"tags":[1389,1390,1015,928,903,92,96,130,749,114],"class_list":["post-24580","post","type-post","status-publish","format-standard","has-post-thumbnail","hentry","category-pantelleria-lisola","tag-estate-destinazioni","tag-isole-vulcano","tag-pantelleria-ildammuso-2","tag-favare","tag-arrivi","tag-isola","tag-mare","tag-montagna","tag-partenze-2","tag-vacanza"],"acf":[],"yoast_head":"<!-- This site is optimized with the Yoast SEO plugin v27.4 - https:\/\/yoast.com\/product\/yoast-seo-wordpress\/ -->\n<title>Scoprire Pantelleria: dall&#039;alba in montagna al tuffo nel mare | Il Dammuso<\/title>\n<meta name=\"description\" content=\"&quot;Scoprire Pantelleria: dall&#039;alba in montagna al tuffo nel mare&quot;: leggi l&#039;articolo completo nel blog de Il Dammuso!\" \/>\n<meta name=\"robots\" content=\"index, follow, max-snippet:-1, max-image-preview:large, max-video-preview:-1\" \/>\n<link rel=\"canonical\" href=\"https:\/\/www.ildammuso.com\/it\/scoprire-pantelleria-dallalba-in-montagna-al-tuffo-nel-mare\/\" \/>\n<meta property=\"og:locale\" content=\"it_IT\" \/>\n<meta property=\"og:type\" content=\"article\" \/>\n<meta property=\"og:title\" content=\"Scoprire Pantelleria: dall&#039;alba in montagna al tuffo nel mare | Il Dammuso\" \/>\n<meta property=\"og:description\" content=\"&quot;Scoprire Pantelleria: dall&#039;alba in montagna al tuffo nel mare&quot;: leggi l&#039;articolo completo nel blog de Il Dammuso!\" \/>\n<meta property=\"og:url\" content=\"https:\/\/www.ildammuso.com\/it\/scoprire-pantelleria-dallalba-in-montagna-al-tuffo-nel-mare\/\" \/>\n<meta property=\"og:site_name\" content=\"Il Dammuso\" \/>\n<meta property=\"article:publisher\" content=\"https:\/\/www.facebook.com\/ildammusodipantelleria\/\" \/>\n<meta property=\"article:published_time\" content=\"2024-05-31T08:55:09+00:00\" \/>\n<meta property=\"article:modified_time\" content=\"2024-05-31T08:55:11+00:00\" \/>\n<meta property=\"og:image\" content=\"https:\/\/storage1254.cdn-immedia.net\/wp-content\/uploads\/2024\/05\/Programma-fatto-e-rifatto.jpg\" \/>\n\t<meta property=\"og:image:width\" content=\"1200\" \/>\n\t<meta property=\"og:image:height\" content=\"1600\" \/>\n\t<meta property=\"og:image:type\" content=\"image\/jpeg\" \/>\n<meta name=\"author\" content=\"claudia\" \/>\n<meta name=\"twitter:card\" content=\"summary_large_image\" \/>\n<meta name=\"twitter:label1\" content=\"Scritto da\" \/>\n\t<meta name=\"twitter:data1\" content=\"claudia\" \/>\n\t<meta name=\"twitter:label2\" content=\"Tempo di lettura stimato\" \/>\n\t<meta name=\"twitter:data2\" content=\"2 minuti\" \/>\n<script type=\"application\/ld+json\" class=\"yoast-schema-graph\">{\"@context\":\"https:\\\/\\\/schema.org\",\"@graph\":[{\"@type\":\"Article\",\"@id\":\"https:\\\/\\\/www.ildammuso.com\\\/it\\\/scoprire-pantelleria-dallalba-in-montagna-al-tuffo-nel-mare\\\/#article\",\"isPartOf\":{\"@id\":\"https:\\\/\\\/www.ildammuso.com\\\/it\\\/scoprire-pantelleria-dallalba-in-montagna-al-tuffo-nel-mare\\\/\"},\"author\":{\"name\":\"claudia\",\"@id\":\"https:\\\/\\\/www.ildammuso.com\\\/it\\\/#\\\/schema\\\/person\\\/a97bc2634c1ae772b6efbb07fef2b3a8\"},\"headline\":\"Scoprire Pantelleria: dall&#8217;alba in montagna al tuffo nel mare\",\"datePublished\":\"2024-05-31T08:55:09+00:00\",\"dateModified\":\"2024-05-31T08:55:11+00:00\",\"mainEntityOfPage\":{\"@id\":\"https:\\\/\\\/www.ildammuso.com\\\/it\\\/scoprire-pantelleria-dallalba-in-montagna-al-tuffo-nel-mare\\\/\"},\"wordCount\":277,\"publisher\":{\"@id\":\"https:\\\/\\\/www.ildammuso.com\\\/it\\\/#organization\"},\"image\":{\"@id\":\"https:\\\/\\\/www.ildammuso.com\\\/it\\\/scoprire-pantelleria-dallalba-in-montagna-al-tuffo-nel-mare\\\/#primaryimage\"},\"thumbnailUrl\":\"https:\\\/\\\/www.ildammuso.com\\\/wp-content\\\/uploads\\\/2024\\\/05\\\/Programma-fatto-e-rifatto.jpg\",\"keywords\":[\"estate destinazioni\",\"isole vulcano\",\"pantelleria ildammuso\",\"favare\",\"arrivi\",\"isola\",\"mare\",\"montagna\",\"partenze\",\"vacanza\"],\"articleSection\":[\"Pantelleria, l'isola\"],\"inLanguage\":\"it-IT\"},{\"@type\":\"WebPage\",\"@id\":\"https:\\\/\\\/www.ildammuso.com\\\/it\\\/scoprire-pantelleria-dallalba-in-montagna-al-tuffo-nel-mare\\\/\",\"url\":\"https:\\\/\\\/www.ildammuso.com\\\/it\\\/scoprire-pantelleria-dallalba-in-montagna-al-tuffo-nel-mare\\\/\",\"name\":\"Scoprire Pantelleria: dall'alba in montagna al tuffo nel mare | Il Dammuso\",\"isPartOf\":{\"@id\":\"https:\\\/\\\/www.ildammuso.com\\\/it\\\/#website\"},\"primaryImageOfPage\":{\"@id\":\"https:\\\/\\\/www.ildammuso.com\\\/it\\\/scoprire-pantelleria-dallalba-in-montagna-al-tuffo-nel-mare\\\/#primaryimage\"},\"image\":{\"@id\":\"https:\\\/\\\/www.ildammuso.com\\\/it\\\/scoprire-pantelleria-dallalba-in-montagna-al-tuffo-nel-mare\\\/#primaryimage\"},\"thumbnailUrl\":\"https:\\\/\\\/www.ildammuso.com\\\/wp-content\\\/uploads\\\/2024\\\/05\\\/Programma-fatto-e-rifatto.jpg\",\"datePublished\":\"2024-05-31T08:55:09+00:00\",\"dateModified\":\"2024-05-31T08:55:11+00:00\",\"description\":\"\\\"Scoprire Pantelleria: dall'alba in montagna al tuffo nel mare\\\": leggi l'articolo completo nel blog de Il Dammuso!\",\"breadcrumb\":{\"@id\":\"https:\\\/\\\/www.ildammuso.com\\\/it\\\/scoprire-pantelleria-dallalba-in-montagna-al-tuffo-nel-mare\\\/#breadcrumb\"},\"inLanguage\":\"it-IT\",\"potentialAction\":[{\"@type\":\"ReadAction\",\"target\":[\"https:\\\/\\\/www.ildammuso.com\\\/it\\\/scoprire-pantelleria-dallalba-in-montagna-al-tuffo-nel-mare\\\/\"]}]},{\"@type\":\"ImageObject\",\"inLanguage\":\"it-IT\",\"@id\":\"https:\\\/\\\/www.ildammuso.com\\\/it\\\/scoprire-pantelleria-dallalba-in-montagna-al-tuffo-nel-mare\\\/#primaryimage\",\"url\":\"https:\\\/\\\/www.ildammuso.com\\\/wp-content\\\/uploads\\\/2024\\\/05\\\/Programma-fatto-e-rifatto.jpg\",\"contentUrl\":\"https:\\\/\\\/www.ildammuso.com\\\/wp-content\\\/uploads\\\/2024\\\/05\\\/Programma-fatto-e-rifatto.jpg\",\"width\":1200,\"height\":1600},{\"@type\":\"BreadcrumbList\",\"@id\":\"https:\\\/\\\/www.ildammuso.com\\\/it\\\/scoprire-pantelleria-dallalba-in-montagna-al-tuffo-nel-mare\\\/#breadcrumb\",\"itemListElement\":[{\"@type\":\"ListItem\",\"position\":1,\"name\":\"Home\",\"item\":\"https:\\\/\\\/www.ildammuso.com\\\/it\\\/\"},{\"@type\":\"ListItem\",\"position\":2,\"name\":\"&nbsp;\"}]},{\"@type\":\"WebSite\",\"@id\":\"https:\\\/\\\/www.ildammuso.com\\\/it\\\/#website\",\"url\":\"https:\\\/\\\/www.ildammuso.com\\\/it\\\/\",\"name\":\"Il Dammuso\",\"description\":\"Il tuo Dammuso a Pantelleria\",\"publisher\":{\"@id\":\"https:\\\/\\\/www.ildammuso.com\\\/it\\\/#organization\"},\"potentialAction\":[{\"@type\":\"SearchAction\",\"target\":{\"@type\":\"EntryPoint\",\"urlTemplate\":\"https:\\\/\\\/www.ildammuso.com\\\/it\\\/?s={search_term_string}\"},\"query-input\":{\"@type\":\"PropertyValueSpecification\",\"valueRequired\":true,\"valueName\":\"search_term_string\"}}],\"inLanguage\":\"it-IT\"},{\"@type\":\"Organization\",\"@id\":\"https:\\\/\\\/www.ildammuso.com\\\/it\\\/#organization\",\"name\":\"Il Dammuso\",\"url\":\"https:\\\/\\\/www.ildammuso.com\\\/it\\\/\",\"logo\":{\"@type\":\"ImageObject\",\"inLanguage\":\"it-IT\",\"@id\":\"https:\\\/\\\/www.ildammuso.com\\\/it\\\/#\\\/schema\\\/logo\\\/image\\\/\",\"url\":\"https:\\\/\\\/www.ildammuso.com\\\/wp-content\\\/uploads\\\/2022\\\/06\\\/logo-ildammuso.jpg\",\"contentUrl\":\"https:\\\/\\\/www.ildammuso.com\\\/wp-content\\\/uploads\\\/2022\\\/06\\\/logo-ildammuso.jpg\",\"width\":426,\"height\":395,\"caption\":\"Il Dammuso\"},\"image\":{\"@id\":\"https:\\\/\\\/www.ildammuso.com\\\/it\\\/#\\\/schema\\\/logo\\\/image\\\/\"},\"sameAs\":[\"https:\\\/\\\/www.facebook.com\\\/ildammusodipantelleria\\\/\",\"https:\\\/\\\/www.instagram.com\\\/ildammusogram\\\/\"]},{\"@type\":\"Person\",\"@id\":\"https:\\\/\\\/www.ildammuso.com\\\/it\\\/#\\\/schema\\\/person\\\/a97bc2634c1ae772b6efbb07fef2b3a8\",\"name\":\"claudia\",\"image\":{\"@type\":\"ImageObject\",\"inLanguage\":\"it-IT\",\"@id\":\"https:\\\/\\\/secure.gravatar.com\\\/avatar\\\/bfa9e85032faeaffeaaafd48c7c09ad8da852ff133d8361db8721aff28093ebe?s=96&d=mm&r=g\",\"url\":\"https:\\\/\\\/secure.gravatar.com\\\/avatar\\\/bfa9e85032faeaffeaaafd48c7c09ad8da852ff133d8361db8721aff28093ebe?s=96&d=mm&r=g\",\"contentUrl\":\"https:\\\/\\\/secure.gravatar.com\\\/avatar\\\/bfa9e85032faeaffeaaafd48c7c09ad8da852ff133d8361db8721aff28093ebe?s=96&d=mm&r=g\",\"caption\":\"claudia\"}}]}<\/script>\n<!-- \/ Yoast SEO plugin. -->","yoast_head_json":{"title":"Scoprire Pantelleria: dall'alba in montagna al tuffo nel mare | Il Dammuso","description":"\"Scoprire Pantelleria: dall'alba in montagna al tuffo nel mare\": leggi l'articolo completo nel blog de Il Dammuso!","robots":{"index":"index","follow":"follow","max-snippet":"max-snippet:-1","max-image-preview":"max-image-preview:large","max-video-preview":"max-video-preview:-1"},"canonical":"https:\/\/www.ildammuso.com\/it\/scoprire-pantelleria-dallalba-in-montagna-al-tuffo-nel-mare\/","og_locale":"it_IT","og_type":"article","og_title":"Scoprire Pantelleria: dall'alba in montagna al tuffo nel mare | Il Dammuso","og_description":"\"Scoprire Pantelleria: dall'alba in montagna al tuffo nel mare\": leggi l'articolo completo nel blog de Il Dammuso!","og_url":"https:\/\/www.ildammuso.com\/it\/scoprire-pantelleria-dallalba-in-montagna-al-tuffo-nel-mare\/","og_site_name":"Il Dammuso","article_publisher":"https:\/\/www.facebook.com\/ildammusodipantelleria\/","article_published_time":"2024-05-31T08:55:09+00:00","article_modified_time":"2024-05-31T08:55:11+00:00","og_image":[{"width":1200,"height":1600,"url":"https:\/\/storage1254.cdn-immedia.net\/wp-content\/uploads\/2024\/05\/Programma-fatto-e-rifatto.jpg","type":"image\/jpeg"}],"author":"claudia","twitter_card":"summary_large_image","twitter_misc":{"Scritto da":"claudia","Tempo di lettura stimato":"2 minuti"},"schema":{"@context":"https:\/\/schema.org","@graph":[{"@type":"Article","@id":"https:\/\/www.ildammuso.com\/it\/scoprire-pantelleria-dallalba-in-montagna-al-tuffo-nel-mare\/#article","isPartOf":{"@id":"https:\/\/www.ildammuso.com\/it\/scoprire-pantelleria-dallalba-in-montagna-al-tuffo-nel-mare\/"},"author":{"name":"claudia","@id":"https:\/\/www.ildammuso.com\/it\/#\/schema\/person\/a97bc2634c1ae772b6efbb07fef2b3a8"},"headline":"Scoprire Pantelleria: dall&#8217;alba in montagna al tuffo nel mare","datePublished":"2024-05-31T08:55:09+00:00","dateModified":"2024-05-31T08:55:11+00:00","mainEntityOfPage":{"@id":"https:\/\/www.ildammuso.com\/it\/scoprire-pantelleria-dallalba-in-montagna-al-tuffo-nel-mare\/"},"wordCount":277,"publisher":{"@id":"https:\/\/www.ildammuso.com\/it\/#organization"},"image":{"@id":"https:\/\/www.ildammuso.com\/it\/scoprire-pantelleria-dallalba-in-montagna-al-tuffo-nel-mare\/#primaryimage"},"thumbnailUrl":"https:\/\/storage1254.cdn-immedia.net\/wp-content\/uploads\/2024\/05\/Programma-fatto-e-rifatto.jpg","keywords":["estate destinazioni","isole vulcano","pantelleria ildammuso","favare","arrivi","isola","mare","montagna","partenze","vacanza"],"articleSection":["Pantelleria, l'isola"],"inLanguage":"it-IT"},{"@type":"WebPage","@id":"https:\/\/www.ildammuso.com\/it\/scoprire-pantelleria-dallalba-in-montagna-al-tuffo-nel-mare\/","url":"https:\/\/www.ildammuso.com\/it\/scoprire-pantelleria-dallalba-in-montagna-al-tuffo-nel-mare\/","name":"Scoprire Pantelleria: dall'alba in montagna al tuffo nel mare | Il Dammuso","isPartOf":{"@id":"https:\/\/www.ildammuso.com\/it\/#website"},"primaryImageOfPage":{"@id":"https:\/\/www.ildammuso.com\/it\/scoprire-pantelleria-dallalba-in-montagna-al-tuffo-nel-mare\/#primaryimage"},"image":{"@id":"https:\/\/www.ildammuso.com\/it\/scoprire-pantelleria-dallalba-in-montagna-al-tuffo-nel-mare\/#primaryimage"},"thumbnailUrl":"https:\/\/storage1254.cdn-immedia.net\/wp-content\/uploads\/2024\/05\/Programma-fatto-e-rifatto.jpg","datePublished":"2024-05-31T08:55:09+00:00","dateModified":"2024-05-31T08:55:11+00:00","description":"\"Scoprire Pantelleria: dall'alba in montagna al tuffo nel mare\": leggi l'articolo completo nel blog de Il Dammuso!","breadcrumb":{"@id":"https:\/\/www.ildammuso.com\/it\/scoprire-pantelleria-dallalba-in-montagna-al-tuffo-nel-mare\/#breadcrumb"},"inLanguage":"it-IT","potentialAction":[{"@type":"ReadAction","target":["https:\/\/www.ildammuso.com\/it\/scoprire-pantelleria-dallalba-in-montagna-al-tuffo-nel-mare\/"]}]},{"@type":"ImageObject","inLanguage":"it-IT","@id":"https:\/\/www.ildammuso.com\/it\/scoprire-pantelleria-dallalba-in-montagna-al-tuffo-nel-mare\/#primaryimage","url":"https:\/\/storage1254.cdn-immedia.net\/wp-content\/uploads\/2024\/05\/Programma-fatto-e-rifatto.jpg","contentUrl":"https:\/\/storage1254.cdn-immedia.net\/wp-content\/uploads\/2024\/05\/Programma-fatto-e-rifatto.jpg","width":1200,"height":1600},{"@type":"BreadcrumbList","@id":"https:\/\/www.ildammuso.com\/it\/scoprire-pantelleria-dallalba-in-montagna-al-tuffo-nel-mare\/#breadcrumb","itemListElement":[{"@type":"ListItem","position":1,"name":"Home","item":"https:\/\/www.ildammuso.com\/it\/"},{"@type":"ListItem","position":2,"name":"&nbsp;"}]},{"@type":"WebSite","@id":"https:\/\/www.ildammuso.com\/it\/#website","url":"https:\/\/www.ildammuso.com\/it\/","name":"Il Dammuso","description":"Il tuo Dammuso a Pantelleria","publisher":{"@id":"https:\/\/www.ildammuso.com\/it\/#organization"},"potentialAction":[{"@type":"SearchAction","target":{"@type":"EntryPoint","urlTemplate":"https:\/\/www.ildammuso.com\/it\/?s={search_term_string}"},"query-input":{"@type":"PropertyValueSpecification","valueRequired":true,"valueName":"search_term_string"}}],"inLanguage":"it-IT"},{"@type":"Organization","@id":"https:\/\/www.ildammuso.com\/it\/#organization","name":"Il Dammuso","url":"https:\/\/www.ildammuso.com\/it\/","logo":{"@type":"ImageObject","inLanguage":"it-IT","@id":"https:\/\/www.ildammuso.com\/it\/#\/schema\/logo\/image\/","url":"https:\/\/storage1254.cdn-immedia.net\/wp-content\/uploads\/2022\/06\/logo-ildammuso.jpg","contentUrl":"https:\/\/storage1254.cdn-immedia.net\/wp-content\/uploads\/2022\/06\/logo-ildammuso.jpg","width":426,"height":395,"caption":"Il Dammuso"},"image":{"@id":"https:\/\/www.ildammuso.com\/it\/#\/schema\/logo\/image\/"},"sameAs":["https:\/\/www.facebook.com\/ildammusodipantelleria\/","https:\/\/www.instagram.com\/ildammusogram\/"]},{"@type":"Person","@id":"https:\/\/www.ildammuso.com\/it\/#\/schema\/person\/a97bc2634c1ae772b6efbb07fef2b3a8","name":"claudia","image":{"@type":"ImageObject","inLanguage":"it-IT","@id":"https:\/\/secure.gravatar.com\/avatar\/bfa9e85032faeaffeaaafd48c7c09ad8da852ff133d8361db8721aff28093ebe?s=96&d=mm&r=g","url":"https:\/\/secure.gravatar.com\/avatar\/bfa9e85032faeaffeaaafd48c7c09ad8da852ff133d8361db8721aff28093ebe?s=96&d=mm&r=g","contentUrl":"https:\/\/secure.gravatar.com\/avatar\/bfa9e85032faeaffeaaafd48c7c09ad8da852ff133d8361db8721aff28093ebe?s=96&d=mm&r=g","caption":"claudia"}}]}},"_links":{"self":[{"href":"https:\/\/www.ildammuso.com\/it\/wp-json\/wp\/v2\/posts\/24580","targetHints":{"allow":["GET"]}}],"collection":[{"href":"https:\/\/www.ildammuso.com\/it\/wp-json\/wp\/v2\/posts"}],"about":[{"href":"https:\/\/www.ildammuso.com\/it\/wp-json\/wp\/v2\/types\/post"}],"author":[{"embeddable":true,"href":"https:\/\/www.ildammuso.com\/it\/wp-json\/wp\/v2\/users\/3"}],"replies":[{"embeddable":true,"href":"https:\/\/www.ildammuso.com\/it\/wp-json\/wp\/v2\/comments?post=24580"}],"version-history":[{"count":1,"href":"https:\/\/www.ildammuso.com\/it\/wp-json\/wp\/v2\/posts\/24580\/revisions"}],"predecessor-version":[{"id":24583,"href":"https:\/\/www.ildammuso.com\/it\/wp-json\/wp\/v2\/posts\/24580\/revisions\/24583"}],"wp:featuredmedia":[{"embeddable":true,"href":"https:\/\/www.ildammuso.com\/it\/wp-json\/wp\/v2\/media\/24581"}],"wp:attachment":[{"href":"https:\/\/www.ildammuso.com\/it\/wp-json\/wp\/v2\/media?parent=24580"}],"wp:term":[{"taxonomy":"category","embeddable":true,"href":"https:\/\/www.ildammuso.com\/it\/wp-json\/wp\/v2\/categories?post=24580"},{"taxonomy":"post_tag","embeddable":true,"href":"https:\/\/www.ildammuso.com\/it\/wp-json\/wp\/v2\/tags?post=24580"}],"curies":[{"name":"wp","href":"https:\/\/api.w.org\/{rel}","templated":true}]}}