{"id":24763,"date":"2024-06-10T13:34:50","date_gmt":"2024-06-10T11:34:50","guid":{"rendered":"https:\/\/www.ildammuso.com\/?p=24763"},"modified":"2024-06-10T13:34:53","modified_gmt":"2024-06-10T11:34:53","slug":"il-fascino-di-pantelleria-destate-fresche-mattine-e-caldi-pomeriggi","status":"publish","type":"post","link":"https:\/\/www.ildammuso.com\/it\/il-fascino-di-pantelleria-destate-fresche-mattine-e-caldi-pomeriggi\/","title":{"rendered":"Il fascino di Pantelleria d&#8217;estate: fresche mattine e caldi pomeriggi"},"content":{"rendered":"\n<p>Questa estate far\u00e0 caldo.<br>Non raccontiamoci frottole, ch\u00e9 l\u2019inverno scorso si \u00e8 dimenticato di arrivare e le cisterne sono neanche piene e gi\u00e0 da marzo le temperature hanno subito un\u2019impennata.<br><br>Ma Pantelleria \u00e8 verde.<br>Anche dove l\u2019estate scorsa \u00e8 andato tutto in fumo il verde \u00e8 ritornato, con la solita ostinazione pantesca.<br>\u00c8 la magia di questa isola, che resta lussureggiante facendosi beffa di un futuro poco consolante.<br>I coltivatori del luogo hanno faticato di pi\u00f9, ma \u00e8 gente che con la siccit\u00e0 combatte da sempre e sanno esattamente come si fa a raccogliere, goccia a goccia, l\u2019umidit\u00e0 che viene dal cielo, dal mare e dalla terra.<br>Nessuno conosce il significato della parola RESA su questa isola.<br>Men che meno chi la ama o chi la vive da ospite rispettoso che sa di volerci tornare.<br><br>Al mattino a giugno \u00e8 fresco che neanche ti viene voglia di andare subito al mare.<br>Vuoi goderti la tua colazione all\u2019ombra del cannizzo.<br>Indossi la maglia a maniche lunghe e ti aggiri attorno alla casa per farti un\u2019idea del vento e averne una sul mare.<br>Quando le ore cominciano ad essere calde allora ti avventuri e trovi prima il sentiero e poi lo scoglio perfetto.<br>Cos\u00ec adagi il telo, con prudenza ti avvicini all\u2019acqua che \u00e8 ancora fredda e metti i piedi in mare, poi con coraggio affondi con il corpo intero e senti come se l\u2019acqua \u201cpizzicasse\u201d il tuo corpo.<br>Una bracciata dopo l\u2019altra ti sciogli tu e ti si apre l\u2019attorno.<br>Misuri la bracciata a favore dell\u2019aria che trattieni, mentre una scia ti insegue.<br>Quando torni fuori senti che il sole \u00e8 caldo.<br>Ti sdrai e raccogli il calore dalla terra e dal cielo.<br>Mangi un panino, un frutto o i resti della cena.<br><br>Torni a casa che il Dammuso \u00e8 fresco e ti avvolgi nella copertina e t\u2019infili dentro un sonno che sa di sale.<br>Ti svegli che \u00e8 luce e ti guardi attorno.<br>Dietro, di fianco, a fronte le montagne e i sentieri.<br>Ne conosci uno da battere a passo lento che ti porti fino a sera.<br>Cos\u00ec, quando torni a casa, hai ancora il tempo per la tua doccia calda.<br>Ti metti ai fornelli e mentre la pentola sobbolle ti siedi davanti ad uno spettacolo senza intermezzi pubblicitari.<br>Nessuna musica, solo l\u2019attesa della cena.<br>La felpa presa dall\u2019armadio e la zucchina col pomodoro che \u00e8 gi\u00e0 pronta per buttarvi dentro due pugni di pasta.<br>Se gli hai spolverato sopra della ricotta salata mangi che sei un re.<br><br>Infine c\u2019\u00e8 la sdraio, quella per cui non serve un abbonamento e non ha nessuna importanza se la ricezione fa schifo.<br>Ti addormenti che sei tornato bambino.<br>Al risveglio \u00e8 notte fonda e spegni le luci al tuo passare.<br>Dalla finestra sfila di soppiatto un alito di vento.<br>Benedici, in ultimo, di avere ancora addosso la felpa.<br><br>Foto di Giovanni Matta<\/p>\n\n\n\n<p>L&#8217;immagine ritrae il Dammuso Flintstones (https:\/\/www.ildammuso.com\/it\/dammusi\/flintstones\/) e sullo sfondo il paese di Scauri<\/p>\n","protected":false},"excerpt":{"rendered":"<p>Questa estate far\u00e0 caldo.Non raccontiamoci frottole, ch\u00e9 l\u2019inverno scorso si [&hellip;]<\/p>\n","protected":false},"author":3,"featured_media":24764,"comment_status":"closed","ping_status":"closed","sticky":false,"template":"","format":"standard","meta":{"_acf_changed":false,"footnotes":""},"categories":[440,446],"tags":[1398,1399,1401,1015,892],"class_list":["post-24763","post","type-post","status-publish","format-standard","has-post-thumbnail","hentry","category-istruzioni-per-l-uso","category-pantelleria-lisola","tag-estate-fresco-temperature-vento-sole-isola-vacanza-island-vibes-quitelife","tag-destinazioni","tag-travel-2","tag-pantelleria-ildammuso-2","tag-vacation"],"acf":[],"yoast_head":"<!-- This site is optimized with the Yoast SEO plugin v27.5 - https:\/\/yoast.com\/product\/yoast-seo-wordpress\/ -->\n<title>Il fascino di Pantelleria d&#039;estate: fresche mattine e caldi pomeriggi | Il Dammuso<\/title>\n<meta name=\"description\" content=\"&quot;Il fascino di Pantelleria d&#039;estate: fresche mattine e caldi pomeriggi&quot;: leggi l&#039;articolo completo nel blog de Il Dammuso!\" \/>\n<meta name=\"robots\" content=\"index, follow, max-snippet:-1, max-image-preview:large, max-video-preview:-1\" \/>\n<link rel=\"canonical\" href=\"https:\/\/www.ildammuso.com\/it\/il-fascino-di-pantelleria-destate-fresche-mattine-e-caldi-pomeriggi\/\" \/>\n<meta property=\"og:locale\" content=\"it_IT\" \/>\n<meta property=\"og:type\" content=\"article\" \/>\n<meta property=\"og:title\" content=\"Il fascino di Pantelleria d&#039;estate: fresche mattine e caldi pomeriggi | Il Dammuso\" \/>\n<meta property=\"og:description\" content=\"&quot;Il fascino di Pantelleria d&#039;estate: fresche mattine e caldi pomeriggi&quot;: leggi l&#039;articolo completo nel blog de Il Dammuso!\" \/>\n<meta property=\"og:url\" content=\"https:\/\/www.ildammuso.com\/it\/il-fascino-di-pantelleria-destate-fresche-mattine-e-caldi-pomeriggi\/\" \/>\n<meta property=\"og:site_name\" content=\"Il Dammuso\" \/>\n<meta property=\"article:publisher\" content=\"https:\/\/www.facebook.com\/ildammusodipantelleria\/\" \/>\n<meta property=\"article:published_time\" content=\"2024-06-10T11:34:50+00:00\" \/>\n<meta property=\"article:modified_time\" content=\"2024-06-10T11:34:53+00:00\" \/>\n<meta property=\"og:image\" content=\"https:\/\/storage1254.cdn-immedia.net\/wp-content\/uploads\/2024\/06\/Questa-estate-calda-scaled.jpg\" \/>\n\t<meta property=\"og:image:width\" content=\"2560\" \/>\n\t<meta property=\"og:image:height\" content=\"1440\" \/>\n\t<meta property=\"og:image:type\" content=\"image\/jpeg\" \/>\n<meta name=\"author\" content=\"claudia\" \/>\n<meta name=\"twitter:card\" content=\"summary_large_image\" \/>\n<meta name=\"twitter:label1\" content=\"Scritto da\" \/>\n\t<meta name=\"twitter:data1\" content=\"claudia\" \/>\n\t<meta name=\"twitter:label2\" content=\"Tempo di lettura stimato\" \/>\n\t<meta name=\"twitter:data2\" content=\"3 minuti\" \/>\n<script type=\"application\/ld+json\" class=\"yoast-schema-graph\">{\"@context\":\"https:\\\/\\\/schema.org\",\"@graph\":[{\"@type\":\"Article\",\"@id\":\"https:\\\/\\\/www.ildammuso.com\\\/it\\\/il-fascino-di-pantelleria-destate-fresche-mattine-e-caldi-pomeriggi\\\/#article\",\"isPartOf\":{\"@id\":\"https:\\\/\\\/www.ildammuso.com\\\/it\\\/il-fascino-di-pantelleria-destate-fresche-mattine-e-caldi-pomeriggi\\\/\"},\"author\":{\"name\":\"claudia\",\"@id\":\"https:\\\/\\\/www.ildammuso.com\\\/it\\\/#\\\/schema\\\/person\\\/a97bc2634c1ae772b6efbb07fef2b3a8\"},\"headline\":\"Il fascino di Pantelleria d&#8217;estate: fresche mattine e caldi pomeriggi\",\"datePublished\":\"2024-06-10T11:34:50+00:00\",\"dateModified\":\"2024-06-10T11:34:53+00:00\",\"mainEntityOfPage\":{\"@id\":\"https:\\\/\\\/www.ildammuso.com\\\/it\\\/il-fascino-di-pantelleria-destate-fresche-mattine-e-caldi-pomeriggi\\\/\"},\"wordCount\":511,\"publisher\":{\"@id\":\"https:\\\/\\\/www.ildammuso.com\\\/it\\\/#organization\"},\"image\":{\"@id\":\"https:\\\/\\\/www.ildammuso.com\\\/it\\\/il-fascino-di-pantelleria-destate-fresche-mattine-e-caldi-pomeriggi\\\/#primaryimage\"},\"thumbnailUrl\":\"https:\\\/\\\/www.ildammuso.com\\\/wp-content\\\/uploads\\\/2024\\\/06\\\/Questa-estate-calda-scaled.jpg\",\"keywords\":[\"estate fresco temperature vento sole isola vacanza island vibes quitelife\",\"destinazioni\",\"travel\",\"pantelleria ildammuso\",\"vacation\"],\"articleSection\":[\"Istruzioni per l'uso\",\"Pantelleria, l'isola\"],\"inLanguage\":\"it-IT\"},{\"@type\":\"WebPage\",\"@id\":\"https:\\\/\\\/www.ildammuso.com\\\/it\\\/il-fascino-di-pantelleria-destate-fresche-mattine-e-caldi-pomeriggi\\\/\",\"url\":\"https:\\\/\\\/www.ildammuso.com\\\/it\\\/il-fascino-di-pantelleria-destate-fresche-mattine-e-caldi-pomeriggi\\\/\",\"name\":\"Il fascino di Pantelleria d'estate: fresche mattine e caldi pomeriggi | Il Dammuso\",\"isPartOf\":{\"@id\":\"https:\\\/\\\/www.ildammuso.com\\\/it\\\/#website\"},\"primaryImageOfPage\":{\"@id\":\"https:\\\/\\\/www.ildammuso.com\\\/it\\\/il-fascino-di-pantelleria-destate-fresche-mattine-e-caldi-pomeriggi\\\/#primaryimage\"},\"image\":{\"@id\":\"https:\\\/\\\/www.ildammuso.com\\\/it\\\/il-fascino-di-pantelleria-destate-fresche-mattine-e-caldi-pomeriggi\\\/#primaryimage\"},\"thumbnailUrl\":\"https:\\\/\\\/www.ildammuso.com\\\/wp-content\\\/uploads\\\/2024\\\/06\\\/Questa-estate-calda-scaled.jpg\",\"datePublished\":\"2024-06-10T11:34:50+00:00\",\"dateModified\":\"2024-06-10T11:34:53+00:00\",\"description\":\"\\\"Il fascino di Pantelleria d'estate: fresche mattine e caldi pomeriggi\\\": leggi l'articolo completo nel blog de Il Dammuso!\",\"breadcrumb\":{\"@id\":\"https:\\\/\\\/www.ildammuso.com\\\/it\\\/il-fascino-di-pantelleria-destate-fresche-mattine-e-caldi-pomeriggi\\\/#breadcrumb\"},\"inLanguage\":\"it-IT\",\"potentialAction\":[{\"@type\":\"ReadAction\",\"target\":[\"https:\\\/\\\/www.ildammuso.com\\\/it\\\/il-fascino-di-pantelleria-destate-fresche-mattine-e-caldi-pomeriggi\\\/\"]}]},{\"@type\":\"ImageObject\",\"inLanguage\":\"it-IT\",\"@id\":\"https:\\\/\\\/www.ildammuso.com\\\/it\\\/il-fascino-di-pantelleria-destate-fresche-mattine-e-caldi-pomeriggi\\\/#primaryimage\",\"url\":\"https:\\\/\\\/www.ildammuso.com\\\/wp-content\\\/uploads\\\/2024\\\/06\\\/Questa-estate-calda-scaled.jpg\",\"contentUrl\":\"https:\\\/\\\/www.ildammuso.com\\\/wp-content\\\/uploads\\\/2024\\\/06\\\/Questa-estate-calda-scaled.jpg\",\"width\":2560,\"height\":1440,\"caption\":\"DCIM100MEDIADJI_0385.JPG\"},{\"@type\":\"BreadcrumbList\",\"@id\":\"https:\\\/\\\/www.ildammuso.com\\\/it\\\/il-fascino-di-pantelleria-destate-fresche-mattine-e-caldi-pomeriggi\\\/#breadcrumb\",\"itemListElement\":[{\"@type\":\"ListItem\",\"position\":1,\"name\":\"Home\",\"item\":\"https:\\\/\\\/www.ildammuso.com\\\/it\\\/\"},{\"@type\":\"ListItem\",\"position\":2,\"name\":\"&nbsp;\"}]},{\"@type\":\"WebSite\",\"@id\":\"https:\\\/\\\/www.ildammuso.com\\\/it\\\/#website\",\"url\":\"https:\\\/\\\/www.ildammuso.com\\\/it\\\/\",\"name\":\"Il Dammuso\",\"description\":\"Il tuo Dammuso a Pantelleria\",\"publisher\":{\"@id\":\"https:\\\/\\\/www.ildammuso.com\\\/it\\\/#organization\"},\"potentialAction\":[{\"@type\":\"SearchAction\",\"target\":{\"@type\":\"EntryPoint\",\"urlTemplate\":\"https:\\\/\\\/www.ildammuso.com\\\/it\\\/?s={search_term_string}\"},\"query-input\":{\"@type\":\"PropertyValueSpecification\",\"valueRequired\":true,\"valueName\":\"search_term_string\"}}],\"inLanguage\":\"it-IT\"},{\"@type\":\"Organization\",\"@id\":\"https:\\\/\\\/www.ildammuso.com\\\/it\\\/#organization\",\"name\":\"Il Dammuso\",\"url\":\"https:\\\/\\\/www.ildammuso.com\\\/it\\\/\",\"logo\":{\"@type\":\"ImageObject\",\"inLanguage\":\"it-IT\",\"@id\":\"https:\\\/\\\/www.ildammuso.com\\\/it\\\/#\\\/schema\\\/logo\\\/image\\\/\",\"url\":\"https:\\\/\\\/www.ildammuso.com\\\/wp-content\\\/uploads\\\/2022\\\/06\\\/logo-ildammuso.jpg\",\"contentUrl\":\"https:\\\/\\\/www.ildammuso.com\\\/wp-content\\\/uploads\\\/2022\\\/06\\\/logo-ildammuso.jpg\",\"width\":426,\"height\":395,\"caption\":\"Il Dammuso\"},\"image\":{\"@id\":\"https:\\\/\\\/www.ildammuso.com\\\/it\\\/#\\\/schema\\\/logo\\\/image\\\/\"},\"sameAs\":[\"https:\\\/\\\/www.facebook.com\\\/ildammusodipantelleria\\\/\",\"https:\\\/\\\/www.instagram.com\\\/ildammusogram\\\/\"]},{\"@type\":\"Person\",\"@id\":\"https:\\\/\\\/www.ildammuso.com\\\/it\\\/#\\\/schema\\\/person\\\/a97bc2634c1ae772b6efbb07fef2b3a8\",\"name\":\"claudia\",\"image\":{\"@type\":\"ImageObject\",\"inLanguage\":\"it-IT\",\"@id\":\"https:\\\/\\\/secure.gravatar.com\\\/avatar\\\/bfa9e85032faeaffeaaafd48c7c09ad8da852ff133d8361db8721aff28093ebe?s=96&d=mm&r=g\",\"url\":\"https:\\\/\\\/secure.gravatar.com\\\/avatar\\\/bfa9e85032faeaffeaaafd48c7c09ad8da852ff133d8361db8721aff28093ebe?s=96&d=mm&r=g\",\"contentUrl\":\"https:\\\/\\\/secure.gravatar.com\\\/avatar\\\/bfa9e85032faeaffeaaafd48c7c09ad8da852ff133d8361db8721aff28093ebe?s=96&d=mm&r=g\",\"caption\":\"claudia\"}}]}<\/script>\n<!-- \/ Yoast SEO plugin. -->","yoast_head_json":{"title":"Il fascino di Pantelleria d'estate: fresche mattine e caldi pomeriggi | Il Dammuso","description":"\"Il fascino di Pantelleria d'estate: fresche mattine e caldi pomeriggi\": leggi l'articolo completo nel blog de Il Dammuso!","robots":{"index":"index","follow":"follow","max-snippet":"max-snippet:-1","max-image-preview":"max-image-preview:large","max-video-preview":"max-video-preview:-1"},"canonical":"https:\/\/www.ildammuso.com\/it\/il-fascino-di-pantelleria-destate-fresche-mattine-e-caldi-pomeriggi\/","og_locale":"it_IT","og_type":"article","og_title":"Il fascino di Pantelleria d'estate: fresche mattine e caldi pomeriggi | Il Dammuso","og_description":"\"Il fascino di Pantelleria d'estate: fresche mattine e caldi pomeriggi\": leggi l'articolo completo nel blog de Il Dammuso!","og_url":"https:\/\/www.ildammuso.com\/it\/il-fascino-di-pantelleria-destate-fresche-mattine-e-caldi-pomeriggi\/","og_site_name":"Il Dammuso","article_publisher":"https:\/\/www.facebook.com\/ildammusodipantelleria\/","article_published_time":"2024-06-10T11:34:50+00:00","article_modified_time":"2024-06-10T11:34:53+00:00","og_image":[{"width":2560,"height":1440,"url":"https:\/\/storage1254.cdn-immedia.net\/wp-content\/uploads\/2024\/06\/Questa-estate-calda-scaled.jpg","type":"image\/jpeg"}],"author":"claudia","twitter_card":"summary_large_image","twitter_misc":{"Scritto da":"claudia","Tempo di lettura stimato":"3 minuti"},"schema":{"@context":"https:\/\/schema.org","@graph":[{"@type":"Article","@id":"https:\/\/www.ildammuso.com\/it\/il-fascino-di-pantelleria-destate-fresche-mattine-e-caldi-pomeriggi\/#article","isPartOf":{"@id":"https:\/\/www.ildammuso.com\/it\/il-fascino-di-pantelleria-destate-fresche-mattine-e-caldi-pomeriggi\/"},"author":{"name":"claudia","@id":"https:\/\/www.ildammuso.com\/it\/#\/schema\/person\/a97bc2634c1ae772b6efbb07fef2b3a8"},"headline":"Il fascino di Pantelleria d&#8217;estate: fresche mattine e caldi pomeriggi","datePublished":"2024-06-10T11:34:50+00:00","dateModified":"2024-06-10T11:34:53+00:00","mainEntityOfPage":{"@id":"https:\/\/www.ildammuso.com\/it\/il-fascino-di-pantelleria-destate-fresche-mattine-e-caldi-pomeriggi\/"},"wordCount":511,"publisher":{"@id":"https:\/\/www.ildammuso.com\/it\/#organization"},"image":{"@id":"https:\/\/www.ildammuso.com\/it\/il-fascino-di-pantelleria-destate-fresche-mattine-e-caldi-pomeriggi\/#primaryimage"},"thumbnailUrl":"https:\/\/storage1254.cdn-immedia.net\/wp-content\/uploads\/2024\/06\/Questa-estate-calda-scaled.jpg","keywords":["estate fresco temperature vento sole isola vacanza island vibes quitelife","destinazioni","travel","pantelleria ildammuso","vacation"],"articleSection":["Istruzioni per l'uso","Pantelleria, l'isola"],"inLanguage":"it-IT"},{"@type":"WebPage","@id":"https:\/\/www.ildammuso.com\/it\/il-fascino-di-pantelleria-destate-fresche-mattine-e-caldi-pomeriggi\/","url":"https:\/\/www.ildammuso.com\/it\/il-fascino-di-pantelleria-destate-fresche-mattine-e-caldi-pomeriggi\/","name":"Il fascino di Pantelleria d'estate: fresche mattine e caldi pomeriggi | Il Dammuso","isPartOf":{"@id":"https:\/\/www.ildammuso.com\/it\/#website"},"primaryImageOfPage":{"@id":"https:\/\/www.ildammuso.com\/it\/il-fascino-di-pantelleria-destate-fresche-mattine-e-caldi-pomeriggi\/#primaryimage"},"image":{"@id":"https:\/\/www.ildammuso.com\/it\/il-fascino-di-pantelleria-destate-fresche-mattine-e-caldi-pomeriggi\/#primaryimage"},"thumbnailUrl":"https:\/\/storage1254.cdn-immedia.net\/wp-content\/uploads\/2024\/06\/Questa-estate-calda-scaled.jpg","datePublished":"2024-06-10T11:34:50+00:00","dateModified":"2024-06-10T11:34:53+00:00","description":"\"Il fascino di Pantelleria d'estate: fresche mattine e caldi pomeriggi\": leggi l'articolo completo nel blog de Il Dammuso!","breadcrumb":{"@id":"https:\/\/www.ildammuso.com\/it\/il-fascino-di-pantelleria-destate-fresche-mattine-e-caldi-pomeriggi\/#breadcrumb"},"inLanguage":"it-IT","potentialAction":[{"@type":"ReadAction","target":["https:\/\/www.ildammuso.com\/it\/il-fascino-di-pantelleria-destate-fresche-mattine-e-caldi-pomeriggi\/"]}]},{"@type":"ImageObject","inLanguage":"it-IT","@id":"https:\/\/www.ildammuso.com\/it\/il-fascino-di-pantelleria-destate-fresche-mattine-e-caldi-pomeriggi\/#primaryimage","url":"https:\/\/storage1254.cdn-immedia.net\/wp-content\/uploads\/2024\/06\/Questa-estate-calda-scaled.jpg","contentUrl":"https:\/\/storage1254.cdn-immedia.net\/wp-content\/uploads\/2024\/06\/Questa-estate-calda-scaled.jpg","width":2560,"height":1440,"caption":"DCIM100MEDIADJI_0385.JPG"},{"@type":"BreadcrumbList","@id":"https:\/\/www.ildammuso.com\/it\/il-fascino-di-pantelleria-destate-fresche-mattine-e-caldi-pomeriggi\/#breadcrumb","itemListElement":[{"@type":"ListItem","position":1,"name":"Home","item":"https:\/\/www.ildammuso.com\/it\/"},{"@type":"ListItem","position":2,"name":"&nbsp;"}]},{"@type":"WebSite","@id":"https:\/\/www.ildammuso.com\/it\/#website","url":"https:\/\/www.ildammuso.com\/it\/","name":"Il Dammuso","description":"Il tuo Dammuso a Pantelleria","publisher":{"@id":"https:\/\/www.ildammuso.com\/it\/#organization"},"potentialAction":[{"@type":"SearchAction","target":{"@type":"EntryPoint","urlTemplate":"https:\/\/www.ildammuso.com\/it\/?s={search_term_string}"},"query-input":{"@type":"PropertyValueSpecification","valueRequired":true,"valueName":"search_term_string"}}],"inLanguage":"it-IT"},{"@type":"Organization","@id":"https:\/\/www.ildammuso.com\/it\/#organization","name":"Il Dammuso","url":"https:\/\/www.ildammuso.com\/it\/","logo":{"@type":"ImageObject","inLanguage":"it-IT","@id":"https:\/\/www.ildammuso.com\/it\/#\/schema\/logo\/image\/","url":"https:\/\/storage1254.cdn-immedia.net\/wp-content\/uploads\/2022\/06\/logo-ildammuso.jpg","contentUrl":"https:\/\/storage1254.cdn-immedia.net\/wp-content\/uploads\/2022\/06\/logo-ildammuso.jpg","width":426,"height":395,"caption":"Il Dammuso"},"image":{"@id":"https:\/\/www.ildammuso.com\/it\/#\/schema\/logo\/image\/"},"sameAs":["https:\/\/www.facebook.com\/ildammusodipantelleria\/","https:\/\/www.instagram.com\/ildammusogram\/"]},{"@type":"Person","@id":"https:\/\/www.ildammuso.com\/it\/#\/schema\/person\/a97bc2634c1ae772b6efbb07fef2b3a8","name":"claudia","image":{"@type":"ImageObject","inLanguage":"it-IT","@id":"https:\/\/secure.gravatar.com\/avatar\/bfa9e85032faeaffeaaafd48c7c09ad8da852ff133d8361db8721aff28093ebe?s=96&d=mm&r=g","url":"https:\/\/secure.gravatar.com\/avatar\/bfa9e85032faeaffeaaafd48c7c09ad8da852ff133d8361db8721aff28093ebe?s=96&d=mm&r=g","contentUrl":"https:\/\/secure.gravatar.com\/avatar\/bfa9e85032faeaffeaaafd48c7c09ad8da852ff133d8361db8721aff28093ebe?s=96&d=mm&r=g","caption":"claudia"}}]}},"_links":{"self":[{"href":"https:\/\/www.ildammuso.com\/it\/wp-json\/wp\/v2\/posts\/24763","targetHints":{"allow":["GET"]}}],"collection":[{"href":"https:\/\/www.ildammuso.com\/it\/wp-json\/wp\/v2\/posts"}],"about":[{"href":"https:\/\/www.ildammuso.com\/it\/wp-json\/wp\/v2\/types\/post"}],"author":[{"embeddable":true,"href":"https:\/\/www.ildammuso.com\/it\/wp-json\/wp\/v2\/users\/3"}],"replies":[{"embeddable":true,"href":"https:\/\/www.ildammuso.com\/it\/wp-json\/wp\/v2\/comments?post=24763"}],"version-history":[{"count":1,"href":"https:\/\/www.ildammuso.com\/it\/wp-json\/wp\/v2\/posts\/24763\/revisions"}],"predecessor-version":[{"id":24766,"href":"https:\/\/www.ildammuso.com\/it\/wp-json\/wp\/v2\/posts\/24763\/revisions\/24766"}],"wp:featuredmedia":[{"embeddable":true,"href":"https:\/\/www.ildammuso.com\/it\/wp-json\/wp\/v2\/media\/24764"}],"wp:attachment":[{"href":"https:\/\/www.ildammuso.com\/it\/wp-json\/wp\/v2\/media?parent=24763"}],"wp:term":[{"taxonomy":"category","embeddable":true,"href":"https:\/\/www.ildammuso.com\/it\/wp-json\/wp\/v2\/categories?post=24763"},{"taxonomy":"post_tag","embeddable":true,"href":"https:\/\/www.ildammuso.com\/it\/wp-json\/wp\/v2\/tags?post=24763"}],"curies":[{"name":"wp","href":"https:\/\/api.w.org\/{rel}","templated":true}]}}