{"id":24923,"date":"2024-06-17T12:20:53","date_gmt":"2024-06-17T10:20:53","guid":{"rendered":"https:\/\/www.ildammuso.com\/?p=24923"},"modified":"2024-06-17T12:20:56","modified_gmt":"2024-06-17T10:20:56","slug":"scopri-pantelleria-il-vento-i-capelli-e-la-magia-dellisola","status":"publish","type":"post","link":"https:\/\/www.ildammuso.com\/it\/scopri-pantelleria-il-vento-i-capelli-e-la-magia-dellisola\/","title":{"rendered":"Scopri Pantelleria: il vento, i capelli e la magia dell&#8217;isola"},"content":{"rendered":"\n<p>\u00c8 quando il vento ti \u201ctorce\u201d i capelli che capisci di essere arrivato a Pantelleria.<br>Quando passi le dita in mezzo al ciuffo che non trova requie e le dita ti si annodano insieme ai capelli hai compreso che sei a Pantelleria.<br>Quando esci dal mare e ti pettini, cospargi la testa di olio, e mezz\u2019ora dopo ti guardi allo specchio e riconosci a stento una te la cui capigliatura \u00e8 a met\u00e0 tra una scultura pop e l\u2019incauta esperienza di avere infilato due dita in una presa, ecco, allora avresti gi\u00e0 dovuto capire che sei a Pantelleria.<br>Quando percorri il sentiero di montagna e la brezza ti rende meno faticosa l\u2019ascesa, bench\u00e9 il sudore misto alla crema solare scenda sulle palpebre e faccia bruciare gli occhi, sai di essere a Pantelleria<br>Allora distrattamente con le mani asciughi il volto impastato di polvere e tiri indietro i capelli che, nel frattempo, sono caduti davanti al tuo viso e sei dentro un paesaggio tutto mirto e corbezzoli e cos\u00ec decidi di fotografare te stessa immersa dentro quella specie di TUTTO che \u00e8 Pantelleria e in primo piano vedi e riconosci MEDUSA che ti guarda stupita, allora si che resti di pietra e rinunci a te stessa e immortali solo lo sfondo.<br>Che \u00e8 Pantelleria.<br><br>Per questo, in ultimo, consiglio ai pi\u00f9 di mettere in valigia una fascia, una bandana, un foulard o un parrucchiere.<br>So gi\u00e0 che qualsiasi tra queste cose potrebbe tornarvi utili, a Pantelleria.<\/p>\n","protected":false},"excerpt":{"rendered":"<p>\u00c8 quando il vento ti \u201ctorce\u201d i capelli che capisci [&hellip;]<\/p>\n","protected":false},"author":3,"featured_media":24924,"comment_status":"closed","ping_status":"closed","sticky":false,"template":"","format":"standard","meta":{"_acf_changed":false,"footnotes":""},"categories":[440],"tags":[1402,1034,934,233,96,212,114,198],"class_list":["post-24923","post","type-post","status-publish","format-standard","has-post-thumbnail","hentry","category-istruzioni-per-l-uso","tag-ildammuso-pantelleria","tag-capelli","tag-escursioni","tag-maestrale","tag-mare","tag-scirocco","tag-vacanza","tag-vento"],"acf":[],"yoast_head":"<!-- This site is optimized with the Yoast SEO plugin v27.4 - https:\/\/yoast.com\/product\/yoast-seo-wordpress\/ -->\n<title>Scopri Pantelleria: il vento, i capelli e la magia dell&#039;isola | Il Dammuso<\/title>\n<meta name=\"description\" content=\"&quot;Scopro Pantelleria: il vento, i capelli e la magia dell&#039;isola&quot;: leggi l&#039;articolo completo nel blog de Il Dammuso!\" \/>\n<meta name=\"robots\" content=\"index, follow, max-snippet:-1, max-image-preview:large, max-video-preview:-1\" \/>\n<link rel=\"canonical\" href=\"https:\/\/www.ildammuso.com\/it\/scopri-pantelleria-il-vento-i-capelli-e-la-magia-dellisola\/\" \/>\n<meta property=\"og:locale\" content=\"it_IT\" \/>\n<meta property=\"og:type\" content=\"article\" \/>\n<meta property=\"og:title\" content=\"Scopri Pantelleria: il vento, i capelli e la magia dell&#039;isola | Il Dammuso\" \/>\n<meta property=\"og:description\" content=\"&quot;Scopro Pantelleria: il vento, i capelli e la magia dell&#039;isola&quot;: leggi l&#039;articolo completo nel blog de Il Dammuso!\" \/>\n<meta property=\"og:url\" content=\"https:\/\/www.ildammuso.com\/it\/scopri-pantelleria-il-vento-i-capelli-e-la-magia-dellisola\/\" \/>\n<meta property=\"og:site_name\" content=\"Il Dammuso\" \/>\n<meta property=\"article:publisher\" content=\"https:\/\/www.facebook.com\/ildammusodipantelleria\/\" \/>\n<meta property=\"article:published_time\" content=\"2024-06-17T10:20:53+00:00\" \/>\n<meta property=\"article:modified_time\" content=\"2024-06-17T10:20:56+00:00\" \/>\n<meta property=\"og:image\" content=\"https:\/\/storage1254.cdn-immedia.net\/wp-content\/uploads\/2024\/06\/Vento-tra-i-capelli-scaled.jpg\" \/>\n\t<meta property=\"og:image:width\" content=\"2560\" \/>\n\t<meta property=\"og:image:height\" content=\"1440\" \/>\n\t<meta property=\"og:image:type\" content=\"image\/jpeg\" \/>\n<meta name=\"author\" content=\"claudia\" \/>\n<meta name=\"twitter:card\" content=\"summary_large_image\" \/>\n<meta name=\"twitter:label1\" content=\"Scritto da\" \/>\n\t<meta name=\"twitter:data1\" content=\"claudia\" \/>\n\t<meta name=\"twitter:label2\" content=\"Tempo di lettura stimato\" \/>\n\t<meta name=\"twitter:data2\" content=\"2 minuti\" \/>\n<script type=\"application\/ld+json\" class=\"yoast-schema-graph\">{\"@context\":\"https:\\\/\\\/schema.org\",\"@graph\":[{\"@type\":\"Article\",\"@id\":\"https:\\\/\\\/www.ildammuso.com\\\/it\\\/scopri-pantelleria-il-vento-i-capelli-e-la-magia-dellisola\\\/#article\",\"isPartOf\":{\"@id\":\"https:\\\/\\\/www.ildammuso.com\\\/it\\\/scopri-pantelleria-il-vento-i-capelli-e-la-magia-dellisola\\\/\"},\"author\":{\"name\":\"claudia\",\"@id\":\"https:\\\/\\\/www.ildammuso.com\\\/it\\\/#\\\/schema\\\/person\\\/a97bc2634c1ae772b6efbb07fef2b3a8\"},\"headline\":\"Scopri Pantelleria: il vento, i capelli e la magia dell&#8217;isola\",\"datePublished\":\"2024-06-17T10:20:53+00:00\",\"dateModified\":\"2024-06-17T10:20:56+00:00\",\"mainEntityOfPage\":{\"@id\":\"https:\\\/\\\/www.ildammuso.com\\\/it\\\/scopri-pantelleria-il-vento-i-capelli-e-la-magia-dellisola\\\/\"},\"wordCount\":254,\"publisher\":{\"@id\":\"https:\\\/\\\/www.ildammuso.com\\\/it\\\/#organization\"},\"image\":{\"@id\":\"https:\\\/\\\/www.ildammuso.com\\\/it\\\/scopri-pantelleria-il-vento-i-capelli-e-la-magia-dellisola\\\/#primaryimage\"},\"thumbnailUrl\":\"https:\\\/\\\/www.ildammuso.com\\\/wp-content\\\/uploads\\\/2024\\\/06\\\/Vento-tra-i-capelli-scaled.jpg\",\"keywords\":[\"ildammuso pantelleria\",\"capelli\",\"escursioni\",\"maestrale\",\"mare\",\"scirocco\",\"vacanza\",\"vento\"],\"articleSection\":[\"Istruzioni per l'uso\"],\"inLanguage\":\"it-IT\"},{\"@type\":\"WebPage\",\"@id\":\"https:\\\/\\\/www.ildammuso.com\\\/it\\\/scopri-pantelleria-il-vento-i-capelli-e-la-magia-dellisola\\\/\",\"url\":\"https:\\\/\\\/www.ildammuso.com\\\/it\\\/scopri-pantelleria-il-vento-i-capelli-e-la-magia-dellisola\\\/\",\"name\":\"Scopri Pantelleria: il vento, i capelli e la magia dell'isola | Il Dammuso\",\"isPartOf\":{\"@id\":\"https:\\\/\\\/www.ildammuso.com\\\/it\\\/#website\"},\"primaryImageOfPage\":{\"@id\":\"https:\\\/\\\/www.ildammuso.com\\\/it\\\/scopri-pantelleria-il-vento-i-capelli-e-la-magia-dellisola\\\/#primaryimage\"},\"image\":{\"@id\":\"https:\\\/\\\/www.ildammuso.com\\\/it\\\/scopri-pantelleria-il-vento-i-capelli-e-la-magia-dellisola\\\/#primaryimage\"},\"thumbnailUrl\":\"https:\\\/\\\/www.ildammuso.com\\\/wp-content\\\/uploads\\\/2024\\\/06\\\/Vento-tra-i-capelli-scaled.jpg\",\"datePublished\":\"2024-06-17T10:20:53+00:00\",\"dateModified\":\"2024-06-17T10:20:56+00:00\",\"description\":\"\\\"Scopro Pantelleria: il vento, i capelli e la magia dell'isola\\\": leggi l'articolo completo nel blog de Il Dammuso!\",\"breadcrumb\":{\"@id\":\"https:\\\/\\\/www.ildammuso.com\\\/it\\\/scopri-pantelleria-il-vento-i-capelli-e-la-magia-dellisola\\\/#breadcrumb\"},\"inLanguage\":\"it-IT\",\"potentialAction\":[{\"@type\":\"ReadAction\",\"target\":[\"https:\\\/\\\/www.ildammuso.com\\\/it\\\/scopri-pantelleria-il-vento-i-capelli-e-la-magia-dellisola\\\/\"]}]},{\"@type\":\"ImageObject\",\"inLanguage\":\"it-IT\",\"@id\":\"https:\\\/\\\/www.ildammuso.com\\\/it\\\/scopri-pantelleria-il-vento-i-capelli-e-la-magia-dellisola\\\/#primaryimage\",\"url\":\"https:\\\/\\\/www.ildammuso.com\\\/wp-content\\\/uploads\\\/2024\\\/06\\\/Vento-tra-i-capelli-scaled.jpg\",\"contentUrl\":\"https:\\\/\\\/www.ildammuso.com\\\/wp-content\\\/uploads\\\/2024\\\/06\\\/Vento-tra-i-capelli-scaled.jpg\",\"width\":2560,\"height\":1440,\"caption\":\"DCIM100MEDIADJI_0212.JPG\"},{\"@type\":\"BreadcrumbList\",\"@id\":\"https:\\\/\\\/www.ildammuso.com\\\/it\\\/scopri-pantelleria-il-vento-i-capelli-e-la-magia-dellisola\\\/#breadcrumb\",\"itemListElement\":[{\"@type\":\"ListItem\",\"position\":1,\"name\":\"Home\",\"item\":\"https:\\\/\\\/www.ildammuso.com\\\/it\\\/\"},{\"@type\":\"ListItem\",\"position\":2,\"name\":\"&nbsp;\"}]},{\"@type\":\"WebSite\",\"@id\":\"https:\\\/\\\/www.ildammuso.com\\\/it\\\/#website\",\"url\":\"https:\\\/\\\/www.ildammuso.com\\\/it\\\/\",\"name\":\"Il Dammuso\",\"description\":\"Il tuo Dammuso a Pantelleria\",\"publisher\":{\"@id\":\"https:\\\/\\\/www.ildammuso.com\\\/it\\\/#organization\"},\"potentialAction\":[{\"@type\":\"SearchAction\",\"target\":{\"@type\":\"EntryPoint\",\"urlTemplate\":\"https:\\\/\\\/www.ildammuso.com\\\/it\\\/?s={search_term_string}\"},\"query-input\":{\"@type\":\"PropertyValueSpecification\",\"valueRequired\":true,\"valueName\":\"search_term_string\"}}],\"inLanguage\":\"it-IT\"},{\"@type\":\"Organization\",\"@id\":\"https:\\\/\\\/www.ildammuso.com\\\/it\\\/#organization\",\"name\":\"Il Dammuso\",\"url\":\"https:\\\/\\\/www.ildammuso.com\\\/it\\\/\",\"logo\":{\"@type\":\"ImageObject\",\"inLanguage\":\"it-IT\",\"@id\":\"https:\\\/\\\/www.ildammuso.com\\\/it\\\/#\\\/schema\\\/logo\\\/image\\\/\",\"url\":\"https:\\\/\\\/www.ildammuso.com\\\/wp-content\\\/uploads\\\/2022\\\/06\\\/logo-ildammuso.jpg\",\"contentUrl\":\"https:\\\/\\\/www.ildammuso.com\\\/wp-content\\\/uploads\\\/2022\\\/06\\\/logo-ildammuso.jpg\",\"width\":426,\"height\":395,\"caption\":\"Il Dammuso\"},\"image\":{\"@id\":\"https:\\\/\\\/www.ildammuso.com\\\/it\\\/#\\\/schema\\\/logo\\\/image\\\/\"},\"sameAs\":[\"https:\\\/\\\/www.facebook.com\\\/ildammusodipantelleria\\\/\",\"https:\\\/\\\/www.instagram.com\\\/ildammusogram\\\/\"]},{\"@type\":\"Person\",\"@id\":\"https:\\\/\\\/www.ildammuso.com\\\/it\\\/#\\\/schema\\\/person\\\/a97bc2634c1ae772b6efbb07fef2b3a8\",\"name\":\"claudia\",\"image\":{\"@type\":\"ImageObject\",\"inLanguage\":\"it-IT\",\"@id\":\"https:\\\/\\\/secure.gravatar.com\\\/avatar\\\/bfa9e85032faeaffeaaafd48c7c09ad8da852ff133d8361db8721aff28093ebe?s=96&d=mm&r=g\",\"url\":\"https:\\\/\\\/secure.gravatar.com\\\/avatar\\\/bfa9e85032faeaffeaaafd48c7c09ad8da852ff133d8361db8721aff28093ebe?s=96&d=mm&r=g\",\"contentUrl\":\"https:\\\/\\\/secure.gravatar.com\\\/avatar\\\/bfa9e85032faeaffeaaafd48c7c09ad8da852ff133d8361db8721aff28093ebe?s=96&d=mm&r=g\",\"caption\":\"claudia\"}}]}<\/script>\n<!-- \/ Yoast SEO plugin. -->","yoast_head_json":{"title":"Scopri Pantelleria: il vento, i capelli e la magia dell'isola | Il Dammuso","description":"\"Scopro Pantelleria: il vento, i capelli e la magia dell'isola\": leggi l'articolo completo nel blog de Il Dammuso!","robots":{"index":"index","follow":"follow","max-snippet":"max-snippet:-1","max-image-preview":"max-image-preview:large","max-video-preview":"max-video-preview:-1"},"canonical":"https:\/\/www.ildammuso.com\/it\/scopri-pantelleria-il-vento-i-capelli-e-la-magia-dellisola\/","og_locale":"it_IT","og_type":"article","og_title":"Scopri Pantelleria: il vento, i capelli e la magia dell'isola | Il Dammuso","og_description":"\"Scopro Pantelleria: il vento, i capelli e la magia dell'isola\": leggi l'articolo completo nel blog de Il Dammuso!","og_url":"https:\/\/www.ildammuso.com\/it\/scopri-pantelleria-il-vento-i-capelli-e-la-magia-dellisola\/","og_site_name":"Il Dammuso","article_publisher":"https:\/\/www.facebook.com\/ildammusodipantelleria\/","article_published_time":"2024-06-17T10:20:53+00:00","article_modified_time":"2024-06-17T10:20:56+00:00","og_image":[{"width":2560,"height":1440,"url":"https:\/\/storage1254.cdn-immedia.net\/wp-content\/uploads\/2024\/06\/Vento-tra-i-capelli-scaled.jpg","type":"image\/jpeg"}],"author":"claudia","twitter_card":"summary_large_image","twitter_misc":{"Scritto da":"claudia","Tempo di lettura stimato":"2 minuti"},"schema":{"@context":"https:\/\/schema.org","@graph":[{"@type":"Article","@id":"https:\/\/www.ildammuso.com\/it\/scopri-pantelleria-il-vento-i-capelli-e-la-magia-dellisola\/#article","isPartOf":{"@id":"https:\/\/www.ildammuso.com\/it\/scopri-pantelleria-il-vento-i-capelli-e-la-magia-dellisola\/"},"author":{"name":"claudia","@id":"https:\/\/www.ildammuso.com\/it\/#\/schema\/person\/a97bc2634c1ae772b6efbb07fef2b3a8"},"headline":"Scopri Pantelleria: il vento, i capelli e la magia dell&#8217;isola","datePublished":"2024-06-17T10:20:53+00:00","dateModified":"2024-06-17T10:20:56+00:00","mainEntityOfPage":{"@id":"https:\/\/www.ildammuso.com\/it\/scopri-pantelleria-il-vento-i-capelli-e-la-magia-dellisola\/"},"wordCount":254,"publisher":{"@id":"https:\/\/www.ildammuso.com\/it\/#organization"},"image":{"@id":"https:\/\/www.ildammuso.com\/it\/scopri-pantelleria-il-vento-i-capelli-e-la-magia-dellisola\/#primaryimage"},"thumbnailUrl":"https:\/\/storage1254.cdn-immedia.net\/wp-content\/uploads\/2024\/06\/Vento-tra-i-capelli-scaled.jpg","keywords":["ildammuso pantelleria","capelli","escursioni","maestrale","mare","scirocco","vacanza","vento"],"articleSection":["Istruzioni per l'uso"],"inLanguage":"it-IT"},{"@type":"WebPage","@id":"https:\/\/www.ildammuso.com\/it\/scopri-pantelleria-il-vento-i-capelli-e-la-magia-dellisola\/","url":"https:\/\/www.ildammuso.com\/it\/scopri-pantelleria-il-vento-i-capelli-e-la-magia-dellisola\/","name":"Scopri Pantelleria: il vento, i capelli e la magia dell'isola | Il Dammuso","isPartOf":{"@id":"https:\/\/www.ildammuso.com\/it\/#website"},"primaryImageOfPage":{"@id":"https:\/\/www.ildammuso.com\/it\/scopri-pantelleria-il-vento-i-capelli-e-la-magia-dellisola\/#primaryimage"},"image":{"@id":"https:\/\/www.ildammuso.com\/it\/scopri-pantelleria-il-vento-i-capelli-e-la-magia-dellisola\/#primaryimage"},"thumbnailUrl":"https:\/\/storage1254.cdn-immedia.net\/wp-content\/uploads\/2024\/06\/Vento-tra-i-capelli-scaled.jpg","datePublished":"2024-06-17T10:20:53+00:00","dateModified":"2024-06-17T10:20:56+00:00","description":"\"Scopro Pantelleria: il vento, i capelli e la magia dell'isola\": leggi l'articolo completo nel blog de Il Dammuso!","breadcrumb":{"@id":"https:\/\/www.ildammuso.com\/it\/scopri-pantelleria-il-vento-i-capelli-e-la-magia-dellisola\/#breadcrumb"},"inLanguage":"it-IT","potentialAction":[{"@type":"ReadAction","target":["https:\/\/www.ildammuso.com\/it\/scopri-pantelleria-il-vento-i-capelli-e-la-magia-dellisola\/"]}]},{"@type":"ImageObject","inLanguage":"it-IT","@id":"https:\/\/www.ildammuso.com\/it\/scopri-pantelleria-il-vento-i-capelli-e-la-magia-dellisola\/#primaryimage","url":"https:\/\/storage1254.cdn-immedia.net\/wp-content\/uploads\/2024\/06\/Vento-tra-i-capelli-scaled.jpg","contentUrl":"https:\/\/storage1254.cdn-immedia.net\/wp-content\/uploads\/2024\/06\/Vento-tra-i-capelli-scaled.jpg","width":2560,"height":1440,"caption":"DCIM100MEDIADJI_0212.JPG"},{"@type":"BreadcrumbList","@id":"https:\/\/www.ildammuso.com\/it\/scopri-pantelleria-il-vento-i-capelli-e-la-magia-dellisola\/#breadcrumb","itemListElement":[{"@type":"ListItem","position":1,"name":"Home","item":"https:\/\/www.ildammuso.com\/it\/"},{"@type":"ListItem","position":2,"name":"&nbsp;"}]},{"@type":"WebSite","@id":"https:\/\/www.ildammuso.com\/it\/#website","url":"https:\/\/www.ildammuso.com\/it\/","name":"Il Dammuso","description":"Il tuo Dammuso a Pantelleria","publisher":{"@id":"https:\/\/www.ildammuso.com\/it\/#organization"},"potentialAction":[{"@type":"SearchAction","target":{"@type":"EntryPoint","urlTemplate":"https:\/\/www.ildammuso.com\/it\/?s={search_term_string}"},"query-input":{"@type":"PropertyValueSpecification","valueRequired":true,"valueName":"search_term_string"}}],"inLanguage":"it-IT"},{"@type":"Organization","@id":"https:\/\/www.ildammuso.com\/it\/#organization","name":"Il Dammuso","url":"https:\/\/www.ildammuso.com\/it\/","logo":{"@type":"ImageObject","inLanguage":"it-IT","@id":"https:\/\/www.ildammuso.com\/it\/#\/schema\/logo\/image\/","url":"https:\/\/storage1254.cdn-immedia.net\/wp-content\/uploads\/2022\/06\/logo-ildammuso.jpg","contentUrl":"https:\/\/storage1254.cdn-immedia.net\/wp-content\/uploads\/2022\/06\/logo-ildammuso.jpg","width":426,"height":395,"caption":"Il Dammuso"},"image":{"@id":"https:\/\/www.ildammuso.com\/it\/#\/schema\/logo\/image\/"},"sameAs":["https:\/\/www.facebook.com\/ildammusodipantelleria\/","https:\/\/www.instagram.com\/ildammusogram\/"]},{"@type":"Person","@id":"https:\/\/www.ildammuso.com\/it\/#\/schema\/person\/a97bc2634c1ae772b6efbb07fef2b3a8","name":"claudia","image":{"@type":"ImageObject","inLanguage":"it-IT","@id":"https:\/\/secure.gravatar.com\/avatar\/bfa9e85032faeaffeaaafd48c7c09ad8da852ff133d8361db8721aff28093ebe?s=96&d=mm&r=g","url":"https:\/\/secure.gravatar.com\/avatar\/bfa9e85032faeaffeaaafd48c7c09ad8da852ff133d8361db8721aff28093ebe?s=96&d=mm&r=g","contentUrl":"https:\/\/secure.gravatar.com\/avatar\/bfa9e85032faeaffeaaafd48c7c09ad8da852ff133d8361db8721aff28093ebe?s=96&d=mm&r=g","caption":"claudia"}}]}},"_links":{"self":[{"href":"https:\/\/www.ildammuso.com\/it\/wp-json\/wp\/v2\/posts\/24923","targetHints":{"allow":["GET"]}}],"collection":[{"href":"https:\/\/www.ildammuso.com\/it\/wp-json\/wp\/v2\/posts"}],"about":[{"href":"https:\/\/www.ildammuso.com\/it\/wp-json\/wp\/v2\/types\/post"}],"author":[{"embeddable":true,"href":"https:\/\/www.ildammuso.com\/it\/wp-json\/wp\/v2\/users\/3"}],"replies":[{"embeddable":true,"href":"https:\/\/www.ildammuso.com\/it\/wp-json\/wp\/v2\/comments?post=24923"}],"version-history":[{"count":1,"href":"https:\/\/www.ildammuso.com\/it\/wp-json\/wp\/v2\/posts\/24923\/revisions"}],"predecessor-version":[{"id":24926,"href":"https:\/\/www.ildammuso.com\/it\/wp-json\/wp\/v2\/posts\/24923\/revisions\/24926"}],"wp:featuredmedia":[{"embeddable":true,"href":"https:\/\/www.ildammuso.com\/it\/wp-json\/wp\/v2\/media\/24924"}],"wp:attachment":[{"href":"https:\/\/www.ildammuso.com\/it\/wp-json\/wp\/v2\/media?parent=24923"}],"wp:term":[{"taxonomy":"category","embeddable":true,"href":"https:\/\/www.ildammuso.com\/it\/wp-json\/wp\/v2\/categories?post=24923"},{"taxonomy":"post_tag","embeddable":true,"href":"https:\/\/www.ildammuso.com\/it\/wp-json\/wp\/v2\/tags?post=24923"}],"curies":[{"name":"wp","href":"https:\/\/api.w.org\/{rel}","templated":true}]}}