{"id":25110,"date":"2024-06-27T12:55:39","date_gmt":"2024-06-27T10:55:39","guid":{"rendered":"https:\/\/www.ildammuso.com\/?p=25110"},"modified":"2024-06-27T12:55:41","modified_gmt":"2024-06-27T10:55:41","slug":"pantelleria-dal-confino-fascista-a-paradiso-di-pace-e-cultura","status":"publish","type":"post","link":"https:\/\/www.ildammuso.com\/it\/pantelleria-dal-confino-fascista-a-paradiso-di-pace-e-cultura\/","title":{"rendered":"Pantelleria: dal confino fascista a paradiso di pace e cultura"},"content":{"rendered":"\n<p>Vi \u00e8 stato un tempo in cui la gente veniva mandata al confino.<br>Si trattava di balordi, di mafiosi o di persone politicamente scomode o, pi\u00f9 genericamente \u201cda isolare\u201d.<br>I luoghi prescelti erano paesi dell\u2019entroterra difficilmente raggiungibili e, tradizionalmente, le isole.<br>Tra queste Pantelleria che fu luogo di confino politico fascista, ma prim\u2019ancora ospit\u00f2 anche malviventi, anarchici e comunisti.<br>Il luogo presto divenne un centro di \u201ccultura e attivismo politico\u201d cosicch\u00e9 dall\u2019isolamento si pass\u00f2 alla \u201cconcentrazione\u201d e non nel senso terribile e macabro che, alla luce della Storia, oggi viene dato a questo termine.<br><br>Molti di voi ricorderanno il famoso libro di Carlo Levi dal titolo \u201cCristo si \u00e8 fermato ad Eboli\u201d, storia affascinante e autobiografica che narra la vicenda del confino dell\u2019autore che durante il regime fascista venne allontanato in quanto \u201cnon gradito\u201d dal regime.<br><br>Oggi, si narra, che i tempi siano cambiati.<br>Certamente la pratica dell\u2019esilio non \u00e8 pi\u00f9 in auge e Cristo a Pantelleria se si \u00e8 fermato \u00e8 stato per dare pennellate di colori e spargere profumi quel tanto che basta per sostare e restarne ammirati.<br>Che sia SOSTA o SIESTA, di sicuro non \u00e8 dentro un \u201cconfino\u201d, ma all\u2019interno di questo luogo magico che ancora oggi riesce ad incarnare un certo isolamento.<br>Non quello fatto di paura e disprezzo, ma quello che dopo inverni che sembrano trascorsi ai \u201cconfini\u201d delle nostre parti migliori, solcando il perimetro delle nostre vite fatte di bordi sottilissimi sui quali dovere camminare con destrezza e audacia, ecco che l\u2019estate pu\u00f2 venirci incontro e regalarci gli ampi spazi di Pantelleria.<br>Quelli che non hanno bordi (o borders).<br>Pantelleria non ha n\u00e9 ringhiere n\u00e9 cancelli, a delimitare certe propriet\u00e0 soltanto bassi muretti a secco che non interrompono la vista verso la piana o la montagna.<br><br>Pantelleria, tranne per il fatto che \u00e8 un\u2019isola, certamente non narra di isolamento.<br>Racconta di spazi, invece, di alture, di aria, di cammino, sole, chiacchiere tra amici e per chi lo desidera, per chi lo ricerca per ridefinire il proprio confine tra identit\u00e0 e presente, ecco s\u00ec, in questo caso dona pace e solitudine per pensare e ripensarsi.<br><br>Cristo, se si \u00e8 fermato a Pantelleria, ha fatto un lavoro \u201cparadisiaco\u201d.<\/p>\n","protected":false},"excerpt":{"rendered":"<p>Vi \u00e8 stato un tempo in cui la gente veniva [&hellip;]<\/p>\n","protected":false},"author":3,"featured_media":25111,"comment_status":"closed","ping_status":"closed","sticky":false,"template":"","format":"standard","meta":{"_acf_changed":false,"footnotes":""},"categories":[439],"tags":[1418,1419,1420,1421,1393,1382,1358,1191,935,858,176,228,92,91,114],"class_list":["post-25110","post","type-post","status-publish","format-standard","has-post-thumbnail","hentry","category-riflessioni-da-pantelleria","tag-fascismo","tag-levi","tag-paradiso","tag-goodvibes","tag-destinazione","tag-viaggiare","tag-pace","tag-vibes","tag-cultura","tag-island-2","tag-estate","tag-ildammuso","tag-isola","tag-pantelleria","tag-vacanza"],"acf":[],"yoast_head":"<!-- This site is optimized with the Yoast SEO plugin v27.4 - https:\/\/yoast.com\/product\/yoast-seo-wordpress\/ -->\n<title>Pantelleria: dal confino fascista a paradiso di pace e cultura | Il Dammuso<\/title>\n<meta name=\"description\" content=\"&quot;Pantelleria: dal confino fascista a paradiso di pace e cultura&quot;: leggi l&#039;articolo completo nel blog de Il Dammuso!\" \/>\n<meta name=\"robots\" content=\"index, follow, max-snippet:-1, max-image-preview:large, max-video-preview:-1\" \/>\n<link rel=\"canonical\" href=\"https:\/\/www.ildammuso.com\/it\/pantelleria-dal-confino-fascista-a-paradiso-di-pace-e-cultura\/\" \/>\n<meta property=\"og:locale\" content=\"it_IT\" \/>\n<meta property=\"og:type\" content=\"article\" \/>\n<meta property=\"og:title\" content=\"Pantelleria: dal confino fascista a paradiso di pace e cultura | Il Dammuso\" \/>\n<meta property=\"og:description\" content=\"&quot;Pantelleria: dal confino fascista a paradiso di pace e cultura&quot;: leggi l&#039;articolo completo nel blog de Il Dammuso!\" \/>\n<meta property=\"og:url\" content=\"https:\/\/www.ildammuso.com\/it\/pantelleria-dal-confino-fascista-a-paradiso-di-pace-e-cultura\/\" \/>\n<meta property=\"og:site_name\" content=\"Il Dammuso\" \/>\n<meta property=\"article:publisher\" content=\"https:\/\/www.facebook.com\/ildammusodipantelleria\/\" \/>\n<meta property=\"article:published_time\" content=\"2024-06-27T10:55:39+00:00\" \/>\n<meta property=\"article:modified_time\" content=\"2024-06-27T10:55:41+00:00\" \/>\n<meta property=\"og:image\" content=\"https:\/\/storage1254.cdn-immedia.net\/wp-content\/uploads\/2024\/06\/Cristo-a-Pante.jpg\" \/>\n\t<meta property=\"og:image:width\" content=\"1920\" \/>\n\t<meta property=\"og:image:height\" content=\"1080\" \/>\n\t<meta property=\"og:image:type\" content=\"image\/jpeg\" \/>\n<meta name=\"author\" content=\"claudia\" \/>\n<meta name=\"twitter:card\" content=\"summary_large_image\" \/>\n<meta name=\"twitter:label1\" content=\"Scritto da\" \/>\n\t<meta name=\"twitter:data1\" content=\"claudia\" \/>\n\t<meta name=\"twitter:label2\" content=\"Tempo di lettura stimato\" \/>\n\t<meta name=\"twitter:data2\" content=\"3 minuti\" \/>\n<script type=\"application\/ld+json\" class=\"yoast-schema-graph\">{\"@context\":\"https:\\\/\\\/schema.org\",\"@graph\":[{\"@type\":\"Article\",\"@id\":\"https:\\\/\\\/www.ildammuso.com\\\/it\\\/pantelleria-dal-confino-fascista-a-paradiso-di-pace-e-cultura\\\/#article\",\"isPartOf\":{\"@id\":\"https:\\\/\\\/www.ildammuso.com\\\/it\\\/pantelleria-dal-confino-fascista-a-paradiso-di-pace-e-cultura\\\/\"},\"author\":{\"name\":\"claudia\",\"@id\":\"https:\\\/\\\/www.ildammuso.com\\\/it\\\/#\\\/schema\\\/person\\\/a97bc2634c1ae772b6efbb07fef2b3a8\"},\"headline\":\"Pantelleria: dal confino fascista a paradiso di pace e cultura\",\"datePublished\":\"2024-06-27T10:55:39+00:00\",\"dateModified\":\"2024-06-27T10:55:41+00:00\",\"mainEntityOfPage\":{\"@id\":\"https:\\\/\\\/www.ildammuso.com\\\/it\\\/pantelleria-dal-confino-fascista-a-paradiso-di-pace-e-cultura\\\/\"},\"wordCount\":373,\"publisher\":{\"@id\":\"https:\\\/\\\/www.ildammuso.com\\\/it\\\/#organization\"},\"image\":{\"@id\":\"https:\\\/\\\/www.ildammuso.com\\\/it\\\/pantelleria-dal-confino-fascista-a-paradiso-di-pace-e-cultura\\\/#primaryimage\"},\"thumbnailUrl\":\"https:\\\/\\\/www.ildammuso.com\\\/wp-content\\\/uploads\\\/2024\\\/06\\\/Cristo-a-Pante.jpg\",\"keywords\":[\"fascismo\",\"Levi\",\"paradiso\",\"goodvibes\",\"destinazione\",\"viaggiare\",\"pace\",\"vibes\",\"cultura\",\"island\",\"estate\",\"ildammuso\",\"isola\",\"pantelleria\",\"vacanza\"],\"articleSection\":[\"Riflessioni da Pantelleria\"],\"inLanguage\":\"it-IT\"},{\"@type\":\"WebPage\",\"@id\":\"https:\\\/\\\/www.ildammuso.com\\\/it\\\/pantelleria-dal-confino-fascista-a-paradiso-di-pace-e-cultura\\\/\",\"url\":\"https:\\\/\\\/www.ildammuso.com\\\/it\\\/pantelleria-dal-confino-fascista-a-paradiso-di-pace-e-cultura\\\/\",\"name\":\"Pantelleria: dal confino fascista a paradiso di pace e cultura | Il Dammuso\",\"isPartOf\":{\"@id\":\"https:\\\/\\\/www.ildammuso.com\\\/it\\\/#website\"},\"primaryImageOfPage\":{\"@id\":\"https:\\\/\\\/www.ildammuso.com\\\/it\\\/pantelleria-dal-confino-fascista-a-paradiso-di-pace-e-cultura\\\/#primaryimage\"},\"image\":{\"@id\":\"https:\\\/\\\/www.ildammuso.com\\\/it\\\/pantelleria-dal-confino-fascista-a-paradiso-di-pace-e-cultura\\\/#primaryimage\"},\"thumbnailUrl\":\"https:\\\/\\\/www.ildammuso.com\\\/wp-content\\\/uploads\\\/2024\\\/06\\\/Cristo-a-Pante.jpg\",\"datePublished\":\"2024-06-27T10:55:39+00:00\",\"dateModified\":\"2024-06-27T10:55:41+00:00\",\"description\":\"\\\"Pantelleria: dal confino fascista a paradiso di pace e cultura\\\": leggi l'articolo completo nel blog de Il Dammuso!\",\"breadcrumb\":{\"@id\":\"https:\\\/\\\/www.ildammuso.com\\\/it\\\/pantelleria-dal-confino-fascista-a-paradiso-di-pace-e-cultura\\\/#breadcrumb\"},\"inLanguage\":\"it-IT\",\"potentialAction\":[{\"@type\":\"ReadAction\",\"target\":[\"https:\\\/\\\/www.ildammuso.com\\\/it\\\/pantelleria-dal-confino-fascista-a-paradiso-di-pace-e-cultura\\\/\"]}]},{\"@type\":\"ImageObject\",\"inLanguage\":\"it-IT\",\"@id\":\"https:\\\/\\\/www.ildammuso.com\\\/it\\\/pantelleria-dal-confino-fascista-a-paradiso-di-pace-e-cultura\\\/#primaryimage\",\"url\":\"https:\\\/\\\/www.ildammuso.com\\\/wp-content\\\/uploads\\\/2024\\\/06\\\/Cristo-a-Pante.jpg\",\"contentUrl\":\"https:\\\/\\\/www.ildammuso.com\\\/wp-content\\\/uploads\\\/2024\\\/06\\\/Cristo-a-Pante.jpg\",\"width\":1920,\"height\":1080,\"caption\":\"?????????????????????????????????????????????????????????\"},{\"@type\":\"BreadcrumbList\",\"@id\":\"https:\\\/\\\/www.ildammuso.com\\\/it\\\/pantelleria-dal-confino-fascista-a-paradiso-di-pace-e-cultura\\\/#breadcrumb\",\"itemListElement\":[{\"@type\":\"ListItem\",\"position\":1,\"name\":\"Home\",\"item\":\"https:\\\/\\\/www.ildammuso.com\\\/it\\\/\"},{\"@type\":\"ListItem\",\"position\":2,\"name\":\"&nbsp;\"}]},{\"@type\":\"WebSite\",\"@id\":\"https:\\\/\\\/www.ildammuso.com\\\/it\\\/#website\",\"url\":\"https:\\\/\\\/www.ildammuso.com\\\/it\\\/\",\"name\":\"Il Dammuso\",\"description\":\"Il tuo Dammuso a Pantelleria\",\"publisher\":{\"@id\":\"https:\\\/\\\/www.ildammuso.com\\\/it\\\/#organization\"},\"potentialAction\":[{\"@type\":\"SearchAction\",\"target\":{\"@type\":\"EntryPoint\",\"urlTemplate\":\"https:\\\/\\\/www.ildammuso.com\\\/it\\\/?s={search_term_string}\"},\"query-input\":{\"@type\":\"PropertyValueSpecification\",\"valueRequired\":true,\"valueName\":\"search_term_string\"}}],\"inLanguage\":\"it-IT\"},{\"@type\":\"Organization\",\"@id\":\"https:\\\/\\\/www.ildammuso.com\\\/it\\\/#organization\",\"name\":\"Il Dammuso\",\"url\":\"https:\\\/\\\/www.ildammuso.com\\\/it\\\/\",\"logo\":{\"@type\":\"ImageObject\",\"inLanguage\":\"it-IT\",\"@id\":\"https:\\\/\\\/www.ildammuso.com\\\/it\\\/#\\\/schema\\\/logo\\\/image\\\/\",\"url\":\"https:\\\/\\\/www.ildammuso.com\\\/wp-content\\\/uploads\\\/2022\\\/06\\\/logo-ildammuso.jpg\",\"contentUrl\":\"https:\\\/\\\/www.ildammuso.com\\\/wp-content\\\/uploads\\\/2022\\\/06\\\/logo-ildammuso.jpg\",\"width\":426,\"height\":395,\"caption\":\"Il Dammuso\"},\"image\":{\"@id\":\"https:\\\/\\\/www.ildammuso.com\\\/it\\\/#\\\/schema\\\/logo\\\/image\\\/\"},\"sameAs\":[\"https:\\\/\\\/www.facebook.com\\\/ildammusodipantelleria\\\/\",\"https:\\\/\\\/www.instagram.com\\\/ildammusogram\\\/\"]},{\"@type\":\"Person\",\"@id\":\"https:\\\/\\\/www.ildammuso.com\\\/it\\\/#\\\/schema\\\/person\\\/a97bc2634c1ae772b6efbb07fef2b3a8\",\"name\":\"claudia\",\"image\":{\"@type\":\"ImageObject\",\"inLanguage\":\"it-IT\",\"@id\":\"https:\\\/\\\/secure.gravatar.com\\\/avatar\\\/bfa9e85032faeaffeaaafd48c7c09ad8da852ff133d8361db8721aff28093ebe?s=96&d=mm&r=g\",\"url\":\"https:\\\/\\\/secure.gravatar.com\\\/avatar\\\/bfa9e85032faeaffeaaafd48c7c09ad8da852ff133d8361db8721aff28093ebe?s=96&d=mm&r=g\",\"contentUrl\":\"https:\\\/\\\/secure.gravatar.com\\\/avatar\\\/bfa9e85032faeaffeaaafd48c7c09ad8da852ff133d8361db8721aff28093ebe?s=96&d=mm&r=g\",\"caption\":\"claudia\"}}]}<\/script>\n<!-- \/ Yoast SEO plugin. -->","yoast_head_json":{"title":"Pantelleria: dal confino fascista a paradiso di pace e cultura | Il Dammuso","description":"\"Pantelleria: dal confino fascista a paradiso di pace e cultura\": leggi l'articolo completo nel blog de Il Dammuso!","robots":{"index":"index","follow":"follow","max-snippet":"max-snippet:-1","max-image-preview":"max-image-preview:large","max-video-preview":"max-video-preview:-1"},"canonical":"https:\/\/www.ildammuso.com\/it\/pantelleria-dal-confino-fascista-a-paradiso-di-pace-e-cultura\/","og_locale":"it_IT","og_type":"article","og_title":"Pantelleria: dal confino fascista a paradiso di pace e cultura | Il Dammuso","og_description":"\"Pantelleria: dal confino fascista a paradiso di pace e cultura\": leggi l'articolo completo nel blog de Il Dammuso!","og_url":"https:\/\/www.ildammuso.com\/it\/pantelleria-dal-confino-fascista-a-paradiso-di-pace-e-cultura\/","og_site_name":"Il Dammuso","article_publisher":"https:\/\/www.facebook.com\/ildammusodipantelleria\/","article_published_time":"2024-06-27T10:55:39+00:00","article_modified_time":"2024-06-27T10:55:41+00:00","og_image":[{"width":1920,"height":1080,"url":"https:\/\/storage1254.cdn-immedia.net\/wp-content\/uploads\/2024\/06\/Cristo-a-Pante.jpg","type":"image\/jpeg"}],"author":"claudia","twitter_card":"summary_large_image","twitter_misc":{"Scritto da":"claudia","Tempo di lettura stimato":"3 minuti"},"schema":{"@context":"https:\/\/schema.org","@graph":[{"@type":"Article","@id":"https:\/\/www.ildammuso.com\/it\/pantelleria-dal-confino-fascista-a-paradiso-di-pace-e-cultura\/#article","isPartOf":{"@id":"https:\/\/www.ildammuso.com\/it\/pantelleria-dal-confino-fascista-a-paradiso-di-pace-e-cultura\/"},"author":{"name":"claudia","@id":"https:\/\/www.ildammuso.com\/it\/#\/schema\/person\/a97bc2634c1ae772b6efbb07fef2b3a8"},"headline":"Pantelleria: dal confino fascista a paradiso di pace e cultura","datePublished":"2024-06-27T10:55:39+00:00","dateModified":"2024-06-27T10:55:41+00:00","mainEntityOfPage":{"@id":"https:\/\/www.ildammuso.com\/it\/pantelleria-dal-confino-fascista-a-paradiso-di-pace-e-cultura\/"},"wordCount":373,"publisher":{"@id":"https:\/\/www.ildammuso.com\/it\/#organization"},"image":{"@id":"https:\/\/www.ildammuso.com\/it\/pantelleria-dal-confino-fascista-a-paradiso-di-pace-e-cultura\/#primaryimage"},"thumbnailUrl":"https:\/\/storage1254.cdn-immedia.net\/wp-content\/uploads\/2024\/06\/Cristo-a-Pante.jpg","keywords":["fascismo","Levi","paradiso","goodvibes","destinazione","viaggiare","pace","vibes","cultura","island","estate","ildammuso","isola","pantelleria","vacanza"],"articleSection":["Riflessioni da Pantelleria"],"inLanguage":"it-IT"},{"@type":"WebPage","@id":"https:\/\/www.ildammuso.com\/it\/pantelleria-dal-confino-fascista-a-paradiso-di-pace-e-cultura\/","url":"https:\/\/www.ildammuso.com\/it\/pantelleria-dal-confino-fascista-a-paradiso-di-pace-e-cultura\/","name":"Pantelleria: dal confino fascista a paradiso di pace e cultura | Il Dammuso","isPartOf":{"@id":"https:\/\/www.ildammuso.com\/it\/#website"},"primaryImageOfPage":{"@id":"https:\/\/www.ildammuso.com\/it\/pantelleria-dal-confino-fascista-a-paradiso-di-pace-e-cultura\/#primaryimage"},"image":{"@id":"https:\/\/www.ildammuso.com\/it\/pantelleria-dal-confino-fascista-a-paradiso-di-pace-e-cultura\/#primaryimage"},"thumbnailUrl":"https:\/\/storage1254.cdn-immedia.net\/wp-content\/uploads\/2024\/06\/Cristo-a-Pante.jpg","datePublished":"2024-06-27T10:55:39+00:00","dateModified":"2024-06-27T10:55:41+00:00","description":"\"Pantelleria: dal confino fascista a paradiso di pace e cultura\": leggi l'articolo completo nel blog de Il Dammuso!","breadcrumb":{"@id":"https:\/\/www.ildammuso.com\/it\/pantelleria-dal-confino-fascista-a-paradiso-di-pace-e-cultura\/#breadcrumb"},"inLanguage":"it-IT","potentialAction":[{"@type":"ReadAction","target":["https:\/\/www.ildammuso.com\/it\/pantelleria-dal-confino-fascista-a-paradiso-di-pace-e-cultura\/"]}]},{"@type":"ImageObject","inLanguage":"it-IT","@id":"https:\/\/www.ildammuso.com\/it\/pantelleria-dal-confino-fascista-a-paradiso-di-pace-e-cultura\/#primaryimage","url":"https:\/\/storage1254.cdn-immedia.net\/wp-content\/uploads\/2024\/06\/Cristo-a-Pante.jpg","contentUrl":"https:\/\/storage1254.cdn-immedia.net\/wp-content\/uploads\/2024\/06\/Cristo-a-Pante.jpg","width":1920,"height":1080,"caption":"?????????????????????????????????????????????????????????"},{"@type":"BreadcrumbList","@id":"https:\/\/www.ildammuso.com\/it\/pantelleria-dal-confino-fascista-a-paradiso-di-pace-e-cultura\/#breadcrumb","itemListElement":[{"@type":"ListItem","position":1,"name":"Home","item":"https:\/\/www.ildammuso.com\/it\/"},{"@type":"ListItem","position":2,"name":"&nbsp;"}]},{"@type":"WebSite","@id":"https:\/\/www.ildammuso.com\/it\/#website","url":"https:\/\/www.ildammuso.com\/it\/","name":"Il Dammuso","description":"Il tuo Dammuso a Pantelleria","publisher":{"@id":"https:\/\/www.ildammuso.com\/it\/#organization"},"potentialAction":[{"@type":"SearchAction","target":{"@type":"EntryPoint","urlTemplate":"https:\/\/www.ildammuso.com\/it\/?s={search_term_string}"},"query-input":{"@type":"PropertyValueSpecification","valueRequired":true,"valueName":"search_term_string"}}],"inLanguage":"it-IT"},{"@type":"Organization","@id":"https:\/\/www.ildammuso.com\/it\/#organization","name":"Il Dammuso","url":"https:\/\/www.ildammuso.com\/it\/","logo":{"@type":"ImageObject","inLanguage":"it-IT","@id":"https:\/\/www.ildammuso.com\/it\/#\/schema\/logo\/image\/","url":"https:\/\/storage1254.cdn-immedia.net\/wp-content\/uploads\/2022\/06\/logo-ildammuso.jpg","contentUrl":"https:\/\/storage1254.cdn-immedia.net\/wp-content\/uploads\/2022\/06\/logo-ildammuso.jpg","width":426,"height":395,"caption":"Il Dammuso"},"image":{"@id":"https:\/\/www.ildammuso.com\/it\/#\/schema\/logo\/image\/"},"sameAs":["https:\/\/www.facebook.com\/ildammusodipantelleria\/","https:\/\/www.instagram.com\/ildammusogram\/"]},{"@type":"Person","@id":"https:\/\/www.ildammuso.com\/it\/#\/schema\/person\/a97bc2634c1ae772b6efbb07fef2b3a8","name":"claudia","image":{"@type":"ImageObject","inLanguage":"it-IT","@id":"https:\/\/secure.gravatar.com\/avatar\/bfa9e85032faeaffeaaafd48c7c09ad8da852ff133d8361db8721aff28093ebe?s=96&d=mm&r=g","url":"https:\/\/secure.gravatar.com\/avatar\/bfa9e85032faeaffeaaafd48c7c09ad8da852ff133d8361db8721aff28093ebe?s=96&d=mm&r=g","contentUrl":"https:\/\/secure.gravatar.com\/avatar\/bfa9e85032faeaffeaaafd48c7c09ad8da852ff133d8361db8721aff28093ebe?s=96&d=mm&r=g","caption":"claudia"}}]}},"_links":{"self":[{"href":"https:\/\/www.ildammuso.com\/it\/wp-json\/wp\/v2\/posts\/25110","targetHints":{"allow":["GET"]}}],"collection":[{"href":"https:\/\/www.ildammuso.com\/it\/wp-json\/wp\/v2\/posts"}],"about":[{"href":"https:\/\/www.ildammuso.com\/it\/wp-json\/wp\/v2\/types\/post"}],"author":[{"embeddable":true,"href":"https:\/\/www.ildammuso.com\/it\/wp-json\/wp\/v2\/users\/3"}],"replies":[{"embeddable":true,"href":"https:\/\/www.ildammuso.com\/it\/wp-json\/wp\/v2\/comments?post=25110"}],"version-history":[{"count":1,"href":"https:\/\/www.ildammuso.com\/it\/wp-json\/wp\/v2\/posts\/25110\/revisions"}],"predecessor-version":[{"id":25113,"href":"https:\/\/www.ildammuso.com\/it\/wp-json\/wp\/v2\/posts\/25110\/revisions\/25113"}],"wp:featuredmedia":[{"embeddable":true,"href":"https:\/\/www.ildammuso.com\/it\/wp-json\/wp\/v2\/media\/25111"}],"wp:attachment":[{"href":"https:\/\/www.ildammuso.com\/it\/wp-json\/wp\/v2\/media?parent=25110"}],"wp:term":[{"taxonomy":"category","embeddable":true,"href":"https:\/\/www.ildammuso.com\/it\/wp-json\/wp\/v2\/categories?post=25110"},{"taxonomy":"post_tag","embeddable":true,"href":"https:\/\/www.ildammuso.com\/it\/wp-json\/wp\/v2\/tags?post=25110"}],"curies":[{"name":"wp","href":"https:\/\/api.w.org\/{rel}","templated":true}]}}