{"id":25523,"date":"2024-07-16T11:02:03","date_gmt":"2024-07-16T09:02:03","guid":{"rendered":"https:\/\/www.ildammuso.com\/?p=25523"},"modified":"2024-07-16T11:02:05","modified_gmt":"2024-07-16T09:02:05","slug":"dal-freddo-dello-stelvio-al-caldo-di-pantelleria-un-viaggio-tra-estremi-climatici","status":"publish","type":"post","link":"https:\/\/www.ildammuso.com\/it\/dal-freddo-dello-stelvio-al-caldo-di-pantelleria-un-viaggio-tra-estremi-climatici\/","title":{"rendered":"Dal freddo dello Stelvio al caldo di Pantelleria: un viaggio tra estremi climatici"},"content":{"rendered":"\n<p>Qualche giorno fa, dopo un rigenerante bagno nell\u2019acqua ancora freschetta di <a href=\"https:\/\/www.ildammuso.com\/it\/pantelleria-e-i-cinque-luoghi-di-mare-da-vivere\/\">Cala Tramontana<\/a>, decido di tornare verso <a href=\"https:\/\/www.ildammuso.com\/it\/pantelleria-tramonto-a-rekhale\/\">Rekhale<\/a> da <a href=\"https:\/\/www.parconazionalepantelleria.it\/pun-dettaglio.php?id=2830\">Tracino<\/a>.<br>L\u2019aria \u00e8 ferma e il caldo si fa sentire come una cappa pesante, non \u00e8 particolarmente umido ma si poggia sulla pelle senza vestiti come un manto caldo.<br><br>Decido di fare una sosta al negozietto all\u2019uscita (o ingresso) del paesino per poi immettermi nella <a href=\"https:\/\/www.ildammuso.com\/it\/liberi-tra-chine-e-pendii-esplorando-la-serraglia-di-pantelleria\/\">Serraglia<\/a>.<br>\u00c8 ora di pranzo e oltre al proprietario ci siamo soltanto io e una signora.<br>Entrambe poco vestite, la signora addirittura in costume e pareo.<br>Ci muoviamo in circolo tra gli scaffali, ciascuna intenta nella ricerca del necessario per approntare un pasto.<br>Io, abbastanza svagata come sempre, mi soffermo a guardare cose perfettamente inutili perch\u00e9 persa dietro ragionamenti che nulla hanno a che fare con la spesa.<br>Infatti, alla fine, prendo solo una lattuga e mi dirigo alla cassa.<br>Pago e mentre sto per uscire sento che la signora, accaldata come tutti, dice al negoziante: \u201cE pensare che fino a tre giorni fa ero sempre in Italia, sullo Stelvio, ma sciavo\u201d:<br><br>Le parole risuonano nella mia testa.<br>D\u2019istinto sarei rientrata, spinta dalla mia \u201cmordace\u201d curiosit\u00e0 per avvolgere la signora di domande.<br>Ma, causa caldo (credo), non so come mai io abbia desistito.<br>Il resto della strada fino a casa l\u2019ho percorso domandandomi (CASPITA, PERCH\u00c9<strong> <\/strong>NON SONO TORNATA INDIETRO???) quale potesse essere la percezione della turista passata dal freddo della neve, che solca il viso e irrigidisce le estremit\u00e0, al caldo torrido di una Pantelleria a met\u00e0 tra l\u2019Italia e il continente africano, la cui temperatura mozza le idee e rende molli gli arti e le parole.<br><br>Nel mezzo c\u2019\u00e8 tutto.<br>Ci sono questi tempi climaticamente confusi.<br>Estremi che sembrano toccarsi nella loro durezza.<br>Un territorio, l\u2019Italia, troppo piccolo per muoversi dentro questi due eccessi.<br>Non attraversiamo fusi orari n\u00e9 in latitudine n\u00e9 in longitudine.<br>Siamo uno stivale, portato con eleganza, perch\u00e9 di misura piccola.<br>All\u2019altezza del ginocchio un ovale e al piede un triangolo.<br>Di sotto, minuscola, quasi invisibile Pantelleria.<br><br>Dalla neve che punge al sole che \u201cschiaccia\u201d sono solo circa milletrecento chilometri.<br>E come ha gi\u00e0 detto qualcuno: \u201cIn mezzo c\u2019\u00e8 tutto il resto\u201d.<br><br>Resta a noi \u201c<a href=\"https:\/\/www.youtube.com\/watch?v=mhH0X7RtZyM\">RIcostruire<\/a>\u201d.<br><\/p>\n","protected":false},"excerpt":{"rendered":"<p>Qualche giorno fa, dopo un rigenerante bagno nell\u2019acqua ancora freschetta [&hellip;]<\/p>\n","protected":false},"author":3,"featured_media":25526,"comment_status":"closed","ping_status":"closed","sticky":false,"template":"","format":"standard","meta":{"_acf_changed":false,"footnotes":""},"categories":[441,439],"tags":[1437,1438,1439,1440,1424,1393,948,949,858,176,92,96,91,97,103],"class_list":["post-25523","post","type-post","status-publish","format-standard","has-post-thumbnail","hentry","category-pippe","category-riflessioni-da-pantelleria","tag-ildammuso-calatramontana","tag-neve-2","tag-nicolofabi","tag-costruire","tag-meta","tag-destinazione","tag-freddo","tag-caldo","tag-island-2","tag-estate","tag-isola","tag-mare","tag-pantelleria","tag-vacanze","tag-viaggio"],"acf":[],"yoast_head":"<!-- This site is optimized with the Yoast SEO plugin v27.3 - https:\/\/yoast.com\/product\/yoast-seo-wordpress\/ -->\n<title>Dal freddo dello Stelvio al caldo di Pantelleria: un viaggio tra estremi climatici | Il Dammuso<\/title>\n<meta name=\"description\" content=\"&quot;Dal freddo dello Stelvio al caldo di Pantelleria: un viaggio tra estremi climatici&quot;: leggi l&#039;articolo completo nel blog de Il Dammuso!\" \/>\n<meta name=\"robots\" content=\"index, follow, max-snippet:-1, max-image-preview:large, max-video-preview:-1\" \/>\n<link rel=\"canonical\" href=\"https:\/\/www.ildammuso.com\/it\/dal-freddo-dello-stelvio-al-caldo-di-pantelleria-un-viaggio-tra-estremi-climatici\/\" \/>\n<meta property=\"og:locale\" content=\"it_IT\" \/>\n<meta property=\"og:type\" content=\"article\" \/>\n<meta property=\"og:title\" content=\"Dal freddo dello Stelvio al caldo di Pantelleria: un viaggio tra estremi climatici | Il Dammuso\" \/>\n<meta property=\"og:description\" content=\"&quot;Dal freddo dello Stelvio al caldo di Pantelleria: un viaggio tra estremi climatici&quot;: leggi l&#039;articolo completo nel blog de Il Dammuso!\" \/>\n<meta property=\"og:url\" content=\"https:\/\/www.ildammuso.com\/it\/dal-freddo-dello-stelvio-al-caldo-di-pantelleria-un-viaggio-tra-estremi-climatici\/\" \/>\n<meta property=\"og:site_name\" content=\"Il Dammuso\" \/>\n<meta property=\"article:publisher\" content=\"https:\/\/www.facebook.com\/ildammusodipantelleria\/\" \/>\n<meta property=\"article:published_time\" content=\"2024-07-16T09:02:03+00:00\" \/>\n<meta property=\"article:modified_time\" content=\"2024-07-16T09:02:05+00:00\" \/>\n<meta property=\"og:image\" content=\"https:\/\/storage1254.cdn-immedia.net\/wp-content\/uploads\/2024\/07\/tetti_sole-scaled.jpg\" \/>\n\t<meta property=\"og:image:width\" content=\"2560\" \/>\n\t<meta property=\"og:image:height\" content=\"1928\" \/>\n\t<meta property=\"og:image:type\" content=\"image\/jpeg\" \/>\n<meta name=\"author\" content=\"claudia\" \/>\n<meta name=\"twitter:card\" content=\"summary_large_image\" \/>\n<meta name=\"twitter:label1\" content=\"Scritto da\" \/>\n\t<meta name=\"twitter:data1\" content=\"claudia\" \/>\n\t<meta name=\"twitter:label2\" content=\"Tempo di lettura stimato\" \/>\n\t<meta name=\"twitter:data2\" content=\"3 minuti\" \/>\n<script type=\"application\/ld+json\" class=\"yoast-schema-graph\">{\"@context\":\"https:\\\/\\\/schema.org\",\"@graph\":[{\"@type\":\"Article\",\"@id\":\"https:\\\/\\\/www.ildammuso.com\\\/it\\\/dal-freddo-dello-stelvio-al-caldo-di-pantelleria-un-viaggio-tra-estremi-climatici\\\/#article\",\"isPartOf\":{\"@id\":\"https:\\\/\\\/www.ildammuso.com\\\/it\\\/dal-freddo-dello-stelvio-al-caldo-di-pantelleria-un-viaggio-tra-estremi-climatici\\\/\"},\"author\":{\"name\":\"claudia\",\"@id\":\"https:\\\/\\\/www.ildammuso.com\\\/it\\\/#\\\/schema\\\/person\\\/a97bc2634c1ae772b6efbb07fef2b3a8\"},\"headline\":\"Dal freddo dello Stelvio al caldo di Pantelleria: un viaggio tra estremi climatici\",\"datePublished\":\"2024-07-16T09:02:03+00:00\",\"dateModified\":\"2024-07-16T09:02:05+00:00\",\"mainEntityOfPage\":{\"@id\":\"https:\\\/\\\/www.ildammuso.com\\\/it\\\/dal-freddo-dello-stelvio-al-caldo-di-pantelleria-un-viaggio-tra-estremi-climatici\\\/\"},\"wordCount\":382,\"publisher\":{\"@id\":\"https:\\\/\\\/www.ildammuso.com\\\/it\\\/#organization\"},\"image\":{\"@id\":\"https:\\\/\\\/www.ildammuso.com\\\/it\\\/dal-freddo-dello-stelvio-al-caldo-di-pantelleria-un-viaggio-tra-estremi-climatici\\\/#primaryimage\"},\"thumbnailUrl\":\"https:\\\/\\\/www.ildammuso.com\\\/wp-content\\\/uploads\\\/2024\\\/07\\\/tetti_sole-scaled.jpg\",\"keywords\":[\"ildammuso calatramontana\",\"neve\",\"nicolofabi\",\"costruire\",\"meta\",\"destinazione\",\"freddo\",\"caldo\",\"island\",\"estate\",\"isola\",\"mare\",\"pantelleria\",\"vacanze\",\"viaggio\"],\"articleSection\":[\"Pippe d'altura\",\"Riflessioni da Pantelleria\"],\"inLanguage\":\"it-IT\"},{\"@type\":\"WebPage\",\"@id\":\"https:\\\/\\\/www.ildammuso.com\\\/it\\\/dal-freddo-dello-stelvio-al-caldo-di-pantelleria-un-viaggio-tra-estremi-climatici\\\/\",\"url\":\"https:\\\/\\\/www.ildammuso.com\\\/it\\\/dal-freddo-dello-stelvio-al-caldo-di-pantelleria-un-viaggio-tra-estremi-climatici\\\/\",\"name\":\"Dal freddo dello Stelvio al caldo di Pantelleria: un viaggio tra estremi climatici | Il Dammuso\",\"isPartOf\":{\"@id\":\"https:\\\/\\\/www.ildammuso.com\\\/it\\\/#website\"},\"primaryImageOfPage\":{\"@id\":\"https:\\\/\\\/www.ildammuso.com\\\/it\\\/dal-freddo-dello-stelvio-al-caldo-di-pantelleria-un-viaggio-tra-estremi-climatici\\\/#primaryimage\"},\"image\":{\"@id\":\"https:\\\/\\\/www.ildammuso.com\\\/it\\\/dal-freddo-dello-stelvio-al-caldo-di-pantelleria-un-viaggio-tra-estremi-climatici\\\/#primaryimage\"},\"thumbnailUrl\":\"https:\\\/\\\/www.ildammuso.com\\\/wp-content\\\/uploads\\\/2024\\\/07\\\/tetti_sole-scaled.jpg\",\"datePublished\":\"2024-07-16T09:02:03+00:00\",\"dateModified\":\"2024-07-16T09:02:05+00:00\",\"description\":\"\\\"Dal freddo dello Stelvio al caldo di Pantelleria: un viaggio tra estremi climatici\\\": leggi l'articolo completo nel blog de Il Dammuso!\",\"breadcrumb\":{\"@id\":\"https:\\\/\\\/www.ildammuso.com\\\/it\\\/dal-freddo-dello-stelvio-al-caldo-di-pantelleria-un-viaggio-tra-estremi-climatici\\\/#breadcrumb\"},\"inLanguage\":\"it-IT\",\"potentialAction\":[{\"@type\":\"ReadAction\",\"target\":[\"https:\\\/\\\/www.ildammuso.com\\\/it\\\/dal-freddo-dello-stelvio-al-caldo-di-pantelleria-un-viaggio-tra-estremi-climatici\\\/\"]}]},{\"@type\":\"ImageObject\",\"inLanguage\":\"it-IT\",\"@id\":\"https:\\\/\\\/www.ildammuso.com\\\/it\\\/dal-freddo-dello-stelvio-al-caldo-di-pantelleria-un-viaggio-tra-estremi-climatici\\\/#primaryimage\",\"url\":\"https:\\\/\\\/www.ildammuso.com\\\/wp-content\\\/uploads\\\/2024\\\/07\\\/tetti_sole-scaled.jpg\",\"contentUrl\":\"https:\\\/\\\/www.ildammuso.com\\\/wp-content\\\/uploads\\\/2024\\\/07\\\/tetti_sole-scaled.jpg\",\"width\":2560,\"height\":1928,\"caption\":\"Oplus_0\"},{\"@type\":\"BreadcrumbList\",\"@id\":\"https:\\\/\\\/www.ildammuso.com\\\/it\\\/dal-freddo-dello-stelvio-al-caldo-di-pantelleria-un-viaggio-tra-estremi-climatici\\\/#breadcrumb\",\"itemListElement\":[{\"@type\":\"ListItem\",\"position\":1,\"name\":\"Home\",\"item\":\"https:\\\/\\\/www.ildammuso.com\\\/it\\\/\"},{\"@type\":\"ListItem\",\"position\":2,\"name\":\"&nbsp;\"}]},{\"@type\":\"WebSite\",\"@id\":\"https:\\\/\\\/www.ildammuso.com\\\/it\\\/#website\",\"url\":\"https:\\\/\\\/www.ildammuso.com\\\/it\\\/\",\"name\":\"Il Dammuso\",\"description\":\"Il tuo Dammuso a Pantelleria\",\"publisher\":{\"@id\":\"https:\\\/\\\/www.ildammuso.com\\\/it\\\/#organization\"},\"potentialAction\":[{\"@type\":\"SearchAction\",\"target\":{\"@type\":\"EntryPoint\",\"urlTemplate\":\"https:\\\/\\\/www.ildammuso.com\\\/it\\\/?s={search_term_string}\"},\"query-input\":{\"@type\":\"PropertyValueSpecification\",\"valueRequired\":true,\"valueName\":\"search_term_string\"}}],\"inLanguage\":\"it-IT\"},{\"@type\":\"Organization\",\"@id\":\"https:\\\/\\\/www.ildammuso.com\\\/it\\\/#organization\",\"name\":\"Il Dammuso\",\"url\":\"https:\\\/\\\/www.ildammuso.com\\\/it\\\/\",\"logo\":{\"@type\":\"ImageObject\",\"inLanguage\":\"it-IT\",\"@id\":\"https:\\\/\\\/www.ildammuso.com\\\/it\\\/#\\\/schema\\\/logo\\\/image\\\/\",\"url\":\"https:\\\/\\\/www.ildammuso.com\\\/wp-content\\\/uploads\\\/2022\\\/06\\\/logo-ildammuso.jpg\",\"contentUrl\":\"https:\\\/\\\/www.ildammuso.com\\\/wp-content\\\/uploads\\\/2022\\\/06\\\/logo-ildammuso.jpg\",\"width\":426,\"height\":395,\"caption\":\"Il Dammuso\"},\"image\":{\"@id\":\"https:\\\/\\\/www.ildammuso.com\\\/it\\\/#\\\/schema\\\/logo\\\/image\\\/\"},\"sameAs\":[\"https:\\\/\\\/www.facebook.com\\\/ildammusodipantelleria\\\/\",\"https:\\\/\\\/www.instagram.com\\\/ildammusogram\\\/\"]},{\"@type\":\"Person\",\"@id\":\"https:\\\/\\\/www.ildammuso.com\\\/it\\\/#\\\/schema\\\/person\\\/a97bc2634c1ae772b6efbb07fef2b3a8\",\"name\":\"claudia\",\"image\":{\"@type\":\"ImageObject\",\"inLanguage\":\"it-IT\",\"@id\":\"https:\\\/\\\/secure.gravatar.com\\\/avatar\\\/bfa9e85032faeaffeaaafd48c7c09ad8da852ff133d8361db8721aff28093ebe?s=96&d=mm&r=g\",\"url\":\"https:\\\/\\\/secure.gravatar.com\\\/avatar\\\/bfa9e85032faeaffeaaafd48c7c09ad8da852ff133d8361db8721aff28093ebe?s=96&d=mm&r=g\",\"contentUrl\":\"https:\\\/\\\/secure.gravatar.com\\\/avatar\\\/bfa9e85032faeaffeaaafd48c7c09ad8da852ff133d8361db8721aff28093ebe?s=96&d=mm&r=g\",\"caption\":\"claudia\"}}]}<\/script>\n<!-- \/ Yoast SEO plugin. -->","yoast_head_json":{"title":"Dal freddo dello Stelvio al caldo di Pantelleria: un viaggio tra estremi climatici | Il Dammuso","description":"\"Dal freddo dello Stelvio al caldo di Pantelleria: un viaggio tra estremi climatici\": leggi l'articolo completo nel blog de Il Dammuso!","robots":{"index":"index","follow":"follow","max-snippet":"max-snippet:-1","max-image-preview":"max-image-preview:large","max-video-preview":"max-video-preview:-1"},"canonical":"https:\/\/www.ildammuso.com\/it\/dal-freddo-dello-stelvio-al-caldo-di-pantelleria-un-viaggio-tra-estremi-climatici\/","og_locale":"it_IT","og_type":"article","og_title":"Dal freddo dello Stelvio al caldo di Pantelleria: un viaggio tra estremi climatici | Il Dammuso","og_description":"\"Dal freddo dello Stelvio al caldo di Pantelleria: un viaggio tra estremi climatici\": leggi l'articolo completo nel blog de Il Dammuso!","og_url":"https:\/\/www.ildammuso.com\/it\/dal-freddo-dello-stelvio-al-caldo-di-pantelleria-un-viaggio-tra-estremi-climatici\/","og_site_name":"Il Dammuso","article_publisher":"https:\/\/www.facebook.com\/ildammusodipantelleria\/","article_published_time":"2024-07-16T09:02:03+00:00","article_modified_time":"2024-07-16T09:02:05+00:00","og_image":[{"width":2560,"height":1928,"url":"https:\/\/storage1254.cdn-immedia.net\/wp-content\/uploads\/2024\/07\/tetti_sole-scaled.jpg","type":"image\/jpeg"}],"author":"claudia","twitter_card":"summary_large_image","twitter_misc":{"Scritto da":"claudia","Tempo di lettura stimato":"3 minuti"},"schema":{"@context":"https:\/\/schema.org","@graph":[{"@type":"Article","@id":"https:\/\/www.ildammuso.com\/it\/dal-freddo-dello-stelvio-al-caldo-di-pantelleria-un-viaggio-tra-estremi-climatici\/#article","isPartOf":{"@id":"https:\/\/www.ildammuso.com\/it\/dal-freddo-dello-stelvio-al-caldo-di-pantelleria-un-viaggio-tra-estremi-climatici\/"},"author":{"name":"claudia","@id":"https:\/\/www.ildammuso.com\/it\/#\/schema\/person\/a97bc2634c1ae772b6efbb07fef2b3a8"},"headline":"Dal freddo dello Stelvio al caldo di Pantelleria: un viaggio tra estremi climatici","datePublished":"2024-07-16T09:02:03+00:00","dateModified":"2024-07-16T09:02:05+00:00","mainEntityOfPage":{"@id":"https:\/\/www.ildammuso.com\/it\/dal-freddo-dello-stelvio-al-caldo-di-pantelleria-un-viaggio-tra-estremi-climatici\/"},"wordCount":382,"publisher":{"@id":"https:\/\/www.ildammuso.com\/it\/#organization"},"image":{"@id":"https:\/\/www.ildammuso.com\/it\/dal-freddo-dello-stelvio-al-caldo-di-pantelleria-un-viaggio-tra-estremi-climatici\/#primaryimage"},"thumbnailUrl":"https:\/\/storage1254.cdn-immedia.net\/wp-content\/uploads\/2024\/07\/tetti_sole-scaled.jpg","keywords":["ildammuso calatramontana","neve","nicolofabi","costruire","meta","destinazione","freddo","caldo","island","estate","isola","mare","pantelleria","vacanze","viaggio"],"articleSection":["Pippe d'altura","Riflessioni da Pantelleria"],"inLanguage":"it-IT"},{"@type":"WebPage","@id":"https:\/\/www.ildammuso.com\/it\/dal-freddo-dello-stelvio-al-caldo-di-pantelleria-un-viaggio-tra-estremi-climatici\/","url":"https:\/\/www.ildammuso.com\/it\/dal-freddo-dello-stelvio-al-caldo-di-pantelleria-un-viaggio-tra-estremi-climatici\/","name":"Dal freddo dello Stelvio al caldo di Pantelleria: un viaggio tra estremi climatici | Il Dammuso","isPartOf":{"@id":"https:\/\/www.ildammuso.com\/it\/#website"},"primaryImageOfPage":{"@id":"https:\/\/www.ildammuso.com\/it\/dal-freddo-dello-stelvio-al-caldo-di-pantelleria-un-viaggio-tra-estremi-climatici\/#primaryimage"},"image":{"@id":"https:\/\/www.ildammuso.com\/it\/dal-freddo-dello-stelvio-al-caldo-di-pantelleria-un-viaggio-tra-estremi-climatici\/#primaryimage"},"thumbnailUrl":"https:\/\/storage1254.cdn-immedia.net\/wp-content\/uploads\/2024\/07\/tetti_sole-scaled.jpg","datePublished":"2024-07-16T09:02:03+00:00","dateModified":"2024-07-16T09:02:05+00:00","description":"\"Dal freddo dello Stelvio al caldo di Pantelleria: un viaggio tra estremi climatici\": leggi l'articolo completo nel blog de Il Dammuso!","breadcrumb":{"@id":"https:\/\/www.ildammuso.com\/it\/dal-freddo-dello-stelvio-al-caldo-di-pantelleria-un-viaggio-tra-estremi-climatici\/#breadcrumb"},"inLanguage":"it-IT","potentialAction":[{"@type":"ReadAction","target":["https:\/\/www.ildammuso.com\/it\/dal-freddo-dello-stelvio-al-caldo-di-pantelleria-un-viaggio-tra-estremi-climatici\/"]}]},{"@type":"ImageObject","inLanguage":"it-IT","@id":"https:\/\/www.ildammuso.com\/it\/dal-freddo-dello-stelvio-al-caldo-di-pantelleria-un-viaggio-tra-estremi-climatici\/#primaryimage","url":"https:\/\/storage1254.cdn-immedia.net\/wp-content\/uploads\/2024\/07\/tetti_sole-scaled.jpg","contentUrl":"https:\/\/storage1254.cdn-immedia.net\/wp-content\/uploads\/2024\/07\/tetti_sole-scaled.jpg","width":2560,"height":1928,"caption":"Oplus_0"},{"@type":"BreadcrumbList","@id":"https:\/\/www.ildammuso.com\/it\/dal-freddo-dello-stelvio-al-caldo-di-pantelleria-un-viaggio-tra-estremi-climatici\/#breadcrumb","itemListElement":[{"@type":"ListItem","position":1,"name":"Home","item":"https:\/\/www.ildammuso.com\/it\/"},{"@type":"ListItem","position":2,"name":"&nbsp;"}]},{"@type":"WebSite","@id":"https:\/\/www.ildammuso.com\/it\/#website","url":"https:\/\/www.ildammuso.com\/it\/","name":"Il Dammuso","description":"Il tuo Dammuso a Pantelleria","publisher":{"@id":"https:\/\/www.ildammuso.com\/it\/#organization"},"potentialAction":[{"@type":"SearchAction","target":{"@type":"EntryPoint","urlTemplate":"https:\/\/www.ildammuso.com\/it\/?s={search_term_string}"},"query-input":{"@type":"PropertyValueSpecification","valueRequired":true,"valueName":"search_term_string"}}],"inLanguage":"it-IT"},{"@type":"Organization","@id":"https:\/\/www.ildammuso.com\/it\/#organization","name":"Il Dammuso","url":"https:\/\/www.ildammuso.com\/it\/","logo":{"@type":"ImageObject","inLanguage":"it-IT","@id":"https:\/\/www.ildammuso.com\/it\/#\/schema\/logo\/image\/","url":"https:\/\/storage1254.cdn-immedia.net\/wp-content\/uploads\/2022\/06\/logo-ildammuso.jpg","contentUrl":"https:\/\/storage1254.cdn-immedia.net\/wp-content\/uploads\/2022\/06\/logo-ildammuso.jpg","width":426,"height":395,"caption":"Il Dammuso"},"image":{"@id":"https:\/\/www.ildammuso.com\/it\/#\/schema\/logo\/image\/"},"sameAs":["https:\/\/www.facebook.com\/ildammusodipantelleria\/","https:\/\/www.instagram.com\/ildammusogram\/"]},{"@type":"Person","@id":"https:\/\/www.ildammuso.com\/it\/#\/schema\/person\/a97bc2634c1ae772b6efbb07fef2b3a8","name":"claudia","image":{"@type":"ImageObject","inLanguage":"it-IT","@id":"https:\/\/secure.gravatar.com\/avatar\/bfa9e85032faeaffeaaafd48c7c09ad8da852ff133d8361db8721aff28093ebe?s=96&d=mm&r=g","url":"https:\/\/secure.gravatar.com\/avatar\/bfa9e85032faeaffeaaafd48c7c09ad8da852ff133d8361db8721aff28093ebe?s=96&d=mm&r=g","contentUrl":"https:\/\/secure.gravatar.com\/avatar\/bfa9e85032faeaffeaaafd48c7c09ad8da852ff133d8361db8721aff28093ebe?s=96&d=mm&r=g","caption":"claudia"}}]}},"_links":{"self":[{"href":"https:\/\/www.ildammuso.com\/it\/wp-json\/wp\/v2\/posts\/25523","targetHints":{"allow":["GET"]}}],"collection":[{"href":"https:\/\/www.ildammuso.com\/it\/wp-json\/wp\/v2\/posts"}],"about":[{"href":"https:\/\/www.ildammuso.com\/it\/wp-json\/wp\/v2\/types\/post"}],"author":[{"embeddable":true,"href":"https:\/\/www.ildammuso.com\/it\/wp-json\/wp\/v2\/users\/3"}],"replies":[{"embeddable":true,"href":"https:\/\/www.ildammuso.com\/it\/wp-json\/wp\/v2\/comments?post=25523"}],"version-history":[{"count":1,"href":"https:\/\/www.ildammuso.com\/it\/wp-json\/wp\/v2\/posts\/25523\/revisions"}],"predecessor-version":[{"id":25528,"href":"https:\/\/www.ildammuso.com\/it\/wp-json\/wp\/v2\/posts\/25523\/revisions\/25528"}],"wp:featuredmedia":[{"embeddable":true,"href":"https:\/\/www.ildammuso.com\/it\/wp-json\/wp\/v2\/media\/25526"}],"wp:attachment":[{"href":"https:\/\/www.ildammuso.com\/it\/wp-json\/wp\/v2\/media?parent=25523"}],"wp:term":[{"taxonomy":"category","embeddable":true,"href":"https:\/\/www.ildammuso.com\/it\/wp-json\/wp\/v2\/categories?post=25523"},{"taxonomy":"post_tag","embeddable":true,"href":"https:\/\/www.ildammuso.com\/it\/wp-json\/wp\/v2\/tags?post=25523"}],"curies":[{"name":"wp","href":"https:\/\/api.w.org\/{rel}","templated":true}]}}