{"id":26092,"date":"2024-08-16T09:21:59","date_gmt":"2024-08-16T07:21:59","guid":{"rendered":"https:\/\/www.ildammuso.com\/?p=26092"},"modified":"2024-08-16T09:22:01","modified_gmt":"2024-08-16T07:22:01","slug":"viaggio-tra-memoria-e-sapori-dalle-madonie-a-pantelleria-un-ritorno-alle-radici","status":"publish","type":"post","link":"https:\/\/www.ildammuso.com\/it\/viaggio-tra-memoria-e-sapori-dalle-madonie-a-pantelleria-un-ritorno-alle-radici\/","title":{"rendered":"Viaggio tra memoria e sapori: dalle Madonie a Pantelleria, un ritorno alle radici"},"content":{"rendered":"\n<p>C\u2019\u00e8 un posto sulle Madonie che ormai, pur esistendo realmente, risiede pi\u00f9 nella geografia del mio cuore che in quella spaziale.<br>\u00c8 una piccola casa su una collina che guarda a un paese che, visto da l\u00ec, sembra una cascata di tetti.<br>\u00c8 il luogo della me bambina, quella che respirava ancora dal seno materno e della me ragazzina, emancipata a forza da quell\u2019intreccio di odori, abile cacciatrice di grilli da liberare poi in una nuvola di riconquistata autonomia, alla ricerca costante di rametti di liquirizia da dissotterrare e succhiare e impegnata in improbabili gare di apnea nell&#8217;abbeveratoio vicino.<br><\/p>\n\n\n\n<p>Vigili come gendarmi, all\u2019ingresso del vialetto che conduceva alla casa, due grandi querce totalmente avviluppate da cespugliosi e spinosi rovi di more.<br>Tra gridolini e infantili imprecazioni mi introducevo nel groviglio e una ad una, scelte con cura e maestria, le facevo fuori tutte.<br>Dalle pi\u00f9 morbide e dolci alle pi\u00f9 aspre e immature.<br>Sapore indimenticabile, come gli immancabili graffi a sangue per venire fuori dall\u2019intrico nodoso.<br><br>Pantelleria.<br>La casa nella quale abito \u00e8 in alto su una collina.<br>Una strada stretta e incerta (il doppio senso la rende percorribile in maniera dubbiosa) sulla quale pochi giorni fa mi sono imbattuta in una scena dal SAPORE indimenticabile.<br>Entrambi i versanti della via sono percorsi da rovi di more e chino, lento e preciso, come la me bambina, un uomo anziano con un sacchetto di tela sceglieva con lentezza quei frutti spontanei.<br>L\u2019ho seguito piano piano, per non disturbarlo.<br>In auto camminavo al suo passo, per non infastidirlo nel suo meticoloso lavoro.<br>A un tratto me lo sono ritrovato, l\u2019uomo intendo, curvo al mio finestrino con un pugno di quei frutti spontanei in una mano.<br>\u201cSono i suoi\u201d, mi ha detto.<br>Li ho presi furtivamente, come li avessi rubati, e gli ho regalato il sorriso pi\u00f9 felice di questa mia mezza et\u00e0.<br><br>la pi\u00f9 bruna delle more l\u2019ho subito portata alla bocca e all\u2019improvviso \u00e8 riaffiorato, tra lingua e palato, il gusto di quei frutti minuscoli e asprigni.<br><br>Collocazione diversa.<br>Dalle Madonie al viottolo pantesco, con vista su Rekhale, la strada \u00e8 tanta.<br>Ma sembra che per certi ricordi il percorso duri solo qualche attimo.\u00a0<\/p>\n","protected":false},"excerpt":{"rendered":"<p>C\u2019\u00e8 un posto sulle Madonie che ormai, pur esistendo realmente, [&hellip;]<\/p>\n","protected":false},"author":3,"featured_media":26093,"comment_status":"closed","ping_status":"closed","sticky":false,"template":"","format":"standard","meta":{"_acf_changed":false,"footnotes":""},"categories":[1],"tags":[],"class_list":["post-26092","post","type-post","status-publish","format-standard","has-post-thumbnail","hentry","category-ildammuso-com"],"acf":[],"yoast_head":"<!-- This site is optimized with the Yoast SEO plugin v27.4 - https:\/\/yoast.com\/product\/yoast-seo-wordpress\/ -->\n<title>Viaggio tra memoria e sapori: dalle Madonie a Pantelleria, un ritorno alle radici | Il Dammuso<\/title>\n<meta name=\"description\" content=\"&quot;Viaggio tra memoria e sapori: dalle Madonie a Pantelleria, un ritorno alle radici&quot;: leggi l&#039;articolo completo nel blog de Il Dammuso!\" \/>\n<meta name=\"robots\" content=\"index, follow, max-snippet:-1, max-image-preview:large, max-video-preview:-1\" \/>\n<link rel=\"canonical\" href=\"https:\/\/www.ildammuso.com\/it\/viaggio-tra-memoria-e-sapori-dalle-madonie-a-pantelleria-un-ritorno-alle-radici\/\" \/>\n<meta property=\"og:locale\" content=\"it_IT\" \/>\n<meta property=\"og:type\" content=\"article\" \/>\n<meta property=\"og:title\" content=\"Viaggio tra memoria e sapori: dalle Madonie a Pantelleria, un ritorno alle radici | Il Dammuso\" \/>\n<meta property=\"og:description\" content=\"&quot;Viaggio tra memoria e sapori: dalle Madonie a Pantelleria, un ritorno alle radici&quot;: leggi l&#039;articolo completo nel blog de Il Dammuso!\" \/>\n<meta property=\"og:url\" content=\"https:\/\/www.ildammuso.com\/it\/viaggio-tra-memoria-e-sapori-dalle-madonie-a-pantelleria-un-ritorno-alle-radici\/\" \/>\n<meta property=\"og:site_name\" content=\"Il Dammuso\" \/>\n<meta property=\"article:publisher\" content=\"https:\/\/www.facebook.com\/ildammusodipantelleria\/\" \/>\n<meta property=\"article:published_time\" content=\"2024-08-16T07:21:59+00:00\" \/>\n<meta property=\"article:modified_time\" content=\"2024-08-16T07:22:01+00:00\" \/>\n<meta property=\"og:image\" content=\"https:\/\/storage1254.cdn-immedia.net\/wp-content\/uploads\/2024\/08\/le-more-scaled.jpg\" \/>\n\t<meta property=\"og:image:width\" content=\"2560\" \/>\n\t<meta property=\"og:image:height\" content=\"1928\" \/>\n\t<meta property=\"og:image:type\" content=\"image\/jpeg\" \/>\n<meta name=\"author\" content=\"claudia\" \/>\n<meta name=\"twitter:card\" content=\"summary_large_image\" \/>\n<meta name=\"twitter:label1\" content=\"Scritto da\" \/>\n\t<meta name=\"twitter:data1\" content=\"claudia\" \/>\n\t<meta name=\"twitter:label2\" content=\"Tempo di lettura stimato\" \/>\n\t<meta name=\"twitter:data2\" content=\"3 minuti\" \/>\n<script type=\"application\/ld+json\" class=\"yoast-schema-graph\">{\"@context\":\"https:\\\/\\\/schema.org\",\"@graph\":[{\"@type\":\"Article\",\"@id\":\"https:\\\/\\\/www.ildammuso.com\\\/it\\\/viaggio-tra-memoria-e-sapori-dalle-madonie-a-pantelleria-un-ritorno-alle-radici\\\/#article\",\"isPartOf\":{\"@id\":\"https:\\\/\\\/www.ildammuso.com\\\/it\\\/viaggio-tra-memoria-e-sapori-dalle-madonie-a-pantelleria-un-ritorno-alle-radici\\\/\"},\"author\":{\"name\":\"claudia\",\"@id\":\"https:\\\/\\\/www.ildammuso.com\\\/it\\\/#\\\/schema\\\/person\\\/a97bc2634c1ae772b6efbb07fef2b3a8\"},\"headline\":\"Viaggio tra memoria e sapori: dalle Madonie a Pantelleria, un ritorno alle radici\",\"datePublished\":\"2024-08-16T07:21:59+00:00\",\"dateModified\":\"2024-08-16T07:22:01+00:00\",\"mainEntityOfPage\":{\"@id\":\"https:\\\/\\\/www.ildammuso.com\\\/it\\\/viaggio-tra-memoria-e-sapori-dalle-madonie-a-pantelleria-un-ritorno-alle-radici\\\/\"},\"wordCount\":379,\"publisher\":{\"@id\":\"https:\\\/\\\/www.ildammuso.com\\\/it\\\/#organization\"},\"image\":{\"@id\":\"https:\\\/\\\/www.ildammuso.com\\\/it\\\/viaggio-tra-memoria-e-sapori-dalle-madonie-a-pantelleria-un-ritorno-alle-radici\\\/#primaryimage\"},\"thumbnailUrl\":\"https:\\\/\\\/www.ildammuso.com\\\/wp-content\\\/uploads\\\/2024\\\/08\\\/le-more-scaled.jpg\",\"articleSection\":[\"ildammuso.com\"],\"inLanguage\":\"it-IT\"},{\"@type\":\"WebPage\",\"@id\":\"https:\\\/\\\/www.ildammuso.com\\\/it\\\/viaggio-tra-memoria-e-sapori-dalle-madonie-a-pantelleria-un-ritorno-alle-radici\\\/\",\"url\":\"https:\\\/\\\/www.ildammuso.com\\\/it\\\/viaggio-tra-memoria-e-sapori-dalle-madonie-a-pantelleria-un-ritorno-alle-radici\\\/\",\"name\":\"Viaggio tra memoria e sapori: dalle Madonie a Pantelleria, un ritorno alle radici | Il Dammuso\",\"isPartOf\":{\"@id\":\"https:\\\/\\\/www.ildammuso.com\\\/it\\\/#website\"},\"primaryImageOfPage\":{\"@id\":\"https:\\\/\\\/www.ildammuso.com\\\/it\\\/viaggio-tra-memoria-e-sapori-dalle-madonie-a-pantelleria-un-ritorno-alle-radici\\\/#primaryimage\"},\"image\":{\"@id\":\"https:\\\/\\\/www.ildammuso.com\\\/it\\\/viaggio-tra-memoria-e-sapori-dalle-madonie-a-pantelleria-un-ritorno-alle-radici\\\/#primaryimage\"},\"thumbnailUrl\":\"https:\\\/\\\/www.ildammuso.com\\\/wp-content\\\/uploads\\\/2024\\\/08\\\/le-more-scaled.jpg\",\"datePublished\":\"2024-08-16T07:21:59+00:00\",\"dateModified\":\"2024-08-16T07:22:01+00:00\",\"description\":\"\\\"Viaggio tra memoria e sapori: dalle Madonie a Pantelleria, un ritorno alle radici\\\": leggi l'articolo completo nel blog de Il Dammuso!\",\"breadcrumb\":{\"@id\":\"https:\\\/\\\/www.ildammuso.com\\\/it\\\/viaggio-tra-memoria-e-sapori-dalle-madonie-a-pantelleria-un-ritorno-alle-radici\\\/#breadcrumb\"},\"inLanguage\":\"it-IT\",\"potentialAction\":[{\"@type\":\"ReadAction\",\"target\":[\"https:\\\/\\\/www.ildammuso.com\\\/it\\\/viaggio-tra-memoria-e-sapori-dalle-madonie-a-pantelleria-un-ritorno-alle-radici\\\/\"]}]},{\"@type\":\"ImageObject\",\"inLanguage\":\"it-IT\",\"@id\":\"https:\\\/\\\/www.ildammuso.com\\\/it\\\/viaggio-tra-memoria-e-sapori-dalle-madonie-a-pantelleria-un-ritorno-alle-radici\\\/#primaryimage\",\"url\":\"https:\\\/\\\/www.ildammuso.com\\\/wp-content\\\/uploads\\\/2024\\\/08\\\/le-more-scaled.jpg\",\"contentUrl\":\"https:\\\/\\\/www.ildammuso.com\\\/wp-content\\\/uploads\\\/2024\\\/08\\\/le-more-scaled.jpg\",\"width\":2560,\"height\":1928,\"caption\":\"oplus_0\"},{\"@type\":\"BreadcrumbList\",\"@id\":\"https:\\\/\\\/www.ildammuso.com\\\/it\\\/viaggio-tra-memoria-e-sapori-dalle-madonie-a-pantelleria-un-ritorno-alle-radici\\\/#breadcrumb\",\"itemListElement\":[{\"@type\":\"ListItem\",\"position\":1,\"name\":\"Home\",\"item\":\"https:\\\/\\\/www.ildammuso.com\\\/it\\\/\"},{\"@type\":\"ListItem\",\"position\":2,\"name\":\"&nbsp;\"}]},{\"@type\":\"WebSite\",\"@id\":\"https:\\\/\\\/www.ildammuso.com\\\/it\\\/#website\",\"url\":\"https:\\\/\\\/www.ildammuso.com\\\/it\\\/\",\"name\":\"Il Dammuso\",\"description\":\"Il tuo Dammuso a Pantelleria\",\"publisher\":{\"@id\":\"https:\\\/\\\/www.ildammuso.com\\\/it\\\/#organization\"},\"potentialAction\":[{\"@type\":\"SearchAction\",\"target\":{\"@type\":\"EntryPoint\",\"urlTemplate\":\"https:\\\/\\\/www.ildammuso.com\\\/it\\\/?s={search_term_string}\"},\"query-input\":{\"@type\":\"PropertyValueSpecification\",\"valueRequired\":true,\"valueName\":\"search_term_string\"}}],\"inLanguage\":\"it-IT\"},{\"@type\":\"Organization\",\"@id\":\"https:\\\/\\\/www.ildammuso.com\\\/it\\\/#organization\",\"name\":\"Il Dammuso\",\"url\":\"https:\\\/\\\/www.ildammuso.com\\\/it\\\/\",\"logo\":{\"@type\":\"ImageObject\",\"inLanguage\":\"it-IT\",\"@id\":\"https:\\\/\\\/www.ildammuso.com\\\/it\\\/#\\\/schema\\\/logo\\\/image\\\/\",\"url\":\"https:\\\/\\\/www.ildammuso.com\\\/wp-content\\\/uploads\\\/2022\\\/06\\\/logo-ildammuso.jpg\",\"contentUrl\":\"https:\\\/\\\/www.ildammuso.com\\\/wp-content\\\/uploads\\\/2022\\\/06\\\/logo-ildammuso.jpg\",\"width\":426,\"height\":395,\"caption\":\"Il Dammuso\"},\"image\":{\"@id\":\"https:\\\/\\\/www.ildammuso.com\\\/it\\\/#\\\/schema\\\/logo\\\/image\\\/\"},\"sameAs\":[\"https:\\\/\\\/www.facebook.com\\\/ildammusodipantelleria\\\/\",\"https:\\\/\\\/www.instagram.com\\\/ildammusogram\\\/\"]},{\"@type\":\"Person\",\"@id\":\"https:\\\/\\\/www.ildammuso.com\\\/it\\\/#\\\/schema\\\/person\\\/a97bc2634c1ae772b6efbb07fef2b3a8\",\"name\":\"claudia\",\"image\":{\"@type\":\"ImageObject\",\"inLanguage\":\"it-IT\",\"@id\":\"https:\\\/\\\/secure.gravatar.com\\\/avatar\\\/bfa9e85032faeaffeaaafd48c7c09ad8da852ff133d8361db8721aff28093ebe?s=96&d=mm&r=g\",\"url\":\"https:\\\/\\\/secure.gravatar.com\\\/avatar\\\/bfa9e85032faeaffeaaafd48c7c09ad8da852ff133d8361db8721aff28093ebe?s=96&d=mm&r=g\",\"contentUrl\":\"https:\\\/\\\/secure.gravatar.com\\\/avatar\\\/bfa9e85032faeaffeaaafd48c7c09ad8da852ff133d8361db8721aff28093ebe?s=96&d=mm&r=g\",\"caption\":\"claudia\"}}]}<\/script>\n<!-- \/ Yoast SEO plugin. -->","yoast_head_json":{"title":"Viaggio tra memoria e sapori: dalle Madonie a Pantelleria, un ritorno alle radici | Il Dammuso","description":"\"Viaggio tra memoria e sapori: dalle Madonie a Pantelleria, un ritorno alle radici\": leggi l'articolo completo nel blog de Il Dammuso!","robots":{"index":"index","follow":"follow","max-snippet":"max-snippet:-1","max-image-preview":"max-image-preview:large","max-video-preview":"max-video-preview:-1"},"canonical":"https:\/\/www.ildammuso.com\/it\/viaggio-tra-memoria-e-sapori-dalle-madonie-a-pantelleria-un-ritorno-alle-radici\/","og_locale":"it_IT","og_type":"article","og_title":"Viaggio tra memoria e sapori: dalle Madonie a Pantelleria, un ritorno alle radici | Il Dammuso","og_description":"\"Viaggio tra memoria e sapori: dalle Madonie a Pantelleria, un ritorno alle radici\": leggi l'articolo completo nel blog de Il Dammuso!","og_url":"https:\/\/www.ildammuso.com\/it\/viaggio-tra-memoria-e-sapori-dalle-madonie-a-pantelleria-un-ritorno-alle-radici\/","og_site_name":"Il Dammuso","article_publisher":"https:\/\/www.facebook.com\/ildammusodipantelleria\/","article_published_time":"2024-08-16T07:21:59+00:00","article_modified_time":"2024-08-16T07:22:01+00:00","og_image":[{"width":2560,"height":1928,"url":"https:\/\/storage1254.cdn-immedia.net\/wp-content\/uploads\/2024\/08\/le-more-scaled.jpg","type":"image\/jpeg"}],"author":"claudia","twitter_card":"summary_large_image","twitter_misc":{"Scritto da":"claudia","Tempo di lettura stimato":"3 minuti"},"schema":{"@context":"https:\/\/schema.org","@graph":[{"@type":"Article","@id":"https:\/\/www.ildammuso.com\/it\/viaggio-tra-memoria-e-sapori-dalle-madonie-a-pantelleria-un-ritorno-alle-radici\/#article","isPartOf":{"@id":"https:\/\/www.ildammuso.com\/it\/viaggio-tra-memoria-e-sapori-dalle-madonie-a-pantelleria-un-ritorno-alle-radici\/"},"author":{"name":"claudia","@id":"https:\/\/www.ildammuso.com\/it\/#\/schema\/person\/a97bc2634c1ae772b6efbb07fef2b3a8"},"headline":"Viaggio tra memoria e sapori: dalle Madonie a Pantelleria, un ritorno alle radici","datePublished":"2024-08-16T07:21:59+00:00","dateModified":"2024-08-16T07:22:01+00:00","mainEntityOfPage":{"@id":"https:\/\/www.ildammuso.com\/it\/viaggio-tra-memoria-e-sapori-dalle-madonie-a-pantelleria-un-ritorno-alle-radici\/"},"wordCount":379,"publisher":{"@id":"https:\/\/www.ildammuso.com\/it\/#organization"},"image":{"@id":"https:\/\/www.ildammuso.com\/it\/viaggio-tra-memoria-e-sapori-dalle-madonie-a-pantelleria-un-ritorno-alle-radici\/#primaryimage"},"thumbnailUrl":"https:\/\/storage1254.cdn-immedia.net\/wp-content\/uploads\/2024\/08\/le-more-scaled.jpg","articleSection":["ildammuso.com"],"inLanguage":"it-IT"},{"@type":"WebPage","@id":"https:\/\/www.ildammuso.com\/it\/viaggio-tra-memoria-e-sapori-dalle-madonie-a-pantelleria-un-ritorno-alle-radici\/","url":"https:\/\/www.ildammuso.com\/it\/viaggio-tra-memoria-e-sapori-dalle-madonie-a-pantelleria-un-ritorno-alle-radici\/","name":"Viaggio tra memoria e sapori: dalle Madonie a Pantelleria, un ritorno alle radici | Il Dammuso","isPartOf":{"@id":"https:\/\/www.ildammuso.com\/it\/#website"},"primaryImageOfPage":{"@id":"https:\/\/www.ildammuso.com\/it\/viaggio-tra-memoria-e-sapori-dalle-madonie-a-pantelleria-un-ritorno-alle-radici\/#primaryimage"},"image":{"@id":"https:\/\/www.ildammuso.com\/it\/viaggio-tra-memoria-e-sapori-dalle-madonie-a-pantelleria-un-ritorno-alle-radici\/#primaryimage"},"thumbnailUrl":"https:\/\/storage1254.cdn-immedia.net\/wp-content\/uploads\/2024\/08\/le-more-scaled.jpg","datePublished":"2024-08-16T07:21:59+00:00","dateModified":"2024-08-16T07:22:01+00:00","description":"\"Viaggio tra memoria e sapori: dalle Madonie a Pantelleria, un ritorno alle radici\": leggi l'articolo completo nel blog de Il Dammuso!","breadcrumb":{"@id":"https:\/\/www.ildammuso.com\/it\/viaggio-tra-memoria-e-sapori-dalle-madonie-a-pantelleria-un-ritorno-alle-radici\/#breadcrumb"},"inLanguage":"it-IT","potentialAction":[{"@type":"ReadAction","target":["https:\/\/www.ildammuso.com\/it\/viaggio-tra-memoria-e-sapori-dalle-madonie-a-pantelleria-un-ritorno-alle-radici\/"]}]},{"@type":"ImageObject","inLanguage":"it-IT","@id":"https:\/\/www.ildammuso.com\/it\/viaggio-tra-memoria-e-sapori-dalle-madonie-a-pantelleria-un-ritorno-alle-radici\/#primaryimage","url":"https:\/\/storage1254.cdn-immedia.net\/wp-content\/uploads\/2024\/08\/le-more-scaled.jpg","contentUrl":"https:\/\/storage1254.cdn-immedia.net\/wp-content\/uploads\/2024\/08\/le-more-scaled.jpg","width":2560,"height":1928,"caption":"oplus_0"},{"@type":"BreadcrumbList","@id":"https:\/\/www.ildammuso.com\/it\/viaggio-tra-memoria-e-sapori-dalle-madonie-a-pantelleria-un-ritorno-alle-radici\/#breadcrumb","itemListElement":[{"@type":"ListItem","position":1,"name":"Home","item":"https:\/\/www.ildammuso.com\/it\/"},{"@type":"ListItem","position":2,"name":"&nbsp;"}]},{"@type":"WebSite","@id":"https:\/\/www.ildammuso.com\/it\/#website","url":"https:\/\/www.ildammuso.com\/it\/","name":"Il Dammuso","description":"Il tuo Dammuso a Pantelleria","publisher":{"@id":"https:\/\/www.ildammuso.com\/it\/#organization"},"potentialAction":[{"@type":"SearchAction","target":{"@type":"EntryPoint","urlTemplate":"https:\/\/www.ildammuso.com\/it\/?s={search_term_string}"},"query-input":{"@type":"PropertyValueSpecification","valueRequired":true,"valueName":"search_term_string"}}],"inLanguage":"it-IT"},{"@type":"Organization","@id":"https:\/\/www.ildammuso.com\/it\/#organization","name":"Il Dammuso","url":"https:\/\/www.ildammuso.com\/it\/","logo":{"@type":"ImageObject","inLanguage":"it-IT","@id":"https:\/\/www.ildammuso.com\/it\/#\/schema\/logo\/image\/","url":"https:\/\/storage1254.cdn-immedia.net\/wp-content\/uploads\/2022\/06\/logo-ildammuso.jpg","contentUrl":"https:\/\/storage1254.cdn-immedia.net\/wp-content\/uploads\/2022\/06\/logo-ildammuso.jpg","width":426,"height":395,"caption":"Il Dammuso"},"image":{"@id":"https:\/\/www.ildammuso.com\/it\/#\/schema\/logo\/image\/"},"sameAs":["https:\/\/www.facebook.com\/ildammusodipantelleria\/","https:\/\/www.instagram.com\/ildammusogram\/"]},{"@type":"Person","@id":"https:\/\/www.ildammuso.com\/it\/#\/schema\/person\/a97bc2634c1ae772b6efbb07fef2b3a8","name":"claudia","image":{"@type":"ImageObject","inLanguage":"it-IT","@id":"https:\/\/secure.gravatar.com\/avatar\/bfa9e85032faeaffeaaafd48c7c09ad8da852ff133d8361db8721aff28093ebe?s=96&d=mm&r=g","url":"https:\/\/secure.gravatar.com\/avatar\/bfa9e85032faeaffeaaafd48c7c09ad8da852ff133d8361db8721aff28093ebe?s=96&d=mm&r=g","contentUrl":"https:\/\/secure.gravatar.com\/avatar\/bfa9e85032faeaffeaaafd48c7c09ad8da852ff133d8361db8721aff28093ebe?s=96&d=mm&r=g","caption":"claudia"}}]}},"_links":{"self":[{"href":"https:\/\/www.ildammuso.com\/it\/wp-json\/wp\/v2\/posts\/26092","targetHints":{"allow":["GET"]}}],"collection":[{"href":"https:\/\/www.ildammuso.com\/it\/wp-json\/wp\/v2\/posts"}],"about":[{"href":"https:\/\/www.ildammuso.com\/it\/wp-json\/wp\/v2\/types\/post"}],"author":[{"embeddable":true,"href":"https:\/\/www.ildammuso.com\/it\/wp-json\/wp\/v2\/users\/3"}],"replies":[{"embeddable":true,"href":"https:\/\/www.ildammuso.com\/it\/wp-json\/wp\/v2\/comments?post=26092"}],"version-history":[{"count":1,"href":"https:\/\/www.ildammuso.com\/it\/wp-json\/wp\/v2\/posts\/26092\/revisions"}],"predecessor-version":[{"id":26095,"href":"https:\/\/www.ildammuso.com\/it\/wp-json\/wp\/v2\/posts\/26092\/revisions\/26095"}],"wp:featuredmedia":[{"embeddable":true,"href":"https:\/\/www.ildammuso.com\/it\/wp-json\/wp\/v2\/media\/26093"}],"wp:attachment":[{"href":"https:\/\/www.ildammuso.com\/it\/wp-json\/wp\/v2\/media?parent=26092"}],"wp:term":[{"taxonomy":"category","embeddable":true,"href":"https:\/\/www.ildammuso.com\/it\/wp-json\/wp\/v2\/categories?post=26092"},{"taxonomy":"post_tag","embeddable":true,"href":"https:\/\/www.ildammuso.com\/it\/wp-json\/wp\/v2\/tags?post=26092"}],"curies":[{"name":"wp","href":"https:\/\/api.w.org\/{rel}","templated":true}]}}