{"id":26335,"date":"2024-09-24T09:40:02","date_gmt":"2024-09-24T07:40:02","guid":{"rendered":"https:\/\/www.ildammuso.com\/?p=26335"},"modified":"2024-09-24T09:40:07","modified_gmt":"2024-09-24T07:40:07","slug":"pantelleria-un-viaggio-oltre-il-visibile-scopri-lisola-vivente-senza-preconcetti","status":"publish","type":"post","link":"https:\/\/www.ildammuso.com\/it\/pantelleria-un-viaggio-oltre-il-visibile-scopri-lisola-vivente-senza-preconcetti\/","title":{"rendered":"Pantelleria: un viaggio oltre il visibile. Scopri &#8220;l&#8217;Isola vivente&#8221; senza preconcetti"},"content":{"rendered":"\n<p>\u00c8 passata da orecchio a orecchio risuonando forte.<br>\u201cPreparate il bagaglio necessario al viaggio\u201d.<br>Eppure sembrerebbe una frase abbastanza banale.<br>Invece (e questa volta non parler\u00f2 di indumenti) esistono diversi tipi di bagagli.<br>Vi sono quelli emotivi, quelli colmi di aspettative o altri debordanti di \u201csogni ad occhi aperti\u201d.<br><br>Quando si decide di intraprendere un viaggio ciascuno di noi lascia parti di s\u00e9 in qualche luogo e ne trasferisce delle altre in un altro.<br>I pi\u00f9 sprovveduti, talvolta, non \u201cpesano\u201d e non \u201cscelgono\u201d con attenzione cosa \u00e8 bene abbandonare a casa e cosa \u00e8 pi\u00f9 opportuno portare con s\u00e9.<br><br>Pantelleria, da questo punto di vista, richiede prospettive differenti.<br>Soprattutto se il visitatore \u00e8 al suo primo approdo.<br><br>Chi per la prima volta \u201cincontra\u201d Pantelleria dovrebbe portare con s\u00e9 una valigia totalmente vuota.<br>Pantelleria non \u00e8 cattedrali gotiche n\u00e9 templi monumentali.<br>Resti archeologi s\u00ec, tanti, per gli appassionati.<br>Solo che Pantelleria \u00e8 monumentale di per s\u00e9.<br>\u00c8 quel luogo in cui l\u2019inezia ha il respiro del capolavoro.<br>Pantelleria \u00e8 fatta di frame che ti si fermano in testa, come tante foto scattate a flusso continuo.<br>Pantelleria \u00e8 percezione, l\u2019assoluto piacere del soggettivo.<br>\u00c8 il \u201csuo\u201d tempo, nella dimensione che ciascuno sceglie.<br>Pu\u00f2 sembrare gigante quando invece la puoi ridurre ad un solo pensiero, ad un&#8217;unica ispirazione.<br><br>Somiglia ad una di quelle nuvole nelle quali io vedo un alce e qualcuno un montone.<br>La si pu\u00f2 raccontare da cento prospettive diverse e, certamente, molte di queste cammineranno parallele lungo percorsi vicini ma tra loro non convergenti.<br>Pantelleria \u00e8 fatta di eteree pagliuzze che entrano nell\u2019occhio.<br>Se solo fosse possibile Pantelleria andrebbe raccontata solo in maniera corale.<br>O tra s\u00e9 e s\u00e9, durante certe notti insonni.<\/p>\n\n\n\n<p>Per questo chiedo a chi prossimamente pogger\u00e0 il suo piede sul liscio basolato di \u201cquesto essere vivente che \u00e8 Pantelleria\u201d, di affrancarsi dal racconto altrui, di abbandonare su una memoria esterna tutto il \u201csentito\u201d, di far finta di avere dimenticato sull\u2019uscio di casa quella valigia piena di emozioni di cui, magari, avevate fatto carico.<\/p>\n\n\n\n<p>Lasciate che sia l\u2019isola a darvi il benvenuto, fate che sia lei a raccontarsi, afferrate quanto pi\u00f9 potete di quella inenarrabile essenza che \u00e8 il respiro di questa \u201cterra vivente\u201d.&nbsp;<\/p>\n\n\n\n<p><\/p>\n","protected":false},"excerpt":{"rendered":"<p>\u00c8 passata da orecchio a orecchio risuonando forte.\u201cPreparate il bagaglio [&hellip;]<\/p>\n","protected":false},"author":3,"featured_media":26336,"comment_status":"closed","ping_status":"closed","sticky":false,"template":"","format":"standard","meta":{"_acf_changed":false,"footnotes":""},"categories":[439],"tags":[1490,1489,1461,1421,1331,1116,1058,228,92,91,103],"class_list":["post-26335","post","type-post","status-publish","format-standard","has-post-thumbnail","hentry","category-riflessioni-da-pantelleria","tag-immagini","tag-ricordo","tag-islandlife","tag-goodvibes","tag-bagaglio-2","tag-slowlife","tag-racconto","tag-ildammuso","tag-isola","tag-pantelleria","tag-viaggio"],"acf":[],"yoast_head":"<!-- This site is optimized with the Yoast SEO plugin v27.5 - https:\/\/yoast.com\/product\/yoast-seo-wordpress\/ -->\n<title>Pantelleria: un viaggio oltre il visibile. Scopri &quot;l&#039;Isola vivente&quot; senza preconcetti | Il Dammuso<\/title>\n<meta name=\"description\" content=\"&quot;Pantelleria: un viaggio oltre il visibile. Scopri &quot;l&#039;Isola vivente&quot; senza preconcetti&quot;: leggi l&#039;articolo completo nel blog de Il Dammuso!\" \/>\n<meta name=\"robots\" content=\"index, follow, max-snippet:-1, max-image-preview:large, max-video-preview:-1\" \/>\n<link rel=\"canonical\" href=\"https:\/\/www.ildammuso.com\/it\/pantelleria-un-viaggio-oltre-il-visibile-scopri-lisola-vivente-senza-preconcetti\/\" \/>\n<meta property=\"og:locale\" content=\"it_IT\" \/>\n<meta property=\"og:type\" content=\"article\" \/>\n<meta property=\"og:title\" content=\"Pantelleria: un viaggio oltre il visibile. Scopri &quot;l&#039;Isola vivente&quot; senza preconcetti | Il Dammuso\" \/>\n<meta property=\"og:description\" content=\"&quot;Pantelleria: un viaggio oltre il visibile. Scopri &quot;l&#039;Isola vivente&quot; senza preconcetti&quot;: leggi l&#039;articolo completo nel blog de Il Dammuso!\" \/>\n<meta property=\"og:url\" content=\"https:\/\/www.ildammuso.com\/it\/pantelleria-un-viaggio-oltre-il-visibile-scopri-lisola-vivente-senza-preconcetti\/\" \/>\n<meta property=\"og:site_name\" content=\"Il Dammuso\" \/>\n<meta property=\"article:publisher\" content=\"https:\/\/www.facebook.com\/ildammusodipantelleria\/\" \/>\n<meta property=\"article:published_time\" content=\"2024-09-24T07:40:02+00:00\" \/>\n<meta property=\"article:modified_time\" content=\"2024-09-24T07:40:07+00:00\" \/>\n<meta property=\"og:image\" content=\"https:\/\/storage1254.cdn-immedia.net\/wp-content\/uploads\/2024\/09\/Terra-vivente-scaled.jpg\" \/>\n\t<meta property=\"og:image:width\" content=\"2560\" \/>\n\t<meta property=\"og:image:height\" content=\"1928\" \/>\n\t<meta property=\"og:image:type\" content=\"image\/jpeg\" \/>\n<meta name=\"author\" content=\"claudia\" \/>\n<meta name=\"twitter:card\" content=\"summary_large_image\" \/>\n<meta name=\"twitter:label1\" content=\"Scritto da\" \/>\n\t<meta name=\"twitter:data1\" content=\"claudia\" \/>\n\t<meta name=\"twitter:label2\" content=\"Tempo di lettura stimato\" \/>\n\t<meta name=\"twitter:data2\" content=\"3 minuti\" \/>\n<script type=\"application\/ld+json\" class=\"yoast-schema-graph\">{\"@context\":\"https:\\\/\\\/schema.org\",\"@graph\":[{\"@type\":\"Article\",\"@id\":\"https:\\\/\\\/www.ildammuso.com\\\/it\\\/pantelleria-un-viaggio-oltre-il-visibile-scopri-lisola-vivente-senza-preconcetti\\\/#article\",\"isPartOf\":{\"@id\":\"https:\\\/\\\/www.ildammuso.com\\\/it\\\/pantelleria-un-viaggio-oltre-il-visibile-scopri-lisola-vivente-senza-preconcetti\\\/\"},\"author\":{\"name\":\"claudia\",\"@id\":\"https:\\\/\\\/www.ildammuso.com\\\/it\\\/#\\\/schema\\\/person\\\/a97bc2634c1ae772b6efbb07fef2b3a8\"},\"headline\":\"Pantelleria: un viaggio oltre il visibile. Scopri &#8220;l&#8217;Isola vivente&#8221; senza preconcetti\",\"datePublished\":\"2024-09-24T07:40:02+00:00\",\"dateModified\":\"2024-09-24T07:40:07+00:00\",\"mainEntityOfPage\":{\"@id\":\"https:\\\/\\\/www.ildammuso.com\\\/it\\\/pantelleria-un-viaggio-oltre-il-visibile-scopri-lisola-vivente-senza-preconcetti\\\/\"},\"wordCount\":373,\"publisher\":{\"@id\":\"https:\\\/\\\/www.ildammuso.com\\\/it\\\/#organization\"},\"image\":{\"@id\":\"https:\\\/\\\/www.ildammuso.com\\\/it\\\/pantelleria-un-viaggio-oltre-il-visibile-scopri-lisola-vivente-senza-preconcetti\\\/#primaryimage\"},\"thumbnailUrl\":\"https:\\\/\\\/www.ildammuso.com\\\/wp-content\\\/uploads\\\/2024\\\/09\\\/Terra-vivente-scaled.jpg\",\"keywords\":[\"immagini\",\"ricordo\",\"islandlife\",\"goodvibes\",\"bagaglio\",\"slowlife\",\"racconto\",\"ildammuso\",\"isola\",\"pantelleria\",\"viaggio\"],\"articleSection\":[\"Riflessioni da Pantelleria\"],\"inLanguage\":\"it-IT\"},{\"@type\":\"WebPage\",\"@id\":\"https:\\\/\\\/www.ildammuso.com\\\/it\\\/pantelleria-un-viaggio-oltre-il-visibile-scopri-lisola-vivente-senza-preconcetti\\\/\",\"url\":\"https:\\\/\\\/www.ildammuso.com\\\/it\\\/pantelleria-un-viaggio-oltre-il-visibile-scopri-lisola-vivente-senza-preconcetti\\\/\",\"name\":\"Pantelleria: un viaggio oltre il visibile. Scopri \\\"l'Isola vivente\\\" senza preconcetti | Il Dammuso\",\"isPartOf\":{\"@id\":\"https:\\\/\\\/www.ildammuso.com\\\/it\\\/#website\"},\"primaryImageOfPage\":{\"@id\":\"https:\\\/\\\/www.ildammuso.com\\\/it\\\/pantelleria-un-viaggio-oltre-il-visibile-scopri-lisola-vivente-senza-preconcetti\\\/#primaryimage\"},\"image\":{\"@id\":\"https:\\\/\\\/www.ildammuso.com\\\/it\\\/pantelleria-un-viaggio-oltre-il-visibile-scopri-lisola-vivente-senza-preconcetti\\\/#primaryimage\"},\"thumbnailUrl\":\"https:\\\/\\\/www.ildammuso.com\\\/wp-content\\\/uploads\\\/2024\\\/09\\\/Terra-vivente-scaled.jpg\",\"datePublished\":\"2024-09-24T07:40:02+00:00\",\"dateModified\":\"2024-09-24T07:40:07+00:00\",\"description\":\"\\\"Pantelleria: un viaggio oltre il visibile. Scopri \\\"l'Isola vivente\\\" senza preconcetti\\\": leggi l'articolo completo nel blog de Il Dammuso!\",\"breadcrumb\":{\"@id\":\"https:\\\/\\\/www.ildammuso.com\\\/it\\\/pantelleria-un-viaggio-oltre-il-visibile-scopri-lisola-vivente-senza-preconcetti\\\/#breadcrumb\"},\"inLanguage\":\"it-IT\",\"potentialAction\":[{\"@type\":\"ReadAction\",\"target\":[\"https:\\\/\\\/www.ildammuso.com\\\/it\\\/pantelleria-un-viaggio-oltre-il-visibile-scopri-lisola-vivente-senza-preconcetti\\\/\"]}]},{\"@type\":\"ImageObject\",\"inLanguage\":\"it-IT\",\"@id\":\"https:\\\/\\\/www.ildammuso.com\\\/it\\\/pantelleria-un-viaggio-oltre-il-visibile-scopri-lisola-vivente-senza-preconcetti\\\/#primaryimage\",\"url\":\"https:\\\/\\\/www.ildammuso.com\\\/wp-content\\\/uploads\\\/2024\\\/09\\\/Terra-vivente-scaled.jpg\",\"contentUrl\":\"https:\\\/\\\/www.ildammuso.com\\\/wp-content\\\/uploads\\\/2024\\\/09\\\/Terra-vivente-scaled.jpg\",\"width\":2560,\"height\":1928,\"caption\":\"oplus_0\"},{\"@type\":\"BreadcrumbList\",\"@id\":\"https:\\\/\\\/www.ildammuso.com\\\/it\\\/pantelleria-un-viaggio-oltre-il-visibile-scopri-lisola-vivente-senza-preconcetti\\\/#breadcrumb\",\"itemListElement\":[{\"@type\":\"ListItem\",\"position\":1,\"name\":\"Home\",\"item\":\"https:\\\/\\\/www.ildammuso.com\\\/it\\\/\"},{\"@type\":\"ListItem\",\"position\":2,\"name\":\"&nbsp;\"}]},{\"@type\":\"WebSite\",\"@id\":\"https:\\\/\\\/www.ildammuso.com\\\/it\\\/#website\",\"url\":\"https:\\\/\\\/www.ildammuso.com\\\/it\\\/\",\"name\":\"Il Dammuso\",\"description\":\"Il tuo Dammuso a Pantelleria\",\"publisher\":{\"@id\":\"https:\\\/\\\/www.ildammuso.com\\\/it\\\/#organization\"},\"potentialAction\":[{\"@type\":\"SearchAction\",\"target\":{\"@type\":\"EntryPoint\",\"urlTemplate\":\"https:\\\/\\\/www.ildammuso.com\\\/it\\\/?s={search_term_string}\"},\"query-input\":{\"@type\":\"PropertyValueSpecification\",\"valueRequired\":true,\"valueName\":\"search_term_string\"}}],\"inLanguage\":\"it-IT\"},{\"@type\":\"Organization\",\"@id\":\"https:\\\/\\\/www.ildammuso.com\\\/it\\\/#organization\",\"name\":\"Il Dammuso\",\"url\":\"https:\\\/\\\/www.ildammuso.com\\\/it\\\/\",\"logo\":{\"@type\":\"ImageObject\",\"inLanguage\":\"it-IT\",\"@id\":\"https:\\\/\\\/www.ildammuso.com\\\/it\\\/#\\\/schema\\\/logo\\\/image\\\/\",\"url\":\"https:\\\/\\\/www.ildammuso.com\\\/wp-content\\\/uploads\\\/2022\\\/06\\\/logo-ildammuso.jpg\",\"contentUrl\":\"https:\\\/\\\/www.ildammuso.com\\\/wp-content\\\/uploads\\\/2022\\\/06\\\/logo-ildammuso.jpg\",\"width\":426,\"height\":395,\"caption\":\"Il Dammuso\"},\"image\":{\"@id\":\"https:\\\/\\\/www.ildammuso.com\\\/it\\\/#\\\/schema\\\/logo\\\/image\\\/\"},\"sameAs\":[\"https:\\\/\\\/www.facebook.com\\\/ildammusodipantelleria\\\/\",\"https:\\\/\\\/www.instagram.com\\\/ildammusogram\\\/\"]},{\"@type\":\"Person\",\"@id\":\"https:\\\/\\\/www.ildammuso.com\\\/it\\\/#\\\/schema\\\/person\\\/a97bc2634c1ae772b6efbb07fef2b3a8\",\"name\":\"claudia\",\"image\":{\"@type\":\"ImageObject\",\"inLanguage\":\"it-IT\",\"@id\":\"https:\\\/\\\/secure.gravatar.com\\\/avatar\\\/bfa9e85032faeaffeaaafd48c7c09ad8da852ff133d8361db8721aff28093ebe?s=96&d=mm&r=g\",\"url\":\"https:\\\/\\\/secure.gravatar.com\\\/avatar\\\/bfa9e85032faeaffeaaafd48c7c09ad8da852ff133d8361db8721aff28093ebe?s=96&d=mm&r=g\",\"contentUrl\":\"https:\\\/\\\/secure.gravatar.com\\\/avatar\\\/bfa9e85032faeaffeaaafd48c7c09ad8da852ff133d8361db8721aff28093ebe?s=96&d=mm&r=g\",\"caption\":\"claudia\"}}]}<\/script>\n<!-- \/ Yoast SEO plugin. -->","yoast_head_json":{"title":"Pantelleria: un viaggio oltre il visibile. Scopri \"l'Isola vivente\" senza preconcetti | Il Dammuso","description":"\"Pantelleria: un viaggio oltre il visibile. Scopri \"l'Isola vivente\" senza preconcetti\": leggi l'articolo completo nel blog de Il Dammuso!","robots":{"index":"index","follow":"follow","max-snippet":"max-snippet:-1","max-image-preview":"max-image-preview:large","max-video-preview":"max-video-preview:-1"},"canonical":"https:\/\/www.ildammuso.com\/it\/pantelleria-un-viaggio-oltre-il-visibile-scopri-lisola-vivente-senza-preconcetti\/","og_locale":"it_IT","og_type":"article","og_title":"Pantelleria: un viaggio oltre il visibile. Scopri \"l'Isola vivente\" senza preconcetti | Il Dammuso","og_description":"\"Pantelleria: un viaggio oltre il visibile. Scopri \"l'Isola vivente\" senza preconcetti\": leggi l'articolo completo nel blog de Il Dammuso!","og_url":"https:\/\/www.ildammuso.com\/it\/pantelleria-un-viaggio-oltre-il-visibile-scopri-lisola-vivente-senza-preconcetti\/","og_site_name":"Il Dammuso","article_publisher":"https:\/\/www.facebook.com\/ildammusodipantelleria\/","article_published_time":"2024-09-24T07:40:02+00:00","article_modified_time":"2024-09-24T07:40:07+00:00","og_image":[{"width":2560,"height":1928,"url":"https:\/\/storage1254.cdn-immedia.net\/wp-content\/uploads\/2024\/09\/Terra-vivente-scaled.jpg","type":"image\/jpeg"}],"author":"claudia","twitter_card":"summary_large_image","twitter_misc":{"Scritto da":"claudia","Tempo di lettura stimato":"3 minuti"},"schema":{"@context":"https:\/\/schema.org","@graph":[{"@type":"Article","@id":"https:\/\/www.ildammuso.com\/it\/pantelleria-un-viaggio-oltre-il-visibile-scopri-lisola-vivente-senza-preconcetti\/#article","isPartOf":{"@id":"https:\/\/www.ildammuso.com\/it\/pantelleria-un-viaggio-oltre-il-visibile-scopri-lisola-vivente-senza-preconcetti\/"},"author":{"name":"claudia","@id":"https:\/\/www.ildammuso.com\/it\/#\/schema\/person\/a97bc2634c1ae772b6efbb07fef2b3a8"},"headline":"Pantelleria: un viaggio oltre il visibile. Scopri &#8220;l&#8217;Isola vivente&#8221; senza preconcetti","datePublished":"2024-09-24T07:40:02+00:00","dateModified":"2024-09-24T07:40:07+00:00","mainEntityOfPage":{"@id":"https:\/\/www.ildammuso.com\/it\/pantelleria-un-viaggio-oltre-il-visibile-scopri-lisola-vivente-senza-preconcetti\/"},"wordCount":373,"publisher":{"@id":"https:\/\/www.ildammuso.com\/it\/#organization"},"image":{"@id":"https:\/\/www.ildammuso.com\/it\/pantelleria-un-viaggio-oltre-il-visibile-scopri-lisola-vivente-senza-preconcetti\/#primaryimage"},"thumbnailUrl":"https:\/\/storage1254.cdn-immedia.net\/wp-content\/uploads\/2024\/09\/Terra-vivente-scaled.jpg","keywords":["immagini","ricordo","islandlife","goodvibes","bagaglio","slowlife","racconto","ildammuso","isola","pantelleria","viaggio"],"articleSection":["Riflessioni da Pantelleria"],"inLanguage":"it-IT"},{"@type":"WebPage","@id":"https:\/\/www.ildammuso.com\/it\/pantelleria-un-viaggio-oltre-il-visibile-scopri-lisola-vivente-senza-preconcetti\/","url":"https:\/\/www.ildammuso.com\/it\/pantelleria-un-viaggio-oltre-il-visibile-scopri-lisola-vivente-senza-preconcetti\/","name":"Pantelleria: un viaggio oltre il visibile. Scopri \"l'Isola vivente\" senza preconcetti | Il Dammuso","isPartOf":{"@id":"https:\/\/www.ildammuso.com\/it\/#website"},"primaryImageOfPage":{"@id":"https:\/\/www.ildammuso.com\/it\/pantelleria-un-viaggio-oltre-il-visibile-scopri-lisola-vivente-senza-preconcetti\/#primaryimage"},"image":{"@id":"https:\/\/www.ildammuso.com\/it\/pantelleria-un-viaggio-oltre-il-visibile-scopri-lisola-vivente-senza-preconcetti\/#primaryimage"},"thumbnailUrl":"https:\/\/storage1254.cdn-immedia.net\/wp-content\/uploads\/2024\/09\/Terra-vivente-scaled.jpg","datePublished":"2024-09-24T07:40:02+00:00","dateModified":"2024-09-24T07:40:07+00:00","description":"\"Pantelleria: un viaggio oltre il visibile. Scopri \"l'Isola vivente\" senza preconcetti\": leggi l'articolo completo nel blog de Il Dammuso!","breadcrumb":{"@id":"https:\/\/www.ildammuso.com\/it\/pantelleria-un-viaggio-oltre-il-visibile-scopri-lisola-vivente-senza-preconcetti\/#breadcrumb"},"inLanguage":"it-IT","potentialAction":[{"@type":"ReadAction","target":["https:\/\/www.ildammuso.com\/it\/pantelleria-un-viaggio-oltre-il-visibile-scopri-lisola-vivente-senza-preconcetti\/"]}]},{"@type":"ImageObject","inLanguage":"it-IT","@id":"https:\/\/www.ildammuso.com\/it\/pantelleria-un-viaggio-oltre-il-visibile-scopri-lisola-vivente-senza-preconcetti\/#primaryimage","url":"https:\/\/storage1254.cdn-immedia.net\/wp-content\/uploads\/2024\/09\/Terra-vivente-scaled.jpg","contentUrl":"https:\/\/storage1254.cdn-immedia.net\/wp-content\/uploads\/2024\/09\/Terra-vivente-scaled.jpg","width":2560,"height":1928,"caption":"oplus_0"},{"@type":"BreadcrumbList","@id":"https:\/\/www.ildammuso.com\/it\/pantelleria-un-viaggio-oltre-il-visibile-scopri-lisola-vivente-senza-preconcetti\/#breadcrumb","itemListElement":[{"@type":"ListItem","position":1,"name":"Home","item":"https:\/\/www.ildammuso.com\/it\/"},{"@type":"ListItem","position":2,"name":"&nbsp;"}]},{"@type":"WebSite","@id":"https:\/\/www.ildammuso.com\/it\/#website","url":"https:\/\/www.ildammuso.com\/it\/","name":"Il Dammuso","description":"Il tuo Dammuso a Pantelleria","publisher":{"@id":"https:\/\/www.ildammuso.com\/it\/#organization"},"potentialAction":[{"@type":"SearchAction","target":{"@type":"EntryPoint","urlTemplate":"https:\/\/www.ildammuso.com\/it\/?s={search_term_string}"},"query-input":{"@type":"PropertyValueSpecification","valueRequired":true,"valueName":"search_term_string"}}],"inLanguage":"it-IT"},{"@type":"Organization","@id":"https:\/\/www.ildammuso.com\/it\/#organization","name":"Il Dammuso","url":"https:\/\/www.ildammuso.com\/it\/","logo":{"@type":"ImageObject","inLanguage":"it-IT","@id":"https:\/\/www.ildammuso.com\/it\/#\/schema\/logo\/image\/","url":"https:\/\/storage1254.cdn-immedia.net\/wp-content\/uploads\/2022\/06\/logo-ildammuso.jpg","contentUrl":"https:\/\/storage1254.cdn-immedia.net\/wp-content\/uploads\/2022\/06\/logo-ildammuso.jpg","width":426,"height":395,"caption":"Il Dammuso"},"image":{"@id":"https:\/\/www.ildammuso.com\/it\/#\/schema\/logo\/image\/"},"sameAs":["https:\/\/www.facebook.com\/ildammusodipantelleria\/","https:\/\/www.instagram.com\/ildammusogram\/"]},{"@type":"Person","@id":"https:\/\/www.ildammuso.com\/it\/#\/schema\/person\/a97bc2634c1ae772b6efbb07fef2b3a8","name":"claudia","image":{"@type":"ImageObject","inLanguage":"it-IT","@id":"https:\/\/secure.gravatar.com\/avatar\/bfa9e85032faeaffeaaafd48c7c09ad8da852ff133d8361db8721aff28093ebe?s=96&d=mm&r=g","url":"https:\/\/secure.gravatar.com\/avatar\/bfa9e85032faeaffeaaafd48c7c09ad8da852ff133d8361db8721aff28093ebe?s=96&d=mm&r=g","contentUrl":"https:\/\/secure.gravatar.com\/avatar\/bfa9e85032faeaffeaaafd48c7c09ad8da852ff133d8361db8721aff28093ebe?s=96&d=mm&r=g","caption":"claudia"}}]}},"_links":{"self":[{"href":"https:\/\/www.ildammuso.com\/it\/wp-json\/wp\/v2\/posts\/26335","targetHints":{"allow":["GET"]}}],"collection":[{"href":"https:\/\/www.ildammuso.com\/it\/wp-json\/wp\/v2\/posts"}],"about":[{"href":"https:\/\/www.ildammuso.com\/it\/wp-json\/wp\/v2\/types\/post"}],"author":[{"embeddable":true,"href":"https:\/\/www.ildammuso.com\/it\/wp-json\/wp\/v2\/users\/3"}],"replies":[{"embeddable":true,"href":"https:\/\/www.ildammuso.com\/it\/wp-json\/wp\/v2\/comments?post=26335"}],"version-history":[{"count":1,"href":"https:\/\/www.ildammuso.com\/it\/wp-json\/wp\/v2\/posts\/26335\/revisions"}],"predecessor-version":[{"id":26338,"href":"https:\/\/www.ildammuso.com\/it\/wp-json\/wp\/v2\/posts\/26335\/revisions\/26338"}],"wp:featuredmedia":[{"embeddable":true,"href":"https:\/\/www.ildammuso.com\/it\/wp-json\/wp\/v2\/media\/26336"}],"wp:attachment":[{"href":"https:\/\/www.ildammuso.com\/it\/wp-json\/wp\/v2\/media?parent=26335"}],"wp:term":[{"taxonomy":"category","embeddable":true,"href":"https:\/\/www.ildammuso.com\/it\/wp-json\/wp\/v2\/categories?post=26335"},{"taxonomy":"post_tag","embeddable":true,"href":"https:\/\/www.ildammuso.com\/it\/wp-json\/wp\/v2\/tags?post=26335"}],"curies":[{"name":"wp","href":"https:\/\/api.w.org\/{rel}","templated":true}]}}