{"id":26352,"date":"2024-09-27T12:13:49","date_gmt":"2024-09-27T10:13:49","guid":{"rendered":"https:\/\/www.ildammuso.com\/?p=26352"},"modified":"2024-09-27T12:13:51","modified_gmt":"2024-09-27T10:13:51","slug":"il-pantesco-come-ponte-tra-culture-una-storia-di-integrazione-e-speranza","status":"publish","type":"post","link":"https:\/\/www.ildammuso.com\/it\/il-pantesco-come-ponte-tra-culture-una-storia-di-integrazione-e-speranza\/","title":{"rendered":"Il Pantesco come ponte tra culture: una storia di integrazione e speranza"},"content":{"rendered":"\n<p>L\u2019altro giorno ero in uno delle mie pause tra un ingresso e un saluto.<br>Seduta al tavolino del bar U Trattu (che \u00e8 quasi estensione di casa) sorseggiavo il mio caff\u00e8 e mangiavo una cassatella alla ricotta alla quale mancava solo la parola.<br>Totalmente assorta nei miei pensieri.<br>Quando per caso mi accorgo che al tavolo accanto al mio sedevano due ragazzi in abiti da lavoro: uno di origini nordafricane e l\u2019altro, probabilmente, dell\u2019est Europa.<br>Colori totalmente differenti, luoghi di provenienza distanti migliaia di chilometri, lingue che non si somigliano da nessuna parte.<br><br>Eppure parlavano, parlavano fitto.<br>Sapete in che idioma?<br>Parlavano in Pantesco.<br>Ciascuno col proprio accento di provenienza ma in pantesco.<br>\u00c8 stato questo che, di primo acchito, ha acceso il mio interesse.<br>Poi ho cominciato ad ascoltarli.<br><br>Erano felici come due bambini.<br>Continuavano ad appellarsi l\u2019un l\u2019altro \u201cAmicu me\u201d (n.d.r. amico mio).<br>Finalmente avevano trovato casa e se lo raccontavano.<br>Una casa piccola che costava poco ma con un bel giardino intorno.<br>\u201cE possiamo fare un orto\u201d, si dicevano l\u2019un l\u2019altro.<br>Un orto in cui piantare la cipolla, l\u2019insalata, le verdure.<br>Cose da mangiare, insomma.<br>Dicevano in dialetto: \u201cA noi non fa paura lavorare, non abbiamo il trattore ma useremo la zappa\u201d.<br>E continuavano a complimentarsi l\u2019uno con l\u2019altro, per questa casa che li avrebbe accolti l\u2019indomani.<br><br>Emozionati e entusiasti.<br>\u201cNon vedo l\u2019ora che arrivi domani\u201d, continuavano a ripetere.<br>E a me tutto questo mi ha dato speranza.<br>Mi ha fatto pensare che un dialetto pu\u00f2 diventare un ponte per intendersi, che una casa significa molto pi\u00f9 che un tetto e che una cipolla talvolta pu\u00f2 bastare a condire un\u2019esistenza intera.<\/p>\n","protected":false},"excerpt":{"rendered":"<p>L\u2019altro giorno ero in uno delle mie pause tra un [&hellip;]<\/p>\n","protected":false},"author":3,"featured_media":26353,"comment_status":"closed","ping_status":"closed","sticky":false,"template":"","format":"standard","meta":{"_acf_changed":false,"footnotes":""},"categories":[446],"tags":[1493,1491,1494,1496,1497,1468,1469,973,108,228,91],"class_list":["post-26352","post","type-post","status-publish","format-standard","has-post-thumbnail","hentry","category-pantelleria-lisola","tag-ponte","tag-lingua","tag-idioma","tag-verdure","tag-cipolla","tag-house","tag-home-2","tag-orto","tag-casa","tag-ildammuso","tag-pantelleria"],"acf":[],"yoast_head":"<!-- This site is optimized with the Yoast SEO plugin v27.4 - https:\/\/yoast.com\/product\/yoast-seo-wordpress\/ -->\n<title>Il Pantesco come ponte tra culture: una storia di integrazione e speranza | Il Dammuso<\/title>\n<meta name=\"description\" content=\"&quot;Il Pantesco come ponte tra culture: una storia di integrazione e speranza&quot;: leggi l&#039;articolo completo nel blog de Il Dammuso!\" \/>\n<meta name=\"robots\" content=\"index, follow, max-snippet:-1, max-image-preview:large, max-video-preview:-1\" \/>\n<link rel=\"canonical\" href=\"https:\/\/www.ildammuso.com\/it\/il-pantesco-come-ponte-tra-culture-una-storia-di-integrazione-e-speranza\/\" \/>\n<meta property=\"og:locale\" content=\"it_IT\" \/>\n<meta property=\"og:type\" content=\"article\" \/>\n<meta property=\"og:title\" content=\"Il Pantesco come ponte tra culture: una storia di integrazione e speranza | Il Dammuso\" \/>\n<meta property=\"og:description\" content=\"&quot;Il Pantesco come ponte tra culture: una storia di integrazione e speranza&quot;: leggi l&#039;articolo completo nel blog de Il Dammuso!\" \/>\n<meta property=\"og:url\" content=\"https:\/\/www.ildammuso.com\/it\/il-pantesco-come-ponte-tra-culture-una-storia-di-integrazione-e-speranza\/\" \/>\n<meta property=\"og:site_name\" content=\"Il Dammuso\" \/>\n<meta property=\"article:publisher\" content=\"https:\/\/www.facebook.com\/ildammusodipantelleria\/\" \/>\n<meta property=\"article:published_time\" content=\"2024-09-27T10:13:49+00:00\" \/>\n<meta property=\"article:modified_time\" content=\"2024-09-27T10:13:51+00:00\" \/>\n<meta property=\"og:image\" content=\"https:\/\/storage1254.cdn-immedia.net\/wp-content\/uploads\/2024\/09\/amicu-me.jpg\" \/>\n\t<meta property=\"og:image:width\" content=\"2048\" \/>\n\t<meta property=\"og:image:height\" content=\"1536\" \/>\n\t<meta property=\"og:image:type\" content=\"image\/jpeg\" \/>\n<meta name=\"author\" content=\"claudia\" \/>\n<meta name=\"twitter:card\" content=\"summary_large_image\" \/>\n<meta name=\"twitter:label1\" content=\"Scritto da\" \/>\n\t<meta name=\"twitter:data1\" content=\"claudia\" \/>\n\t<meta name=\"twitter:label2\" content=\"Tempo di lettura stimato\" \/>\n\t<meta name=\"twitter:data2\" content=\"2 minuti\" \/>\n<script type=\"application\/ld+json\" class=\"yoast-schema-graph\">{\"@context\":\"https:\\\/\\\/schema.org\",\"@graph\":[{\"@type\":\"Article\",\"@id\":\"https:\\\/\\\/www.ildammuso.com\\\/it\\\/il-pantesco-come-ponte-tra-culture-una-storia-di-integrazione-e-speranza\\\/#article\",\"isPartOf\":{\"@id\":\"https:\\\/\\\/www.ildammuso.com\\\/it\\\/il-pantesco-come-ponte-tra-culture-una-storia-di-integrazione-e-speranza\\\/\"},\"author\":{\"name\":\"claudia\",\"@id\":\"https:\\\/\\\/www.ildammuso.com\\\/it\\\/#\\\/schema\\\/person\\\/a97bc2634c1ae772b6efbb07fef2b3a8\"},\"headline\":\"Il Pantesco come ponte tra culture: una storia di integrazione e speranza\",\"datePublished\":\"2024-09-27T10:13:49+00:00\",\"dateModified\":\"2024-09-27T10:13:51+00:00\",\"mainEntityOfPage\":{\"@id\":\"https:\\\/\\\/www.ildammuso.com\\\/it\\\/il-pantesco-come-ponte-tra-culture-una-storia-di-integrazione-e-speranza\\\/\"},\"wordCount\":299,\"publisher\":{\"@id\":\"https:\\\/\\\/www.ildammuso.com\\\/it\\\/#organization\"},\"image\":{\"@id\":\"https:\\\/\\\/www.ildammuso.com\\\/it\\\/il-pantesco-come-ponte-tra-culture-una-storia-di-integrazione-e-speranza\\\/#primaryimage\"},\"thumbnailUrl\":\"https:\\\/\\\/www.ildammuso.com\\\/wp-content\\\/uploads\\\/2024\\\/09\\\/amicu-me.jpg\",\"keywords\":[\"ponte\",\"lingua\",\"idioma\",\"verdure\",\"cipolla\",\"house\",\"home\",\"orto\",\"casa\",\"ildammuso\",\"pantelleria\"],\"articleSection\":[\"Pantelleria, l'isola\"],\"inLanguage\":\"it-IT\"},{\"@type\":\"WebPage\",\"@id\":\"https:\\\/\\\/www.ildammuso.com\\\/it\\\/il-pantesco-come-ponte-tra-culture-una-storia-di-integrazione-e-speranza\\\/\",\"url\":\"https:\\\/\\\/www.ildammuso.com\\\/it\\\/il-pantesco-come-ponte-tra-culture-una-storia-di-integrazione-e-speranza\\\/\",\"name\":\"Il Pantesco come ponte tra culture: una storia di integrazione e speranza | Il Dammuso\",\"isPartOf\":{\"@id\":\"https:\\\/\\\/www.ildammuso.com\\\/it\\\/#website\"},\"primaryImageOfPage\":{\"@id\":\"https:\\\/\\\/www.ildammuso.com\\\/it\\\/il-pantesco-come-ponte-tra-culture-una-storia-di-integrazione-e-speranza\\\/#primaryimage\"},\"image\":{\"@id\":\"https:\\\/\\\/www.ildammuso.com\\\/it\\\/il-pantesco-come-ponte-tra-culture-una-storia-di-integrazione-e-speranza\\\/#primaryimage\"},\"thumbnailUrl\":\"https:\\\/\\\/www.ildammuso.com\\\/wp-content\\\/uploads\\\/2024\\\/09\\\/amicu-me.jpg\",\"datePublished\":\"2024-09-27T10:13:49+00:00\",\"dateModified\":\"2024-09-27T10:13:51+00:00\",\"description\":\"\\\"Il Pantesco come ponte tra culture: una storia di integrazione e speranza\\\": leggi l'articolo completo nel blog de Il Dammuso!\",\"breadcrumb\":{\"@id\":\"https:\\\/\\\/www.ildammuso.com\\\/it\\\/il-pantesco-come-ponte-tra-culture-una-storia-di-integrazione-e-speranza\\\/#breadcrumb\"},\"inLanguage\":\"it-IT\",\"potentialAction\":[{\"@type\":\"ReadAction\",\"target\":[\"https:\\\/\\\/www.ildammuso.com\\\/it\\\/il-pantesco-come-ponte-tra-culture-una-storia-di-integrazione-e-speranza\\\/\"]}]},{\"@type\":\"ImageObject\",\"inLanguage\":\"it-IT\",\"@id\":\"https:\\\/\\\/www.ildammuso.com\\\/it\\\/il-pantesco-come-ponte-tra-culture-una-storia-di-integrazione-e-speranza\\\/#primaryimage\",\"url\":\"https:\\\/\\\/www.ildammuso.com\\\/wp-content\\\/uploads\\\/2024\\\/09\\\/amicu-me.jpg\",\"contentUrl\":\"https:\\\/\\\/www.ildammuso.com\\\/wp-content\\\/uploads\\\/2024\\\/09\\\/amicu-me.jpg\",\"width\":2048,\"height\":1536,\"caption\":\"OLYMPUS DIGITAL CAMERA\"},{\"@type\":\"BreadcrumbList\",\"@id\":\"https:\\\/\\\/www.ildammuso.com\\\/it\\\/il-pantesco-come-ponte-tra-culture-una-storia-di-integrazione-e-speranza\\\/#breadcrumb\",\"itemListElement\":[{\"@type\":\"ListItem\",\"position\":1,\"name\":\"Home\",\"item\":\"https:\\\/\\\/www.ildammuso.com\\\/it\\\/\"},{\"@type\":\"ListItem\",\"position\":2,\"name\":\"&nbsp;\"}]},{\"@type\":\"WebSite\",\"@id\":\"https:\\\/\\\/www.ildammuso.com\\\/it\\\/#website\",\"url\":\"https:\\\/\\\/www.ildammuso.com\\\/it\\\/\",\"name\":\"Il Dammuso\",\"description\":\"Il tuo Dammuso a Pantelleria\",\"publisher\":{\"@id\":\"https:\\\/\\\/www.ildammuso.com\\\/it\\\/#organization\"},\"potentialAction\":[{\"@type\":\"SearchAction\",\"target\":{\"@type\":\"EntryPoint\",\"urlTemplate\":\"https:\\\/\\\/www.ildammuso.com\\\/it\\\/?s={search_term_string}\"},\"query-input\":{\"@type\":\"PropertyValueSpecification\",\"valueRequired\":true,\"valueName\":\"search_term_string\"}}],\"inLanguage\":\"it-IT\"},{\"@type\":\"Organization\",\"@id\":\"https:\\\/\\\/www.ildammuso.com\\\/it\\\/#organization\",\"name\":\"Il Dammuso\",\"url\":\"https:\\\/\\\/www.ildammuso.com\\\/it\\\/\",\"logo\":{\"@type\":\"ImageObject\",\"inLanguage\":\"it-IT\",\"@id\":\"https:\\\/\\\/www.ildammuso.com\\\/it\\\/#\\\/schema\\\/logo\\\/image\\\/\",\"url\":\"https:\\\/\\\/www.ildammuso.com\\\/wp-content\\\/uploads\\\/2022\\\/06\\\/logo-ildammuso.jpg\",\"contentUrl\":\"https:\\\/\\\/www.ildammuso.com\\\/wp-content\\\/uploads\\\/2022\\\/06\\\/logo-ildammuso.jpg\",\"width\":426,\"height\":395,\"caption\":\"Il Dammuso\"},\"image\":{\"@id\":\"https:\\\/\\\/www.ildammuso.com\\\/it\\\/#\\\/schema\\\/logo\\\/image\\\/\"},\"sameAs\":[\"https:\\\/\\\/www.facebook.com\\\/ildammusodipantelleria\\\/\",\"https:\\\/\\\/www.instagram.com\\\/ildammusogram\\\/\"]},{\"@type\":\"Person\",\"@id\":\"https:\\\/\\\/www.ildammuso.com\\\/it\\\/#\\\/schema\\\/person\\\/a97bc2634c1ae772b6efbb07fef2b3a8\",\"name\":\"claudia\",\"image\":{\"@type\":\"ImageObject\",\"inLanguage\":\"it-IT\",\"@id\":\"https:\\\/\\\/secure.gravatar.com\\\/avatar\\\/bfa9e85032faeaffeaaafd48c7c09ad8da852ff133d8361db8721aff28093ebe?s=96&d=mm&r=g\",\"url\":\"https:\\\/\\\/secure.gravatar.com\\\/avatar\\\/bfa9e85032faeaffeaaafd48c7c09ad8da852ff133d8361db8721aff28093ebe?s=96&d=mm&r=g\",\"contentUrl\":\"https:\\\/\\\/secure.gravatar.com\\\/avatar\\\/bfa9e85032faeaffeaaafd48c7c09ad8da852ff133d8361db8721aff28093ebe?s=96&d=mm&r=g\",\"caption\":\"claudia\"}}]}<\/script>\n<!-- \/ Yoast SEO plugin. -->","yoast_head_json":{"title":"Il Pantesco come ponte tra culture: una storia di integrazione e speranza | Il Dammuso","description":"\"Il Pantesco come ponte tra culture: una storia di integrazione e speranza\": leggi l'articolo completo nel blog de Il Dammuso!","robots":{"index":"index","follow":"follow","max-snippet":"max-snippet:-1","max-image-preview":"max-image-preview:large","max-video-preview":"max-video-preview:-1"},"canonical":"https:\/\/www.ildammuso.com\/it\/il-pantesco-come-ponte-tra-culture-una-storia-di-integrazione-e-speranza\/","og_locale":"it_IT","og_type":"article","og_title":"Il Pantesco come ponte tra culture: una storia di integrazione e speranza | Il Dammuso","og_description":"\"Il Pantesco come ponte tra culture: una storia di integrazione e speranza\": leggi l'articolo completo nel blog de Il Dammuso!","og_url":"https:\/\/www.ildammuso.com\/it\/il-pantesco-come-ponte-tra-culture-una-storia-di-integrazione-e-speranza\/","og_site_name":"Il Dammuso","article_publisher":"https:\/\/www.facebook.com\/ildammusodipantelleria\/","article_published_time":"2024-09-27T10:13:49+00:00","article_modified_time":"2024-09-27T10:13:51+00:00","og_image":[{"width":2048,"height":1536,"url":"https:\/\/storage1254.cdn-immedia.net\/wp-content\/uploads\/2024\/09\/amicu-me.jpg","type":"image\/jpeg"}],"author":"claudia","twitter_card":"summary_large_image","twitter_misc":{"Scritto da":"claudia","Tempo di lettura stimato":"2 minuti"},"schema":{"@context":"https:\/\/schema.org","@graph":[{"@type":"Article","@id":"https:\/\/www.ildammuso.com\/it\/il-pantesco-come-ponte-tra-culture-una-storia-di-integrazione-e-speranza\/#article","isPartOf":{"@id":"https:\/\/www.ildammuso.com\/it\/il-pantesco-come-ponte-tra-culture-una-storia-di-integrazione-e-speranza\/"},"author":{"name":"claudia","@id":"https:\/\/www.ildammuso.com\/it\/#\/schema\/person\/a97bc2634c1ae772b6efbb07fef2b3a8"},"headline":"Il Pantesco come ponte tra culture: una storia di integrazione e speranza","datePublished":"2024-09-27T10:13:49+00:00","dateModified":"2024-09-27T10:13:51+00:00","mainEntityOfPage":{"@id":"https:\/\/www.ildammuso.com\/it\/il-pantesco-come-ponte-tra-culture-una-storia-di-integrazione-e-speranza\/"},"wordCount":299,"publisher":{"@id":"https:\/\/www.ildammuso.com\/it\/#organization"},"image":{"@id":"https:\/\/www.ildammuso.com\/it\/il-pantesco-come-ponte-tra-culture-una-storia-di-integrazione-e-speranza\/#primaryimage"},"thumbnailUrl":"https:\/\/storage1254.cdn-immedia.net\/wp-content\/uploads\/2024\/09\/amicu-me.jpg","keywords":["ponte","lingua","idioma","verdure","cipolla","house","home","orto","casa","ildammuso","pantelleria"],"articleSection":["Pantelleria, l'isola"],"inLanguage":"it-IT"},{"@type":"WebPage","@id":"https:\/\/www.ildammuso.com\/it\/il-pantesco-come-ponte-tra-culture-una-storia-di-integrazione-e-speranza\/","url":"https:\/\/www.ildammuso.com\/it\/il-pantesco-come-ponte-tra-culture-una-storia-di-integrazione-e-speranza\/","name":"Il Pantesco come ponte tra culture: una storia di integrazione e speranza | Il Dammuso","isPartOf":{"@id":"https:\/\/www.ildammuso.com\/it\/#website"},"primaryImageOfPage":{"@id":"https:\/\/www.ildammuso.com\/it\/il-pantesco-come-ponte-tra-culture-una-storia-di-integrazione-e-speranza\/#primaryimage"},"image":{"@id":"https:\/\/www.ildammuso.com\/it\/il-pantesco-come-ponte-tra-culture-una-storia-di-integrazione-e-speranza\/#primaryimage"},"thumbnailUrl":"https:\/\/storage1254.cdn-immedia.net\/wp-content\/uploads\/2024\/09\/amicu-me.jpg","datePublished":"2024-09-27T10:13:49+00:00","dateModified":"2024-09-27T10:13:51+00:00","description":"\"Il Pantesco come ponte tra culture: una storia di integrazione e speranza\": leggi l'articolo completo nel blog de Il Dammuso!","breadcrumb":{"@id":"https:\/\/www.ildammuso.com\/it\/il-pantesco-come-ponte-tra-culture-una-storia-di-integrazione-e-speranza\/#breadcrumb"},"inLanguage":"it-IT","potentialAction":[{"@type":"ReadAction","target":["https:\/\/www.ildammuso.com\/it\/il-pantesco-come-ponte-tra-culture-una-storia-di-integrazione-e-speranza\/"]}]},{"@type":"ImageObject","inLanguage":"it-IT","@id":"https:\/\/www.ildammuso.com\/it\/il-pantesco-come-ponte-tra-culture-una-storia-di-integrazione-e-speranza\/#primaryimage","url":"https:\/\/storage1254.cdn-immedia.net\/wp-content\/uploads\/2024\/09\/amicu-me.jpg","contentUrl":"https:\/\/storage1254.cdn-immedia.net\/wp-content\/uploads\/2024\/09\/amicu-me.jpg","width":2048,"height":1536,"caption":"OLYMPUS DIGITAL CAMERA"},{"@type":"BreadcrumbList","@id":"https:\/\/www.ildammuso.com\/it\/il-pantesco-come-ponte-tra-culture-una-storia-di-integrazione-e-speranza\/#breadcrumb","itemListElement":[{"@type":"ListItem","position":1,"name":"Home","item":"https:\/\/www.ildammuso.com\/it\/"},{"@type":"ListItem","position":2,"name":"&nbsp;"}]},{"@type":"WebSite","@id":"https:\/\/www.ildammuso.com\/it\/#website","url":"https:\/\/www.ildammuso.com\/it\/","name":"Il Dammuso","description":"Il tuo Dammuso a Pantelleria","publisher":{"@id":"https:\/\/www.ildammuso.com\/it\/#organization"},"potentialAction":[{"@type":"SearchAction","target":{"@type":"EntryPoint","urlTemplate":"https:\/\/www.ildammuso.com\/it\/?s={search_term_string}"},"query-input":{"@type":"PropertyValueSpecification","valueRequired":true,"valueName":"search_term_string"}}],"inLanguage":"it-IT"},{"@type":"Organization","@id":"https:\/\/www.ildammuso.com\/it\/#organization","name":"Il Dammuso","url":"https:\/\/www.ildammuso.com\/it\/","logo":{"@type":"ImageObject","inLanguage":"it-IT","@id":"https:\/\/www.ildammuso.com\/it\/#\/schema\/logo\/image\/","url":"https:\/\/storage1254.cdn-immedia.net\/wp-content\/uploads\/2022\/06\/logo-ildammuso.jpg","contentUrl":"https:\/\/storage1254.cdn-immedia.net\/wp-content\/uploads\/2022\/06\/logo-ildammuso.jpg","width":426,"height":395,"caption":"Il Dammuso"},"image":{"@id":"https:\/\/www.ildammuso.com\/it\/#\/schema\/logo\/image\/"},"sameAs":["https:\/\/www.facebook.com\/ildammusodipantelleria\/","https:\/\/www.instagram.com\/ildammusogram\/"]},{"@type":"Person","@id":"https:\/\/www.ildammuso.com\/it\/#\/schema\/person\/a97bc2634c1ae772b6efbb07fef2b3a8","name":"claudia","image":{"@type":"ImageObject","inLanguage":"it-IT","@id":"https:\/\/secure.gravatar.com\/avatar\/bfa9e85032faeaffeaaafd48c7c09ad8da852ff133d8361db8721aff28093ebe?s=96&d=mm&r=g","url":"https:\/\/secure.gravatar.com\/avatar\/bfa9e85032faeaffeaaafd48c7c09ad8da852ff133d8361db8721aff28093ebe?s=96&d=mm&r=g","contentUrl":"https:\/\/secure.gravatar.com\/avatar\/bfa9e85032faeaffeaaafd48c7c09ad8da852ff133d8361db8721aff28093ebe?s=96&d=mm&r=g","caption":"claudia"}}]}},"_links":{"self":[{"href":"https:\/\/www.ildammuso.com\/it\/wp-json\/wp\/v2\/posts\/26352","targetHints":{"allow":["GET"]}}],"collection":[{"href":"https:\/\/www.ildammuso.com\/it\/wp-json\/wp\/v2\/posts"}],"about":[{"href":"https:\/\/www.ildammuso.com\/it\/wp-json\/wp\/v2\/types\/post"}],"author":[{"embeddable":true,"href":"https:\/\/www.ildammuso.com\/it\/wp-json\/wp\/v2\/users\/3"}],"replies":[{"embeddable":true,"href":"https:\/\/www.ildammuso.com\/it\/wp-json\/wp\/v2\/comments?post=26352"}],"version-history":[{"count":1,"href":"https:\/\/www.ildammuso.com\/it\/wp-json\/wp\/v2\/posts\/26352\/revisions"}],"predecessor-version":[{"id":26355,"href":"https:\/\/www.ildammuso.com\/it\/wp-json\/wp\/v2\/posts\/26352\/revisions\/26355"}],"wp:featuredmedia":[{"embeddable":true,"href":"https:\/\/www.ildammuso.com\/it\/wp-json\/wp\/v2\/media\/26353"}],"wp:attachment":[{"href":"https:\/\/www.ildammuso.com\/it\/wp-json\/wp\/v2\/media?parent=26352"}],"wp:term":[{"taxonomy":"category","embeddable":true,"href":"https:\/\/www.ildammuso.com\/it\/wp-json\/wp\/v2\/categories?post=26352"},{"taxonomy":"post_tag","embeddable":true,"href":"https:\/\/www.ildammuso.com\/it\/wp-json\/wp\/v2\/tags?post=26352"}],"curies":[{"name":"wp","href":"https:\/\/api.w.org\/{rel}","templated":true}]}}