{"id":26377,"date":"2024-10-04T11:45:26","date_gmt":"2024-10-04T09:45:26","guid":{"rendered":"https:\/\/www.ildammuso.com\/?p=26377"},"modified":"2024-10-04T11:45:28","modified_gmt":"2024-10-04T09:45:28","slug":"la-caccia-alle-papaline-a-pantelleria-un-viaggio-tra-cortesia-tradizione-e-colori","status":"publish","type":"post","link":"https:\/\/www.ildammuso.com\/it\/la-caccia-alle-papaline-a-pantelleria-un-viaggio-tra-cortesia-tradizione-e-colori\/","title":{"rendered":"La caccia alle papaline a Pantelleria: un viaggio tra cortesia, tradizione e colori"},"content":{"rendered":"\n<p>L\u2019altro giorno mi \u00e8 stata data una mission: devi comprare tre papaline colorate, di quelle che si usano a Pantelleria.<br>\u201cPer chi? Amici\u201d.<br>\u201cUomini, donne o bambini? Boh\u201d<br>\u201cColori? No bianco, no nero\u201d<br>\u201cMa dove le trovo? Vedi tu\u201d.<br><br>Da Rekhale mi muovo verso Scauri, ma alle 10.30 i negozietti sulla strada sono ancora chiusi.<br>Vabb\u00e8, devo andare in paese a fare benzina, prover\u00f2 l\u00ec.<br><br>Entro nel primo negozietto di souvenir e ne avevano tre.<br>Beige e nere.<br>La signora \u00e8 occupata con altri clienti e tolgo il disturbo.<br>Da quel momento \u00e8 cominciata una caccia al tesoro che ha visto coinvolta non soltanto me ma tutti i negozianti da cui sono andata.<br><br>\u201cMi scusi, vendete papaline di cotone?\u201d.<br>La prima: \u201cNo mi spiace. Per\u00f2 se chiede nel negozio appena sopra pu\u00f2 darsi che le abbiano\u201d.<br>La seconda: \u201cNo, ma c\u2019\u00e8 un negozio dopo la pompa di benzina nella strada che va verso su. Ecco l\u00ec dovrebbe trovarle\u201d.<br>Il negozio \u00e8 chiuso ma dalla vetrina intravedo le papaline.<br>Entro nella parruccheria di fianco e chiedo notizie della vicina.<br>\u00c8 la terza: \u201cCome? Non \u00e8 in negozio? Un attimo che la chiamo. Mi spiace la mia mica dice che ritorna verso le 14.30 pu\u00f2 aspettarla?\u201d.<br>\u201cMagari\u201d, grazie mille per la gentilezza.<br>Ennesimo negozio, medesima richiesta.<br>La quarta: \u201cNo, io non ne vendo. Ma se non ricordo male al tabaccaio qui accanto mi pare di averne viste esposte questa estate\u201d.<br>GRAZIE<br>Tabacchi, ne detengono qualcuna ma a fine stagione sono rimasti colori improbabili.<br>La tabaccaia \u00e8 la quinta. Con una pazienza da Santa tira fuori le papaline che le sono rimaste e le prova una ad una. Non riuscendo a darsi pace rispetto al fatto che non avessi idea su chi le avrebbe indossate.<br>Garbo infinito, ne prendo due anche solo per la gentilezza.<br>Torno verso Scauri.<br>Il primo negozietto \u00e8 ancora chiuso.<br>Ma il secondo \u00e8 aperto.<br>La sesta sembra che mi stia aspettando: \u201cSi accomodi, cosa cerca, posso esserle d\u2019aiuto?\u201d<br>Esausta: \u201cAvete papaline?\u201d.<br>\u201cIo no \u2013 mi risponde \u2013 ma c\u2019\u00e8 una signora a Scauri che le fa. Abita vicino la chiesa, un attimo che la chiamo\u201d.<br>Io: \u201cMa no, non si disturbi. \u00c8 ora di pranzo\u201d.<br>Chiama ma non risponde.<br>Allora cerca di spiegarmi dove si trova il laboratorio e che non mi preoccupi, perch\u00e9 per la signora \u00e8 lavoro e sar\u00e0 senz\u2019altro contenta di ricevermi e che chieda alla tabaccaia che mi dar\u00e0 senz\u2019altro informazioni pi\u00f9 precise.<br><br>Cos\u00ec torno indietro sui miei passi.<br>La sesta, la signora della tabaccheria: \u201cAllora guardi scenda da qui, poi trover\u00e0 un cancello, ma non \u00e8 il laboratorio della signora, ma lei chieda comunque. La trover\u00e0 di certo\u201d.<br>Cos\u00ec proseguo.<br>Ovviamente non trovo il cancello, vedo delle minuscole botteghe con su scritto LABORATORIO.<br>Busso ma non risponde nessuno.<br>Continua a camminare finch\u00e9 da una persiana accostata sento venire rumore di stoviglie: \u201cBuongiorno, scusate. Avrei bisogno di una informazione\u201d.<br>Silenzio.<br>Passa qualche secondo ed escono un uomo e una donna<br>Settima e ottavo: spiego loro la questione e loro, immediatamente, prendono il telefono e chiamano la \u201cSignora dell\u2019uncinetto\u201d, nel frattempo mi indicano un cancello e mi dicono di bussare l\u00ec.<br>Cos\u00ec faccio e da un balconcino appare una sorridente signora che mi dice che arriva subito.<br>\u00c8 l\u2019Ottava e ultima.<br>Mi viene incontro col pi\u00f9 bello dei sorrisi e mi conduce in un minuscolo laboratorio dove fa i suoi lavori all\u2019uncinetto. Parliamo a lungo e mi scuso di averla disturbata a quest\u2019ora. Lei sorride come se ogni cosa avesse una sua importanza o esattamente al contrario, come se quasi tutto non avesse importanza alcuna.<br>Mi mostra le papaline rimaste dall\u2019estate di lavoro.<br>Sono poche e non fanno al caso mio.<br><br>TRANNE UNA.<br>\u00c8 grigia, il mio colore d\u2019elezione.<br>La compro, la indosso.<br>Gli americani direbbero: YOU MADE MY DAY!<br><br>Io dico che i panteschi sono un popolo gentile, cortese, accogliente e disponibile.<br>Chiss\u00e0 se le papaline andranno bene.<br>\u201cPoco male\u201d, penso tra me e me.<br><\/p>\n","protected":false},"excerpt":{"rendered":"<p>L\u2019altro giorno mi \u00e8 stata data una mission: devi comprare [&hellip;]<\/p>\n","protected":false},"author":3,"featured_media":26378,"comment_status":"closed","ping_status":"closed","sticky":false,"template":"","format":"standard","meta":{"_acf_changed":false,"footnotes":""},"categories":[446],"tags":[1502,1501,1500,1499,1503,1421,958,107,228,92,91,103],"class_list":["post-26377","post","type-post","status-publish","format-standard","has-post-thumbnail","hentry","category-pantelleria-lisola","tag-allegria","tag-courtesy","tag-kindness","tag-gentilezza","tag-mission","tag-goodvibes","tag-colori","tag-cappello","tag-ildammuso","tag-isola","tag-pantelleria","tag-viaggio"],"acf":[],"yoast_head":"<!-- This site is optimized with the Yoast SEO plugin v27.4 - https:\/\/yoast.com\/product\/yoast-seo-wordpress\/ -->\n<title>La caccia alle papaline a Pantelleria: un viaggio tra cortesia, tradizione e colori | Il Dammuso<\/title>\n<meta name=\"description\" content=\"&quot;La caccia alle papaline a Pantelleria: un viaggio tra cortesia, tradizione e colori&quot;: leggi l&#039;articolo completo nel blog de Il Dammuso!\" \/>\n<meta name=\"robots\" content=\"index, follow, max-snippet:-1, max-image-preview:large, max-video-preview:-1\" \/>\n<link rel=\"canonical\" href=\"https:\/\/www.ildammuso.com\/it\/la-caccia-alle-papaline-a-pantelleria-un-viaggio-tra-cortesia-tradizione-e-colori\/\" \/>\n<meta property=\"og:locale\" content=\"it_IT\" \/>\n<meta property=\"og:type\" content=\"article\" \/>\n<meta property=\"og:title\" content=\"La caccia alle papaline a Pantelleria: un viaggio tra cortesia, tradizione e colori | Il Dammuso\" \/>\n<meta property=\"og:description\" content=\"&quot;La caccia alle papaline a Pantelleria: un viaggio tra cortesia, tradizione e colori&quot;: leggi l&#039;articolo completo nel blog de Il Dammuso!\" \/>\n<meta property=\"og:url\" content=\"https:\/\/www.ildammuso.com\/it\/la-caccia-alle-papaline-a-pantelleria-un-viaggio-tra-cortesia-tradizione-e-colori\/\" \/>\n<meta property=\"og:site_name\" content=\"Il Dammuso\" \/>\n<meta property=\"article:publisher\" content=\"https:\/\/www.facebook.com\/ildammusodipantelleria\/\" \/>\n<meta property=\"article:published_time\" content=\"2024-10-04T09:45:26+00:00\" \/>\n<meta property=\"article:modified_time\" content=\"2024-10-04T09:45:28+00:00\" \/>\n<meta property=\"og:image\" content=\"https:\/\/storage1254.cdn-immedia.net\/wp-content\/uploads\/2024\/10\/papaline.jpg\" \/>\n\t<meta property=\"og:image:width\" content=\"2496\" \/>\n\t<meta property=\"og:image:height\" content=\"1664\" \/>\n\t<meta property=\"og:image:type\" content=\"image\/jpeg\" \/>\n<meta name=\"author\" content=\"claudia\" \/>\n<meta name=\"twitter:card\" content=\"summary_large_image\" \/>\n<meta name=\"twitter:label1\" content=\"Scritto da\" \/>\n\t<meta name=\"twitter:data1\" content=\"claudia\" \/>\n\t<meta name=\"twitter:label2\" content=\"Tempo di lettura stimato\" \/>\n\t<meta name=\"twitter:data2\" content=\"4 minuti\" \/>\n<script type=\"application\/ld+json\" class=\"yoast-schema-graph\">{\"@context\":\"https:\\\/\\\/schema.org\",\"@graph\":[{\"@type\":\"Article\",\"@id\":\"https:\\\/\\\/www.ildammuso.com\\\/it\\\/la-caccia-alle-papaline-a-pantelleria-un-viaggio-tra-cortesia-tradizione-e-colori\\\/#article\",\"isPartOf\":{\"@id\":\"https:\\\/\\\/www.ildammuso.com\\\/it\\\/la-caccia-alle-papaline-a-pantelleria-un-viaggio-tra-cortesia-tradizione-e-colori\\\/\"},\"author\":{\"name\":\"claudia\",\"@id\":\"https:\\\/\\\/www.ildammuso.com\\\/it\\\/#\\\/schema\\\/person\\\/a97bc2634c1ae772b6efbb07fef2b3a8\"},\"headline\":\"La caccia alle papaline a Pantelleria: un viaggio tra cortesia, tradizione e colori\",\"datePublished\":\"2024-10-04T09:45:26+00:00\",\"dateModified\":\"2024-10-04T09:45:28+00:00\",\"mainEntityOfPage\":{\"@id\":\"https:\\\/\\\/www.ildammuso.com\\\/it\\\/la-caccia-alle-papaline-a-pantelleria-un-viaggio-tra-cortesia-tradizione-e-colori\\\/\"},\"wordCount\":664,\"publisher\":{\"@id\":\"https:\\\/\\\/www.ildammuso.com\\\/it\\\/#organization\"},\"image\":{\"@id\":\"https:\\\/\\\/www.ildammuso.com\\\/it\\\/la-caccia-alle-papaline-a-pantelleria-un-viaggio-tra-cortesia-tradizione-e-colori\\\/#primaryimage\"},\"thumbnailUrl\":\"https:\\\/\\\/www.ildammuso.com\\\/wp-content\\\/uploads\\\/2024\\\/10\\\/papaline.jpg\",\"keywords\":[\"allegria\",\"courtesy\",\"kindness\",\"gentilezza\",\"mission\",\"goodvibes\",\"colori\",\"cappello\",\"ildammuso\",\"isola\",\"pantelleria\",\"viaggio\"],\"articleSection\":[\"Pantelleria, l'isola\"],\"inLanguage\":\"it-IT\"},{\"@type\":\"WebPage\",\"@id\":\"https:\\\/\\\/www.ildammuso.com\\\/it\\\/la-caccia-alle-papaline-a-pantelleria-un-viaggio-tra-cortesia-tradizione-e-colori\\\/\",\"url\":\"https:\\\/\\\/www.ildammuso.com\\\/it\\\/la-caccia-alle-papaline-a-pantelleria-un-viaggio-tra-cortesia-tradizione-e-colori\\\/\",\"name\":\"La caccia alle papaline a Pantelleria: un viaggio tra cortesia, tradizione e colori | Il Dammuso\",\"isPartOf\":{\"@id\":\"https:\\\/\\\/www.ildammuso.com\\\/it\\\/#website\"},\"primaryImageOfPage\":{\"@id\":\"https:\\\/\\\/www.ildammuso.com\\\/it\\\/la-caccia-alle-papaline-a-pantelleria-un-viaggio-tra-cortesia-tradizione-e-colori\\\/#primaryimage\"},\"image\":{\"@id\":\"https:\\\/\\\/www.ildammuso.com\\\/it\\\/la-caccia-alle-papaline-a-pantelleria-un-viaggio-tra-cortesia-tradizione-e-colori\\\/#primaryimage\"},\"thumbnailUrl\":\"https:\\\/\\\/www.ildammuso.com\\\/wp-content\\\/uploads\\\/2024\\\/10\\\/papaline.jpg\",\"datePublished\":\"2024-10-04T09:45:26+00:00\",\"dateModified\":\"2024-10-04T09:45:28+00:00\",\"description\":\"\\\"La caccia alle papaline a Pantelleria: un viaggio tra cortesia, tradizione e colori\\\": leggi l'articolo completo nel blog de Il Dammuso!\",\"breadcrumb\":{\"@id\":\"https:\\\/\\\/www.ildammuso.com\\\/it\\\/la-caccia-alle-papaline-a-pantelleria-un-viaggio-tra-cortesia-tradizione-e-colori\\\/#breadcrumb\"},\"inLanguage\":\"it-IT\",\"potentialAction\":[{\"@type\":\"ReadAction\",\"target\":[\"https:\\\/\\\/www.ildammuso.com\\\/it\\\/la-caccia-alle-papaline-a-pantelleria-un-viaggio-tra-cortesia-tradizione-e-colori\\\/\"]}]},{\"@type\":\"ImageObject\",\"inLanguage\":\"it-IT\",\"@id\":\"https:\\\/\\\/www.ildammuso.com\\\/it\\\/la-caccia-alle-papaline-a-pantelleria-un-viaggio-tra-cortesia-tradizione-e-colori\\\/#primaryimage\",\"url\":\"https:\\\/\\\/www.ildammuso.com\\\/wp-content\\\/uploads\\\/2024\\\/10\\\/papaline.jpg\",\"contentUrl\":\"https:\\\/\\\/www.ildammuso.com\\\/wp-content\\\/uploads\\\/2024\\\/10\\\/papaline.jpg\",\"width\":2496,\"height\":1664},{\"@type\":\"BreadcrumbList\",\"@id\":\"https:\\\/\\\/www.ildammuso.com\\\/it\\\/la-caccia-alle-papaline-a-pantelleria-un-viaggio-tra-cortesia-tradizione-e-colori\\\/#breadcrumb\",\"itemListElement\":[{\"@type\":\"ListItem\",\"position\":1,\"name\":\"Home\",\"item\":\"https:\\\/\\\/www.ildammuso.com\\\/it\\\/\"},{\"@type\":\"ListItem\",\"position\":2,\"name\":\"&nbsp;\"}]},{\"@type\":\"WebSite\",\"@id\":\"https:\\\/\\\/www.ildammuso.com\\\/it\\\/#website\",\"url\":\"https:\\\/\\\/www.ildammuso.com\\\/it\\\/\",\"name\":\"Il Dammuso\",\"description\":\"Il tuo Dammuso a Pantelleria\",\"publisher\":{\"@id\":\"https:\\\/\\\/www.ildammuso.com\\\/it\\\/#organization\"},\"potentialAction\":[{\"@type\":\"SearchAction\",\"target\":{\"@type\":\"EntryPoint\",\"urlTemplate\":\"https:\\\/\\\/www.ildammuso.com\\\/it\\\/?s={search_term_string}\"},\"query-input\":{\"@type\":\"PropertyValueSpecification\",\"valueRequired\":true,\"valueName\":\"search_term_string\"}}],\"inLanguage\":\"it-IT\"},{\"@type\":\"Organization\",\"@id\":\"https:\\\/\\\/www.ildammuso.com\\\/it\\\/#organization\",\"name\":\"Il Dammuso\",\"url\":\"https:\\\/\\\/www.ildammuso.com\\\/it\\\/\",\"logo\":{\"@type\":\"ImageObject\",\"inLanguage\":\"it-IT\",\"@id\":\"https:\\\/\\\/www.ildammuso.com\\\/it\\\/#\\\/schema\\\/logo\\\/image\\\/\",\"url\":\"https:\\\/\\\/www.ildammuso.com\\\/wp-content\\\/uploads\\\/2022\\\/06\\\/logo-ildammuso.jpg\",\"contentUrl\":\"https:\\\/\\\/www.ildammuso.com\\\/wp-content\\\/uploads\\\/2022\\\/06\\\/logo-ildammuso.jpg\",\"width\":426,\"height\":395,\"caption\":\"Il Dammuso\"},\"image\":{\"@id\":\"https:\\\/\\\/www.ildammuso.com\\\/it\\\/#\\\/schema\\\/logo\\\/image\\\/\"},\"sameAs\":[\"https:\\\/\\\/www.facebook.com\\\/ildammusodipantelleria\\\/\",\"https:\\\/\\\/www.instagram.com\\\/ildammusogram\\\/\"]},{\"@type\":\"Person\",\"@id\":\"https:\\\/\\\/www.ildammuso.com\\\/it\\\/#\\\/schema\\\/person\\\/a97bc2634c1ae772b6efbb07fef2b3a8\",\"name\":\"claudia\",\"image\":{\"@type\":\"ImageObject\",\"inLanguage\":\"it-IT\",\"@id\":\"https:\\\/\\\/secure.gravatar.com\\\/avatar\\\/bfa9e85032faeaffeaaafd48c7c09ad8da852ff133d8361db8721aff28093ebe?s=96&d=mm&r=g\",\"url\":\"https:\\\/\\\/secure.gravatar.com\\\/avatar\\\/bfa9e85032faeaffeaaafd48c7c09ad8da852ff133d8361db8721aff28093ebe?s=96&d=mm&r=g\",\"contentUrl\":\"https:\\\/\\\/secure.gravatar.com\\\/avatar\\\/bfa9e85032faeaffeaaafd48c7c09ad8da852ff133d8361db8721aff28093ebe?s=96&d=mm&r=g\",\"caption\":\"claudia\"}}]}<\/script>\n<!-- \/ Yoast SEO plugin. -->","yoast_head_json":{"title":"La caccia alle papaline a Pantelleria: un viaggio tra cortesia, tradizione e colori | Il Dammuso","description":"\"La caccia alle papaline a Pantelleria: un viaggio tra cortesia, tradizione e colori\": leggi l'articolo completo nel blog de Il Dammuso!","robots":{"index":"index","follow":"follow","max-snippet":"max-snippet:-1","max-image-preview":"max-image-preview:large","max-video-preview":"max-video-preview:-1"},"canonical":"https:\/\/www.ildammuso.com\/it\/la-caccia-alle-papaline-a-pantelleria-un-viaggio-tra-cortesia-tradizione-e-colori\/","og_locale":"it_IT","og_type":"article","og_title":"La caccia alle papaline a Pantelleria: un viaggio tra cortesia, tradizione e colori | Il Dammuso","og_description":"\"La caccia alle papaline a Pantelleria: un viaggio tra cortesia, tradizione e colori\": leggi l'articolo completo nel blog de Il Dammuso!","og_url":"https:\/\/www.ildammuso.com\/it\/la-caccia-alle-papaline-a-pantelleria-un-viaggio-tra-cortesia-tradizione-e-colori\/","og_site_name":"Il Dammuso","article_publisher":"https:\/\/www.facebook.com\/ildammusodipantelleria\/","article_published_time":"2024-10-04T09:45:26+00:00","article_modified_time":"2024-10-04T09:45:28+00:00","og_image":[{"width":2496,"height":1664,"url":"https:\/\/storage1254.cdn-immedia.net\/wp-content\/uploads\/2024\/10\/papaline.jpg","type":"image\/jpeg"}],"author":"claudia","twitter_card":"summary_large_image","twitter_misc":{"Scritto da":"claudia","Tempo di lettura stimato":"4 minuti"},"schema":{"@context":"https:\/\/schema.org","@graph":[{"@type":"Article","@id":"https:\/\/www.ildammuso.com\/it\/la-caccia-alle-papaline-a-pantelleria-un-viaggio-tra-cortesia-tradizione-e-colori\/#article","isPartOf":{"@id":"https:\/\/www.ildammuso.com\/it\/la-caccia-alle-papaline-a-pantelleria-un-viaggio-tra-cortesia-tradizione-e-colori\/"},"author":{"name":"claudia","@id":"https:\/\/www.ildammuso.com\/it\/#\/schema\/person\/a97bc2634c1ae772b6efbb07fef2b3a8"},"headline":"La caccia alle papaline a Pantelleria: un viaggio tra cortesia, tradizione e colori","datePublished":"2024-10-04T09:45:26+00:00","dateModified":"2024-10-04T09:45:28+00:00","mainEntityOfPage":{"@id":"https:\/\/www.ildammuso.com\/it\/la-caccia-alle-papaline-a-pantelleria-un-viaggio-tra-cortesia-tradizione-e-colori\/"},"wordCount":664,"publisher":{"@id":"https:\/\/www.ildammuso.com\/it\/#organization"},"image":{"@id":"https:\/\/www.ildammuso.com\/it\/la-caccia-alle-papaline-a-pantelleria-un-viaggio-tra-cortesia-tradizione-e-colori\/#primaryimage"},"thumbnailUrl":"https:\/\/storage1254.cdn-immedia.net\/wp-content\/uploads\/2024\/10\/papaline.jpg","keywords":["allegria","courtesy","kindness","gentilezza","mission","goodvibes","colori","cappello","ildammuso","isola","pantelleria","viaggio"],"articleSection":["Pantelleria, l'isola"],"inLanguage":"it-IT"},{"@type":"WebPage","@id":"https:\/\/www.ildammuso.com\/it\/la-caccia-alle-papaline-a-pantelleria-un-viaggio-tra-cortesia-tradizione-e-colori\/","url":"https:\/\/www.ildammuso.com\/it\/la-caccia-alle-papaline-a-pantelleria-un-viaggio-tra-cortesia-tradizione-e-colori\/","name":"La caccia alle papaline a Pantelleria: un viaggio tra cortesia, tradizione e colori | Il Dammuso","isPartOf":{"@id":"https:\/\/www.ildammuso.com\/it\/#website"},"primaryImageOfPage":{"@id":"https:\/\/www.ildammuso.com\/it\/la-caccia-alle-papaline-a-pantelleria-un-viaggio-tra-cortesia-tradizione-e-colori\/#primaryimage"},"image":{"@id":"https:\/\/www.ildammuso.com\/it\/la-caccia-alle-papaline-a-pantelleria-un-viaggio-tra-cortesia-tradizione-e-colori\/#primaryimage"},"thumbnailUrl":"https:\/\/storage1254.cdn-immedia.net\/wp-content\/uploads\/2024\/10\/papaline.jpg","datePublished":"2024-10-04T09:45:26+00:00","dateModified":"2024-10-04T09:45:28+00:00","description":"\"La caccia alle papaline a Pantelleria: un viaggio tra cortesia, tradizione e colori\": leggi l'articolo completo nel blog de Il Dammuso!","breadcrumb":{"@id":"https:\/\/www.ildammuso.com\/it\/la-caccia-alle-papaline-a-pantelleria-un-viaggio-tra-cortesia-tradizione-e-colori\/#breadcrumb"},"inLanguage":"it-IT","potentialAction":[{"@type":"ReadAction","target":["https:\/\/www.ildammuso.com\/it\/la-caccia-alle-papaline-a-pantelleria-un-viaggio-tra-cortesia-tradizione-e-colori\/"]}]},{"@type":"ImageObject","inLanguage":"it-IT","@id":"https:\/\/www.ildammuso.com\/it\/la-caccia-alle-papaline-a-pantelleria-un-viaggio-tra-cortesia-tradizione-e-colori\/#primaryimage","url":"https:\/\/storage1254.cdn-immedia.net\/wp-content\/uploads\/2024\/10\/papaline.jpg","contentUrl":"https:\/\/storage1254.cdn-immedia.net\/wp-content\/uploads\/2024\/10\/papaline.jpg","width":2496,"height":1664},{"@type":"BreadcrumbList","@id":"https:\/\/www.ildammuso.com\/it\/la-caccia-alle-papaline-a-pantelleria-un-viaggio-tra-cortesia-tradizione-e-colori\/#breadcrumb","itemListElement":[{"@type":"ListItem","position":1,"name":"Home","item":"https:\/\/www.ildammuso.com\/it\/"},{"@type":"ListItem","position":2,"name":"&nbsp;"}]},{"@type":"WebSite","@id":"https:\/\/www.ildammuso.com\/it\/#website","url":"https:\/\/www.ildammuso.com\/it\/","name":"Il Dammuso","description":"Il tuo Dammuso a Pantelleria","publisher":{"@id":"https:\/\/www.ildammuso.com\/it\/#organization"},"potentialAction":[{"@type":"SearchAction","target":{"@type":"EntryPoint","urlTemplate":"https:\/\/www.ildammuso.com\/it\/?s={search_term_string}"},"query-input":{"@type":"PropertyValueSpecification","valueRequired":true,"valueName":"search_term_string"}}],"inLanguage":"it-IT"},{"@type":"Organization","@id":"https:\/\/www.ildammuso.com\/it\/#organization","name":"Il Dammuso","url":"https:\/\/www.ildammuso.com\/it\/","logo":{"@type":"ImageObject","inLanguage":"it-IT","@id":"https:\/\/www.ildammuso.com\/it\/#\/schema\/logo\/image\/","url":"https:\/\/storage1254.cdn-immedia.net\/wp-content\/uploads\/2022\/06\/logo-ildammuso.jpg","contentUrl":"https:\/\/storage1254.cdn-immedia.net\/wp-content\/uploads\/2022\/06\/logo-ildammuso.jpg","width":426,"height":395,"caption":"Il Dammuso"},"image":{"@id":"https:\/\/www.ildammuso.com\/it\/#\/schema\/logo\/image\/"},"sameAs":["https:\/\/www.facebook.com\/ildammusodipantelleria\/","https:\/\/www.instagram.com\/ildammusogram\/"]},{"@type":"Person","@id":"https:\/\/www.ildammuso.com\/it\/#\/schema\/person\/a97bc2634c1ae772b6efbb07fef2b3a8","name":"claudia","image":{"@type":"ImageObject","inLanguage":"it-IT","@id":"https:\/\/secure.gravatar.com\/avatar\/bfa9e85032faeaffeaaafd48c7c09ad8da852ff133d8361db8721aff28093ebe?s=96&d=mm&r=g","url":"https:\/\/secure.gravatar.com\/avatar\/bfa9e85032faeaffeaaafd48c7c09ad8da852ff133d8361db8721aff28093ebe?s=96&d=mm&r=g","contentUrl":"https:\/\/secure.gravatar.com\/avatar\/bfa9e85032faeaffeaaafd48c7c09ad8da852ff133d8361db8721aff28093ebe?s=96&d=mm&r=g","caption":"claudia"}}]}},"_links":{"self":[{"href":"https:\/\/www.ildammuso.com\/it\/wp-json\/wp\/v2\/posts\/26377","targetHints":{"allow":["GET"]}}],"collection":[{"href":"https:\/\/www.ildammuso.com\/it\/wp-json\/wp\/v2\/posts"}],"about":[{"href":"https:\/\/www.ildammuso.com\/it\/wp-json\/wp\/v2\/types\/post"}],"author":[{"embeddable":true,"href":"https:\/\/www.ildammuso.com\/it\/wp-json\/wp\/v2\/users\/3"}],"replies":[{"embeddable":true,"href":"https:\/\/www.ildammuso.com\/it\/wp-json\/wp\/v2\/comments?post=26377"}],"version-history":[{"count":1,"href":"https:\/\/www.ildammuso.com\/it\/wp-json\/wp\/v2\/posts\/26377\/revisions"}],"predecessor-version":[{"id":26380,"href":"https:\/\/www.ildammuso.com\/it\/wp-json\/wp\/v2\/posts\/26377\/revisions\/26380"}],"wp:featuredmedia":[{"embeddable":true,"href":"https:\/\/www.ildammuso.com\/it\/wp-json\/wp\/v2\/media\/26378"}],"wp:attachment":[{"href":"https:\/\/www.ildammuso.com\/it\/wp-json\/wp\/v2\/media?parent=26377"}],"wp:term":[{"taxonomy":"category","embeddable":true,"href":"https:\/\/www.ildammuso.com\/it\/wp-json\/wp\/v2\/categories?post=26377"},{"taxonomy":"post_tag","embeddable":true,"href":"https:\/\/www.ildammuso.com\/it\/wp-json\/wp\/v2\/tags?post=26377"}],"curies":[{"name":"wp","href":"https:\/\/api.w.org\/{rel}","templated":true}]}}