{"id":26456,"date":"2024-11-08T10:42:43","date_gmt":"2024-11-08T09:42:43","guid":{"rendered":"https:\/\/www.ildammuso.com\/?p=26456"},"modified":"2024-11-08T10:42:46","modified_gmt":"2024-11-08T09:42:46","slug":"pantelleria-lisola-dove-le-zanzare-temono-il-vento","status":"publish","type":"post","link":"https:\/\/www.ildammuso.com\/it\/pantelleria-lisola-dove-le-zanzare-temono-il-vento\/","title":{"rendered":"Pantelleria, l&#8217;Isola dove le zanzare temono il vento"},"content":{"rendered":"\n<p>Io sono una vittima sacrificale delle zanzare.<br>Esse dimostrano una smodata predilezione per il mio sangue.<br>Per anni ho vantato (assecondando una tra le tante becere credenze) di avere un elevato quantitativo di feromoni e di risultare perci\u00f2 attraente al pari per uomini e zanzare.<br>Ma la storia, in entrambi i casi, faceva acqua.<br>Resta di fatto che io, per le zanzare (e chiss\u00e0 che non sia la stessa cosa per gli esseri umani) sono un po\u2019 come quella specie di griglie contro le quali vanno ad abbrustolirsi, con la differenza che le attraggo allo stesso modo ma poi sono loro a dar fuoco alla mia pelle.<br><br>A Pantelleria il gioco cambia.<br>Perch\u00e9 su quest\u2019isola anche le zanzare hanno abitudini diverse, ma soprattutto a dominarle pi\u00f9 che l\u2019autan, lo zampirone o l\u2019\u201caffaretto\u201d a ultrasuoni, ci\u00f2 che pi\u00f9 le tiene pi\u00f9 lontane \u00e8 il vento.<br>Caldo o freddo che sia non importa, perch\u00e9 minuscole come sono (di fatto non so perch\u00e9 ma le zanzare pantesche sono pi\u00f9 piccole di quelle cittadine) le folate le sposta e le strattona in maniera tale che loro non riescano a centrare il bersaglio.<br>Almeno questa \u00e8 la mia teoria.<br><br>Perch\u00e9 di fatto, quando si alza il vento non si sente neanche il loro fastidioso ronzarti attorno.<br>Perch\u00e9, bene che si sappia, nel silenzio dell\u2019isola\u00a0e in pieno giorno il loro ronzio assume i decibel di una motosega.<br>E che non vi venga in mente che io stia esagerando, perch\u00e9 (zanzare a parte) del silenzio di Pantelleria si potrebbe narrare e parlare e discutere per cento e mille anni.<br>Solo che, a questo punto, ad interromperne la perfezione sarebbe questo inutile frastuono di parole che riempiono la bocca, la impastano e fanno anche fatica ad essere digerite, che se sei almeno un po\u2019 furbo la cosa migliore che puoi fare e ingoiarle in una botta e lasciare che il silenzio scenda gi\u00f9 da solo, come acqua fresca dopo una rinfrancante passeggiata a fine giornata.<\/p>\n","protected":false},"excerpt":{"rendered":"<p>Io sono una vittima sacrificale delle zanzare.Esse dimostrano una smodata [&hellip;]<\/p>\n","protected":false},"author":3,"featured_media":26457,"comment_status":"closed","ping_status":"closed","sticky":false,"template":"","format":"standard","meta":{"_acf_changed":false,"footnotes":""},"categories":[442],"tags":[1520,1521,1446,1421,1028,1029,858,228,92,233,116,91,212,97,198,124],"class_list":["post-26456","post","type-post","status-publish","format-standard","has-post-thumbnail","hentry","category-animali-e-piante","tag-zanzare","tag-silence","tag-vegetazione","tag-goodvibes","tag-piante","tag-silenzio","tag-island-2","tag-ildammuso","tag-isola","tag-maestrale","tag-natura","tag-pantelleria","tag-scirocco","tag-vacanze","tag-vento","tag-verde"],"acf":[],"yoast_head":"<!-- This site is optimized with the Yoast SEO plugin v27.4 - https:\/\/yoast.com\/product\/yoast-seo-wordpress\/ -->\n<title>Pantelleria, l&#039;Isola dove le zanzare temono il vento | Il Dammuso<\/title>\n<meta name=\"description\" content=\"&quot;Pantelleria, l&#039;Isola dove le zanzare temono il vento&quot;: leggi l&#039;articolo completo nel blog de Il Dammuso! Pantelleria vince uno a zero contro le zanzare\" \/>\n<meta name=\"robots\" content=\"index, follow, max-snippet:-1, max-image-preview:large, max-video-preview:-1\" \/>\n<link rel=\"canonical\" href=\"https:\/\/www.ildammuso.com\/it\/pantelleria-lisola-dove-le-zanzare-temono-il-vento\/\" \/>\n<meta property=\"og:locale\" content=\"it_IT\" \/>\n<meta property=\"og:type\" content=\"article\" \/>\n<meta property=\"og:title\" content=\"Pantelleria, l&#039;Isola dove le zanzare temono il vento | Il Dammuso\" \/>\n<meta property=\"og:description\" content=\"&quot;Pantelleria, l&#039;Isola dove le zanzare temono il vento&quot;: leggi l&#039;articolo completo nel blog de Il Dammuso! Pantelleria vince uno a zero contro le zanzare\" \/>\n<meta property=\"og:url\" content=\"https:\/\/www.ildammuso.com\/it\/pantelleria-lisola-dove-le-zanzare-temono-il-vento\/\" \/>\n<meta property=\"og:site_name\" content=\"Il Dammuso\" \/>\n<meta property=\"article:publisher\" content=\"https:\/\/www.facebook.com\/ildammusodipantelleria\/\" \/>\n<meta property=\"article:published_time\" content=\"2024-11-08T09:42:43+00:00\" \/>\n<meta property=\"article:modified_time\" content=\"2024-11-08T09:42:46+00:00\" \/>\n<meta property=\"og:image\" content=\"https:\/\/storage1254.cdn-immedia.net\/wp-content\/uploads\/2024\/11\/vittima-di-zanzare-scaled.jpg\" \/>\n\t<meta property=\"og:image:width\" content=\"2560\" \/>\n\t<meta property=\"og:image:height\" content=\"1955\" \/>\n\t<meta property=\"og:image:type\" content=\"image\/jpeg\" \/>\n<meta name=\"author\" content=\"claudia\" \/>\n<meta name=\"twitter:card\" content=\"summary_large_image\" \/>\n<meta name=\"twitter:label1\" content=\"Scritto da\" \/>\n\t<meta name=\"twitter:data1\" content=\"claudia\" \/>\n\t<meta name=\"twitter:label2\" content=\"Tempo di lettura stimato\" \/>\n\t<meta name=\"twitter:data2\" content=\"2 minuti\" \/>\n<script type=\"application\/ld+json\" class=\"yoast-schema-graph\">{\"@context\":\"https:\\\/\\\/schema.org\",\"@graph\":[{\"@type\":\"Article\",\"@id\":\"https:\\\/\\\/www.ildammuso.com\\\/it\\\/pantelleria-lisola-dove-le-zanzare-temono-il-vento\\\/#article\",\"isPartOf\":{\"@id\":\"https:\\\/\\\/www.ildammuso.com\\\/it\\\/pantelleria-lisola-dove-le-zanzare-temono-il-vento\\\/\"},\"author\":{\"name\":\"claudia\",\"@id\":\"https:\\\/\\\/www.ildammuso.com\\\/it\\\/#\\\/schema\\\/person\\\/a97bc2634c1ae772b6efbb07fef2b3a8\"},\"headline\":\"Pantelleria, l&#8217;Isola dove le zanzare temono il vento\",\"datePublished\":\"2024-11-08T09:42:43+00:00\",\"dateModified\":\"2024-11-08T09:42:46+00:00\",\"mainEntityOfPage\":{\"@id\":\"https:\\\/\\\/www.ildammuso.com\\\/it\\\/pantelleria-lisola-dove-le-zanzare-temono-il-vento\\\/\"},\"wordCount\":339,\"publisher\":{\"@id\":\"https:\\\/\\\/www.ildammuso.com\\\/it\\\/#organization\"},\"image\":{\"@id\":\"https:\\\/\\\/www.ildammuso.com\\\/it\\\/pantelleria-lisola-dove-le-zanzare-temono-il-vento\\\/#primaryimage\"},\"thumbnailUrl\":\"https:\\\/\\\/www.ildammuso.com\\\/wp-content\\\/uploads\\\/2024\\\/11\\\/vittima-di-zanzare-scaled.jpg\",\"keywords\":[\"zanzare\",\"silence\",\"vegetazione\",\"goodvibes\",\"piante\",\"silenzio\",\"island\",\"ildammuso\",\"isola\",\"maestrale\",\"natura\",\"pantelleria\",\"scirocco\",\"vacanze\",\"vento\",\"verde\"],\"articleSection\":[\"Animali e piante\"],\"inLanguage\":\"it-IT\"},{\"@type\":\"WebPage\",\"@id\":\"https:\\\/\\\/www.ildammuso.com\\\/it\\\/pantelleria-lisola-dove-le-zanzare-temono-il-vento\\\/\",\"url\":\"https:\\\/\\\/www.ildammuso.com\\\/it\\\/pantelleria-lisola-dove-le-zanzare-temono-il-vento\\\/\",\"name\":\"Pantelleria, l'Isola dove le zanzare temono il vento | Il Dammuso\",\"isPartOf\":{\"@id\":\"https:\\\/\\\/www.ildammuso.com\\\/it\\\/#website\"},\"primaryImageOfPage\":{\"@id\":\"https:\\\/\\\/www.ildammuso.com\\\/it\\\/pantelleria-lisola-dove-le-zanzare-temono-il-vento\\\/#primaryimage\"},\"image\":{\"@id\":\"https:\\\/\\\/www.ildammuso.com\\\/it\\\/pantelleria-lisola-dove-le-zanzare-temono-il-vento\\\/#primaryimage\"},\"thumbnailUrl\":\"https:\\\/\\\/www.ildammuso.com\\\/wp-content\\\/uploads\\\/2024\\\/11\\\/vittima-di-zanzare-scaled.jpg\",\"datePublished\":\"2024-11-08T09:42:43+00:00\",\"dateModified\":\"2024-11-08T09:42:46+00:00\",\"description\":\"\\\"Pantelleria, l'Isola dove le zanzare temono il vento\\\": leggi l'articolo completo nel blog de Il Dammuso! Pantelleria vince uno a zero contro le zanzare\",\"breadcrumb\":{\"@id\":\"https:\\\/\\\/www.ildammuso.com\\\/it\\\/pantelleria-lisola-dove-le-zanzare-temono-il-vento\\\/#breadcrumb\"},\"inLanguage\":\"it-IT\",\"potentialAction\":[{\"@type\":\"ReadAction\",\"target\":[\"https:\\\/\\\/www.ildammuso.com\\\/it\\\/pantelleria-lisola-dove-le-zanzare-temono-il-vento\\\/\"]}]},{\"@type\":\"ImageObject\",\"inLanguage\":\"it-IT\",\"@id\":\"https:\\\/\\\/www.ildammuso.com\\\/it\\\/pantelleria-lisola-dove-le-zanzare-temono-il-vento\\\/#primaryimage\",\"url\":\"https:\\\/\\\/www.ildammuso.com\\\/wp-content\\\/uploads\\\/2024\\\/11\\\/vittima-di-zanzare-scaled.jpg\",\"contentUrl\":\"https:\\\/\\\/www.ildammuso.com\\\/wp-content\\\/uploads\\\/2024\\\/11\\\/vittima-di-zanzare-scaled.jpg\",\"width\":2560,\"height\":1955},{\"@type\":\"BreadcrumbList\",\"@id\":\"https:\\\/\\\/www.ildammuso.com\\\/it\\\/pantelleria-lisola-dove-le-zanzare-temono-il-vento\\\/#breadcrumb\",\"itemListElement\":[{\"@type\":\"ListItem\",\"position\":1,\"name\":\"Home\",\"item\":\"https:\\\/\\\/www.ildammuso.com\\\/it\\\/\"},{\"@type\":\"ListItem\",\"position\":2,\"name\":\"&nbsp;\"}]},{\"@type\":\"WebSite\",\"@id\":\"https:\\\/\\\/www.ildammuso.com\\\/it\\\/#website\",\"url\":\"https:\\\/\\\/www.ildammuso.com\\\/it\\\/\",\"name\":\"Il Dammuso\",\"description\":\"Il tuo Dammuso a Pantelleria\",\"publisher\":{\"@id\":\"https:\\\/\\\/www.ildammuso.com\\\/it\\\/#organization\"},\"potentialAction\":[{\"@type\":\"SearchAction\",\"target\":{\"@type\":\"EntryPoint\",\"urlTemplate\":\"https:\\\/\\\/www.ildammuso.com\\\/it\\\/?s={search_term_string}\"},\"query-input\":{\"@type\":\"PropertyValueSpecification\",\"valueRequired\":true,\"valueName\":\"search_term_string\"}}],\"inLanguage\":\"it-IT\"},{\"@type\":\"Organization\",\"@id\":\"https:\\\/\\\/www.ildammuso.com\\\/it\\\/#organization\",\"name\":\"Il Dammuso\",\"url\":\"https:\\\/\\\/www.ildammuso.com\\\/it\\\/\",\"logo\":{\"@type\":\"ImageObject\",\"inLanguage\":\"it-IT\",\"@id\":\"https:\\\/\\\/www.ildammuso.com\\\/it\\\/#\\\/schema\\\/logo\\\/image\\\/\",\"url\":\"https:\\\/\\\/www.ildammuso.com\\\/wp-content\\\/uploads\\\/2022\\\/06\\\/logo-ildammuso.jpg\",\"contentUrl\":\"https:\\\/\\\/www.ildammuso.com\\\/wp-content\\\/uploads\\\/2022\\\/06\\\/logo-ildammuso.jpg\",\"width\":426,\"height\":395,\"caption\":\"Il Dammuso\"},\"image\":{\"@id\":\"https:\\\/\\\/www.ildammuso.com\\\/it\\\/#\\\/schema\\\/logo\\\/image\\\/\"},\"sameAs\":[\"https:\\\/\\\/www.facebook.com\\\/ildammusodipantelleria\\\/\",\"https:\\\/\\\/www.instagram.com\\\/ildammusogram\\\/\"]},{\"@type\":\"Person\",\"@id\":\"https:\\\/\\\/www.ildammuso.com\\\/it\\\/#\\\/schema\\\/person\\\/a97bc2634c1ae772b6efbb07fef2b3a8\",\"name\":\"claudia\",\"image\":{\"@type\":\"ImageObject\",\"inLanguage\":\"it-IT\",\"@id\":\"https:\\\/\\\/secure.gravatar.com\\\/avatar\\\/bfa9e85032faeaffeaaafd48c7c09ad8da852ff133d8361db8721aff28093ebe?s=96&d=mm&r=g\",\"url\":\"https:\\\/\\\/secure.gravatar.com\\\/avatar\\\/bfa9e85032faeaffeaaafd48c7c09ad8da852ff133d8361db8721aff28093ebe?s=96&d=mm&r=g\",\"contentUrl\":\"https:\\\/\\\/secure.gravatar.com\\\/avatar\\\/bfa9e85032faeaffeaaafd48c7c09ad8da852ff133d8361db8721aff28093ebe?s=96&d=mm&r=g\",\"caption\":\"claudia\"}}]}<\/script>\n<!-- \/ Yoast SEO plugin. -->","yoast_head_json":{"title":"Pantelleria, l'Isola dove le zanzare temono il vento | Il Dammuso","description":"\"Pantelleria, l'Isola dove le zanzare temono il vento\": leggi l'articolo completo nel blog de Il Dammuso! Pantelleria vince uno a zero contro le zanzare","robots":{"index":"index","follow":"follow","max-snippet":"max-snippet:-1","max-image-preview":"max-image-preview:large","max-video-preview":"max-video-preview:-1"},"canonical":"https:\/\/www.ildammuso.com\/it\/pantelleria-lisola-dove-le-zanzare-temono-il-vento\/","og_locale":"it_IT","og_type":"article","og_title":"Pantelleria, l'Isola dove le zanzare temono il vento | Il Dammuso","og_description":"\"Pantelleria, l'Isola dove le zanzare temono il vento\": leggi l'articolo completo nel blog de Il Dammuso! Pantelleria vince uno a zero contro le zanzare","og_url":"https:\/\/www.ildammuso.com\/it\/pantelleria-lisola-dove-le-zanzare-temono-il-vento\/","og_site_name":"Il Dammuso","article_publisher":"https:\/\/www.facebook.com\/ildammusodipantelleria\/","article_published_time":"2024-11-08T09:42:43+00:00","article_modified_time":"2024-11-08T09:42:46+00:00","og_image":[{"width":2560,"height":1955,"url":"https:\/\/storage1254.cdn-immedia.net\/wp-content\/uploads\/2024\/11\/vittima-di-zanzare-scaled.jpg","type":"image\/jpeg"}],"author":"claudia","twitter_card":"summary_large_image","twitter_misc":{"Scritto da":"claudia","Tempo di lettura stimato":"2 minuti"},"schema":{"@context":"https:\/\/schema.org","@graph":[{"@type":"Article","@id":"https:\/\/www.ildammuso.com\/it\/pantelleria-lisola-dove-le-zanzare-temono-il-vento\/#article","isPartOf":{"@id":"https:\/\/www.ildammuso.com\/it\/pantelleria-lisola-dove-le-zanzare-temono-il-vento\/"},"author":{"name":"claudia","@id":"https:\/\/www.ildammuso.com\/it\/#\/schema\/person\/a97bc2634c1ae772b6efbb07fef2b3a8"},"headline":"Pantelleria, l&#8217;Isola dove le zanzare temono il vento","datePublished":"2024-11-08T09:42:43+00:00","dateModified":"2024-11-08T09:42:46+00:00","mainEntityOfPage":{"@id":"https:\/\/www.ildammuso.com\/it\/pantelleria-lisola-dove-le-zanzare-temono-il-vento\/"},"wordCount":339,"publisher":{"@id":"https:\/\/www.ildammuso.com\/it\/#organization"},"image":{"@id":"https:\/\/www.ildammuso.com\/it\/pantelleria-lisola-dove-le-zanzare-temono-il-vento\/#primaryimage"},"thumbnailUrl":"https:\/\/storage1254.cdn-immedia.net\/wp-content\/uploads\/2024\/11\/vittima-di-zanzare-scaled.jpg","keywords":["zanzare","silence","vegetazione","goodvibes","piante","silenzio","island","ildammuso","isola","maestrale","natura","pantelleria","scirocco","vacanze","vento","verde"],"articleSection":["Animali e piante"],"inLanguage":"it-IT"},{"@type":"WebPage","@id":"https:\/\/www.ildammuso.com\/it\/pantelleria-lisola-dove-le-zanzare-temono-il-vento\/","url":"https:\/\/www.ildammuso.com\/it\/pantelleria-lisola-dove-le-zanzare-temono-il-vento\/","name":"Pantelleria, l'Isola dove le zanzare temono il vento | Il Dammuso","isPartOf":{"@id":"https:\/\/www.ildammuso.com\/it\/#website"},"primaryImageOfPage":{"@id":"https:\/\/www.ildammuso.com\/it\/pantelleria-lisola-dove-le-zanzare-temono-il-vento\/#primaryimage"},"image":{"@id":"https:\/\/www.ildammuso.com\/it\/pantelleria-lisola-dove-le-zanzare-temono-il-vento\/#primaryimage"},"thumbnailUrl":"https:\/\/storage1254.cdn-immedia.net\/wp-content\/uploads\/2024\/11\/vittima-di-zanzare-scaled.jpg","datePublished":"2024-11-08T09:42:43+00:00","dateModified":"2024-11-08T09:42:46+00:00","description":"\"Pantelleria, l'Isola dove le zanzare temono il vento\": leggi l'articolo completo nel blog de Il Dammuso! Pantelleria vince uno a zero contro le zanzare","breadcrumb":{"@id":"https:\/\/www.ildammuso.com\/it\/pantelleria-lisola-dove-le-zanzare-temono-il-vento\/#breadcrumb"},"inLanguage":"it-IT","potentialAction":[{"@type":"ReadAction","target":["https:\/\/www.ildammuso.com\/it\/pantelleria-lisola-dove-le-zanzare-temono-il-vento\/"]}]},{"@type":"ImageObject","inLanguage":"it-IT","@id":"https:\/\/www.ildammuso.com\/it\/pantelleria-lisola-dove-le-zanzare-temono-il-vento\/#primaryimage","url":"https:\/\/storage1254.cdn-immedia.net\/wp-content\/uploads\/2024\/11\/vittima-di-zanzare-scaled.jpg","contentUrl":"https:\/\/storage1254.cdn-immedia.net\/wp-content\/uploads\/2024\/11\/vittima-di-zanzare-scaled.jpg","width":2560,"height":1955},{"@type":"BreadcrumbList","@id":"https:\/\/www.ildammuso.com\/it\/pantelleria-lisola-dove-le-zanzare-temono-il-vento\/#breadcrumb","itemListElement":[{"@type":"ListItem","position":1,"name":"Home","item":"https:\/\/www.ildammuso.com\/it\/"},{"@type":"ListItem","position":2,"name":"&nbsp;"}]},{"@type":"WebSite","@id":"https:\/\/www.ildammuso.com\/it\/#website","url":"https:\/\/www.ildammuso.com\/it\/","name":"Il Dammuso","description":"Il tuo Dammuso a Pantelleria","publisher":{"@id":"https:\/\/www.ildammuso.com\/it\/#organization"},"potentialAction":[{"@type":"SearchAction","target":{"@type":"EntryPoint","urlTemplate":"https:\/\/www.ildammuso.com\/it\/?s={search_term_string}"},"query-input":{"@type":"PropertyValueSpecification","valueRequired":true,"valueName":"search_term_string"}}],"inLanguage":"it-IT"},{"@type":"Organization","@id":"https:\/\/www.ildammuso.com\/it\/#organization","name":"Il Dammuso","url":"https:\/\/www.ildammuso.com\/it\/","logo":{"@type":"ImageObject","inLanguage":"it-IT","@id":"https:\/\/www.ildammuso.com\/it\/#\/schema\/logo\/image\/","url":"https:\/\/storage1254.cdn-immedia.net\/wp-content\/uploads\/2022\/06\/logo-ildammuso.jpg","contentUrl":"https:\/\/storage1254.cdn-immedia.net\/wp-content\/uploads\/2022\/06\/logo-ildammuso.jpg","width":426,"height":395,"caption":"Il Dammuso"},"image":{"@id":"https:\/\/www.ildammuso.com\/it\/#\/schema\/logo\/image\/"},"sameAs":["https:\/\/www.facebook.com\/ildammusodipantelleria\/","https:\/\/www.instagram.com\/ildammusogram\/"]},{"@type":"Person","@id":"https:\/\/www.ildammuso.com\/it\/#\/schema\/person\/a97bc2634c1ae772b6efbb07fef2b3a8","name":"claudia","image":{"@type":"ImageObject","inLanguage":"it-IT","@id":"https:\/\/secure.gravatar.com\/avatar\/bfa9e85032faeaffeaaafd48c7c09ad8da852ff133d8361db8721aff28093ebe?s=96&d=mm&r=g","url":"https:\/\/secure.gravatar.com\/avatar\/bfa9e85032faeaffeaaafd48c7c09ad8da852ff133d8361db8721aff28093ebe?s=96&d=mm&r=g","contentUrl":"https:\/\/secure.gravatar.com\/avatar\/bfa9e85032faeaffeaaafd48c7c09ad8da852ff133d8361db8721aff28093ebe?s=96&d=mm&r=g","caption":"claudia"}}]}},"_links":{"self":[{"href":"https:\/\/www.ildammuso.com\/it\/wp-json\/wp\/v2\/posts\/26456","targetHints":{"allow":["GET"]}}],"collection":[{"href":"https:\/\/www.ildammuso.com\/it\/wp-json\/wp\/v2\/posts"}],"about":[{"href":"https:\/\/www.ildammuso.com\/it\/wp-json\/wp\/v2\/types\/post"}],"author":[{"embeddable":true,"href":"https:\/\/www.ildammuso.com\/it\/wp-json\/wp\/v2\/users\/3"}],"replies":[{"embeddable":true,"href":"https:\/\/www.ildammuso.com\/it\/wp-json\/wp\/v2\/comments?post=26456"}],"version-history":[{"count":1,"href":"https:\/\/www.ildammuso.com\/it\/wp-json\/wp\/v2\/posts\/26456\/revisions"}],"predecessor-version":[{"id":26459,"href":"https:\/\/www.ildammuso.com\/it\/wp-json\/wp\/v2\/posts\/26456\/revisions\/26459"}],"wp:featuredmedia":[{"embeddable":true,"href":"https:\/\/www.ildammuso.com\/it\/wp-json\/wp\/v2\/media\/26457"}],"wp:attachment":[{"href":"https:\/\/www.ildammuso.com\/it\/wp-json\/wp\/v2\/media?parent=26456"}],"wp:term":[{"taxonomy":"category","embeddable":true,"href":"https:\/\/www.ildammuso.com\/it\/wp-json\/wp\/v2\/categories?post=26456"},{"taxonomy":"post_tag","embeddable":true,"href":"https:\/\/www.ildammuso.com\/it\/wp-json\/wp\/v2\/tags?post=26456"}],"curies":[{"name":"wp","href":"https:\/\/api.w.org\/{rel}","templated":true}]}}