{"id":26471,"date":"2024-11-15T10:46:11","date_gmt":"2024-11-15T09:46:11","guid":{"rendered":"https:\/\/www.ildammuso.com\/?p=26471"},"modified":"2024-11-15T10:46:13","modified_gmt":"2024-11-15T09:46:13","slug":"incontri-di-viaggio-il-fascino-di-pantelleria-raccontato-su-un-bus","status":"publish","type":"post","link":"https:\/\/www.ildammuso.com\/it\/incontri-di-viaggio-il-fascino-di-pantelleria-raccontato-su-un-bus\/","title":{"rendered":"Incontri di viaggio: il fascino di Pantelleria raccontato su un bus"},"content":{"rendered":"\n<p>Salgo sul bus che dalla citt\u00e0 mi porta in aeroporto.<br>Siedo accanto ad una signora.<br>Un paio di sorrisi distratti giusto per rendere omaggio a quei venti chilometri che condivideremo spalla a spalla fino al luogo di destinazione.<br>Io sto tornando a Pantelleria e come sempre faccio \u201cfocus\u201d sul momento in cui l\u2019ATR mi lascer\u00e0 sulla pista e io percorrer\u00f2 quei dieci metri che mi separano da un ingresso che sembra la porta di Narnia.<br>Una specie di spartiacque tra due mondi completamente diversi fra loro.<br><br>Solo che devo essere una di quelle che fa venire voglia di parlare.<br>Solo che so di esserlo.<br>So anche che mi piace tantissimo ascoltare.<br>Cos\u00ec credo che la gente si presti perch\u00e9 coglie la mia disposizione d\u2019animo.<br>E io non mi faccio mai pregare.<br>Tendo l\u2019orecchio.<br>So sempre quando il racconto pu\u00f2 diventare lente di ingrandimento.<br><br>Lei \u00e8 di Brescia e l\u00ec sta per tornare.<br>Conosce bene Palermo perch\u00e9 ha tanti amici qui.<br>Mi chiede dove sto andando e fiera rispondo \u201cA Pantelleria\u201d e ogni volta che lo dico mi sembra di porgere uno scrigno magico appena aperto a chi ho davanti.<br><br>Ma questa volta \u00e8 la signora che fa brusca retromarcia con la memoria.<br>Cosicch\u00e9 mi racconta che nel \u201975 ebbe la fortuna di organizzare un viaggio (molto alla ventura) con degli amici palermitani alla volta della \u201cnostra\u201d isola.<br>Ricordi indimenticabili.<br>Avevano preso delle stanze in un albergo del paese ma la signora, prim\u2019ancora di avere raggiunto la stanza assegnatale, aveva concluso con la signora delle pulizie un affare perfetto per la locazione di un Dammuso nella zona di Scauri.<br>Abitazione gigantesca, grande giardino, privacy per tutti gli ospiti, silenzio e relax.<br>Al primo giorno avevano gi\u00e0 incontrato un pescatore e per il resto della settimana era stato mare e mare, barca e pesca e sale e pelle color carbone.<br>A sera tutti a cena a casa del pescatore con famiglia riunita e reti ammassate in un angolo della stanza da pranzo.<br>Reti da rammendare alla buona.<br>Raffia, sterpi o vecchia cordura.<br>Se non la punta dell\u2019agave che sfilata nel modo giusto rappresenta un filo per cucito vegetale di straordinaria resistenza.<br><br>Cos\u00ec era andata la vacanza, in un tempo in cui io non sapevo cosa fosse Pantelleria.<br>Che \u00e8 un tempo difficile da immaginare: poche macchine, pochi turisti, luce elettrica solo in paese e nei ristretti centri abitati, mulattiere e qualche asino ancora al lavoro.<br><br>Se ci penso mi sale una strana nostalgia.<br>Quella di chi avrebbe voluto amare prima e meglio.<br>Che si tratti di un luogo o una persona.<\/p>\n","protected":false},"excerpt":{"rendered":"<p>Salgo sul bus che dalla citt\u00e0 mi porta in aeroporto.Siedo [&hellip;]<\/p>\n","protected":false},"author":3,"featured_media":26472,"comment_status":"closed","ping_status":"closed","sticky":false,"template":"","format":"standard","meta":{"_acf_changed":false,"footnotes":""},"categories":[446],"tags":[1525,1523,1522,1526,1337,858,228,92,91,103],"class_list":["post-26471","post","type-post","status-publish","format-standard","has-post-thumbnail","hentry","category-pantelleria-lisola","tag-storytelling","tag-racconti-2","tag-bielica-2","tag-bus","tag-ricordi","tag-island-2","tag-ildammuso","tag-isola","tag-pantelleria","tag-viaggio"],"acf":[],"yoast_head":"<!-- This site is optimized with the Yoast SEO plugin v27.4 - https:\/\/yoast.com\/product\/yoast-seo-wordpress\/ -->\n<title>Incontri di viaggio: il fascino di Pantelleria raccontato su un bus | Il Dammuso<\/title>\n<meta name=\"description\" content=\"&quot;Incontri di viaggio: il fascino di Pantelleria raccontato su un bus&quot;: leggi l&#039;articolo completo nel blog de Il Dammuso!\" \/>\n<meta name=\"robots\" content=\"index, follow, max-snippet:-1, max-image-preview:large, max-video-preview:-1\" \/>\n<link rel=\"canonical\" href=\"https:\/\/www.ildammuso.com\/it\/incontri-di-viaggio-il-fascino-di-pantelleria-raccontato-su-un-bus\/\" \/>\n<meta property=\"og:locale\" content=\"it_IT\" \/>\n<meta property=\"og:type\" content=\"article\" \/>\n<meta property=\"og:title\" content=\"Incontri di viaggio: il fascino di Pantelleria raccontato su un bus | Il Dammuso\" \/>\n<meta property=\"og:description\" content=\"&quot;Incontri di viaggio: il fascino di Pantelleria raccontato su un bus&quot;: leggi l&#039;articolo completo nel blog de Il Dammuso!\" \/>\n<meta property=\"og:url\" content=\"https:\/\/www.ildammuso.com\/it\/incontri-di-viaggio-il-fascino-di-pantelleria-raccontato-su-un-bus\/\" \/>\n<meta property=\"og:site_name\" content=\"Il Dammuso\" \/>\n<meta property=\"article:publisher\" content=\"https:\/\/www.facebook.com\/ildammusodipantelleria\/\" \/>\n<meta property=\"article:published_time\" content=\"2024-11-15T09:46:11+00:00\" \/>\n<meta property=\"article:modified_time\" content=\"2024-11-15T09:46:13+00:00\" \/>\n<meta property=\"og:image\" content=\"https:\/\/storage1254.cdn-immedia.net\/wp-content\/uploads\/2024\/11\/Pa_Pante-scaled.jpg\" \/>\n\t<meta property=\"og:image:width\" content=\"2560\" \/>\n\t<meta property=\"og:image:height\" content=\"1928\" \/>\n\t<meta property=\"og:image:type\" content=\"image\/jpeg\" \/>\n<meta name=\"author\" content=\"claudia\" \/>\n<meta name=\"twitter:card\" content=\"summary_large_image\" \/>\n<meta name=\"twitter:label1\" content=\"Scritto da\" \/>\n\t<meta name=\"twitter:data1\" content=\"claudia\" \/>\n\t<meta name=\"twitter:label2\" content=\"Tempo di lettura stimato\" \/>\n\t<meta name=\"twitter:data2\" content=\"3 minuti\" \/>\n<script type=\"application\/ld+json\" class=\"yoast-schema-graph\">{\"@context\":\"https:\\\/\\\/schema.org\",\"@graph\":[{\"@type\":\"Article\",\"@id\":\"https:\\\/\\\/www.ildammuso.com\\\/it\\\/incontri-di-viaggio-il-fascino-di-pantelleria-raccontato-su-un-bus\\\/#article\",\"isPartOf\":{\"@id\":\"https:\\\/\\\/www.ildammuso.com\\\/it\\\/incontri-di-viaggio-il-fascino-di-pantelleria-raccontato-su-un-bus\\\/\"},\"author\":{\"name\":\"claudia\",\"@id\":\"https:\\\/\\\/www.ildammuso.com\\\/it\\\/#\\\/schema\\\/person\\\/a97bc2634c1ae772b6efbb07fef2b3a8\"},\"headline\":\"Incontri di viaggio: il fascino di Pantelleria raccontato su un bus\",\"datePublished\":\"2024-11-15T09:46:11+00:00\",\"dateModified\":\"2024-11-15T09:46:13+00:00\",\"mainEntityOfPage\":{\"@id\":\"https:\\\/\\\/www.ildammuso.com\\\/it\\\/incontri-di-viaggio-il-fascino-di-pantelleria-raccontato-su-un-bus\\\/\"},\"wordCount\":441,\"publisher\":{\"@id\":\"https:\\\/\\\/www.ildammuso.com\\\/it\\\/#organization\"},\"image\":{\"@id\":\"https:\\\/\\\/www.ildammuso.com\\\/it\\\/incontri-di-viaggio-il-fascino-di-pantelleria-raccontato-su-un-bus\\\/#primaryimage\"},\"thumbnailUrl\":\"https:\\\/\\\/www.ildammuso.com\\\/wp-content\\\/uploads\\\/2024\\\/11\\\/Pa_Pante-scaled.jpg\",\"keywords\":[\"storytelling\",\"racconti\",\"bielica\",\"bus\",\"ricordi\",\"island\",\"ildammuso\",\"isola\",\"pantelleria\",\"viaggio\"],\"articleSection\":[\"Pantelleria, l'isola\"],\"inLanguage\":\"it-IT\"},{\"@type\":\"WebPage\",\"@id\":\"https:\\\/\\\/www.ildammuso.com\\\/it\\\/incontri-di-viaggio-il-fascino-di-pantelleria-raccontato-su-un-bus\\\/\",\"url\":\"https:\\\/\\\/www.ildammuso.com\\\/it\\\/incontri-di-viaggio-il-fascino-di-pantelleria-raccontato-su-un-bus\\\/\",\"name\":\"Incontri di viaggio: il fascino di Pantelleria raccontato su un bus | Il Dammuso\",\"isPartOf\":{\"@id\":\"https:\\\/\\\/www.ildammuso.com\\\/it\\\/#website\"},\"primaryImageOfPage\":{\"@id\":\"https:\\\/\\\/www.ildammuso.com\\\/it\\\/incontri-di-viaggio-il-fascino-di-pantelleria-raccontato-su-un-bus\\\/#primaryimage\"},\"image\":{\"@id\":\"https:\\\/\\\/www.ildammuso.com\\\/it\\\/incontri-di-viaggio-il-fascino-di-pantelleria-raccontato-su-un-bus\\\/#primaryimage\"},\"thumbnailUrl\":\"https:\\\/\\\/www.ildammuso.com\\\/wp-content\\\/uploads\\\/2024\\\/11\\\/Pa_Pante-scaled.jpg\",\"datePublished\":\"2024-11-15T09:46:11+00:00\",\"dateModified\":\"2024-11-15T09:46:13+00:00\",\"description\":\"\\\"Incontri di viaggio: il fascino di Pantelleria raccontato su un bus\\\": leggi l'articolo completo nel blog de Il Dammuso!\",\"breadcrumb\":{\"@id\":\"https:\\\/\\\/www.ildammuso.com\\\/it\\\/incontri-di-viaggio-il-fascino-di-pantelleria-raccontato-su-un-bus\\\/#breadcrumb\"},\"inLanguage\":\"it-IT\",\"potentialAction\":[{\"@type\":\"ReadAction\",\"target\":[\"https:\\\/\\\/www.ildammuso.com\\\/it\\\/incontri-di-viaggio-il-fascino-di-pantelleria-raccontato-su-un-bus\\\/\"]}]},{\"@type\":\"ImageObject\",\"inLanguage\":\"it-IT\",\"@id\":\"https:\\\/\\\/www.ildammuso.com\\\/it\\\/incontri-di-viaggio-il-fascino-di-pantelleria-raccontato-su-un-bus\\\/#primaryimage\",\"url\":\"https:\\\/\\\/www.ildammuso.com\\\/wp-content\\\/uploads\\\/2024\\\/11\\\/Pa_Pante-scaled.jpg\",\"contentUrl\":\"https:\\\/\\\/www.ildammuso.com\\\/wp-content\\\/uploads\\\/2024\\\/11\\\/Pa_Pante-scaled.jpg\",\"width\":2560,\"height\":1928,\"caption\":\"oplus_0\"},{\"@type\":\"BreadcrumbList\",\"@id\":\"https:\\\/\\\/www.ildammuso.com\\\/it\\\/incontri-di-viaggio-il-fascino-di-pantelleria-raccontato-su-un-bus\\\/#breadcrumb\",\"itemListElement\":[{\"@type\":\"ListItem\",\"position\":1,\"name\":\"Home\",\"item\":\"https:\\\/\\\/www.ildammuso.com\\\/it\\\/\"},{\"@type\":\"ListItem\",\"position\":2,\"name\":\"&nbsp;\"}]},{\"@type\":\"WebSite\",\"@id\":\"https:\\\/\\\/www.ildammuso.com\\\/it\\\/#website\",\"url\":\"https:\\\/\\\/www.ildammuso.com\\\/it\\\/\",\"name\":\"Il Dammuso\",\"description\":\"Il tuo Dammuso a Pantelleria\",\"publisher\":{\"@id\":\"https:\\\/\\\/www.ildammuso.com\\\/it\\\/#organization\"},\"potentialAction\":[{\"@type\":\"SearchAction\",\"target\":{\"@type\":\"EntryPoint\",\"urlTemplate\":\"https:\\\/\\\/www.ildammuso.com\\\/it\\\/?s={search_term_string}\"},\"query-input\":{\"@type\":\"PropertyValueSpecification\",\"valueRequired\":true,\"valueName\":\"search_term_string\"}}],\"inLanguage\":\"it-IT\"},{\"@type\":\"Organization\",\"@id\":\"https:\\\/\\\/www.ildammuso.com\\\/it\\\/#organization\",\"name\":\"Il Dammuso\",\"url\":\"https:\\\/\\\/www.ildammuso.com\\\/it\\\/\",\"logo\":{\"@type\":\"ImageObject\",\"inLanguage\":\"it-IT\",\"@id\":\"https:\\\/\\\/www.ildammuso.com\\\/it\\\/#\\\/schema\\\/logo\\\/image\\\/\",\"url\":\"https:\\\/\\\/www.ildammuso.com\\\/wp-content\\\/uploads\\\/2022\\\/06\\\/logo-ildammuso.jpg\",\"contentUrl\":\"https:\\\/\\\/www.ildammuso.com\\\/wp-content\\\/uploads\\\/2022\\\/06\\\/logo-ildammuso.jpg\",\"width\":426,\"height\":395,\"caption\":\"Il Dammuso\"},\"image\":{\"@id\":\"https:\\\/\\\/www.ildammuso.com\\\/it\\\/#\\\/schema\\\/logo\\\/image\\\/\"},\"sameAs\":[\"https:\\\/\\\/www.facebook.com\\\/ildammusodipantelleria\\\/\",\"https:\\\/\\\/www.instagram.com\\\/ildammusogram\\\/\"]},{\"@type\":\"Person\",\"@id\":\"https:\\\/\\\/www.ildammuso.com\\\/it\\\/#\\\/schema\\\/person\\\/a97bc2634c1ae772b6efbb07fef2b3a8\",\"name\":\"claudia\",\"image\":{\"@type\":\"ImageObject\",\"inLanguage\":\"it-IT\",\"@id\":\"https:\\\/\\\/secure.gravatar.com\\\/avatar\\\/bfa9e85032faeaffeaaafd48c7c09ad8da852ff133d8361db8721aff28093ebe?s=96&d=mm&r=g\",\"url\":\"https:\\\/\\\/secure.gravatar.com\\\/avatar\\\/bfa9e85032faeaffeaaafd48c7c09ad8da852ff133d8361db8721aff28093ebe?s=96&d=mm&r=g\",\"contentUrl\":\"https:\\\/\\\/secure.gravatar.com\\\/avatar\\\/bfa9e85032faeaffeaaafd48c7c09ad8da852ff133d8361db8721aff28093ebe?s=96&d=mm&r=g\",\"caption\":\"claudia\"}}]}<\/script>\n<!-- \/ Yoast SEO plugin. -->","yoast_head_json":{"title":"Incontri di viaggio: il fascino di Pantelleria raccontato su un bus | Il Dammuso","description":"\"Incontri di viaggio: il fascino di Pantelleria raccontato su un bus\": leggi l'articolo completo nel blog de Il Dammuso!","robots":{"index":"index","follow":"follow","max-snippet":"max-snippet:-1","max-image-preview":"max-image-preview:large","max-video-preview":"max-video-preview:-1"},"canonical":"https:\/\/www.ildammuso.com\/it\/incontri-di-viaggio-il-fascino-di-pantelleria-raccontato-su-un-bus\/","og_locale":"it_IT","og_type":"article","og_title":"Incontri di viaggio: il fascino di Pantelleria raccontato su un bus | Il Dammuso","og_description":"\"Incontri di viaggio: il fascino di Pantelleria raccontato su un bus\": leggi l'articolo completo nel blog de Il Dammuso!","og_url":"https:\/\/www.ildammuso.com\/it\/incontri-di-viaggio-il-fascino-di-pantelleria-raccontato-su-un-bus\/","og_site_name":"Il Dammuso","article_publisher":"https:\/\/www.facebook.com\/ildammusodipantelleria\/","article_published_time":"2024-11-15T09:46:11+00:00","article_modified_time":"2024-11-15T09:46:13+00:00","og_image":[{"width":2560,"height":1928,"url":"https:\/\/storage1254.cdn-immedia.net\/wp-content\/uploads\/2024\/11\/Pa_Pante-scaled.jpg","type":"image\/jpeg"}],"author":"claudia","twitter_card":"summary_large_image","twitter_misc":{"Scritto da":"claudia","Tempo di lettura stimato":"3 minuti"},"schema":{"@context":"https:\/\/schema.org","@graph":[{"@type":"Article","@id":"https:\/\/www.ildammuso.com\/it\/incontri-di-viaggio-il-fascino-di-pantelleria-raccontato-su-un-bus\/#article","isPartOf":{"@id":"https:\/\/www.ildammuso.com\/it\/incontri-di-viaggio-il-fascino-di-pantelleria-raccontato-su-un-bus\/"},"author":{"name":"claudia","@id":"https:\/\/www.ildammuso.com\/it\/#\/schema\/person\/a97bc2634c1ae772b6efbb07fef2b3a8"},"headline":"Incontri di viaggio: il fascino di Pantelleria raccontato su un bus","datePublished":"2024-11-15T09:46:11+00:00","dateModified":"2024-11-15T09:46:13+00:00","mainEntityOfPage":{"@id":"https:\/\/www.ildammuso.com\/it\/incontri-di-viaggio-il-fascino-di-pantelleria-raccontato-su-un-bus\/"},"wordCount":441,"publisher":{"@id":"https:\/\/www.ildammuso.com\/it\/#organization"},"image":{"@id":"https:\/\/www.ildammuso.com\/it\/incontri-di-viaggio-il-fascino-di-pantelleria-raccontato-su-un-bus\/#primaryimage"},"thumbnailUrl":"https:\/\/storage1254.cdn-immedia.net\/wp-content\/uploads\/2024\/11\/Pa_Pante-scaled.jpg","keywords":["storytelling","racconti","bielica","bus","ricordi","island","ildammuso","isola","pantelleria","viaggio"],"articleSection":["Pantelleria, l'isola"],"inLanguage":"it-IT"},{"@type":"WebPage","@id":"https:\/\/www.ildammuso.com\/it\/incontri-di-viaggio-il-fascino-di-pantelleria-raccontato-su-un-bus\/","url":"https:\/\/www.ildammuso.com\/it\/incontri-di-viaggio-il-fascino-di-pantelleria-raccontato-su-un-bus\/","name":"Incontri di viaggio: il fascino di Pantelleria raccontato su un bus | Il Dammuso","isPartOf":{"@id":"https:\/\/www.ildammuso.com\/it\/#website"},"primaryImageOfPage":{"@id":"https:\/\/www.ildammuso.com\/it\/incontri-di-viaggio-il-fascino-di-pantelleria-raccontato-su-un-bus\/#primaryimage"},"image":{"@id":"https:\/\/www.ildammuso.com\/it\/incontri-di-viaggio-il-fascino-di-pantelleria-raccontato-su-un-bus\/#primaryimage"},"thumbnailUrl":"https:\/\/storage1254.cdn-immedia.net\/wp-content\/uploads\/2024\/11\/Pa_Pante-scaled.jpg","datePublished":"2024-11-15T09:46:11+00:00","dateModified":"2024-11-15T09:46:13+00:00","description":"\"Incontri di viaggio: il fascino di Pantelleria raccontato su un bus\": leggi l'articolo completo nel blog de Il Dammuso!","breadcrumb":{"@id":"https:\/\/www.ildammuso.com\/it\/incontri-di-viaggio-il-fascino-di-pantelleria-raccontato-su-un-bus\/#breadcrumb"},"inLanguage":"it-IT","potentialAction":[{"@type":"ReadAction","target":["https:\/\/www.ildammuso.com\/it\/incontri-di-viaggio-il-fascino-di-pantelleria-raccontato-su-un-bus\/"]}]},{"@type":"ImageObject","inLanguage":"it-IT","@id":"https:\/\/www.ildammuso.com\/it\/incontri-di-viaggio-il-fascino-di-pantelleria-raccontato-su-un-bus\/#primaryimage","url":"https:\/\/storage1254.cdn-immedia.net\/wp-content\/uploads\/2024\/11\/Pa_Pante-scaled.jpg","contentUrl":"https:\/\/storage1254.cdn-immedia.net\/wp-content\/uploads\/2024\/11\/Pa_Pante-scaled.jpg","width":2560,"height":1928,"caption":"oplus_0"},{"@type":"BreadcrumbList","@id":"https:\/\/www.ildammuso.com\/it\/incontri-di-viaggio-il-fascino-di-pantelleria-raccontato-su-un-bus\/#breadcrumb","itemListElement":[{"@type":"ListItem","position":1,"name":"Home","item":"https:\/\/www.ildammuso.com\/it\/"},{"@type":"ListItem","position":2,"name":"&nbsp;"}]},{"@type":"WebSite","@id":"https:\/\/www.ildammuso.com\/it\/#website","url":"https:\/\/www.ildammuso.com\/it\/","name":"Il Dammuso","description":"Il tuo Dammuso a Pantelleria","publisher":{"@id":"https:\/\/www.ildammuso.com\/it\/#organization"},"potentialAction":[{"@type":"SearchAction","target":{"@type":"EntryPoint","urlTemplate":"https:\/\/www.ildammuso.com\/it\/?s={search_term_string}"},"query-input":{"@type":"PropertyValueSpecification","valueRequired":true,"valueName":"search_term_string"}}],"inLanguage":"it-IT"},{"@type":"Organization","@id":"https:\/\/www.ildammuso.com\/it\/#organization","name":"Il Dammuso","url":"https:\/\/www.ildammuso.com\/it\/","logo":{"@type":"ImageObject","inLanguage":"it-IT","@id":"https:\/\/www.ildammuso.com\/it\/#\/schema\/logo\/image\/","url":"https:\/\/storage1254.cdn-immedia.net\/wp-content\/uploads\/2022\/06\/logo-ildammuso.jpg","contentUrl":"https:\/\/storage1254.cdn-immedia.net\/wp-content\/uploads\/2022\/06\/logo-ildammuso.jpg","width":426,"height":395,"caption":"Il Dammuso"},"image":{"@id":"https:\/\/www.ildammuso.com\/it\/#\/schema\/logo\/image\/"},"sameAs":["https:\/\/www.facebook.com\/ildammusodipantelleria\/","https:\/\/www.instagram.com\/ildammusogram\/"]},{"@type":"Person","@id":"https:\/\/www.ildammuso.com\/it\/#\/schema\/person\/a97bc2634c1ae772b6efbb07fef2b3a8","name":"claudia","image":{"@type":"ImageObject","inLanguage":"it-IT","@id":"https:\/\/secure.gravatar.com\/avatar\/bfa9e85032faeaffeaaafd48c7c09ad8da852ff133d8361db8721aff28093ebe?s=96&d=mm&r=g","url":"https:\/\/secure.gravatar.com\/avatar\/bfa9e85032faeaffeaaafd48c7c09ad8da852ff133d8361db8721aff28093ebe?s=96&d=mm&r=g","contentUrl":"https:\/\/secure.gravatar.com\/avatar\/bfa9e85032faeaffeaaafd48c7c09ad8da852ff133d8361db8721aff28093ebe?s=96&d=mm&r=g","caption":"claudia"}}]}},"_links":{"self":[{"href":"https:\/\/www.ildammuso.com\/it\/wp-json\/wp\/v2\/posts\/26471","targetHints":{"allow":["GET"]}}],"collection":[{"href":"https:\/\/www.ildammuso.com\/it\/wp-json\/wp\/v2\/posts"}],"about":[{"href":"https:\/\/www.ildammuso.com\/it\/wp-json\/wp\/v2\/types\/post"}],"author":[{"embeddable":true,"href":"https:\/\/www.ildammuso.com\/it\/wp-json\/wp\/v2\/users\/3"}],"replies":[{"embeddable":true,"href":"https:\/\/www.ildammuso.com\/it\/wp-json\/wp\/v2\/comments?post=26471"}],"version-history":[{"count":1,"href":"https:\/\/www.ildammuso.com\/it\/wp-json\/wp\/v2\/posts\/26471\/revisions"}],"predecessor-version":[{"id":26474,"href":"https:\/\/www.ildammuso.com\/it\/wp-json\/wp\/v2\/posts\/26471\/revisions\/26474"}],"wp:featuredmedia":[{"embeddable":true,"href":"https:\/\/www.ildammuso.com\/it\/wp-json\/wp\/v2\/media\/26472"}],"wp:attachment":[{"href":"https:\/\/www.ildammuso.com\/it\/wp-json\/wp\/v2\/media?parent=26471"}],"wp:term":[{"taxonomy":"category","embeddable":true,"href":"https:\/\/www.ildammuso.com\/it\/wp-json\/wp\/v2\/categories?post=26471"},{"taxonomy":"post_tag","embeddable":true,"href":"https:\/\/www.ildammuso.com\/it\/wp-json\/wp\/v2\/tags?post=26471"}],"curies":[{"name":"wp","href":"https:\/\/api.w.org\/{rel}","templated":true}]}}