{"id":26513,"date":"2024-12-06T12:32:33","date_gmt":"2024-12-06T11:32:33","guid":{"rendered":"https:\/\/www.ildammuso.com\/?p=26513"},"modified":"2024-12-06T12:32:38","modified_gmt":"2024-12-06T11:32:38","slug":"pantelleria-e-il-paradosso-della-solitudine-quando-la-voglia-di-stare-soli-si-trasforma-in-socialita-spontanea","status":"publish","type":"post","link":"https:\/\/www.ildammuso.com\/it\/pantelleria-e-il-paradosso-della-solitudine-quando-la-voglia-di-stare-soli-si-trasforma-in-socialita-spontanea\/","title":{"rendered":"Pantelleria e il paradosso della solitudine: quando la voglia di stare soli si trasforma in socialit\u00e0 spontanea"},"content":{"rendered":"\n<p>Sono una persona a cui piace molto stare in solitudine.<br>Perch\u00e9 posso assecondare i miei ritmi, perch\u00e9 non sempre mi piace parlare, perch\u00e9 ho sempre qualcosa da fare, da imparare, da studiare o, anche soltanto a cui pensare.<br><br>Per cui capita che io a Pantelleria vada al mare da sola.<br>Anche l\u00ec, mi piace fare snorkelling in solitaria, girarmi e rigirarmi al sole come fossi una costoletta, leggere o pensare ai fatti miei.<br>Non fosse che esiste sempre un\u2019eccezione alla regola e l\u2019eccezione corrisponde al mio modo di \u201cpraticare\u201d l\u2019isola.<br>Perch\u00e9 quel che dico per il mare vale anche per il bar o il supermercato.<br><br>La verit\u00e0 \u00e8 che a Pantelleria (e non si capisce da cosa derivi questa anomalia nel mio comportamento) se sono seduta al tavolino del bar tendo ad \u201cattaccare bottone\u201d coi vicini.<br>Lo stesso dicasi al mare: scelgo una piattaforma non troppo isolata e dopo qualche minuto mi ritrovo a conversare che dei poveri innocenti che magari avevano esattamente voglia di ci\u00f2 che io millanto di voler fare, ossia restare in silenzio.<br><br>Lo stesso dicasi se mi soffermo davanti al furgoncino di frutta e verdura al parcheggio di Scauri: in capo a due minuti sono l\u00ec a discettare sul raccolto dell\u2019anno, sull\u2019incremento dei prezzi e amenit\u00e0 varie.<br>Ma il mio momento di pi\u00f9 alta socialit\u00e0 avviene all\u2019attesa del camioncino dell&#8217;isola ecologica di Scauri, mentre sono in coda con altri \u201cpoveri e solerti disgraziati\u201d come me.<br>L\u00ec raggiungo le pi\u00f9 alte vette della comunicazione.<br>Non ce n\u2019\u00e8 per nessuno.<br>Passo da un argomento all\u2019altro con un\u2019affabilit\u00e0 oratoria che tocca svariati argomenti: dal calcio (di cui non capisco nulla), alle ultime tendenze della moda (di cui non capisco nulla) fino alle politiche ambientali (di cui capisco poco) passando trasversalmente per la pi\u00f9 densa serie di luoghi comuni che la \u201cfavella\u201d umana possa partorire.<br><br>Poi, se amici, pseudo amici, amabili conoscenti per\u00f2 dovessero chiedermi di prendere un aperitivo o trascorrere una piacevole serata con loro, NO.<br>Quello no.<br>Perch\u00e9 io amo la solitudine.<\/p>\n","protected":false},"excerpt":{"rendered":"<p>Sono una persona a cui piace molto stare in solitudine.Perch\u00e9 [&hellip;]<\/p>\n","protected":false},"author":3,"featured_media":26514,"comment_status":"closed","ping_status":"closed","sticky":false,"template":"","format":"standard","meta":{"_acf_changed":false,"footnotes":""},"categories":[439],"tags":[1536,1535,1534,1358,1195,1183,975,933,215,228,92,116,91],"class_list":["post-26513","post","type-post","status-publish","format-standard","has-post-thumbnail","hentry","category-riflessioni-da-pantelleria","tag-smalltalk","tag-chatting","tag-incontro","tag-pace","tag-camminare","tag-sentieri","tag-solitudine","tag-hiking","tag-gente","tag-ildammuso","tag-isola","tag-natura","tag-pantelleria"],"acf":[],"yoast_head":"<!-- This site is optimized with the Yoast SEO plugin v27.4 - https:\/\/yoast.com\/product\/yoast-seo-wordpress\/ -->\n<title>Pantelleria e il paradosso della solitudine: quando la voglia di stare soli si trasforma in socialit\u00e0 spontanea | Il Dammuso<\/title>\n<meta name=\"description\" content=\"&quot;Pantelleria e il paradosso della solitudine: quando la voglia di stare soli si trasforma in socialit\u00e0 spontanea&quot;: leggi l&#039;articolo completo nel blog de Il Dammuso!\" \/>\n<meta name=\"robots\" content=\"index, follow, max-snippet:-1, max-image-preview:large, max-video-preview:-1\" \/>\n<link rel=\"canonical\" href=\"https:\/\/www.ildammuso.com\/it\/pantelleria-e-il-paradosso-della-solitudine-quando-la-voglia-di-stare-soli-si-trasforma-in-socialita-spontanea\/\" \/>\n<meta property=\"og:locale\" content=\"it_IT\" \/>\n<meta property=\"og:type\" content=\"article\" \/>\n<meta property=\"og:title\" content=\"Pantelleria e il paradosso della solitudine: quando la voglia di stare soli si trasforma in socialit\u00e0 spontanea | Il Dammuso\" \/>\n<meta property=\"og:description\" content=\"&quot;Pantelleria e il paradosso della solitudine: quando la voglia di stare soli si trasforma in socialit\u00e0 spontanea&quot;: leggi l&#039;articolo completo nel blog de Il Dammuso!\" \/>\n<meta property=\"og:url\" content=\"https:\/\/www.ildammuso.com\/it\/pantelleria-e-il-paradosso-della-solitudine-quando-la-voglia-di-stare-soli-si-trasforma-in-socialita-spontanea\/\" \/>\n<meta property=\"og:site_name\" content=\"Il Dammuso\" \/>\n<meta property=\"article:publisher\" content=\"https:\/\/www.facebook.com\/ildammusodipantelleria\/\" \/>\n<meta property=\"article:published_time\" content=\"2024-12-06T11:32:33+00:00\" \/>\n<meta property=\"article:modified_time\" content=\"2024-12-06T11:32:38+00:00\" \/>\n<meta property=\"og:image\" content=\"https:\/\/storage1254.cdn-immedia.net\/wp-content\/uploads\/2024\/12\/amo-la-solitudine-scaled.jpg\" \/>\n\t<meta property=\"og:image:width\" content=\"2560\" \/>\n\t<meta property=\"og:image:height\" content=\"2469\" \/>\n\t<meta property=\"og:image:type\" content=\"image\/jpeg\" \/>\n<meta name=\"author\" content=\"claudia\" \/>\n<meta name=\"twitter:card\" content=\"summary_large_image\" \/>\n<meta name=\"twitter:label1\" content=\"Scritto da\" \/>\n\t<meta name=\"twitter:data1\" content=\"claudia\" \/>\n\t<meta name=\"twitter:label2\" content=\"Tempo di lettura stimato\" \/>\n\t<meta name=\"twitter:data2\" content=\"2 minuti\" \/>\n<script type=\"application\/ld+json\" class=\"yoast-schema-graph\">{\"@context\":\"https:\\\/\\\/schema.org\",\"@graph\":[{\"@type\":\"Article\",\"@id\":\"https:\\\/\\\/www.ildammuso.com\\\/it\\\/pantelleria-e-il-paradosso-della-solitudine-quando-la-voglia-di-stare-soli-si-trasforma-in-socialita-spontanea\\\/#article\",\"isPartOf\":{\"@id\":\"https:\\\/\\\/www.ildammuso.com\\\/it\\\/pantelleria-e-il-paradosso-della-solitudine-quando-la-voglia-di-stare-soli-si-trasforma-in-socialita-spontanea\\\/\"},\"author\":{\"name\":\"claudia\",\"@id\":\"https:\\\/\\\/www.ildammuso.com\\\/it\\\/#\\\/schema\\\/person\\\/a97bc2634c1ae772b6efbb07fef2b3a8\"},\"headline\":\"Pantelleria e il paradosso della solitudine: quando la voglia di stare soli si trasforma in socialit\u00e0 spontanea\",\"datePublished\":\"2024-12-06T11:32:33+00:00\",\"dateModified\":\"2024-12-06T11:32:38+00:00\",\"mainEntityOfPage\":{\"@id\":\"https:\\\/\\\/www.ildammuso.com\\\/it\\\/pantelleria-e-il-paradosso-della-solitudine-quando-la-voglia-di-stare-soli-si-trasforma-in-socialita-spontanea\\\/\"},\"wordCount\":359,\"publisher\":{\"@id\":\"https:\\\/\\\/www.ildammuso.com\\\/it\\\/#organization\"},\"image\":{\"@id\":\"https:\\\/\\\/www.ildammuso.com\\\/it\\\/pantelleria-e-il-paradosso-della-solitudine-quando-la-voglia-di-stare-soli-si-trasforma-in-socialita-spontanea\\\/#primaryimage\"},\"thumbnailUrl\":\"https:\\\/\\\/www.ildammuso.com\\\/wp-content\\\/uploads\\\/2024\\\/12\\\/amo-la-solitudine-scaled.jpg\",\"keywords\":[\"smalltalk\",\"chatting\",\"incontro\",\"pace\",\"camminare\",\"sentieri\",\"solitudine\",\"hiking\",\"gente\",\"ildammuso\",\"isola\",\"natura\",\"pantelleria\"],\"articleSection\":[\"Riflessioni da Pantelleria\"],\"inLanguage\":\"it-IT\"},{\"@type\":\"WebPage\",\"@id\":\"https:\\\/\\\/www.ildammuso.com\\\/it\\\/pantelleria-e-il-paradosso-della-solitudine-quando-la-voglia-di-stare-soli-si-trasforma-in-socialita-spontanea\\\/\",\"url\":\"https:\\\/\\\/www.ildammuso.com\\\/it\\\/pantelleria-e-il-paradosso-della-solitudine-quando-la-voglia-di-stare-soli-si-trasforma-in-socialita-spontanea\\\/\",\"name\":\"Pantelleria e il paradosso della solitudine: quando la voglia di stare soli si trasforma in socialit\u00e0 spontanea | Il Dammuso\",\"isPartOf\":{\"@id\":\"https:\\\/\\\/www.ildammuso.com\\\/it\\\/#website\"},\"primaryImageOfPage\":{\"@id\":\"https:\\\/\\\/www.ildammuso.com\\\/it\\\/pantelleria-e-il-paradosso-della-solitudine-quando-la-voglia-di-stare-soli-si-trasforma-in-socialita-spontanea\\\/#primaryimage\"},\"image\":{\"@id\":\"https:\\\/\\\/www.ildammuso.com\\\/it\\\/pantelleria-e-il-paradosso-della-solitudine-quando-la-voglia-di-stare-soli-si-trasforma-in-socialita-spontanea\\\/#primaryimage\"},\"thumbnailUrl\":\"https:\\\/\\\/www.ildammuso.com\\\/wp-content\\\/uploads\\\/2024\\\/12\\\/amo-la-solitudine-scaled.jpg\",\"datePublished\":\"2024-12-06T11:32:33+00:00\",\"dateModified\":\"2024-12-06T11:32:38+00:00\",\"description\":\"\\\"Pantelleria e il paradosso della solitudine: quando la voglia di stare soli si trasforma in socialit\u00e0 spontanea\\\": leggi l'articolo completo nel blog de Il Dammuso!\",\"breadcrumb\":{\"@id\":\"https:\\\/\\\/www.ildammuso.com\\\/it\\\/pantelleria-e-il-paradosso-della-solitudine-quando-la-voglia-di-stare-soli-si-trasforma-in-socialita-spontanea\\\/#breadcrumb\"},\"inLanguage\":\"it-IT\",\"potentialAction\":[{\"@type\":\"ReadAction\",\"target\":[\"https:\\\/\\\/www.ildammuso.com\\\/it\\\/pantelleria-e-il-paradosso-della-solitudine-quando-la-voglia-di-stare-soli-si-trasforma-in-socialita-spontanea\\\/\"]}]},{\"@type\":\"ImageObject\",\"inLanguage\":\"it-IT\",\"@id\":\"https:\\\/\\\/www.ildammuso.com\\\/it\\\/pantelleria-e-il-paradosso-della-solitudine-quando-la-voglia-di-stare-soli-si-trasforma-in-socialita-spontanea\\\/#primaryimage\",\"url\":\"https:\\\/\\\/www.ildammuso.com\\\/wp-content\\\/uploads\\\/2024\\\/12\\\/amo-la-solitudine-scaled.jpg\",\"contentUrl\":\"https:\\\/\\\/www.ildammuso.com\\\/wp-content\\\/uploads\\\/2024\\\/12\\\/amo-la-solitudine-scaled.jpg\",\"width\":2560,\"height\":2469},{\"@type\":\"BreadcrumbList\",\"@id\":\"https:\\\/\\\/www.ildammuso.com\\\/it\\\/pantelleria-e-il-paradosso-della-solitudine-quando-la-voglia-di-stare-soli-si-trasforma-in-socialita-spontanea\\\/#breadcrumb\",\"itemListElement\":[{\"@type\":\"ListItem\",\"position\":1,\"name\":\"Home\",\"item\":\"https:\\\/\\\/www.ildammuso.com\\\/it\\\/\"},{\"@type\":\"ListItem\",\"position\":2,\"name\":\"&nbsp;\"}]},{\"@type\":\"WebSite\",\"@id\":\"https:\\\/\\\/www.ildammuso.com\\\/it\\\/#website\",\"url\":\"https:\\\/\\\/www.ildammuso.com\\\/it\\\/\",\"name\":\"Il Dammuso\",\"description\":\"Il tuo Dammuso a Pantelleria\",\"publisher\":{\"@id\":\"https:\\\/\\\/www.ildammuso.com\\\/it\\\/#organization\"},\"potentialAction\":[{\"@type\":\"SearchAction\",\"target\":{\"@type\":\"EntryPoint\",\"urlTemplate\":\"https:\\\/\\\/www.ildammuso.com\\\/it\\\/?s={search_term_string}\"},\"query-input\":{\"@type\":\"PropertyValueSpecification\",\"valueRequired\":true,\"valueName\":\"search_term_string\"}}],\"inLanguage\":\"it-IT\"},{\"@type\":\"Organization\",\"@id\":\"https:\\\/\\\/www.ildammuso.com\\\/it\\\/#organization\",\"name\":\"Il Dammuso\",\"url\":\"https:\\\/\\\/www.ildammuso.com\\\/it\\\/\",\"logo\":{\"@type\":\"ImageObject\",\"inLanguage\":\"it-IT\",\"@id\":\"https:\\\/\\\/www.ildammuso.com\\\/it\\\/#\\\/schema\\\/logo\\\/image\\\/\",\"url\":\"https:\\\/\\\/www.ildammuso.com\\\/wp-content\\\/uploads\\\/2022\\\/06\\\/logo-ildammuso.jpg\",\"contentUrl\":\"https:\\\/\\\/www.ildammuso.com\\\/wp-content\\\/uploads\\\/2022\\\/06\\\/logo-ildammuso.jpg\",\"width\":426,\"height\":395,\"caption\":\"Il Dammuso\"},\"image\":{\"@id\":\"https:\\\/\\\/www.ildammuso.com\\\/it\\\/#\\\/schema\\\/logo\\\/image\\\/\"},\"sameAs\":[\"https:\\\/\\\/www.facebook.com\\\/ildammusodipantelleria\\\/\",\"https:\\\/\\\/www.instagram.com\\\/ildammusogram\\\/\"]},{\"@type\":\"Person\",\"@id\":\"https:\\\/\\\/www.ildammuso.com\\\/it\\\/#\\\/schema\\\/person\\\/a97bc2634c1ae772b6efbb07fef2b3a8\",\"name\":\"claudia\",\"image\":{\"@type\":\"ImageObject\",\"inLanguage\":\"it-IT\",\"@id\":\"https:\\\/\\\/secure.gravatar.com\\\/avatar\\\/bfa9e85032faeaffeaaafd48c7c09ad8da852ff133d8361db8721aff28093ebe?s=96&d=mm&r=g\",\"url\":\"https:\\\/\\\/secure.gravatar.com\\\/avatar\\\/bfa9e85032faeaffeaaafd48c7c09ad8da852ff133d8361db8721aff28093ebe?s=96&d=mm&r=g\",\"contentUrl\":\"https:\\\/\\\/secure.gravatar.com\\\/avatar\\\/bfa9e85032faeaffeaaafd48c7c09ad8da852ff133d8361db8721aff28093ebe?s=96&d=mm&r=g\",\"caption\":\"claudia\"}}]}<\/script>\n<!-- \/ Yoast SEO plugin. -->","yoast_head_json":{"title":"Pantelleria e il paradosso della solitudine: quando la voglia di stare soli si trasforma in socialit\u00e0 spontanea | Il Dammuso","description":"\"Pantelleria e il paradosso della solitudine: quando la voglia di stare soli si trasforma in socialit\u00e0 spontanea\": leggi l'articolo completo nel blog de Il Dammuso!","robots":{"index":"index","follow":"follow","max-snippet":"max-snippet:-1","max-image-preview":"max-image-preview:large","max-video-preview":"max-video-preview:-1"},"canonical":"https:\/\/www.ildammuso.com\/it\/pantelleria-e-il-paradosso-della-solitudine-quando-la-voglia-di-stare-soli-si-trasforma-in-socialita-spontanea\/","og_locale":"it_IT","og_type":"article","og_title":"Pantelleria e il paradosso della solitudine: quando la voglia di stare soli si trasforma in socialit\u00e0 spontanea | Il Dammuso","og_description":"\"Pantelleria e il paradosso della solitudine: quando la voglia di stare soli si trasforma in socialit\u00e0 spontanea\": leggi l'articolo completo nel blog de Il Dammuso!","og_url":"https:\/\/www.ildammuso.com\/it\/pantelleria-e-il-paradosso-della-solitudine-quando-la-voglia-di-stare-soli-si-trasforma-in-socialita-spontanea\/","og_site_name":"Il Dammuso","article_publisher":"https:\/\/www.facebook.com\/ildammusodipantelleria\/","article_published_time":"2024-12-06T11:32:33+00:00","article_modified_time":"2024-12-06T11:32:38+00:00","og_image":[{"width":2560,"height":2469,"url":"https:\/\/storage1254.cdn-immedia.net\/wp-content\/uploads\/2024\/12\/amo-la-solitudine-scaled.jpg","type":"image\/jpeg"}],"author":"claudia","twitter_card":"summary_large_image","twitter_misc":{"Scritto da":"claudia","Tempo di lettura stimato":"2 minuti"},"schema":{"@context":"https:\/\/schema.org","@graph":[{"@type":"Article","@id":"https:\/\/www.ildammuso.com\/it\/pantelleria-e-il-paradosso-della-solitudine-quando-la-voglia-di-stare-soli-si-trasforma-in-socialita-spontanea\/#article","isPartOf":{"@id":"https:\/\/www.ildammuso.com\/it\/pantelleria-e-il-paradosso-della-solitudine-quando-la-voglia-di-stare-soli-si-trasforma-in-socialita-spontanea\/"},"author":{"name":"claudia","@id":"https:\/\/www.ildammuso.com\/it\/#\/schema\/person\/a97bc2634c1ae772b6efbb07fef2b3a8"},"headline":"Pantelleria e il paradosso della solitudine: quando la voglia di stare soli si trasforma in socialit\u00e0 spontanea","datePublished":"2024-12-06T11:32:33+00:00","dateModified":"2024-12-06T11:32:38+00:00","mainEntityOfPage":{"@id":"https:\/\/www.ildammuso.com\/it\/pantelleria-e-il-paradosso-della-solitudine-quando-la-voglia-di-stare-soli-si-trasforma-in-socialita-spontanea\/"},"wordCount":359,"publisher":{"@id":"https:\/\/www.ildammuso.com\/it\/#organization"},"image":{"@id":"https:\/\/www.ildammuso.com\/it\/pantelleria-e-il-paradosso-della-solitudine-quando-la-voglia-di-stare-soli-si-trasforma-in-socialita-spontanea\/#primaryimage"},"thumbnailUrl":"https:\/\/storage1254.cdn-immedia.net\/wp-content\/uploads\/2024\/12\/amo-la-solitudine-scaled.jpg","keywords":["smalltalk","chatting","incontro","pace","camminare","sentieri","solitudine","hiking","gente","ildammuso","isola","natura","pantelleria"],"articleSection":["Riflessioni da Pantelleria"],"inLanguage":"it-IT"},{"@type":"WebPage","@id":"https:\/\/www.ildammuso.com\/it\/pantelleria-e-il-paradosso-della-solitudine-quando-la-voglia-di-stare-soli-si-trasforma-in-socialita-spontanea\/","url":"https:\/\/www.ildammuso.com\/it\/pantelleria-e-il-paradosso-della-solitudine-quando-la-voglia-di-stare-soli-si-trasforma-in-socialita-spontanea\/","name":"Pantelleria e il paradosso della solitudine: quando la voglia di stare soli si trasforma in socialit\u00e0 spontanea | Il Dammuso","isPartOf":{"@id":"https:\/\/www.ildammuso.com\/it\/#website"},"primaryImageOfPage":{"@id":"https:\/\/www.ildammuso.com\/it\/pantelleria-e-il-paradosso-della-solitudine-quando-la-voglia-di-stare-soli-si-trasforma-in-socialita-spontanea\/#primaryimage"},"image":{"@id":"https:\/\/www.ildammuso.com\/it\/pantelleria-e-il-paradosso-della-solitudine-quando-la-voglia-di-stare-soli-si-trasforma-in-socialita-spontanea\/#primaryimage"},"thumbnailUrl":"https:\/\/storage1254.cdn-immedia.net\/wp-content\/uploads\/2024\/12\/amo-la-solitudine-scaled.jpg","datePublished":"2024-12-06T11:32:33+00:00","dateModified":"2024-12-06T11:32:38+00:00","description":"\"Pantelleria e il paradosso della solitudine: quando la voglia di stare soli si trasforma in socialit\u00e0 spontanea\": leggi l'articolo completo nel blog de Il Dammuso!","breadcrumb":{"@id":"https:\/\/www.ildammuso.com\/it\/pantelleria-e-il-paradosso-della-solitudine-quando-la-voglia-di-stare-soli-si-trasforma-in-socialita-spontanea\/#breadcrumb"},"inLanguage":"it-IT","potentialAction":[{"@type":"ReadAction","target":["https:\/\/www.ildammuso.com\/it\/pantelleria-e-il-paradosso-della-solitudine-quando-la-voglia-di-stare-soli-si-trasforma-in-socialita-spontanea\/"]}]},{"@type":"ImageObject","inLanguage":"it-IT","@id":"https:\/\/www.ildammuso.com\/it\/pantelleria-e-il-paradosso-della-solitudine-quando-la-voglia-di-stare-soli-si-trasforma-in-socialita-spontanea\/#primaryimage","url":"https:\/\/storage1254.cdn-immedia.net\/wp-content\/uploads\/2024\/12\/amo-la-solitudine-scaled.jpg","contentUrl":"https:\/\/storage1254.cdn-immedia.net\/wp-content\/uploads\/2024\/12\/amo-la-solitudine-scaled.jpg","width":2560,"height":2469},{"@type":"BreadcrumbList","@id":"https:\/\/www.ildammuso.com\/it\/pantelleria-e-il-paradosso-della-solitudine-quando-la-voglia-di-stare-soli-si-trasforma-in-socialita-spontanea\/#breadcrumb","itemListElement":[{"@type":"ListItem","position":1,"name":"Home","item":"https:\/\/www.ildammuso.com\/it\/"},{"@type":"ListItem","position":2,"name":"&nbsp;"}]},{"@type":"WebSite","@id":"https:\/\/www.ildammuso.com\/it\/#website","url":"https:\/\/www.ildammuso.com\/it\/","name":"Il Dammuso","description":"Il tuo Dammuso a Pantelleria","publisher":{"@id":"https:\/\/www.ildammuso.com\/it\/#organization"},"potentialAction":[{"@type":"SearchAction","target":{"@type":"EntryPoint","urlTemplate":"https:\/\/www.ildammuso.com\/it\/?s={search_term_string}"},"query-input":{"@type":"PropertyValueSpecification","valueRequired":true,"valueName":"search_term_string"}}],"inLanguage":"it-IT"},{"@type":"Organization","@id":"https:\/\/www.ildammuso.com\/it\/#organization","name":"Il Dammuso","url":"https:\/\/www.ildammuso.com\/it\/","logo":{"@type":"ImageObject","inLanguage":"it-IT","@id":"https:\/\/www.ildammuso.com\/it\/#\/schema\/logo\/image\/","url":"https:\/\/storage1254.cdn-immedia.net\/wp-content\/uploads\/2022\/06\/logo-ildammuso.jpg","contentUrl":"https:\/\/storage1254.cdn-immedia.net\/wp-content\/uploads\/2022\/06\/logo-ildammuso.jpg","width":426,"height":395,"caption":"Il Dammuso"},"image":{"@id":"https:\/\/www.ildammuso.com\/it\/#\/schema\/logo\/image\/"},"sameAs":["https:\/\/www.facebook.com\/ildammusodipantelleria\/","https:\/\/www.instagram.com\/ildammusogram\/"]},{"@type":"Person","@id":"https:\/\/www.ildammuso.com\/it\/#\/schema\/person\/a97bc2634c1ae772b6efbb07fef2b3a8","name":"claudia","image":{"@type":"ImageObject","inLanguage":"it-IT","@id":"https:\/\/secure.gravatar.com\/avatar\/bfa9e85032faeaffeaaafd48c7c09ad8da852ff133d8361db8721aff28093ebe?s=96&d=mm&r=g","url":"https:\/\/secure.gravatar.com\/avatar\/bfa9e85032faeaffeaaafd48c7c09ad8da852ff133d8361db8721aff28093ebe?s=96&d=mm&r=g","contentUrl":"https:\/\/secure.gravatar.com\/avatar\/bfa9e85032faeaffeaaafd48c7c09ad8da852ff133d8361db8721aff28093ebe?s=96&d=mm&r=g","caption":"claudia"}}]}},"_links":{"self":[{"href":"https:\/\/www.ildammuso.com\/it\/wp-json\/wp\/v2\/posts\/26513","targetHints":{"allow":["GET"]}}],"collection":[{"href":"https:\/\/www.ildammuso.com\/it\/wp-json\/wp\/v2\/posts"}],"about":[{"href":"https:\/\/www.ildammuso.com\/it\/wp-json\/wp\/v2\/types\/post"}],"author":[{"embeddable":true,"href":"https:\/\/www.ildammuso.com\/it\/wp-json\/wp\/v2\/users\/3"}],"replies":[{"embeddable":true,"href":"https:\/\/www.ildammuso.com\/it\/wp-json\/wp\/v2\/comments?post=26513"}],"version-history":[{"count":1,"href":"https:\/\/www.ildammuso.com\/it\/wp-json\/wp\/v2\/posts\/26513\/revisions"}],"predecessor-version":[{"id":26516,"href":"https:\/\/www.ildammuso.com\/it\/wp-json\/wp\/v2\/posts\/26513\/revisions\/26516"}],"wp:featuredmedia":[{"embeddable":true,"href":"https:\/\/www.ildammuso.com\/it\/wp-json\/wp\/v2\/media\/26514"}],"wp:attachment":[{"href":"https:\/\/www.ildammuso.com\/it\/wp-json\/wp\/v2\/media?parent=26513"}],"wp:term":[{"taxonomy":"category","embeddable":true,"href":"https:\/\/www.ildammuso.com\/it\/wp-json\/wp\/v2\/categories?post=26513"},{"taxonomy":"post_tag","embeddable":true,"href":"https:\/\/www.ildammuso.com\/it\/wp-json\/wp\/v2\/tags?post=26513"}],"curies":[{"name":"wp","href":"https:\/\/api.w.org\/{rel}","templated":true}]}}