{"id":26696,"date":"2025-01-13T12:49:39","date_gmt":"2025-01-13T11:49:39","guid":{"rendered":"https:\/\/www.ildammuso.com\/?p=26696"},"modified":"2025-01-13T12:49:45","modified_gmt":"2025-01-13T11:49:45","slug":"da-new-york-a-pantelleria-viaggio-verso-unisola-che-graffia-lanima","status":"publish","type":"post","link":"https:\/\/www.ildammuso.com\/it\/da-new-york-a-pantelleria-viaggio-verso-unisola-che-graffia-lanima\/","title":{"rendered":"Da New York a Pantelleria: viaggio verso un\u2019isola che graffia l\u2019anima"},"content":{"rendered":"\n<p>\u00c8 di una giovinezza inebriante, fresca come l\u2019odore delle fresie e bella che si ha la sensazione che qualcuno l\u2019abbia dipinta, ma ha tutta l\u2019aria di non sapere cosa la circondi.<br>L\u2019attorno sembra un di pi\u00f9.<br>La osservo da qualche minuto quando, improvvisamente, mi sorride e mi saluta.<br>Sedute vicine al tavolino di un bar di Palermo, dove fanno gelati e granite alle quali hanno financo insegnato a parlare.<\/p>\n\n\n\n<p>Mi chiede se sono italiana mentre io do per scontato che lei lo sia.<br>Una, due, tre, cinque, sette parole e lei comincia uno straordinario monologo nel quale mi racconta i suoi venticinque anni e tutta la sua strada.<br>\u00c8 nata per caso in Italia, quel tanto che basta per non ricordare.<br>Ma l\u2019italiano lo parla bene, lo pronuncia senza sbavature.<br>Pi\u00f9 americana che italiana ma il cibo \u00e8 il nostro. Forme e stile, invece, si sono scombinate.<br>Letture italiane, piacere americano, uno strano taglio d\u2019occhi orientale e la beffa di non sapere il perch\u00e9.<\/p>\n\n\n\n<p>Piccola ma dentro di s\u00e9 ha pi\u00f9 anime di bordello.<\/p>\n\n\n\n<p>A un tratto mi racconta che l\u2019estate passata \u00e8 stata a Pantelleria.<br>Detto cos\u00ec, come fosse logico che io la conoscessi; come se Pantelleria l\u2019avessi ricamata addosso.<br>\u201cVengo da New York \u2013 mi dice \u2013 che se la guardi in superficie \u00e8 lucida e scivolosa, tranne per quelli che se ne stanno sui grattacieli e puliscono i vetri che non scivolano per carriera.<br>\u00c8 il ghiaccio in inverno che ti fa perdere aderenza col terreno e con la realt\u00e0. Mentre il caldo estivo fa s\u00ec che lasci le impronte sull\u2019asfalto sciolto.<br>A me Pantelleria \u00e8 piaciuta perch\u00e9 \u00e8 ruvida e non finge.<br>Non ti nasconde niente.<br>Sembra esattamente come la vedi, poi io magari ci ho capito poco perch\u00e9 se quasi sempre non devo tradurre le parole spesso per\u00f2 mi capita invece di doverlo fare con le immagini e le emozioni.<br>Ti faccio un esempio, posso?<br>New York \u00e8 immensa, l\u2019America \u00e8 immensa.<br>Nelle forme e nei contenuti.<br>Ecco, mai avrei immaginato di arrivare in un luogo cos\u00ec piccolo (per dimensioni intendo) e trovare la sintesi perfetta della parola GRANDEZZA.<\/p>\n\n\n\n<p>Pantelleria mi \u00e8 sembrata maestosa: due montagne e nessun grattacielo, cos\u00ec poca gente per strada che ho sempre salutato tutti quelli che ho incrociato e il mare mi ha fatto le fusa.<br>Come certi gatti che ho visto solo a Pantelleria: educati senza essere stati educati.<br>\u00c8 un\u2019isola ruvida Pantelleria, per questo ti lascia il segno.<br>Se scivoli ti fai male.<br>Ti resta il graffio sulla pelle, per questo non te la scordi pi\u00f9\u201d.<\/p>\n","protected":false},"excerpt":{"rendered":"<p>\u00c8 di una giovinezza inebriante, fresca come l\u2019odore delle fresie [&hellip;]<\/p>\n","protected":false},"author":3,"featured_media":26697,"comment_status":"closed","ping_status":"closed","sticky":false,"template":"","format":"standard","meta":{"_acf_changed":false,"footnotes":""},"categories":[441],"tags":[1560,1557,1561,1490,1097,832,181,91,97],"class_list":["post-26696","post","type-post","status-publish","format-standard","has-post-thumbnail","hentry","category-pippe","tag-grandezza","tag-gelato","tag-italia","tag-immagini","tag-america","tag-newyork","tag-emozioni","tag-pantelleria","tag-vacanze"],"acf":[],"yoast_head":"<!-- This site is optimized with the Yoast SEO plugin v27.4 - https:\/\/yoast.com\/product\/yoast-seo-wordpress\/ -->\n<title>Da New York a Pantelleria: viaggio verso un\u2019isola che graffia l\u2019anima | Il Dammuso<\/title>\n<meta name=\"description\" content=\"&quot;Da New York a Pantelleria: viaggio verso un\u2019isola che graffia l\u2019anima&quot;: leggi l&#039;articolo completo nel blog de Il Dammuso!\" \/>\n<meta name=\"robots\" content=\"index, follow, max-snippet:-1, max-image-preview:large, max-video-preview:-1\" \/>\n<link rel=\"canonical\" href=\"https:\/\/www.ildammuso.com\/it\/da-new-york-a-pantelleria-viaggio-verso-unisola-che-graffia-lanima\/\" \/>\n<meta property=\"og:locale\" content=\"it_IT\" \/>\n<meta property=\"og:type\" content=\"article\" \/>\n<meta property=\"og:title\" content=\"Da New York a Pantelleria: viaggio verso un\u2019isola che graffia l\u2019anima | Il Dammuso\" \/>\n<meta property=\"og:description\" content=\"&quot;Da New York a Pantelleria: viaggio verso un\u2019isola che graffia l\u2019anima&quot;: leggi l&#039;articolo completo nel blog de Il Dammuso!\" \/>\n<meta property=\"og:url\" content=\"https:\/\/www.ildammuso.com\/it\/da-new-york-a-pantelleria-viaggio-verso-unisola-che-graffia-lanima\/\" \/>\n<meta property=\"og:site_name\" content=\"Il Dammuso\" \/>\n<meta property=\"article:publisher\" content=\"https:\/\/www.facebook.com\/ildammusodipantelleria\/\" \/>\n<meta property=\"article:published_time\" content=\"2025-01-13T11:49:39+00:00\" \/>\n<meta property=\"article:modified_time\" content=\"2025-01-13T11:49:45+00:00\" \/>\n<meta property=\"og:image\" content=\"https:\/\/storage1254.cdn-immedia.net\/wp-content\/uploads\/2025\/01\/carson-vara-staten-island.jpg\" \/>\n\t<meta property=\"og:image:width\" content=\"1920\" \/>\n\t<meta property=\"og:image:height\" content=\"1440\" \/>\n\t<meta property=\"og:image:type\" content=\"image\/jpeg\" \/>\n<meta name=\"author\" content=\"claudia\" \/>\n<meta name=\"twitter:card\" content=\"summary_large_image\" \/>\n<meta name=\"twitter:label1\" content=\"Scritto da\" \/>\n\t<meta name=\"twitter:data1\" content=\"claudia\" \/>\n\t<meta name=\"twitter:label2\" content=\"Tempo di lettura stimato\" \/>\n\t<meta name=\"twitter:data2\" content=\"3 minuti\" \/>\n<script type=\"application\/ld+json\" class=\"yoast-schema-graph\">{\"@context\":\"https:\\\/\\\/schema.org\",\"@graph\":[{\"@type\":\"Article\",\"@id\":\"https:\\\/\\\/www.ildammuso.com\\\/it\\\/da-new-york-a-pantelleria-viaggio-verso-unisola-che-graffia-lanima\\\/#article\",\"isPartOf\":{\"@id\":\"https:\\\/\\\/www.ildammuso.com\\\/it\\\/da-new-york-a-pantelleria-viaggio-verso-unisola-che-graffia-lanima\\\/\"},\"author\":{\"name\":\"claudia\",\"@id\":\"https:\\\/\\\/www.ildammuso.com\\\/it\\\/#\\\/schema\\\/person\\\/a97bc2634c1ae772b6efbb07fef2b3a8\"},\"headline\":\"Da New York a Pantelleria: viaggio verso un\u2019isola che graffia l\u2019anima\",\"datePublished\":\"2025-01-13T11:49:39+00:00\",\"dateModified\":\"2025-01-13T11:49:45+00:00\",\"mainEntityOfPage\":{\"@id\":\"https:\\\/\\\/www.ildammuso.com\\\/it\\\/da-new-york-a-pantelleria-viaggio-verso-unisola-che-graffia-lanima\\\/\"},\"wordCount\":438,\"publisher\":{\"@id\":\"https:\\\/\\\/www.ildammuso.com\\\/it\\\/#organization\"},\"image\":{\"@id\":\"https:\\\/\\\/www.ildammuso.com\\\/it\\\/da-new-york-a-pantelleria-viaggio-verso-unisola-che-graffia-lanima\\\/#primaryimage\"},\"thumbnailUrl\":\"https:\\\/\\\/www.ildammuso.com\\\/wp-content\\\/uploads\\\/2025\\\/01\\\/carson-vara-staten-island.jpg\",\"keywords\":[\"grandezza\",\"gelato\",\"italia\",\"immagini\",\"america\",\"newyork\",\"emozioni\",\"pantelleria\",\"vacanze\"],\"articleSection\":[\"Pippe d'altura\"],\"inLanguage\":\"it-IT\"},{\"@type\":\"WebPage\",\"@id\":\"https:\\\/\\\/www.ildammuso.com\\\/it\\\/da-new-york-a-pantelleria-viaggio-verso-unisola-che-graffia-lanima\\\/\",\"url\":\"https:\\\/\\\/www.ildammuso.com\\\/it\\\/da-new-york-a-pantelleria-viaggio-verso-unisola-che-graffia-lanima\\\/\",\"name\":\"Da New York a Pantelleria: viaggio verso un\u2019isola che graffia l\u2019anima | Il Dammuso\",\"isPartOf\":{\"@id\":\"https:\\\/\\\/www.ildammuso.com\\\/it\\\/#website\"},\"primaryImageOfPage\":{\"@id\":\"https:\\\/\\\/www.ildammuso.com\\\/it\\\/da-new-york-a-pantelleria-viaggio-verso-unisola-che-graffia-lanima\\\/#primaryimage\"},\"image\":{\"@id\":\"https:\\\/\\\/www.ildammuso.com\\\/it\\\/da-new-york-a-pantelleria-viaggio-verso-unisola-che-graffia-lanima\\\/#primaryimage\"},\"thumbnailUrl\":\"https:\\\/\\\/www.ildammuso.com\\\/wp-content\\\/uploads\\\/2025\\\/01\\\/carson-vara-staten-island.jpg\",\"datePublished\":\"2025-01-13T11:49:39+00:00\",\"dateModified\":\"2025-01-13T11:49:45+00:00\",\"description\":\"\\\"Da New York a Pantelleria: viaggio verso un\u2019isola che graffia l\u2019anima\\\": leggi l'articolo completo nel blog de Il Dammuso!\",\"breadcrumb\":{\"@id\":\"https:\\\/\\\/www.ildammuso.com\\\/it\\\/da-new-york-a-pantelleria-viaggio-verso-unisola-che-graffia-lanima\\\/#breadcrumb\"},\"inLanguage\":\"it-IT\",\"potentialAction\":[{\"@type\":\"ReadAction\",\"target\":[\"https:\\\/\\\/www.ildammuso.com\\\/it\\\/da-new-york-a-pantelleria-viaggio-verso-unisola-che-graffia-lanima\\\/\"]}]},{\"@type\":\"ImageObject\",\"inLanguage\":\"it-IT\",\"@id\":\"https:\\\/\\\/www.ildammuso.com\\\/it\\\/da-new-york-a-pantelleria-viaggio-verso-unisola-che-graffia-lanima\\\/#primaryimage\",\"url\":\"https:\\\/\\\/www.ildammuso.com\\\/wp-content\\\/uploads\\\/2025\\\/01\\\/carson-vara-staten-island.jpg\",\"contentUrl\":\"https:\\\/\\\/www.ildammuso.com\\\/wp-content\\\/uploads\\\/2025\\\/01\\\/carson-vara-staten-island.jpg\",\"width\":1920,\"height\":1440},{\"@type\":\"BreadcrumbList\",\"@id\":\"https:\\\/\\\/www.ildammuso.com\\\/it\\\/da-new-york-a-pantelleria-viaggio-verso-unisola-che-graffia-lanima\\\/#breadcrumb\",\"itemListElement\":[{\"@type\":\"ListItem\",\"position\":1,\"name\":\"Home\",\"item\":\"https:\\\/\\\/www.ildammuso.com\\\/it\\\/\"},{\"@type\":\"ListItem\",\"position\":2,\"name\":\"&nbsp;\"}]},{\"@type\":\"WebSite\",\"@id\":\"https:\\\/\\\/www.ildammuso.com\\\/it\\\/#website\",\"url\":\"https:\\\/\\\/www.ildammuso.com\\\/it\\\/\",\"name\":\"Il Dammuso\",\"description\":\"Il tuo Dammuso a Pantelleria\",\"publisher\":{\"@id\":\"https:\\\/\\\/www.ildammuso.com\\\/it\\\/#organization\"},\"potentialAction\":[{\"@type\":\"SearchAction\",\"target\":{\"@type\":\"EntryPoint\",\"urlTemplate\":\"https:\\\/\\\/www.ildammuso.com\\\/it\\\/?s={search_term_string}\"},\"query-input\":{\"@type\":\"PropertyValueSpecification\",\"valueRequired\":true,\"valueName\":\"search_term_string\"}}],\"inLanguage\":\"it-IT\"},{\"@type\":\"Organization\",\"@id\":\"https:\\\/\\\/www.ildammuso.com\\\/it\\\/#organization\",\"name\":\"Il Dammuso\",\"url\":\"https:\\\/\\\/www.ildammuso.com\\\/it\\\/\",\"logo\":{\"@type\":\"ImageObject\",\"inLanguage\":\"it-IT\",\"@id\":\"https:\\\/\\\/www.ildammuso.com\\\/it\\\/#\\\/schema\\\/logo\\\/image\\\/\",\"url\":\"https:\\\/\\\/www.ildammuso.com\\\/wp-content\\\/uploads\\\/2022\\\/06\\\/logo-ildammuso.jpg\",\"contentUrl\":\"https:\\\/\\\/www.ildammuso.com\\\/wp-content\\\/uploads\\\/2022\\\/06\\\/logo-ildammuso.jpg\",\"width\":426,\"height\":395,\"caption\":\"Il Dammuso\"},\"image\":{\"@id\":\"https:\\\/\\\/www.ildammuso.com\\\/it\\\/#\\\/schema\\\/logo\\\/image\\\/\"},\"sameAs\":[\"https:\\\/\\\/www.facebook.com\\\/ildammusodipantelleria\\\/\",\"https:\\\/\\\/www.instagram.com\\\/ildammusogram\\\/\"]},{\"@type\":\"Person\",\"@id\":\"https:\\\/\\\/www.ildammuso.com\\\/it\\\/#\\\/schema\\\/person\\\/a97bc2634c1ae772b6efbb07fef2b3a8\",\"name\":\"claudia\",\"image\":{\"@type\":\"ImageObject\",\"inLanguage\":\"it-IT\",\"@id\":\"https:\\\/\\\/secure.gravatar.com\\\/avatar\\\/bfa9e85032faeaffeaaafd48c7c09ad8da852ff133d8361db8721aff28093ebe?s=96&d=mm&r=g\",\"url\":\"https:\\\/\\\/secure.gravatar.com\\\/avatar\\\/bfa9e85032faeaffeaaafd48c7c09ad8da852ff133d8361db8721aff28093ebe?s=96&d=mm&r=g\",\"contentUrl\":\"https:\\\/\\\/secure.gravatar.com\\\/avatar\\\/bfa9e85032faeaffeaaafd48c7c09ad8da852ff133d8361db8721aff28093ebe?s=96&d=mm&r=g\",\"caption\":\"claudia\"}}]}<\/script>\n<!-- \/ Yoast SEO plugin. -->","yoast_head_json":{"title":"Da New York a Pantelleria: viaggio verso un\u2019isola che graffia l\u2019anima | Il Dammuso","description":"\"Da New York a Pantelleria: viaggio verso un\u2019isola che graffia l\u2019anima\": leggi l'articolo completo nel blog de Il Dammuso!","robots":{"index":"index","follow":"follow","max-snippet":"max-snippet:-1","max-image-preview":"max-image-preview:large","max-video-preview":"max-video-preview:-1"},"canonical":"https:\/\/www.ildammuso.com\/it\/da-new-york-a-pantelleria-viaggio-verso-unisola-che-graffia-lanima\/","og_locale":"it_IT","og_type":"article","og_title":"Da New York a Pantelleria: viaggio verso un\u2019isola che graffia l\u2019anima | Il Dammuso","og_description":"\"Da New York a Pantelleria: viaggio verso un\u2019isola che graffia l\u2019anima\": leggi l'articolo completo nel blog de Il Dammuso!","og_url":"https:\/\/www.ildammuso.com\/it\/da-new-york-a-pantelleria-viaggio-verso-unisola-che-graffia-lanima\/","og_site_name":"Il Dammuso","article_publisher":"https:\/\/www.facebook.com\/ildammusodipantelleria\/","article_published_time":"2025-01-13T11:49:39+00:00","article_modified_time":"2025-01-13T11:49:45+00:00","og_image":[{"width":1920,"height":1440,"url":"https:\/\/storage1254.cdn-immedia.net\/wp-content\/uploads\/2025\/01\/carson-vara-staten-island.jpg","type":"image\/jpeg"}],"author":"claudia","twitter_card":"summary_large_image","twitter_misc":{"Scritto da":"claudia","Tempo di lettura stimato":"3 minuti"},"schema":{"@context":"https:\/\/schema.org","@graph":[{"@type":"Article","@id":"https:\/\/www.ildammuso.com\/it\/da-new-york-a-pantelleria-viaggio-verso-unisola-che-graffia-lanima\/#article","isPartOf":{"@id":"https:\/\/www.ildammuso.com\/it\/da-new-york-a-pantelleria-viaggio-verso-unisola-che-graffia-lanima\/"},"author":{"name":"claudia","@id":"https:\/\/www.ildammuso.com\/it\/#\/schema\/person\/a97bc2634c1ae772b6efbb07fef2b3a8"},"headline":"Da New York a Pantelleria: viaggio verso un\u2019isola che graffia l\u2019anima","datePublished":"2025-01-13T11:49:39+00:00","dateModified":"2025-01-13T11:49:45+00:00","mainEntityOfPage":{"@id":"https:\/\/www.ildammuso.com\/it\/da-new-york-a-pantelleria-viaggio-verso-unisola-che-graffia-lanima\/"},"wordCount":438,"publisher":{"@id":"https:\/\/www.ildammuso.com\/it\/#organization"},"image":{"@id":"https:\/\/www.ildammuso.com\/it\/da-new-york-a-pantelleria-viaggio-verso-unisola-che-graffia-lanima\/#primaryimage"},"thumbnailUrl":"https:\/\/storage1254.cdn-immedia.net\/wp-content\/uploads\/2025\/01\/carson-vara-staten-island.jpg","keywords":["grandezza","gelato","italia","immagini","america","newyork","emozioni","pantelleria","vacanze"],"articleSection":["Pippe d'altura"],"inLanguage":"it-IT"},{"@type":"WebPage","@id":"https:\/\/www.ildammuso.com\/it\/da-new-york-a-pantelleria-viaggio-verso-unisola-che-graffia-lanima\/","url":"https:\/\/www.ildammuso.com\/it\/da-new-york-a-pantelleria-viaggio-verso-unisola-che-graffia-lanima\/","name":"Da New York a Pantelleria: viaggio verso un\u2019isola che graffia l\u2019anima | Il Dammuso","isPartOf":{"@id":"https:\/\/www.ildammuso.com\/it\/#website"},"primaryImageOfPage":{"@id":"https:\/\/www.ildammuso.com\/it\/da-new-york-a-pantelleria-viaggio-verso-unisola-che-graffia-lanima\/#primaryimage"},"image":{"@id":"https:\/\/www.ildammuso.com\/it\/da-new-york-a-pantelleria-viaggio-verso-unisola-che-graffia-lanima\/#primaryimage"},"thumbnailUrl":"https:\/\/storage1254.cdn-immedia.net\/wp-content\/uploads\/2025\/01\/carson-vara-staten-island.jpg","datePublished":"2025-01-13T11:49:39+00:00","dateModified":"2025-01-13T11:49:45+00:00","description":"\"Da New York a Pantelleria: viaggio verso un\u2019isola che graffia l\u2019anima\": leggi l'articolo completo nel blog de Il Dammuso!","breadcrumb":{"@id":"https:\/\/www.ildammuso.com\/it\/da-new-york-a-pantelleria-viaggio-verso-unisola-che-graffia-lanima\/#breadcrumb"},"inLanguage":"it-IT","potentialAction":[{"@type":"ReadAction","target":["https:\/\/www.ildammuso.com\/it\/da-new-york-a-pantelleria-viaggio-verso-unisola-che-graffia-lanima\/"]}]},{"@type":"ImageObject","inLanguage":"it-IT","@id":"https:\/\/www.ildammuso.com\/it\/da-new-york-a-pantelleria-viaggio-verso-unisola-che-graffia-lanima\/#primaryimage","url":"https:\/\/storage1254.cdn-immedia.net\/wp-content\/uploads\/2025\/01\/carson-vara-staten-island.jpg","contentUrl":"https:\/\/storage1254.cdn-immedia.net\/wp-content\/uploads\/2025\/01\/carson-vara-staten-island.jpg","width":1920,"height":1440},{"@type":"BreadcrumbList","@id":"https:\/\/www.ildammuso.com\/it\/da-new-york-a-pantelleria-viaggio-verso-unisola-che-graffia-lanima\/#breadcrumb","itemListElement":[{"@type":"ListItem","position":1,"name":"Home","item":"https:\/\/www.ildammuso.com\/it\/"},{"@type":"ListItem","position":2,"name":"&nbsp;"}]},{"@type":"WebSite","@id":"https:\/\/www.ildammuso.com\/it\/#website","url":"https:\/\/www.ildammuso.com\/it\/","name":"Il Dammuso","description":"Il tuo Dammuso a Pantelleria","publisher":{"@id":"https:\/\/www.ildammuso.com\/it\/#organization"},"potentialAction":[{"@type":"SearchAction","target":{"@type":"EntryPoint","urlTemplate":"https:\/\/www.ildammuso.com\/it\/?s={search_term_string}"},"query-input":{"@type":"PropertyValueSpecification","valueRequired":true,"valueName":"search_term_string"}}],"inLanguage":"it-IT"},{"@type":"Organization","@id":"https:\/\/www.ildammuso.com\/it\/#organization","name":"Il Dammuso","url":"https:\/\/www.ildammuso.com\/it\/","logo":{"@type":"ImageObject","inLanguage":"it-IT","@id":"https:\/\/www.ildammuso.com\/it\/#\/schema\/logo\/image\/","url":"https:\/\/storage1254.cdn-immedia.net\/wp-content\/uploads\/2022\/06\/logo-ildammuso.jpg","contentUrl":"https:\/\/storage1254.cdn-immedia.net\/wp-content\/uploads\/2022\/06\/logo-ildammuso.jpg","width":426,"height":395,"caption":"Il Dammuso"},"image":{"@id":"https:\/\/www.ildammuso.com\/it\/#\/schema\/logo\/image\/"},"sameAs":["https:\/\/www.facebook.com\/ildammusodipantelleria\/","https:\/\/www.instagram.com\/ildammusogram\/"]},{"@type":"Person","@id":"https:\/\/www.ildammuso.com\/it\/#\/schema\/person\/a97bc2634c1ae772b6efbb07fef2b3a8","name":"claudia","image":{"@type":"ImageObject","inLanguage":"it-IT","@id":"https:\/\/secure.gravatar.com\/avatar\/bfa9e85032faeaffeaaafd48c7c09ad8da852ff133d8361db8721aff28093ebe?s=96&d=mm&r=g","url":"https:\/\/secure.gravatar.com\/avatar\/bfa9e85032faeaffeaaafd48c7c09ad8da852ff133d8361db8721aff28093ebe?s=96&d=mm&r=g","contentUrl":"https:\/\/secure.gravatar.com\/avatar\/bfa9e85032faeaffeaaafd48c7c09ad8da852ff133d8361db8721aff28093ebe?s=96&d=mm&r=g","caption":"claudia"}}]}},"_links":{"self":[{"href":"https:\/\/www.ildammuso.com\/it\/wp-json\/wp\/v2\/posts\/26696","targetHints":{"allow":["GET"]}}],"collection":[{"href":"https:\/\/www.ildammuso.com\/it\/wp-json\/wp\/v2\/posts"}],"about":[{"href":"https:\/\/www.ildammuso.com\/it\/wp-json\/wp\/v2\/types\/post"}],"author":[{"embeddable":true,"href":"https:\/\/www.ildammuso.com\/it\/wp-json\/wp\/v2\/users\/3"}],"replies":[{"embeddable":true,"href":"https:\/\/www.ildammuso.com\/it\/wp-json\/wp\/v2\/comments?post=26696"}],"version-history":[{"count":1,"href":"https:\/\/www.ildammuso.com\/it\/wp-json\/wp\/v2\/posts\/26696\/revisions"}],"predecessor-version":[{"id":26699,"href":"https:\/\/www.ildammuso.com\/it\/wp-json\/wp\/v2\/posts\/26696\/revisions\/26699"}],"wp:featuredmedia":[{"embeddable":true,"href":"https:\/\/www.ildammuso.com\/it\/wp-json\/wp\/v2\/media\/26697"}],"wp:attachment":[{"href":"https:\/\/www.ildammuso.com\/it\/wp-json\/wp\/v2\/media?parent=26696"}],"wp:term":[{"taxonomy":"category","embeddable":true,"href":"https:\/\/www.ildammuso.com\/it\/wp-json\/wp\/v2\/categories?post=26696"},{"taxonomy":"post_tag","embeddable":true,"href":"https:\/\/www.ildammuso.com\/it\/wp-json\/wp\/v2\/tags?post=26696"}],"curies":[{"name":"wp","href":"https:\/\/api.w.org\/{rel}","templated":true}]}}